{"id":120223,"date":"2026-04-12T08:05:00","date_gmt":"2026-04-12T14:05:00","guid":{"rendered":"https:\/\/losperiodistas.com.mx\/portal\/?p=120223"},"modified":"2026-04-11T19:08:57","modified_gmt":"2026-04-12T01:08:57","slug":"esparragos-el-alimento-que-nuestro-cuerpo-utiliza-para-la-formacion-de-proteinas-bienestar","status":"publish","type":"post","link":"https:\/\/losperiodistas.com.mx\/portal\/esparragos-el-alimento-que-nuestro-cuerpo-utiliza-para-la-formacion-de-proteinas-bienestar\/","title":{"rendered":"Esp\u00e1rragos: el alimento que nuestro cuerpo utiliza para la formaci\u00f3n de prote\u00ednas | Bienestar"},"content":{"rendered":"\n<h2 class=\"wp-block-heading\">Adem\u00e1s de su efecto diur\u00e9tico suave, ayudan a la microbiota, a la formaci\u00f3n de gl\u00f3bulos rojos, a reducir el estr\u00e9s oxidativo&#8230; entre otras cualidades<\/h2>\n\n\n\n<figure class=\"wp-block-image size-full\"><img fetchpriority=\"high\" decoding=\"async\" width=\"758\" height=\"531\" src=\"https:\/\/losperiodistas.com.mx\/portal\/wp-content\/uploads\/2026\/04\/E3_20260409130655-RipSg9aL1yjiumNfIO3oDBK-758x531@diario_abc.jpeg\" alt=\"\" class=\"wp-image-120224\" srcset=\"https:\/\/losperiodistas.com.mx\/portal\/wp-content\/uploads\/2026\/04\/E3_20260409130655-RipSg9aL1yjiumNfIO3oDBK-758x531@diario_abc.jpeg 758w, https:\/\/losperiodistas.com.mx\/portal\/wp-content\/uploads\/2026\/04\/E3_20260409130655-RipSg9aL1yjiumNfIO3oDBK-758x531@diario_abc-300x210.jpeg 300w\" sizes=\"(max-width: 758px) 100vw, 758px\" \/><figcaption class=\"wp-element-caption\">Este alimento se caracteriza por tener poder antioxidante y antiinflamatorio.\u00a0(ABC)<\/figcaption><\/figure>\n\n\n\n<p class=\"has-medium-font-size\"><strong><a href=\"https:\/\/www.abc.es\/autor\/elisa-escorihuela-5735\/\">Elisa Escorihuela<\/a> \/ Bienestar<\/strong><\/p>\n\n\n\n<p>Madrid<\/p>\n\n\n\n<p><\/p>\n\n\n\n<p>Si hay algo que tiene la primavera y estas fechas es la aparici\u00f3n de esp\u00e1rragos por el monte. Solo con darte una vuelta por el campo puedes encontrarlos a cada paso. Los recogemos y disfrutamos de ellos porque son una delicia, pero muchas veces pasamos&nbsp;por alto todas las propiedades que tienen desde el punto de vista nutricional. No es solo que tengan poca energ\u00eda, sino que contienen&nbsp;<strong>compuestos bioactivos<\/strong>&nbsp;que aportan beneficios para la salud.<\/p>\n\n\n\n<p>De los esp\u00e1rragos destaca la mol\u00e9cula asparagina, que tiene este nombre porque se aisl\u00f3 por primera vez del esp\u00e1rrago. Se trata de un amino\u00e1cido no esencial que nuestro cuerpo utiliza&nbsp;<strong>para la formaci\u00f3n de prote\u00ednas<\/strong>. Adem\u00e1s, tambi\u00e9n contiene inulina, que es una fibra prebi\u00f3tica. Esta no se digiere en el intestino delgado, as\u00ed que llega intacta al intestino grueso donde sirve de fest\u00edn para nuestra microbiota. As\u00ed que, los esp\u00e1rragos adem\u00e1s de alimentarnos a nosotros, tambi\u00e9n alimenta a las bacterias que forman parte de la microbiota. Esto es muy interesante, ya que cuando la microbiota est\u00e1 bien nutrida, producen unos \u00e1cidos grasos de cadena corta (butirato) que tienen multitud de beneficios para nuestra salud, ya que regulan la inflamaci\u00f3n y protegen la mucosa intestinal.<\/p>\n\n\n\n<p>Adem\u00e1s tambi\u00e9n&nbsp;<strong>contiene folato<\/strong>&nbsp;(vitamina B9), aproximadamente 100 g de esp\u00e1rragos cubren aproximadamente el 50% de la ingesta diaria recomendada en adultos. El folato es importante, ya que interviene en la s\u00edntesis y&nbsp;<strong>reparaci\u00f3n del ADN,<\/strong>&nbsp;en la producci\u00f3n de gl\u00f3bulos rojos y en la conversi\u00f3n de homociste\u00edna a metionina, que es es muy importante ya que niveles de homociste\u00edna elevados en sangre se asocian a un mayor riesgo cardiovascular. Cabe destacar, no obstante, que en los esp\u00e1rragos en conserva se destruye una cantidad importante de esta vitamina, as\u00ed que aqu\u00ed ganan los frescos sin discusi\u00f3n.<\/p>\n\n\n\n<figure class=\"wp-block-image\"><img decoding=\"async\" src=\"https:\/\/s1.abcstatics.com\/abc\/www\/multimedia\/bienestar\/2026\/04\/10\/E2_20260409130621-U23524733881zUR-680x476@diario_abc.jpg\" alt=\"\"\/><\/figure>\n\n\n\n<p>El esp\u00e1rrago tambi\u00e9n tiene un efecto diur\u00e9tico suave. Este efecto proviene de la asparagina y de su alta&nbsp;<strong>concentraci\u00f3n de potasio<\/strong>, que favorece la excreci\u00f3n renal de sodio. As\u00ed que para alguien con tendencia a retener l\u00edquidos, un plato de esp\u00e1rragos no es un remedio m\u00e1gico, pero ayuda considerablemente.<\/p>\n\n\n\n<p>Pocas veces se habla del&nbsp;<strong>olor que produce en la orina<\/strong>, pero en consulta si que me lo cuentan pacientes, preocupados por si es por alguna dolencia. El caso es que el esp\u00e1rrago contiene compuestos sulfurados que durante la digesti\u00f3n se transforman en metabolitos vol\u00e1tiles que se excretan por la orina y producen ese olor tan particular. Aun as\u00ed, es una cuesti\u00f3n que no todo el mundo percibe, ya que existe una variante gen\u00e9tica en la que los receptores olfativos hacen que un 40% de las personas no lo detecte aunque lo produzca. As\u00ed que, si eres de los que no lo notan tienes una variable poco habitual.<\/p>\n\n\n\n<figure class=\"wp-block-image\"><img decoding=\"async\" src=\"https:\/\/s1.abcstatics.com\/abc\/www\/multimedia\/bienestar\/2026\/04\/10\/E1_20260409130502-U70061545661Fhs-680x476@diario_abc.jpg\" alt=\"\"\/><\/figure>\n\n\n\n<p>Y luego est\u00e1 su contenido en flavonoides que tambi\u00e9n es de muy interesantes, ya que nos aporta quercetina, kaempferol y rutina, que tienen poder antioxidante y antiinflamatorio. Que nos ayuda a&nbsp;<strong>reducir el estr\u00e9s oxidativo<\/strong>&nbsp;y ayudar en casos de inflamaci\u00f3n de bajo grado.<\/p>\n\n\n\n<p>Con todo esto tampoco quiero dar a entender que el esp\u00e1rrago sea un s\u00faper alimento, de hecho es un concepto que nos puede llevar a enga\u00f1o, ya que el consumo de un alimento aislado saludable dentro de una dieta inadecuada de poco va a servir. As\u00ed que, recuerda siempre que los beneficios los vamos a obtener en funci\u00f3n de nuestros&nbsp;<strong>h\u00e1bitos globales<\/strong>. Porque s\u00faper alimentos son todos, pero el contexto lo cambia todo.<\/p>\n\n\n\n<p>Fuente: <a href=\"https:\/\/www.abc.es\/bienestar\/alimentacion\/esparragos-propiedades-benefician-salud-20260410032633-nt.html\">https:\/\/www.abc.es\/bienestar\/alimentacion\/esparragos-propiedades-benefician-salud-20260410032633-nt.html<\/a><\/p>\n","protected":false},"excerpt":{"rendered":"<p>Adem\u00e1s de su efecto diur\u00e9tico suave, ayudan a la microbiota, a la formaci\u00f3n de gl\u00f3bulos rojos, a reducir el estr\u00e9s [&hellip;]<\/p>\n","protected":false},"author":1,"featured_media":120224,"comment_status":"open","ping_status":"open","sticky":false,"template":"","format":"standard","meta":{"site-sidebar-layout":"default","site-content-layout":"","ast-site-content-layout":"default","site-content-style":"default","site-sidebar-style":"default","ast-global-header-display":"","ast-banner-title-visibility":"","ast-main-header-display":"","ast-hfb-above-header-display":"","ast-hfb-below-header-display":"","ast-hfb-mobile-header-display":"","site-post-title":"","ast-breadcrumbs-content":"","ast-featured-img":"","footer-sml-layout":"","theme-transparent-header-meta":"","adv-header-id-meta":"","stick-header-meta":"","header-above-stick-meta":"","header-main-stick-meta":"","header-below-stick-meta":"","astra-migrate-meta-layouts":"default","ast-page-background-enabled":"default","ast-page-background-meta":{"desktop":{"background-color":"var(--ast-global-color-4)","background-image":"","background-repeat":"repeat","background-position":"center center","background-size":"auto","background-attachment":"scroll","background-type":"","background-media":"","overlay-type":"","overlay-color":"","overlay-opacity":"","overlay-gradient":""},"tablet":{"background-color":"","background-image":"","background-repeat":"repeat","background-position":"center center","background-size":"auto","background-attachment":"scroll","background-type":"","background-media":"","overlay-type":"","overlay-color":"","overlay-opacity":"","overlay-gradient":""},"mobile":{"background-color":"","background-image":"","background-repeat":"repeat","background-position":"center center","background-size":"auto","background-attachment":"scroll","background-type":"","background-media":"","overlay-type":"","overlay-color":"","overlay-opacity":"","overlay-gradient":""}},"ast-content-background-meta":{"desktop":{"background-color":"var(--ast-global-color-5)","background-image":"","background-repeat":"repeat","background-position":"center center","background-size":"auto","background-attachment":"scroll","background-type":"","background-media":"","overlay-type":"","overlay-color":"","overlay-opacity":"","overlay-gradient":""},"tablet":{"background-color":"var(--ast-global-color-5)","background-image":"","background-repeat":"repeat","background-position":"center center","background-size":"auto","background-attachment":"scroll","background-type":"","background-media":"","overlay-type":"","overlay-color":"","overlay-opacity":"","overlay-gradient":""},"mobile":{"background-color":"var(--ast-global-color-5)","background-image":"","background-repeat":"repeat","background-position":"center center","background-size":"auto","background-attachment":"scroll","background-type":"","background-media":"","overlay-type":"","overlay-color":"","overlay-opacity":"","overlay-gradient":""}},"footnotes":""},"categories":[8],"tags":[48082,48083,48084,20760],"class_list":["post-120223","post","type-post","status-publish","format-standard","has-post-thumbnail","hentry","category-noticias","tag-esparragos-verdes","tag-formacion-de-proteinas","tag-globulos-rojos","tag-microbiota"],"_links":{"self":[{"href":"https:\/\/losperiodistas.com.mx\/portal\/wp-json\/wp\/v2\/posts\/120223","targetHints":{"allow":["GET"]}}],"collection":[{"href":"https:\/\/losperiodistas.com.mx\/portal\/wp-json\/wp\/v2\/posts"}],"about":[{"href":"https:\/\/losperiodistas.com.mx\/portal\/wp-json\/wp\/v2\/types\/post"}],"author":[{"embeddable":true,"href":"https:\/\/losperiodistas.com.mx\/portal\/wp-json\/wp\/v2\/users\/1"}],"replies":[{"embeddable":true,"href":"https:\/\/losperiodistas.com.mx\/portal\/wp-json\/wp\/v2\/comments?post=120223"}],"version-history":[{"count":1,"href":"https:\/\/losperiodistas.com.mx\/portal\/wp-json\/wp\/v2\/posts\/120223\/revisions"}],"predecessor-version":[{"id":120225,"href":"https:\/\/losperiodistas.com.mx\/portal\/wp-json\/wp\/v2\/posts\/120223\/revisions\/120225"}],"wp:featuredmedia":[{"embeddable":true,"href":"https:\/\/losperiodistas.com.mx\/portal\/wp-json\/wp\/v2\/media\/120224"}],"wp:attachment":[{"href":"https:\/\/losperiodistas.com.mx\/portal\/wp-json\/wp\/v2\/media?parent=120223"}],"wp:term":[{"taxonomy":"category","embeddable":true,"href":"https:\/\/losperiodistas.com.mx\/portal\/wp-json\/wp\/v2\/categories?post=120223"},{"taxonomy":"post_tag","embeddable":true,"href":"https:\/\/losperiodistas.com.mx\/portal\/wp-json\/wp\/v2\/tags?post=120223"}],"curies":[{"name":"wp","href":"https:\/\/api.w.org\/{rel}","templated":true}]}}