{"id":12018,"date":"2021-08-24T05:51:43","date_gmt":"2021-08-24T10:51:43","guid":{"rendered":"http:\/\/losperiodistas.com.mx\/portal\/?p=12018"},"modified":"2021-08-24T05:51:44","modified_gmt":"2021-08-24T10:51:44","slug":"deja-abdala-delegacion-de-bienestar-en-puebla-y-llega-ines-vargas-e-consulta","status":"publish","type":"post","link":"https:\/\/losperiodistas.com.mx\/portal\/deja-abdala-delegacion-de-bienestar-en-puebla-y-llega-ines-vargas-e-consulta\/","title":{"rendered":"Deja Abdala delegaci\u00f3n de Bienestar en Puebla y llega In\u00e9s Vargas | E-Consulta"},"content":{"rendered":"\n<p style=\"font-size:18px\"><em>El s\u00faper delegado queda a cargo de la Unidad de Planeaci\u00f3n y Evaluaci\u00f3n de la dependencia federal<\/em><\/p>\n\n\n\n<p><\/p>\n\n\n\n<figure class=\"wp-block-image size-large\"><img fetchpriority=\"high\" decoding=\"async\" width=\"1024\" height=\"680\" src=\"https:\/\/losperiodistas.com.mx\/portal\/wp-content\/uploads\/2021\/08\/Captura-de-Pantalla-2021-08-24-a-las-5.48.37-1024x680.jpg\" alt=\"\" class=\"wp-image-12019\" srcset=\"https:\/\/losperiodistas.com.mx\/portal\/wp-content\/uploads\/2021\/08\/Captura-de-Pantalla-2021-08-24-a-las-5.48.37-1024x680.jpg 1024w, https:\/\/losperiodistas.com.mx\/portal\/wp-content\/uploads\/2021\/08\/Captura-de-Pantalla-2021-08-24-a-las-5.48.37-300x199.jpg 300w, https:\/\/losperiodistas.com.mx\/portal\/wp-content\/uploads\/2021\/08\/Captura-de-Pantalla-2021-08-24-a-las-5.48.37-768x510.jpg 768w, https:\/\/losperiodistas.com.mx\/portal\/wp-content\/uploads\/2021\/08\/Captura-de-Pantalla-2021-08-24-a-las-5.48.37-1536x1020.jpg 1536w, https:\/\/losperiodistas.com.mx\/portal\/wp-content\/uploads\/2021\/08\/Captura-de-Pantalla-2021-08-24-a-las-5.48.37-2048x1360.jpg 2048w\" sizes=\"(max-width: 1024px) 100vw, 1024px\" \/><figcaption>E-Consulta<\/figcaption><\/figure>\n\n\n\n<p class=\"has-vivid-cyan-blue-color has-text-color has-medium-font-size\">KAREN MEZA \/ E-CONSULTA<\/p>\n\n\n\n<p><strong>Rodrigo Abdala Dartigues&nbsp;<\/strong>concluy\u00f3 su periodo como&nbsp;<strong>delegado estatal<\/strong>&nbsp;de Programas de&nbsp;Desarrollo Integral&nbsp;de la Secretar\u00eda de Bienestar federal y en su lugar estar\u00e1 a cargo&nbsp;<strong>Vida In\u00e9s Vargas Cuanalo<\/strong>.<\/p>\n\n\n\n<p>A&nbsp;<strong>casi tres a\u00f1os<\/strong>&nbsp;de tomar el cargo, el propio funcionario anunci\u00f3 que ahora ser\u00e1 titular de la&nbsp;<strong>Unidad de Planeaci\u00f3n y Evaluaci\u00f3n<\/strong>&nbsp;de la misma secretar\u00eda, pero a nivel federal.<\/p>\n\n\n\n<p>En entrevista con el periodista Fernando Alberto Crisanto se\u00f1al\u00f3 que la sustituci\u00f3n sali\u00f3 desde la presidencia de la Rep\u00fablica y su nuevo cargo representa&nbsp;<strong>un ascenso<\/strong>&nbsp;en su carrera pol\u00edtica.<\/p>\n\n\n\n<p>\u201cEfectivamente he recibido esta invitaci\u00f3n de poder ser el titular de la<strong>&nbsp;Unidad de Planeaci\u00f3n y Evaluaci\u00f3n de la Secretar\u00eda de Bienestar<\/strong>, digamos que la coordinaci\u00f3n de Programas del Bienestar tiene dos grandes \u00e1reas, una de ellas esta unidad\u201d, declar\u00f3.<\/p>\n\n\n\n<p>Hizo el compromiso para mantener la relaci\u00f3n con las&nbsp;<strong>32 delegaciones de Bienestar<\/strong>&nbsp;y seguir trabajando \u201cfuerte\u201d, incluyendo a&nbsp;<strong>Puebla<\/strong>.<\/p>\n\n\n\n<p style=\"font-size:22px\"><strong>Llegar\u00e1 In\u00e9s Vargas<\/strong><\/p>\n\n\n\n<p>Vargas Cuanalo lleg\u00f3<strong>&nbsp;a finales del 2020&nbsp;<\/strong>a la delegaci\u00f3n&nbsp;de la Secretar\u00eda del Bienestar en Puebla y&nbsp;fue nombrada titular de la&nbsp;<strong>Coordinaci\u00f3n Territorial&nbsp;<\/strong>en enero de 2021<\/p>\n\n\n\n<p>Tambi\u00e9n estuvo a cargo de la&nbsp;<strong>Coordinaci\u00f3n de Pol\u00edtica Social&nbsp;<\/strong>en la Secretar\u00eda de Bienestar del gobierno estatal en el periodo interino de&nbsp;<strong>Guillermo Pacheco Pulido.<\/strong><\/p>\n\n\n\n<p>Previamente adem\u00e1s fue docente en la Maestr\u00eda en Gobierno y Buena Pol\u00edtica de la&nbsp;<strong>Universidad Aut\u00f3noma de Tlaxcala.<\/strong><\/p>\n\n\n\n<p>En 2010<strong>,&nbsp;<\/strong>en el periodo de la entonces alcaldesa priista<strong>&nbsp;Blanca Alcal\u00e1 Ruiz,<\/strong>&nbsp;In\u00e9s Vargas Cuanalo fue presidenta del Consejo de Desempe\u00f1o Gubernamental del ayuntamiento de Puebla.<\/p>\n\n\n\n<p>Tambi\u00e9n pas\u00f3 por un gobierno del PAN, el de\u00a0<strong>Luis Banck Serrato<\/strong>, en el cual fungi\u00f3 como subcontralora.<\/p>\n\n\n\n<p>Fuente: https:\/\/www.e-consulta.com\/nota\/2021-08-23\/gobierno\/deja-abdala-delegacion-de-bienestar-en-puebla-y-llega-ines-vargas<\/p>\n","protected":false},"excerpt":{"rendered":"<p>El s\u00faper delegado queda a cargo de la Unidad de Planeaci\u00f3n y Evaluaci\u00f3n de la dependencia federal KAREN MEZA \/ [&hellip;]<\/p>\n","protected":false},"author":1,"featured_media":12019,"comment_status":"open","ping_status":"open","sticky":false,"template":"","format":"standard","meta":{"site-sidebar-layout":"default","site-content-layout":"","ast-site-content-layout":"default","site-content-style":"default","site-sidebar-style":"default","ast-global-header-display":"","ast-banner-title-visibility":"","ast-main-header-display":"","ast-hfb-above-header-display":"","ast-hfb-below-header-display":"","ast-hfb-mobile-header-display":"","site-post-title":"","ast-breadcrumbs-content":"","ast-featured-img":"","footer-sml-layout":"","theme-transparent-header-meta":"","adv-header-id-meta":"","stick-header-meta":"","header-above-stick-meta":"","header-main-stick-meta":"","header-below-stick-meta":"","astra-migrate-meta-layouts":"default","ast-page-background-enabled":"default","ast-page-background-meta":{"desktop":{"background-color":"var(--ast-global-color-4)","background-image":"","background-repeat":"repeat","background-position":"center center","background-size":"auto","background-attachment":"scroll","background-type":"","background-media":"","overlay-type":"","overlay-color":"","overlay-opacity":"","overlay-gradient":""},"tablet":{"background-color":"","background-image":"","background-repeat":"repeat","background-position":"center center","background-size":"auto","background-attachment":"scroll","background-type":"","background-media":"","overlay-type":"","overlay-color":"","overlay-opacity":"","overlay-gradient":""},"mobile":{"background-color":"","background-image":"","background-repeat":"repeat","background-position":"center center","background-size":"auto","background-attachment":"scroll","background-type":"","background-media":"","overlay-type":"","overlay-color":"","overlay-opacity":"","overlay-gradient":""}},"ast-content-background-meta":{"desktop":{"background-color":"var(--ast-global-color-5)","background-image":"","background-repeat":"repeat","background-position":"center center","background-size":"auto","background-attachment":"scroll","background-type":"","background-media":"","overlay-type":"","overlay-color":"","overlay-opacity":"","overlay-gradient":""},"tablet":{"background-color":"var(--ast-global-color-5)","background-image":"","background-repeat":"repeat","background-position":"center center","background-size":"auto","background-attachment":"scroll","background-type":"","background-media":"","overlay-type":"","overlay-color":"","overlay-opacity":"","overlay-gradient":""},"mobile":{"background-color":"var(--ast-global-color-5)","background-image":"","background-repeat":"repeat","background-position":"center center","background-size":"auto","background-attachment":"scroll","background-type":"","background-media":"","overlay-type":"","overlay-color":"","overlay-opacity":"","overlay-gradient":""}},"footnotes":""},"categories":[8],"tags":[3496,3495,3494],"class_list":["post-12018","post","type-post","status-publish","format-standard","has-post-thumbnail","hentry","category-noticias","tag-delegacion-bienestar-puebla","tag-ines-vargas-cuanalo","tag-rodrigo-abdala-dartigues"],"_links":{"self":[{"href":"https:\/\/losperiodistas.com.mx\/portal\/wp-json\/wp\/v2\/posts\/12018","targetHints":{"allow":["GET"]}}],"collection":[{"href":"https:\/\/losperiodistas.com.mx\/portal\/wp-json\/wp\/v2\/posts"}],"about":[{"href":"https:\/\/losperiodistas.com.mx\/portal\/wp-json\/wp\/v2\/types\/post"}],"author":[{"embeddable":true,"href":"https:\/\/losperiodistas.com.mx\/portal\/wp-json\/wp\/v2\/users\/1"}],"replies":[{"embeddable":true,"href":"https:\/\/losperiodistas.com.mx\/portal\/wp-json\/wp\/v2\/comments?post=12018"}],"version-history":[{"count":1,"href":"https:\/\/losperiodistas.com.mx\/portal\/wp-json\/wp\/v2\/posts\/12018\/revisions"}],"predecessor-version":[{"id":12020,"href":"https:\/\/losperiodistas.com.mx\/portal\/wp-json\/wp\/v2\/posts\/12018\/revisions\/12020"}],"wp:featuredmedia":[{"embeddable":true,"href":"https:\/\/losperiodistas.com.mx\/portal\/wp-json\/wp\/v2\/media\/12019"}],"wp:attachment":[{"href":"https:\/\/losperiodistas.com.mx\/portal\/wp-json\/wp\/v2\/media?parent=12018"}],"wp:term":[{"taxonomy":"category","embeddable":true,"href":"https:\/\/losperiodistas.com.mx\/portal\/wp-json\/wp\/v2\/categories?post=12018"},{"taxonomy":"post_tag","embeddable":true,"href":"https:\/\/losperiodistas.com.mx\/portal\/wp-json\/wp\/v2\/tags?post=12018"}],"curies":[{"name":"wp","href":"https:\/\/api.w.org\/{rel}","templated":true}]}}