{"id":12007,"date":"2021-08-23T20:02:26","date_gmt":"2021-08-24T01:02:26","guid":{"rendered":"http:\/\/losperiodistas.com.mx\/portal\/?p=12007"},"modified":"2021-08-23T20:02:27","modified_gmt":"2021-08-24T01:02:27","slug":"josephine-baker-sera-la-primera-mujer-negra-del-panteon-de-paris-rtve","status":"publish","type":"post","link":"https:\/\/losperiodistas.com.mx\/portal\/josephine-baker-sera-la-primera-mujer-negra-del-panteon-de-paris-rtve\/","title":{"rendered":"Josephine Baker ser\u00e1 la primera mujer negra del Pante\u00f3n de Par\u00eds | RTVE"},"content":{"rendered":"\n<p style=\"font-size:18px\"><em>La cantante y bailarina form\u00f3 parte de la resistencia francesa contra la ocupaci\u00f3n nazi. Solo hay cinco mujeres en el Pante\u00f3n, a quienes\u00a0se unir\u00e1 Baker<\/em><\/p>\n\n\n\n<p><\/p>\n\n\n\n<figure class=\"wp-block-image size-large\"><img fetchpriority=\"high\" decoding=\"async\" width=\"1024\" height=\"576\" src=\"https:\/\/losperiodistas.com.mx\/portal\/wp-content\/uploads\/2021\/08\/Captura-de-Pantalla-2021-08-23-a-las-19.58.01-1024x576.jpg\" alt=\"\" class=\"wp-image-12008\" srcset=\"https:\/\/losperiodistas.com.mx\/portal\/wp-content\/uploads\/2021\/08\/Captura-de-Pantalla-2021-08-23-a-las-19.58.01-1024x576.jpg 1024w, https:\/\/losperiodistas.com.mx\/portal\/wp-content\/uploads\/2021\/08\/Captura-de-Pantalla-2021-08-23-a-las-19.58.01-300x169.jpg 300w, https:\/\/losperiodistas.com.mx\/portal\/wp-content\/uploads\/2021\/08\/Captura-de-Pantalla-2021-08-23-a-las-19.58.01-768x432.jpg 768w, https:\/\/losperiodistas.com.mx\/portal\/wp-content\/uploads\/2021\/08\/Captura-de-Pantalla-2021-08-23-a-las-19.58.01-1536x865.jpg 1536w, https:\/\/losperiodistas.com.mx\/portal\/wp-content\/uploads\/2021\/08\/Captura-de-Pantalla-2021-08-23-a-las-19.58.01.jpg 1766w\" sizes=\"(max-width: 1024px) 100vw, 1024px\" \/><figcaption>El cuerpo de Josephine Baker permanecer\u00e1 en M\u00f3naco\u00a0<em>AFP<\/em><\/figcaption><\/figure>\n\n\n\n<p class=\"has-vivid-cyan-blue-color has-text-color has-medium-font-size\">AGENCIAS \/ RTVE<\/p>\n\n\n\n<p>La famosa cantante y bailarina&nbsp;<strong>Josephine Baker ser\u00e1 la primera mujer negra en el Pante\u00f3n de Par\u00eds<\/strong>. Su entrada en el templo se producir\u00e1 el&nbsp;<strong>30 de noviembre<\/strong>, aunque su cuerpo continuar\u00e1 enterrado en M\u00f3naco.<\/p>\n\n\n\n<p>El presidente franc\u00e9s,\u00a0<strong>Emmanuel Macron, ha confirmado el homenaje<\/strong>\u00a0este lunes a trav\u00e9s de Twitter, despu\u00e9s de que este domingo lo filtrase el peri\u00f3dico\u00a0<em>Le Parisien<\/em>. \u00abJos\u00e9phine Baker llev\u00f3 en alto el lema de la Rep\u00fablica Francesa\u00bb, ha se\u00f1alado Macron en la red social.<\/p>\n\n\n\n<figure class=\"wp-block-embed is-type-rich is-provider-twitter wp-block-embed-twitter\"><div class=\"wp-block-embed__wrapper\">\n<blockquote class=\"twitter-tweet\" data-width=\"500\" data-dnt=\"true\"><p lang=\"fr\" dir=\"ltr\">N\u00e9e Am\u00e9ricaine et ayant choisi la France, par ses engagements et combats, Jos\u00e9phine Baker a port\u00e9 haut la devise de la R\u00e9publique fran\u00e7aise. Le 30 novembre 2021, elle entrera au Panth\u00e9on.<\/p>&mdash; Emmanuel Macron (@EmmanuelMacron) <a href=\"https:\/\/twitter.com\/EmmanuelMacron\/status\/1429723989665009664?ref_src=twsrc%5Etfw\">August 23, 2021<\/a><\/blockquote><script async src=\"https:\/\/platform.twitter.com\/widgets.js\" charset=\"utf-8\"><\/script>\n<\/div><\/figure>\n\n\n\n<p>Seg\u00fan Jean-Claude Bouillon-Baker, uno de los hijos de la artista,&nbsp;<strong>su cuerpo \u00abpermanecer\u00e1 en M\u00f3naco<\/strong>, donde est\u00e1 enterrada en el cementerio marino\u00bb. El homenaje, en su lugar, \u00abser\u00e1&nbsp;<strong>un cenotafio, con una placa<\/strong>, como para Aim\u00e9 C\u00e9saire y otras personalidades\u00bb, ha indicado a AFP.<\/p>\n\n\n\n<p>Josephine Baker form\u00f3 parte de la&nbsp;<strong>resistencia francesa frente a la ocupaci\u00f3n nazi<\/strong>&nbsp;durante la Segunda Guerra Mundial y particip\u00f3 en la<strong>&nbsp;lucha contra el racismo<\/strong>. Intervino en la gran marcha de Washington en 1963 junto a Martin Luther King, a la que acudi\u00f3 con uniforme militar y sus medallas de guerra.<\/p>\n\n\n\n<figure class=\"wp-block-image\"><img decoding=\"async\" src=\"https:\/\/img2.rtve.es\/im\/6071804\/?w=450\" alt=\"Josephine Baker recibi\u00f3 la Legi\u00f3n de Honor y la Cruz de Guerra en 1961\"\/><figcaption>Josephine Baker recibi\u00f3 la Legi\u00f3n de Honor y la Cruz de Guerra en 1961&nbsp;<em>AFP<\/em><\/figcaption><\/figure>\n\n\n\n<p>Se involucr\u00f3 \u00aben todos los combates que unen a los ciudadanos de buena voluntad en Francia y en el mundo\u00bb, record\u00f3 en un comunicado el El\u00edseo. La Presidencia se\u00f1al\u00f3 que se quiere distinguir a \u00ab<strong>una personalidad excepcional<\/strong>\u00bb que, aunque nacida en Estados Unidos, \u00aben nombre de la&nbsp;<strong>lucha que llev\u00f3 a cabo toda su vida por la libertad y la emancipaci\u00f3n<\/strong>, eligi\u00f3 la Francia eterna de las luces universales\u00bb.<\/p>\n\n\n\n<p>Nacida en Missouri en 1906, Baker obtuvo la&nbsp;<strong>nacionalidad francesa debido a su boda con Jean Lion<\/strong>. La fecha para formalizar su entrada en el Pante\u00f3n se ha hecho coincidir con este evento.<\/p>\n\n\n\n<p>En la petici\u00f3n para reconocer lo excepcional de la biograf\u00eda de Josephine Baker se recordaba asimismo que fue<strong>&nbsp;la primera estrella internacional negra<\/strong>&nbsp;en el mundo del espect\u00e1culo y&nbsp;<strong>musa de artistas cubistas<\/strong>.<\/p>\n\n\n\n<h3 class=\"wp-block-heading\"><strong>Sexta mujer del Pante\u00f3n<\/strong><\/h3>\n\n\n\n<p>Josephine Baker se unir\u00e1 el 30 de noviembre a las 80 personalidades que actualmente se encuentran en el templo. Se convertir\u00e1 as\u00ed en&nbsp;<strong>la sexta mujer presente en el Pante\u00f3n<\/strong>. La \u00faltima en entrar fue&nbsp;<strong>Simone Veil en 2018<\/strong>, superviviente de los campos de concentraci\u00f3n nazis e impulsora&nbsp;como ministra de la legalizaci\u00f3n del aborto en Francia en 1975.<\/p>\n\n\n\n<p><strong>Macron recibi\u00f3 el 21 de julio a una delegaci\u00f3n<\/strong>\u00a0que defend\u00eda la entrada en el Pante\u00f3n de Josephine Baker. Entre las personas que conformaban el grupo estaba Brian Bouillon-Baker, uno de los hijos adoptivos de la artista, as\u00ed como el escritor Pascal Bruckner, el cantante Laurent Voulzy y la empresaria Jennifere Guesdon.<\/p>\n\n\n\n<p>Fuente: https:\/\/www.rtve.es\/noticias\/20210823\/josephine-baker-primera-mujer-negra-panteon-paris\/2163406.shtml<\/p>\n","protected":false},"excerpt":{"rendered":"<p>La cantante y bailarina form\u00f3 parte de la resistencia francesa contra la ocupaci\u00f3n nazi. Solo hay cinco mujeres en el [&hellip;]<\/p>\n","protected":false},"author":1,"featured_media":12008,"comment_status":"open","ping_status":"open","sticky":false,"template":"","format":"standard","meta":{"site-sidebar-layout":"default","site-content-layout":"","ast-site-content-layout":"default","site-content-style":"default","site-sidebar-style":"default","ast-global-header-display":"","ast-banner-title-visibility":"","ast-main-header-display":"","ast-hfb-above-header-display":"","ast-hfb-below-header-display":"","ast-hfb-mobile-header-display":"","site-post-title":"","ast-breadcrumbs-content":"","ast-featured-img":"","footer-sml-layout":"","theme-transparent-header-meta":"","adv-header-id-meta":"","stick-header-meta":"","header-above-stick-meta":"","header-main-stick-meta":"","header-below-stick-meta":"","astra-migrate-meta-layouts":"default","ast-page-background-enabled":"default","ast-page-background-meta":{"desktop":{"background-color":"var(--ast-global-color-4)","background-image":"","background-repeat":"repeat","background-position":"center center","background-size":"auto","background-attachment":"scroll","background-type":"","background-media":"","overlay-type":"","overlay-color":"","overlay-opacity":"","overlay-gradient":""},"tablet":{"background-color":"","background-image":"","background-repeat":"repeat","background-position":"center center","background-size":"auto","background-attachment":"scroll","background-type":"","background-media":"","overlay-type":"","overlay-color":"","overlay-opacity":"","overlay-gradient":""},"mobile":{"background-color":"","background-image":"","background-repeat":"repeat","background-position":"center center","background-size":"auto","background-attachment":"scroll","background-type":"","background-media":"","overlay-type":"","overlay-color":"","overlay-opacity":"","overlay-gradient":""}},"ast-content-background-meta":{"desktop":{"background-color":"var(--ast-global-color-5)","background-image":"","background-repeat":"repeat","background-position":"center center","background-size":"auto","background-attachment":"scroll","background-type":"","background-media":"","overlay-type":"","overlay-color":"","overlay-opacity":"","overlay-gradient":""},"tablet":{"background-color":"var(--ast-global-color-5)","background-image":"","background-repeat":"repeat","background-position":"center center","background-size":"auto","background-attachment":"scroll","background-type":"","background-media":"","overlay-type":"","overlay-color":"","overlay-opacity":"","overlay-gradient":""},"mobile":{"background-color":"var(--ast-global-color-5)","background-image":"","background-repeat":"repeat","background-position":"center center","background-size":"auto","background-attachment":"scroll","background-type":"","background-media":"","overlay-type":"","overlay-color":"","overlay-opacity":"","overlay-gradient":""}},"footnotes":""},"categories":[8],"tags":[3490,3491],"class_list":["post-12007","post","type-post","status-publish","format-standard","has-post-thumbnail","hentry","category-noticias","tag-josephine-baker","tag-panteon-de-paris"],"_links":{"self":[{"href":"https:\/\/losperiodistas.com.mx\/portal\/wp-json\/wp\/v2\/posts\/12007","targetHints":{"allow":["GET"]}}],"collection":[{"href":"https:\/\/losperiodistas.com.mx\/portal\/wp-json\/wp\/v2\/posts"}],"about":[{"href":"https:\/\/losperiodistas.com.mx\/portal\/wp-json\/wp\/v2\/types\/post"}],"author":[{"embeddable":true,"href":"https:\/\/losperiodistas.com.mx\/portal\/wp-json\/wp\/v2\/users\/1"}],"replies":[{"embeddable":true,"href":"https:\/\/losperiodistas.com.mx\/portal\/wp-json\/wp\/v2\/comments?post=12007"}],"version-history":[{"count":1,"href":"https:\/\/losperiodistas.com.mx\/portal\/wp-json\/wp\/v2\/posts\/12007\/revisions"}],"predecessor-version":[{"id":12009,"href":"https:\/\/losperiodistas.com.mx\/portal\/wp-json\/wp\/v2\/posts\/12007\/revisions\/12009"}],"wp:featuredmedia":[{"embeddable":true,"href":"https:\/\/losperiodistas.com.mx\/portal\/wp-json\/wp\/v2\/media\/12008"}],"wp:attachment":[{"href":"https:\/\/losperiodistas.com.mx\/portal\/wp-json\/wp\/v2\/media?parent=12007"}],"wp:term":[{"taxonomy":"category","embeddable":true,"href":"https:\/\/losperiodistas.com.mx\/portal\/wp-json\/wp\/v2\/categories?post=12007"},{"taxonomy":"post_tag","embeddable":true,"href":"https:\/\/losperiodistas.com.mx\/portal\/wp-json\/wp\/v2\/tags?post=12007"}],"curies":[{"name":"wp","href":"https:\/\/api.w.org\/{rel}","templated":true}]}}