{"id":12001,"date":"2021-08-23T19:58:15","date_gmt":"2021-08-24T00:58:15","guid":{"rendered":"http:\/\/losperiodistas.com.mx\/portal\/?p=12001"},"modified":"2021-08-23T19:58:18","modified_gmt":"2021-08-24T00:58:18","slug":"guerrera-sierva-madre-unificadora-la-virgen-maria-ha-desempenado-muchos-papeles-a-lo-largo-de-los-siglos-the-conversation","status":"publish","type":"post","link":"https:\/\/losperiodistas.com.mx\/portal\/guerrera-sierva-madre-unificadora-la-virgen-maria-ha-desempenado-muchos-papeles-a-lo-largo-de-los-siglos-the-conversation\/","title":{"rendered":"Guerrera, sierva, madre, unificadora: la Virgen Mar\u00eda ha desempe\u00f1ado muchos papeles a lo largo de los siglos | The Conversation"},"content":{"rendered":"\n<p style=\"font-size:18px\"><em>Se ha visto a varias celebridades vistiendo abrigos dise\u00f1ados por Brenda Equihua, con una imagen de Mary exhibida en la parte posterior.<\/em><\/p>\n\n\n\n<figure class=\"wp-block-image size-large\"><img fetchpriority=\"high\" decoding=\"async\" width=\"1024\" height=\"316\" src=\"https:\/\/losperiodistas.com.mx\/portal\/wp-content\/uploads\/2021\/08\/Captura-de-Pantalla-2021-08-23-a-las-19.51.40-1024x316.jpg\" alt=\"\" class=\"wp-image-12002\" srcset=\"https:\/\/losperiodistas.com.mx\/portal\/wp-content\/uploads\/2021\/08\/Captura-de-Pantalla-2021-08-23-a-las-19.51.40-1024x316.jpg 1024w, https:\/\/losperiodistas.com.mx\/portal\/wp-content\/uploads\/2021\/08\/Captura-de-Pantalla-2021-08-23-a-las-19.51.40-300x93.jpg 300w, https:\/\/losperiodistas.com.mx\/portal\/wp-content\/uploads\/2021\/08\/Captura-de-Pantalla-2021-08-23-a-las-19.51.40-768x237.jpg 768w, https:\/\/losperiodistas.com.mx\/portal\/wp-content\/uploads\/2021\/08\/Captura-de-Pantalla-2021-08-23-a-las-19.51.40-1536x474.jpg 1536w, https:\/\/losperiodistas.com.mx\/portal\/wp-content\/uploads\/2021\/08\/Captura-de-Pantalla-2021-08-23-a-las-19.51.40-2048x632.jpg 2048w\" sizes=\"(max-width: 1024px) 100vw, 1024px\" \/><figcaption>Captura de pantalla de Shelley FKA DRAM &#8211; Exposici\u00f3n (video musical oficial)<\/figcaption><\/figure>\n\n\n\n<p class=\"has-vivid-cyan-blue-color has-text-color has-medium-font-size\">ERIC M. VANDEN EYKEL \/ THE CONVERSATION<\/p>\n\n\n\n<p>En un art\u00edculo reciente del \u00abReligion News Service\u00bb, la autora&nbsp;<a href=\"https:\/\/religionnews.com\/2021\/07\/26\/mary-mother-of-jesus-returns-as-an-icon-for-pop-stars-and-social-justice-warriors\/%22%22\">Whitney Bauck se\u00f1al\u00f3<\/a>&nbsp;que la Virgen Mar\u00eda se ha convertido en \u00abun \u00edcono para las estrellas del pop y los guerreros de la justicia social\u00bb.<\/p>\n\n\n\n<p>Los visitantes del&nbsp;<a href=\"https:\/\/equihua.us\/\">sitio web de la dise\u00f1adora Brenda Equihua<\/a>&nbsp;, por ejemplo, encontrar\u00e1n&nbsp;<a href=\"https:\/\/equihua.us\/collections\/new-classics\/products\/devotion-hoodie-coat\">ropa de abrigo<\/a>&nbsp;con una imagen colorida de Mar\u00eda en la parte posterior.&nbsp;Estos abrigos ocupan un lugar destacado en los armarios de numerosas celebridades.&nbsp;El cantante puertorrique\u00f1o Bad Bunny usa uno&nbsp;<a href=\"https:\/\/www.youtube.com\/watch?v=zvAUZQxb0ME\">en su video musical \u201cCuidao por Ah\u00ed\u201d<\/a>&nbsp;, y los raperos Lil Nas X y Shelley FKA DRAM, entre otros, tambi\u00e9n han&nbsp;<a href=\"https:\/\/www.youtube.com\/watch?v=6KptcBY7HKw\">sido vistos<\/a>&nbsp;luciendo el suyo en varios escenarios.&nbsp;Equihua mantiene&nbsp;<a href=\"https:\/\/equihua.us\/pages\/press\">una lista completa de tales apariciones en su sitio web<\/a>&nbsp;.<\/p>\n\n\n\n<p>Si bien Mary puede estar disfrutando de una renovada popularidad en los \u00faltimos tiempos, esta no es la primera vez que ha estado \u00aben el centro de atenci\u00f3n\u00bb.&nbsp;De hecho, debido al impacto enorme y constante que ha tenido tanto en cristianos como en algunos no cristianos&nbsp;<a href=\"https:\/\/yalebooks.yale.edu\/book\/9780300076615\/mary-through-centuries\">durante casi 2000 a\u00f1os<\/a>&nbsp;, es dif\u00edcil concebir una \u00e9poca en la que Mar\u00eda no fuera una figura prominente.<\/p>\n\n\n\n<p><a href=\"https:\/\/hcommons.org\/members\/evandeneykel\/\">Como estudioso de la literatura cristiana primitiva<\/a>&nbsp;que ha realizado una&nbsp;<a href=\"https:\/\/www.bloomsbury.com\/us\/but-their-faces-were-all-looking-up-9780567682543\/\">extensa investigaci\u00f3n sobre las tradiciones sobre Mar\u00eda<\/a>&nbsp;, sostengo que el inter\u00e9s temprano en Mar\u00eda provino de su papel como madre de Jes\u00fas, y que los autores antiguos la transformaron en una especie de figura mitol\u00f3gica al poner un \u00e9nfasis especial sobre su virginidad.<\/p>\n\n\n\n<p>Pero otros tambi\u00e9n llegaron a enfatizar a Mar\u00eda como un personaje importante por derecho propio.&nbsp;Durante casi 2000 a\u00f1os, diferentes grupos cristianos han entendido a Mar\u00eda de varias maneras: como sirvienta, guerrera, defensora, l\u00edder, ejemplar o como una combinaci\u00f3n de estos.<\/p>\n\n\n\n<h2 class=\"wp-block-heading\">Mar\u00eda la madre<\/h2>\n\n\n\n<p>Los cuatro evangelios del Nuevo Testamento, Mateo, Marcos, Lucas y Juan, son las primeras fuentes que mencionan a Mar\u00eda.<\/p>\n\n\n\n<p>Ella es un personaje secundario en Mateo y nunca habla, incluso&nbsp;<a href=\"https:\/\/www.biblegateway.com\/passage\/?search=Matt+1%3A18-2%3A12&amp;version=NRSV\">en el momento del nacimiento de Jes\u00fas<\/a>&nbsp;.&nbsp;Ella tiene un papel un poco m\u00e1s pronunciado en Lucas, que es el \u00fanico otro evangelio del Nuevo Testamento que menciona el nacimiento de Jes\u00fas.&nbsp;En Lucas,&nbsp;<a href=\"https:\/\/www.biblegateway.com\/passage\/?search=Luke+1%3A26-38&amp;version=NRSV\">habla con un \u00e1ngel<\/a>&nbsp;,&nbsp;<a href=\"https:\/\/www.biblegateway.com\/passage\/?search=Luke+1%3A39-45&amp;version=NRSV\">visita a un familiar<\/a>&nbsp;y&nbsp;<a href=\"https:\/\/www.biblegateway.com\/passage\/?search=Luke+1%3A46-56&amp;version=NRSV\">pronuncia palabras de profec\u00eda<\/a>&nbsp;.&nbsp;Tambi\u00e9n visita Jerusal\u00e9n en dos ocasiones: una para&nbsp;<a href=\"https:\/\/www.biblegateway.com\/passage\/?search=Luke+2%3A22-35&amp;version=NRSV\">un ritual de purificaci\u00f3n en el templo<\/a>&nbsp;y una segunda&nbsp;<a href=\"https:\/\/www.biblegateway.com\/passage\/?search=Luke+2%3A41-51&amp;version=NRSV\">para celebrar la Pascua<\/a>&nbsp;.<\/p>\n\n\n\n<p>En Marcos, ella&nbsp;<a href=\"https:\/\/www.biblegateway.com\/passage\/?search=mark+3%3A31-35&amp;version=NRSV\">busca a Jes\u00fas mientras \u00e9l predica<\/a>&nbsp;, y la&nbsp;gente&nbsp;tambi\u00e9n la&nbsp;<a href=\"https:\/\/www.biblegateway.com\/passage\/?search=Mark+6%3A1-6&amp;version=NRSV\">menciona de pasada<\/a>&nbsp;en la ciudad natal de Jes\u00fas.&nbsp;La primera de estas escenas tambi\u00e9n aparece en&nbsp;<a href=\"https:\/\/www.biblegateway.com\/passage\/?search=Matthew+12%3A46-50+&amp;version=NRSV\">Mateo<\/a>&nbsp;y&nbsp;<a href=\"https:\/\/www.biblegateway.com\/passage\/?search=Luke+8%3A19-21&amp;version=NRSV\">Lucas<\/a>&nbsp;.<\/p>\n\n\n\n<p>Finalmente, aparece dos veces en el Evangelio de Juan.&nbsp;La primera es en&nbsp;<a href=\"https:\/\/www.biblegateway.com\/passage\/?search=John+2%3A1-12&amp;version=NRSV\">una boda donde se acab\u00f3 el vino<\/a>&nbsp;, y la segunda es en la crucifixi\u00f3n de Jes\u00fas, donde&nbsp;<a href=\"https:\/\/www.biblegateway.com\/passage\/?search=John+19%3A25-28&amp;version=NRSV\">ella est\u00e1 cerca mientras \u00e9l muere<\/a>&nbsp;.<\/p>\n\n\n\n<p>Aparte de&nbsp;<a href=\"https:\/\/www.biblegateway.com\/passage\/?search=Acts%201%3A14&amp;version=NRSV\">una fugaz referencia<\/a>&nbsp;a ella en el Libro de los Hechos, Mar\u00eda no aparece en ning\u00fan otro lugar del Nuevo Testamento.<\/p>\n\n\n\n<p>Debido a que Jes\u00fas es el foco principal de los evangelios del Nuevo Testamento, no es sorprendente que contengan tan pocos detalles biogr\u00e1ficos sobre Mar\u00eda.&nbsp;Ella est\u00e1 presente como personaje secundario porque fue parte integral de c\u00f3mo estos autores antiguos pensaban sobre su hijo.&nbsp;El hecho de que Jes\u00fas tenga una madre, por ejemplo, recuerda a los lectores que Jes\u00fas era, en un nivel b\u00e1sico, un ser humano.<\/p>\n\n\n\n<h2 class=\"wp-block-heading\">Mar\u00eda la virgen<\/h2>\n\n\n\n<p>Los autores de los evangelios tambi\u00e9n usan a Mar\u00eda para enfatizar que Jes\u00fas fue una persona particularmente digna de menci\u00f3n.<\/p>\n\n\n\n<p><a href=\"https:\/\/www.biblegateway.com\/passage\/?search=Matt+1%3A18&amp;version=NRSV\">Mateo<\/a>&nbsp;y&nbsp;<a href=\"https:\/\/www.biblegateway.com\/passage\/?search=luke+1%3A26-27&amp;version=NRSV\">Lucas<\/a>&nbsp;logran esto al \u201cmitificar\u201d la historia de su nacimiento, al enfatizar que Mar\u00eda era virgen cuando fue concebido, y que su embarazo fue de origen divino m\u00e1s que el resultado de la actividad sexual humana.<\/p>\n\n\n\n<p>El tema de la madre virgen fecundada por un dios no es infrecuente en el mundo antiguo, y los primeros lectores de Mateo y Lucas habr\u00edan entendido el embarazo de Mar\u00eda en el contexto de otras conocidas historias de \u201chijos divinos\u201d nacidos de madres v\u00edrgenes.<\/p>\n\n\n\n<p>El&nbsp;<a href=\"https:\/\/www.worldhistory.org\/ovid\/\">poeta romano Ovidio<\/a>&nbsp;, por ejemplo, escribe que el&nbsp;<a href=\"https:\/\/www.worldhistory.org\/Perseus\/\">h\u00e9roe m\u00edtico Perseo<\/a>&nbsp;naci\u00f3 de una relaci\u00f3n divino-humana entre el&nbsp;<a href=\"http:\/\/www.perseus.tufts.edu\/hopper\/text?doc=Perseus%3Atext%3A1999.02.0028%3Abook%3D4%3Acard%3D604\">dios Zeus y la madre de Perseo, D\u00e1nae<\/a>&nbsp;.&nbsp;El&nbsp;<a href=\"https:\/\/www.worldhistory.org\/plutarch\/\">historiador griego Plutarco<\/a>&nbsp;hace una afirmaci\u00f3n similar sobre&nbsp;<a href=\"https:\/\/www.worldhistory.org\/Romulus_and_Remus\/\">R\u00f3mulo y Remo<\/a>&nbsp;, los gemelos legendarios cuya madre virgen Rea Silvia insisti\u00f3 en que&nbsp;<a href=\"http:\/\/data.perseus.org\/citations\/urn:cts:greekLit:tlg0007.tlg002.perseus-eng1:3.2\">su embarazo fue el resultado de la relaci\u00f3n divina con Ares<\/a>&nbsp;, el dios de la guerra.<\/p>\n\n\n\n<p>Debido a que Mateo y Lucas usan la supuesta virginidad de Mar\u00eda para hacer afirmaciones sobre lo que ven como la importancia de su descendencia, este detalle solo es importante para ellos hasta que nazca Jes\u00fas.&nbsp;Mateo, por ejemplo, alude a la consumaci\u00f3n del matrimonio de Mar\u00eda y Jos\u00e9 despu\u00e9s del nacimiento de Jes\u00fas cuando&nbsp;<a href=\"https:\/\/www.biblegateway.com\/passage\/?search=Matthew+1%3A25&amp;version=NRSV\">escribe que<\/a>&nbsp;\u00ab[Jos\u00e9] no tuvo relaciones maritales con [Mar\u00eda] hasta que ella tuvo un hijo\u00bb.<\/p>\n\n\n\n<p>Por el contrario, algunos autores cristianos posteriores destacan la virginidad de Mar\u00eda como algo que la define incluso despu\u00e9s del nacimiento de Jes\u00fas.&nbsp;A finales del siglo II, por ejemplo, un autor cristiano an\u00f3nimo escribi\u00f3 una colecci\u00f3n influyente de historias sobre el nacimiento y la vida temprana de Mar\u00eda.&nbsp;Este texto es conocido hoy por los eruditos como el \u00bb&nbsp;<a href=\"https:\/\/www.nasscal.com\/e-clavis-christian-apocrypha\/protevangelium-of-james\/\">Proto-Evangelio de Santiago<\/a>&nbsp;\u00ab, y en \u00e9l, Mar\u00eda permanece virgen incluso despu\u00e9s del nacimiento de Jes\u00fas.<\/p>\n\n\n\n<p>El Proto-Evangelio es importante por la forma en que los eruditos entienden a Mar\u00eda por varias razones.&nbsp;No menos importante es que evidencia una fascinaci\u00f3n temprana por Mar\u00eda no solo como la madre de Jes\u00fas, sino como un personaje importante por derecho propio.&nbsp;Jes\u00fas es un personaje en este texto, pero es relativamente menor, y aparece solo hacia el final.&nbsp;El enfoque principal del autor es la vida de la Virgen.<\/p>\n\n\n\n<h2 class=\"wp-block-heading\">Mar\u00eda el espejo<\/h2>\n\n\n\n<p>Como muchos personajes b\u00edblicos, la forma en que un grupo entiende a Mar\u00eda tiene mucho que ver con la forma en que ese grupo se entiende a s\u00ed mismo.<\/p>\n\n\n\n<figure class=\"wp-block-image\"><img decoding=\"async\" src=\"https:\/\/images.theconversation.com\/files\/416581\/original\/file-20210817-17-1rq0jyw.jpg?ixlib=rb-1.1.0&amp;rect=150%2C20%2C6468%2C4396&amp;q=45&amp;auto=format&amp;w=754&amp;fit=clip\" alt=\"Estatuas de la Virgen Mar\u00eda a la venta cerca del sitio donde se cree que la Virgen Mar\u00eda apareci\u00f3 en una aparici\u00f3n el 15 de agosto de 2020 en Medjugorje, Bosnia y Herzegovina.\"\/><figcaption>La Virgen Mar\u00eda ha tenido un gran atractivo tanto para cristianos como para no cristianos a lo largo de los siglos.&nbsp;<a href=\"https:\/\/www.gettyimages.com\/detail\/news-photo\/statues-of-the-virgin-mary-are-offered-for-sale-to-catholic-news-photo\/1228064555?adppopup=true\">Damir Sagolj \/ Getty Images<\/a><\/figcaption><\/figure>\n\n\n\n<p>En un nivel, esto se manifiesta claramente en las representaciones art\u00edsticas de Mar\u00eda.&nbsp;En la&nbsp;<a href=\"https:\/\/www.vatican.va\/various\/basiliche\/sm_maggiore\/index_en.html\">Bas\u00edlica de Santa Mar\u00eda la Mayor en Roma<\/a>&nbsp;, por ejemplo,&nbsp;<a href=\"https:\/\/www.jstor.org\/stable\/1510002\">los mosaicos del siglo V<\/a>&nbsp;retratan a Mar\u00eda como&nbsp;<a href=\"https:\/\/www.flickr.com\/photos\/60661697@N07\/16241936529\/in\/photolist-2kiRctG-N5Frq1-QoCjG2-qpJFeW-p43mR4-x5P673-oBqiXe-EXqngJ-DWLNJf-qy7yzE-mqMWgf-fGapzT-qKfaSr-oi6WxB-oGrPGp-osYeGY-xUDzgh-otTKX2\">una mujer noble vestida con ropa imperial romana<\/a>&nbsp;, lo que refleja el contexto hist\u00f3rico en el que se hicieron estos mosaicos.<\/p>\n\n\n\n<p>Al otro lado del mundo, en la Ciudad de M\u00e9xico, se encuentra el famoso \u00edcono de Mar\u00eda del siglo XVI conocido como Nuestra Se\u00f1ora de Guadalupe.&nbsp;<a href=\"https:\/\/www.britannica.com\/topic\/Our-Lady-of-Guadalupe-patron-saint-of-Mexico\">Seg\u00fan la leyenda<\/a>&nbsp;, Mar\u00eda se apareci\u00f3 en 1531 a un azteca llamado Juan Diego, y dej\u00f3 esta imagen suya impresa en su manto.&nbsp;Los visitantes de Nuestra Se\u00f1ora de Guadalupe notar\u00e1n la tez m\u00e1s oscura de Mar\u00eda, lo cual es indicativo del contexto hispano-mexicano del \u00edcono.&nbsp;Hist\u00f3ricamente, ha sido&nbsp;<a href=\"https:\/\/theconversation.com\/why-the-virgin-of-guadalupe-is-more-than-a-religious-icon-to-catholics-in-mexico-151251\">un s\u00edmbolo poderoso y unificador de la identidad mexicana<\/a>&nbsp;.<\/p>\n\n\n\n<p>Un ejemplo m\u00e1s reciente es el del artista Ben Wildflower y&nbsp;<a href=\"https:\/\/benwildflower.com\/collections\/prints-1\/products\/magnificat-print\">su popular grabado en madera de Mar\u00eda<\/a>&nbsp;, en el que ella aprieta el pu\u00f1o en alto y pisa una serpiente mientras est\u00e1 rodeada de las palabras \u201cLlena a los hambrientos.&nbsp;Levanta a los humildes.&nbsp;Derriba a los poderosos.&nbsp;Env\u00eda a los ricos lejos \u00ab.&nbsp;Cuando se le pregunt\u00f3 sobre la presencia de Mary en su arte, Wildflower coment\u00f3: \u00bb&nbsp;<a href=\"https:\/\/udayton.edu\/blogs\/marianlibrary\/2020-06-23-miraculous-metal.php\">Mary es quien quiero ser en el mundo<\/a>&nbsp;\u00ab.<\/p>\n\n\n\n<p>Este fen\u00f3meno act\u00faa tambi\u00e9n en los valores que se le imponen a Mar\u00eda y que a veces parecen contradecirse.&nbsp;Mar\u00eda ha sido sostenida como modelo de maternidad, por ejemplo, pero tambi\u00e9n como modelo para una vida virginal m\u00e1s estrictamente asc\u00e9tica.<\/p>\n\n\n\n<p>Su temperamento es otro detalle que cambia con frecuencia seg\u00fan el contexto.&nbsp;Mar\u00eda es aclamada por algunos cat\u00f3licos como \u00abReina de la paz\u00bb y con frecuencia se la defiende como un modelo de&nbsp;<a href=\"https:\/\/www.theatlantic.com\/sexes\/archive\/2012\/12\/let-it-be-marys-radical-declaration-of-consent\/266616\/\">libre sumisi\u00f3n a la voluntad divina<\/a>&nbsp;.&nbsp;Sin embargo, tambi\u00e9n hay ilustraciones de manuscritos medievales que la muestran en un papel m\u00e1s activo y quiz\u00e1s incluso violento,&nbsp;<a href=\"http:\/\/www.bl.uk\/onlinegallery\/onlineex\/illmanus\/other\/largeimage74639.html\">golpeando<\/a>&nbsp;y&nbsp;<a href=\"https:\/\/www.bl.uk\/catalogues\/illuminatedmanuscripts\/ILLUMIN.ASP?Size=mid&amp;IllID=29241\">luchando con demonios<\/a>&nbsp;.<\/p>\n\n\n\n<p>A partir de esta imagen de la virgen aparentemente \u00abviolenta\u00bb, algunos minoristas en l\u00ednea han comenzado a vender&nbsp;<a href=\"https:\/\/www.etsy.com\/listing\/565274719\/hail-mary-punch-the-devil-mug-hail-mary\">productos con el lema \u00abAve Mar\u00eda, llena eres de gracia, dale un pu\u00f1etazo al diablo en la cara<\/a>&nbsp;\u00ab.<\/p>\n\n\n\n<p>A medida que cristianos y no cristianos se encuentran con Mar\u00eda en diversos medios y entornos, es posible que hagan bien en recordar las innumerables formas en las que se ha utilizado para unir y consolar, pero tambi\u00e9n para dividir y convencer.&nbsp;A mi modo de ver, sin duda seguir\u00e1 fascinando de formas nuevas y familiares durante los pr\u00f3ximos a\u00f1os.<\/p>\n\n\n\n<p>[\u00a0<em>Explore la intersecci\u00f3n de la fe, la pol\u00edtica, las artes y la cultura.\u00a0<\/em><a href=\"https:\/\/theconversation.com\/us\/newsletters\/this-week-in-religion-76\/?utm_source=TCUS&amp;utm_medium=inline-link&amp;utm_campaign=newsletter-text&amp;utm_content=religion-explore\">Reg\u00edstrese para esta semana en religi\u00f3n. <\/a>]<\/p>\n\n\n\n<p>Fuente: https:\/\/theconversation.com\/warrior-servant-mother-unifier-the-virgin-mary-has-played-many-roles-through-the-centuries-165596<\/p>\n","protected":false},"excerpt":{"rendered":"<p>Se ha visto a varias celebridades vistiendo abrigos dise\u00f1ados por Brenda Equihua, con una imagen de Mary exhibida en la [&hellip;]<\/p>\n","protected":false},"author":1,"featured_media":12002,"comment_status":"open","ping_status":"open","sticky":false,"template":"","format":"standard","meta":{"site-sidebar-layout":"default","site-content-layout":"","ast-site-content-layout":"default","site-content-style":"default","site-sidebar-style":"default","ast-global-header-display":"","ast-banner-title-visibility":"","ast-main-header-display":"","ast-hfb-above-header-display":"","ast-hfb-below-header-display":"","ast-hfb-mobile-header-display":"","site-post-title":"","ast-breadcrumbs-content":"","ast-featured-img":"","footer-sml-layout":"","theme-transparent-header-meta":"","adv-header-id-meta":"","stick-header-meta":"","header-above-stick-meta":"","header-main-stick-meta":"","header-below-stick-meta":"","astra-migrate-meta-layouts":"default","ast-page-background-enabled":"default","ast-page-background-meta":{"desktop":{"background-color":"var(--ast-global-color-4)","background-image":"","background-repeat":"repeat","background-position":"center center","background-size":"auto","background-attachment":"scroll","background-type":"","background-media":"","overlay-type":"","overlay-color":"","overlay-opacity":"","overlay-gradient":""},"tablet":{"background-color":"","background-image":"","background-repeat":"repeat","background-position":"center center","background-size":"auto","background-attachment":"scroll","background-type":"","background-media":"","overlay-type":"","overlay-color":"","overlay-opacity":"","overlay-gradient":""},"mobile":{"background-color":"","background-image":"","background-repeat":"repeat","background-position":"center center","background-size":"auto","background-attachment":"scroll","background-type":"","background-media":"","overlay-type":"","overlay-color":"","overlay-opacity":"","overlay-gradient":""}},"ast-content-background-meta":{"desktop":{"background-color":"var(--ast-global-color-5)","background-image":"","background-repeat":"repeat","background-position":"center center","background-size":"auto","background-attachment":"scroll","background-type":"","background-media":"","overlay-type":"","overlay-color":"","overlay-opacity":"","overlay-gradient":""},"tablet":{"background-color":"var(--ast-global-color-5)","background-image":"","background-repeat":"repeat","background-position":"center center","background-size":"auto","background-attachment":"scroll","background-type":"","background-media":"","overlay-type":"","overlay-color":"","overlay-opacity":"","overlay-gradient":""},"mobile":{"background-color":"var(--ast-global-color-5)","background-image":"","background-repeat":"repeat","background-position":"center center","background-size":"auto","background-attachment":"scroll","background-type":"","background-media":"","overlay-type":"","overlay-color":"","overlay-opacity":"","overlay-gradient":""}},"footnotes":""},"categories":[8],"tags":[3489,3487,3488,1762],"class_list":["post-12001","post","type-post","status-publish","format-standard","has-post-thumbnail","hentry","category-noticias","tag-bad-bunny","tag-brenda-equihua","tag-moda-ropa","tag-virgen-de-guadalupe"],"_links":{"self":[{"href":"https:\/\/losperiodistas.com.mx\/portal\/wp-json\/wp\/v2\/posts\/12001","targetHints":{"allow":["GET"]}}],"collection":[{"href":"https:\/\/losperiodistas.com.mx\/portal\/wp-json\/wp\/v2\/posts"}],"about":[{"href":"https:\/\/losperiodistas.com.mx\/portal\/wp-json\/wp\/v2\/types\/post"}],"author":[{"embeddable":true,"href":"https:\/\/losperiodistas.com.mx\/portal\/wp-json\/wp\/v2\/users\/1"}],"replies":[{"embeddable":true,"href":"https:\/\/losperiodistas.com.mx\/portal\/wp-json\/wp\/v2\/comments?post=12001"}],"version-history":[{"count":1,"href":"https:\/\/losperiodistas.com.mx\/portal\/wp-json\/wp\/v2\/posts\/12001\/revisions"}],"predecessor-version":[{"id":12003,"href":"https:\/\/losperiodistas.com.mx\/portal\/wp-json\/wp\/v2\/posts\/12001\/revisions\/12003"}],"wp:featuredmedia":[{"embeddable":true,"href":"https:\/\/losperiodistas.com.mx\/portal\/wp-json\/wp\/v2\/media\/12002"}],"wp:attachment":[{"href":"https:\/\/losperiodistas.com.mx\/portal\/wp-json\/wp\/v2\/media?parent=12001"}],"wp:term":[{"taxonomy":"category","embeddable":true,"href":"https:\/\/losperiodistas.com.mx\/portal\/wp-json\/wp\/v2\/categories?post=12001"},{"taxonomy":"post_tag","embeddable":true,"href":"https:\/\/losperiodistas.com.mx\/portal\/wp-json\/wp\/v2\/tags?post=12001"}],"curies":[{"name":"wp","href":"https:\/\/api.w.org\/{rel}","templated":true}]}}