{"id":1200,"date":"2020-11-15T09:47:59","date_gmt":"2020-11-15T15:47:59","guid":{"rendered":"http:\/\/losperiodistas.com.mx\/portal\/?p=1200"},"modified":"2020-11-15T09:47:59","modified_gmt":"2020-11-15T15:47:59","slug":"que-es-si-por-mexico-un-simple-bloque-opositor-movimiento-de-una-elite-que-perdio-privilegios","status":"publish","type":"post","link":"https:\/\/losperiodistas.com.mx\/portal\/que-es-si-por-mexico-un-simple-bloque-opositor-movimiento-de-una-elite-que-perdio-privilegios\/","title":{"rendered":"\u00bfQu\u00e9 es S\u00ed por M\u00e9xico? \u00bfUn simple bloque opositor? \u00bfMovimiento de una \u00e9lite que perdi\u00f3 privilegios?"},"content":{"rendered":"\n<h2 class=\"wp-block-heading\" style=\"font-size:18px\"><em>S\u00ed por M\u00e9xico merece el beneficio de la duda. Es un movimiento ciudadano que aunque no est\u00e1 libre de intereses de grupo, s\u00ed representa una oportunidad para consolidar una oposici\u00f3n pol\u00edtica al Gobierno de la Cuarta Transformaci\u00f3n, que tampoco es un proyecto libre de intereses, ni es completamente integrador e incluyente, de acuerdo con analistas consultados<\/em><\/h2>\n\n\n\n<p class=\"has-vivid-cyan-blue-color has-text-color has-medium-font-size\">EFREN FLORES\/ SINEMBARGO<\/p>\n\n\n\n<p>Ciudad de M\u00e9xico, 15 de noviembre (SinEmbargo).- La iniciativa&nbsp;<strong>S\u00ed por M\u00e9xico<\/strong>&nbsp;es pol\u00e9mica. Por un lado, sus integrantes sostienen que involucra a m\u00e1s de 400 organizaciones que buscan incidir en la&nbsp;<strong>toma de decisiones<\/strong>&nbsp;a beneficio del pa\u00eds; y por otra parte, sus cr\u00edticos afirman que es un movimiento ligado a&nbsp;<strong>empresarios<\/strong>&nbsp;que buscan mantener&nbsp;<strong>privilegios<\/strong>&nbsp;y tener m\u00fasculo pol\u00edtico para imponer sus&nbsp;<strong>intereses privados<\/strong>.<\/p>\n\n\n\n<p>A reserva de las distintas posturas, los analistas consultados por&nbsp;<strong>SinEmbargo<\/strong>&nbsp;coincidieron en que S\u00ed por M\u00e9xico es una convocatoria inusitada en la historia moderna de M\u00e9xico, sobre todo considerando que representa a un conjunto de personas que evidentemente no est\u00e1n de acuerdo con las posiciones y las acciones del Gobierno del Presidente Andr\u00e9s Manuel L\u00f3pez Obrador (<strong>AMLO<\/strong>), y que por tanto buscan constituir un frente amplio que, adem\u00e1s de participar en las elecciones de 2021, logre disminuir o equilibrar la fuerza del Movimiento Regeneraci\u00f3n Nacional (<strong>Morena<\/strong>) de aqu\u00ed a 2024.<\/p>\n\n\n\n<p>Aunque a\u00fan hay pocos elementos para saber cu\u00e1les ser\u00e1n las implicaciones de S\u00ed por M\u00e9xico, la iniciativa est\u00e1 relacionada con cuatro principales factores que explican su conformaci\u00f3n y la postura que defiende: sus v\u00ednculos con empresarios opuestos a AMLO, la resistencia de algunos sectores poblacionales al proyecto de gobierno de la Cuarta Transformaci\u00f3n (o 4T), la debilidad de la oposici\u00f3n y de los liderazgos pol\u00edticos, as\u00ed como la falta de mecanismos de conciliaci\u00f3n entre el Gobierno en turno y su disidencia.<img fetchpriority=\"high\" decoding=\"async\" src=\"https:\/\/i0.wp.com\/sinembargo.mx\/wp-content\/uploads\/2020\/11\/si-mx.jpg\" alt=\"S\u00cd-MX\" width=\"700\" height=\"467\" srcset=\"https:\/\/i0.wp.com\/sinembargo.mx\/wp-content\/uploads\/2020\/11\/si-mx.jpg 700w, https:\/\/i0.wp.com\/sinembargo.mx\/wp-content\/uploads\/2020\/11\/si-mx-300x200.jpg 300w\"><\/p>\n\n\n\n<p>Entre los partidos pol\u00edticos que apoyan la iniciativa ciudadana S\u00ed por M\u00e9xico est\u00e1n PRI, PAN y PRD. Foto: Rogelio Morales, Cuartoscuro.<\/p>\n\n\n\n<p>S\u00ed por M\u00e9xico se presenta como un \u201cbloque ciudadano\u201d que le abre la puerta a todas y todos, sean personas, partidos u organizaciones, para impulsar un cambio nacional basado en una \u201cagenda ciudadana\u201d. Aunque algunos de sus integrantes \u2013como&nbsp;<strong>Gustavo de Hoyos Walther<\/strong>\u2013 aseguran que \u201cnadie est\u00e1 detr\u00e1s\u201d del movimiento, se trata de una iniciativa del empresario&nbsp;<strong>Claudio X. Gonz\u00e1lez Guajardo<\/strong>, que adem\u00e1s de representar a cientos de personas y organizaciones, cuenta con el apoyo de personalidades vinculadas al Consejo Coordinador Empresarial (<strong>CCE<\/strong>), al Consejo Mexicano de Negocios (<strong>CMN<\/strong>) y a la&nbsp;Confederaci\u00f3n Patronal de la Rep\u00fablica Mexicana (<strong>Coparmex<\/strong>).<\/p>\n\n\n\n<blockquote class=\"wp-block-quote is-layout-flow wp-block-quote-is-layout-flow\"><p>De acuerdo con el doctor&nbsp;Rogelio Hern\u00e1ndez Rodr\u00edguez del Colegio de M\u00e9xico, no es extra\u00f1o que un proyecto de \u00e9sta envergadura haya nacido por iniciativa de personas ligadas al sector empresarial y adversarios de la 4T, o que clamen lo que claman en momentos en que el Gobierno del Presidente L\u00f3pez Obrador busca dar un golpe de tim\u00f3n con respecto al manejo del pa\u00eds en pasadas administraciones. Sin embargo, para el polit\u00f3logo&nbsp;especializado en sistemas pol\u00edticos, cambios institucionales y \u00e9lites pol\u00edticas en M\u00e9xico, lo que s\u00ed es novedoso es el tama\u00f1o y la visibilidad de la convocatoria.<\/p><\/blockquote>\n\n\n\n<p><img decoding=\"async\" src=\"https:\/\/i0.wp.com\/sinembargo.mx\/wp-content\/uploads\/2020\/10\/hoyosfrase-2.jpg\" alt=\"\"><\/p>\n\n\n\n<h4 class=\"wp-block-heading\"><a href=\"https:\/\/www.sinembargo.mx\/22-10-2020\/3881004\">VER M\u00c1S<\/a><\/h4>\n\n\n\n<h5 class=\"wp-block-heading\"><a href=\"https:\/\/www.sinembargo.mx\/22-10-2020\/3881004\" target=\"_blank\" rel=\"noreferrer noopener\">Para S\u00ed por M\u00e9xico no es prioridad sentarse con AMLO: De Hoyos. Es \u201cincidir en partidos y candidatos\u201d<\/a><\/h5>\n\n\n\n<blockquote class=\"wp-block-quote is-layout-flow wp-block-quote-is-layout-flow\"><p>\u201cS\u00ed por M\u00e9xico es novedosa por muchas razones: es una convocatoria abierta, no para formar un partido pol\u00edtico sino para convocarlos junto con organizaciones sociales y la sociedad civil en general, para que participen\u201d. En ese sentido, Hern\u00e1ndez Rodr\u00edguez explic\u00f3 que la iniciativa busca \u201cconstruir un canal para que la ciudadan\u00eda inconforme con la 4T, que no ha encontrado una canalizaci\u00f3n adecuada ni en los partidos ni en los liderazgos, pueda materializarse como una oposici\u00f3n pol\u00edtica al r\u00e9gimen\u201d.<\/p><\/blockquote>\n\n\n\n<p>Al igual que Hern\u00e1ndez Rodr\u00edguez, el doctor Francisco Javier Jim\u00e9nez Ruiz de la Universidad Nacional Aut\u00f3noma de M\u00e9xico (UNAM) dijo que un aspecto positivo de S\u00ed por M\u00e9xico es que \u201cpone sobre la mesa la posibilidad de crear una agenda com\u00fan no s\u00f3lo electoral, sino de futuros gobiernos de coalici\u00f3n\u201d, lo que asimismo podr\u00eda abonar al fortalecimiento de la democracia en M\u00e9xico si se conforma como una oposici\u00f3n o elemento de equilibrio al gobierno, no s\u00f3lo a trav\u00e9s de la critica y de la fiscalizaci\u00f3n de acciones, sino por medio de la propuesta de soluciones a problemas nacionales.<\/p>\n\n\n\n<p>Sin embargo, el experto en teor\u00eda de juegos de la Facultad de Ciencias Pol\u00edticas y Sociales advirti\u00f3 que \u201ctodos los proyectos que han existido \u00faltimamente en el pa\u00eds no dejan de ser proyectos de grupo y de intereses de grupo\u201d, ya que todav\u00eda no hay propuestas que contengan o enarbolen una defensa integral e incluyente de los intereses de las mayor\u00edas del pa\u00eds.<\/p>\n\n\n\n<p>\u201cNi siquiera el proyecto de la Cuarta Transformaci\u00f3n logra ser plenamente integrador e incluyente. Es decir, atiende a sectores determinados de la poblaci\u00f3n, a los sectores empobrecidos, por ejemplo, pero deja afuera a otros sectores de la poblaci\u00f3n y los agrede en t\u00e9rminos econ\u00f3micos, sociales y culturales, y los excluye de la toma de decisiones\u201d, abund\u00f3.<img decoding=\"async\" src=\"https:\/\/i0.wp.com\/sinembargo.mx\/wp-content\/uploads\/2020\/10\/cuartoscuro_650162_digital.jpeg\" alt=\"\"><\/p>\n\n\n\n<h4 class=\"wp-block-heading\"><a href=\"https:\/\/www.sinembargo.mx\/09-10-2020\/3874264\">VER M\u00c1S<\/a><\/h4>\n\n\n\n<h5 class=\"wp-block-heading\"><a href=\"https:\/\/www.sinembargo.mx\/09-10-2020\/3874264\" target=\"_blank\" rel=\"noreferrer noopener\">Claudio X. confirma que va con De Hoyos en la nueva organizaci\u00f3n contra AMLO \u201cS\u00ed por M\u00e9xico\u201d<\/a><\/h5>\n\n\n\n<p>Para Jim\u00e9nez Ruiz, el problema en \u00e9ste caso no s\u00f3lo radica en la posibilidad de conformar una oposici\u00f3n que tenga posibilidades de acceso real al poder, sino lo que est\u00e1 detr\u00e1s de eso: las personas que definen qu\u00e9 es el inter\u00e9s nacional, \u201cque generalmente lo determinan quienes tienen acceso a medios para ejercer poder\u201d.<\/p>\n\n\n\n<p>Acerca de \u00e9ste \u00faltimo punto, el empresario Carlos Chavira Rodr\u00edguez mencion\u00f3 que hay varios hombres de negocio, pol\u00edticos y exfuncionarios p\u00fablicos que apoyan a S\u00ed por M\u00e9xico y que est\u00e1n ligados a grupos de inter\u00e9s afines a gobiernos anteriores. Por ello, el tambi\u00e9n expresidente del Centro Empresarial de la Coparmex en Ciudad Ju\u00e1rez (Chihuahua)&nbsp;recalc\u00f3 que no es una iniciativa del sector empresarial, sino de un segmento de \u00e9ste \u201cque vio perder sus privilegios y que los quiere de vuelta\u201d. Una pl\u00e9yade que no est\u00e1 libre de oportunistas \u201cque lo \u00fanico que desean es forzar una negociaci\u00f3n pol\u00edtica\u201d para obtener beneficios personales.<\/p>\n\n\n\n<p>Lo anterior coincide con lo expresado por el doctor Ricardo de Jes\u00fas Tirado Segura del Instituto de Investigaciones Sociales de la UNAM, para quien S\u00ed por M\u00e9xico s\u00f3lo \u201cse trata de formar un frente electoral\u201d con intereses privados de por medio, en que los empresarios involucrados aportar\u00e1n recursos, los partidos registro pol\u00edtico y las asociaciones civiles, difusi\u00f3n.<\/p>\n\n\n\n<blockquote class=\"wp-block-quote is-layout-flow wp-block-quote-is-layout-flow\"><p>\u201cEsto se trata, digamos, de impactar; de dar un golpe medi\u00e1tico y de decir \u2018miren cu\u00e1ntos somos\u2019\u201d. De acuerdo con el experto en actores y procesos sociales, S\u00ed por M\u00e9xico es un proyecto que a\u00fan no est\u00e1 definido y que probablemente no tenga futuro como movimiento ciudadano, porque se trata de un instrumento pol\u00edtico de personas que han demostrado tener una agenda p\u00fablica propia basada en intereses personales, como en el caso de Claudio X. Gonz\u00e1lez Guajardo y&nbsp;Gustavo de Hoyos Walther.<\/p><\/blockquote>\n\n\n\n<p><img decoding=\"async\" src=\"https:\/\/i0.wp.com\/sinembargo.mx\/wp-content\/uploads\/2020\/11\/amlo-4.jpg\" alt=\"AMLO\" width=\"700\" height=\"467\" srcset=\"https:\/\/i0.wp.com\/sinembargo.mx\/wp-content\/uploads\/2020\/11\/amlo-4.jpg 700w, https:\/\/i0.wp.com\/sinembargo.mx\/wp-content\/uploads\/2020\/11\/amlo-4-300x200.jpg 300w\"><\/p>\n\n\n\n<p>AMLO ha dicho que S\u00ed por M\u00e9xico es un esfuerzo patrocinado por personas que \u201cse han caracterizado por la corrupci\u00f3n y, sobre todo, por sacar provecho al amparo del poder p\u00fablico\u201d. Foto: Cuartoscuro.<\/p>\n\n\n\n<p><strong>NUEVO ORDEN, NUEVA DISIDENCIA<\/strong><\/p>\n\n\n\n<p>A\u00fan es pronto para saber si la iniciativa S\u00ed por M\u00e9xico aboga por intereses comunes o privados, e incluso, si ser\u00e1 ben\u00e9fica o perjudicial para la ciudadan\u00eda mexicana. Por ahora, dijo a&nbsp;<strong>SinEmbargo&nbsp;<\/strong>el doctor Tirado Segura, el reto del bloque es convencer a la iniciativa privada y a la clase media de apoyarlos, porque hablar de 400 organizaciones o de m\u00e1s de 14 mil simpatizantes no es mucho.<\/p>\n\n\n\n<blockquote class=\"wp-block-quote is-layout-flow wp-block-quote-is-layout-flow\"><p>Por su parte, Hern\u00e1ndez Rodr\u00edguez dijo que hay que concederle el beneficio de la duda a S\u00ed por M\u00e9xico, ya que independientemente de sus integrantes, ser\u00e1 a partir de las propuestas de acci\u00f3n que \u201cpodremos ver si lo que se trata de defender son intereses privados, o si se trata de crear un frente que modifique muchas de las decisiones arbitrarias que est\u00e1 tomando \u00e9ste Gobierno\u201d.<\/p><\/blockquote>\n\n\n\n<p>M\u00e1s all\u00e1 de lo que podr\u00edamos esperar del proyecto impulsado por el empresario Claudio X. Gonz\u00e1lez Guajardo, los analistas consultados refirieron que \u00e9sta propuesta s\u00ed est\u00e1 ligada a las tensiones entre el Presidente de la Rep\u00fablica y parte del sector empresarial que dej\u00f3 de tener la influencia que tuvo en sexenios anteriores.<img decoding=\"async\" src=\"https:\/\/i0.wp.com\/sinembargo.mx\/wp-content\/uploads\/2020\/11\/la_escuela_que_queremos-3.jpg\" alt=\"\"><\/p>\n\n\n\n<h4 class=\"wp-block-heading\"><a href=\"https:\/\/www.sinembargo.mx\/09-11-2020\/3890933\">VER M\u00c1S<\/a><\/h4>\n\n\n\n<h5 class=\"wp-block-heading\"><a href=\"https:\/\/www.sinembargo.mx\/09-11-2020\/3890933\" target=\"_blank\" rel=\"noreferrer noopener\">Claudio X ya no toma decisiones: MCCI. No hay relaci\u00f3n con S\u00ed por M\u00e9xico y s\u00ed paga impuestos, dice<\/a><\/h5>\n\n\n\n<blockquote class=\"wp-block-quote is-layout-flow wp-block-quote-is-layout-flow\"><p>\u201cAhora que asciende a la Presidencia de la Rep\u00fablica un proyecto que pretende transformar lo hecho durante las d\u00e9cadas pasadas, especialmente por la clase pol\u00edtica tecnocr\u00e1tica que instaur\u00f3 el modelo del Consenso de Washington, hoy en \u00e9ste contexto, resurgen grupos de empresarios, grupos pol\u00edticos y miembros de una nueva clase pol\u00edtica que consideran que el modelo de transformaci\u00f3n de la 4T afecta directamente al modelo de naci\u00f3n que se estaba instaurando en M\u00e9xico, y desde luego afecta a los actores del modelo que los neoliberales hab\u00edan logrado instaurar en M\u00e9xico\u201d, dijo a&nbsp;<strong>SinEmbargo<\/strong>&nbsp;el doctorJim\u00e9nez Ruiz.<\/p><\/blockquote>\n\n\n\n<p>Lo anterior sucede en un contexto en que confluye una debilidad de instituciones de participaci\u00f3n democr\u00e1tica como los partidos pol\u00edticos, cuya debilidad y desgaste contrasta con la fortaleza de Morena.<\/p>\n\n\n\n<blockquote class=\"wp-block-quote is-layout-flow wp-block-quote-is-layout-flow\"><p>\u201cLos partidos pol\u00edticos quedaron enormemente golpeados despu\u00e9s de las elecciones del 2018. Su representaci\u00f3n pol\u00edtica es muy pobre, muy reducida, y lo m\u00e1s delicado del asunto es que adem\u00e1s del desprestigio que arrastran desde hace tiempo, tampoco han creado los liderazgos suficientes como para que la sociedad, incluidos los empresarios, los vean como una opci\u00f3n para representar a la oposici\u00f3n al r\u00e9gimen. En esas condiciones, la propuesta de S\u00ed por M\u00e9xico lo que est\u00e1 haciendo es obligar a la negociaci\u00f3n entre partidos y privados para generar una opci\u00f3n de representaci\u00f3n de intereses que tampoco han sido atendidos por el Gobierno en turno\u201d, abund\u00f3 Jim\u00e9nez Ruiz.<\/p><\/blockquote>\n\n\n\n<p>Adem\u00e1s de los cambios en materia de negociaci\u00f3n entre sectores sociales y los problemas de representaci\u00f3n relacionados con organizaciones pol\u00edticas tradicionales, los especialistas mencionaron que un fen\u00f3meno como S\u00ed por M\u00e9xico tambi\u00e9n responde a la cerraz\u00f3n del Gobierno de L\u00f3pez Obrador.<img decoding=\"async\" src=\"https:\/\/i0.wp.com\/sinembargo.mx\/wp-content\/uploads\/2020\/11\/gustavo-de-hoyos-si-mexico.jpg\" alt=\"\"><\/p>\n\n\n\n<h4 class=\"wp-block-heading\"><a href=\"https:\/\/www.sinembargo.mx\/12-11-2020\/3892696\">VER M\u00c1S<\/a><\/h4>\n\n\n\n<h5 class=\"wp-block-heading\"><a href=\"https:\/\/www.sinembargo.mx\/12-11-2020\/3892696\" target=\"_blank\" rel=\"noreferrer noopener\">De Hoyos acusa a AMLO de traici\u00f3n por no consultar la iniciativa del outsourcing con los patrones<\/a><\/h5>\n\n\n\n<p>\u201cEn \u00e9ste Gobierno ha habido un discurso de desacreditaci\u00f3n a cualquier disidencia, a cualquier oposici\u00f3n, y el Presidente de la Rep\u00fablica ha hecho todos los d\u00edas un deporte de estar condenando y acusando a cualquiera que sea un opositor a \u00e9l o discrepe, acus\u00e1ndolo de corrupto, de defender privilegios, etc\u00e9tera. En \u00e9ste contexto, que hayan aparecido los empresarios y que la iniciativa surja de ellos, naturalmente abona a las acusaciones y al inter\u00e9s de generar contrapesos\u201d, explic\u00f3 el doctor&nbsp;Hern\u00e1ndez Rodr\u00edguez.<\/p>\n\n\n\n<blockquote class=\"wp-block-quote is-layout-flow wp-block-quote-is-layout-flow\"><p>Lo anterior, junto con el despliegue de pol\u00edticas sociales basadas en subsidios, m\u00e1s que en pol\u00edticas de desarrollo productivo e industrial, ha hecho que algunos representantes de la clase media y alta \u2013incluidos empresarios y pol\u00edticos\u2013 unan fuerzas para limitar el poder de la Cuarta Transformaci\u00f3n del Presidente AMLO.<\/p><\/blockquote>\n\n\n\n<p>Al respecto, el empresario Carlos Chavira Rodr\u00edguez asegur\u00f3 que se trata de una relaci\u00f3n entre los poderes pol\u00edtico y empresarial de un grupo cerrado de intereses que \u201cno beneficia a la inmensa mayor\u00eda de empresarias y empresarios y tampoco a todos los pol\u00edticos. [\u2026]&nbsp;Aqu\u00ed lo que sucede es que ya no tienen la influencia del pasado [\u2026]. Cambiaron las cosas y eso los obliga, por primera vez, a salir a la luz p\u00fablica a defender los privilegios que ten\u00edan y que eran a costa del erario\u201d.<\/p>\n\n\n\n<p>Fuente: https:\/\/www.sinembargo.mx\/15-11-2020\/3891071<\/p>\n","protected":false},"excerpt":{"rendered":"<p>S\u00ed por M\u00e9xico merece el beneficio de la duda. Es un movimiento ciudadano que aunque no est\u00e1 libre de intereses [&hellip;]<\/p>\n","protected":false},"author":1,"featured_media":1201,"comment_status":"open","ping_status":"open","sticky":false,"template":"","format":"standard","meta":{"site-sidebar-layout":"default","site-content-layout":"","ast-site-content-layout":"default","site-content-style":"default","site-sidebar-style":"default","ast-global-header-display":"","ast-banner-title-visibility":"","ast-main-header-display":"","ast-hfb-above-header-display":"","ast-hfb-below-header-display":"","ast-hfb-mobile-header-display":"","site-post-title":"","ast-breadcrumbs-content":"","ast-featured-img":"","footer-sml-layout":"","theme-transparent-header-meta":"","adv-header-id-meta":"","stick-header-meta":"","header-above-stick-meta":"","header-main-stick-meta":"","header-below-stick-meta":"","astra-migrate-meta-layouts":"default","ast-page-background-enabled":"default","ast-page-background-meta":{"desktop":{"background-color":"var(--ast-global-color-4)","background-image":"","background-repeat":"repeat","background-position":"center center","background-size":"auto","background-attachment":"scroll","background-type":"","background-media":"","overlay-type":"","overlay-color":"","overlay-opacity":"","overlay-gradient":""},"tablet":{"background-color":"","background-image":"","background-repeat":"repeat","background-position":"center center","background-size":"auto","background-attachment":"scroll","background-type":"","background-media":"","overlay-type":"","overlay-color":"","overlay-opacity":"","overlay-gradient":""},"mobile":{"background-color":"","background-image":"","background-repeat":"repeat","background-position":"center center","background-size":"auto","background-attachment":"scroll","background-type":"","background-media":"","overlay-type":"","overlay-color":"","overlay-opacity":"","overlay-gradient":""}},"ast-content-background-meta":{"desktop":{"background-color":"var(--ast-global-color-5)","background-image":"","background-repeat":"repeat","background-position":"center center","background-size":"auto","background-attachment":"scroll","background-type":"","background-media":"","overlay-type":"","overlay-color":"","overlay-opacity":"","overlay-gradient":""},"tablet":{"background-color":"var(--ast-global-color-5)","background-image":"","background-repeat":"repeat","background-position":"center center","background-size":"auto","background-attachment":"scroll","background-type":"","background-media":"","overlay-type":"","overlay-color":"","overlay-opacity":"","overlay-gradient":""},"mobile":{"background-color":"var(--ast-global-color-5)","background-image":"","background-repeat":"repeat","background-position":"center center","background-size":"auto","background-attachment":"scroll","background-type":"","background-media":"","overlay-type":"","overlay-color":"","overlay-opacity":"","overlay-gradient":""}},"footnotes":""},"categories":[8],"tags":[],"class_list":["post-1200","post","type-post","status-publish","format-standard","has-post-thumbnail","hentry","category-noticias"],"_links":{"self":[{"href":"https:\/\/losperiodistas.com.mx\/portal\/wp-json\/wp\/v2\/posts\/1200","targetHints":{"allow":["GET"]}}],"collection":[{"href":"https:\/\/losperiodistas.com.mx\/portal\/wp-json\/wp\/v2\/posts"}],"about":[{"href":"https:\/\/losperiodistas.com.mx\/portal\/wp-json\/wp\/v2\/types\/post"}],"author":[{"embeddable":true,"href":"https:\/\/losperiodistas.com.mx\/portal\/wp-json\/wp\/v2\/users\/1"}],"replies":[{"embeddable":true,"href":"https:\/\/losperiodistas.com.mx\/portal\/wp-json\/wp\/v2\/comments?post=1200"}],"version-history":[{"count":1,"href":"https:\/\/losperiodistas.com.mx\/portal\/wp-json\/wp\/v2\/posts\/1200\/revisions"}],"predecessor-version":[{"id":1202,"href":"https:\/\/losperiodistas.com.mx\/portal\/wp-json\/wp\/v2\/posts\/1200\/revisions\/1202"}],"wp:featuredmedia":[{"embeddable":true,"href":"https:\/\/losperiodistas.com.mx\/portal\/wp-json\/wp\/v2\/media\/1201"}],"wp:attachment":[{"href":"https:\/\/losperiodistas.com.mx\/portal\/wp-json\/wp\/v2\/media?parent=1200"}],"wp:term":[{"taxonomy":"category","embeddable":true,"href":"https:\/\/losperiodistas.com.mx\/portal\/wp-json\/wp\/v2\/categories?post=1200"},{"taxonomy":"post_tag","embeddable":true,"href":"https:\/\/losperiodistas.com.mx\/portal\/wp-json\/wp\/v2\/tags?post=1200"}],"curies":[{"name":"wp","href":"https:\/\/api.w.org\/{rel}","templated":true}]}}