{"id":11998,"date":"2021-08-23T19:48:42","date_gmt":"2021-08-24T00:48:42","guid":{"rendered":"http:\/\/losperiodistas.com.mx\/portal\/?p=11998"},"modified":"2021-08-23T19:48:43","modified_gmt":"2021-08-24T00:48:43","slug":"coronavirus-en-mexico-al-23-de-agosto-6-543-nuevos-contagios-y-371-muertes-en-el-ultimo-dia-infobae","status":"publish","type":"post","link":"https:\/\/losperiodistas.com.mx\/portal\/coronavirus-en-mexico-al-23-de-agosto-6-543-nuevos-contagios-y-371-muertes-en-el-ultimo-dia-infobae\/","title":{"rendered":"Coronavirus en M\u00e9xico al 23 de agosto: 6, 543 nuevos contagios y 371 muertes en el \u00faltimo d\u00eda | Infobae"},"content":{"rendered":"\n<p style=\"font-size:18px\"><em>La Ciudad de M\u00e9xico y el Estado de M\u00e9xico son las entidades federativas con mayor n\u00famero de casos acumulados y activos de SARS-CoV-2<\/em><\/p>\n\n\n\n<figure class=\"wp-block-image size-large\"><img fetchpriority=\"high\" decoding=\"async\" width=\"1024\" height=\"686\" src=\"https:\/\/losperiodistas.com.mx\/portal\/wp-content\/uploads\/2021\/08\/Captura-de-Pantalla-2021-08-23-a-las-19.46.05-1024x686.jpg\" alt=\"\" class=\"wp-image-11999\" srcset=\"https:\/\/losperiodistas.com.mx\/portal\/wp-content\/uploads\/2021\/08\/Captura-de-Pantalla-2021-08-23-a-las-19.46.05-1024x686.jpg 1024w, https:\/\/losperiodistas.com.mx\/portal\/wp-content\/uploads\/2021\/08\/Captura-de-Pantalla-2021-08-23-a-las-19.46.05-300x201.jpg 300w, https:\/\/losperiodistas.com.mx\/portal\/wp-content\/uploads\/2021\/08\/Captura-de-Pantalla-2021-08-23-a-las-19.46.05-768x514.jpg 768w, https:\/\/losperiodistas.com.mx\/portal\/wp-content\/uploads\/2021\/08\/Captura-de-Pantalla-2021-08-23-a-las-19.46.05.jpg 1514w\" sizes=\"(max-width: 1024px) 100vw, 1024px\" \/><figcaption>La Ciudad de M\u00e9xico y el Estado de M\u00e9xico son las entidades federativas con mayor n\u00famero de casos acumulados y activos (Foto: REUTERS\/Gustavo Graf)<\/figcaption><\/figure>\n\n\n\n<p class=\"has-vivid-cyan-blue-color has-text-color has-medium-font-size\">INFOBAE<\/p>\n\n\n\n<p><strong>La&nbsp;<\/strong><a href=\"https:\/\/www.infobae.com\/tag\/secretaria-de-salud\/\"><strong>Secretar\u00eda de Salud (SSa)<\/strong><\/a><strong>&nbsp;report\u00f3 que, hasta este lunes 23 de agosto, se han registrado 3,231,616 casos de contagios acumulados de COVID-19.&nbsp;<\/strong>Adem\u00e1s, desde el inicio de la pandemia, M\u00e9xico ha reportado un total de&nbsp;<strong>253,526 defunciones<\/strong>&nbsp;confirmadas por la enfermedad del coronavirus.<\/p>\n\n\n\n<p><strong>Estos datos representan un incremento de 6,543 contagios en las \u00faltimas 24 horas, as\u00ed como 228 fallecimientos.\u00a0<\/strong>Asimismo, la dependencia inform\u00f3 que, desde que inici\u00f3 la contingencia sanitaria, en territorio nacional se han reportado 483,495 casos sospechosos, 5,719,950 casos negativos, 126,739 casos activos estimados y 9,435,061personas notificadas<\/p>\n\n\n\n<p>De acuerdo con el comunicado t\u00e9cnico diario, al d\u00eda de hoy se tienen estimados en el pa\u00eds 119,537\u00a0<strong>casos activos\u00a0<\/strong>de la enfermedad; es decir, personas que comenzaron a presentar s\u00edntomas en los \u00faltimos 14 d\u00edas (del 10 al 23 de agosto del 2021).<img decoding=\"async\" height=\"485\" width=\"873\" srcset=\"https:\/\/www.infobae.com\/new-resizer\/Fy_Q-TvZBl6oYEM0UKIaYJaCVGQ=\/420x236\/filters:format(jpg):quality(85)\/cloudfront-us-east-1.images.arcpublishing.com\/infobae\/MJV4DEH2ANGU7OZOHJLN2DQGPQ.png 420w,https:\/\/www.infobae.com\/new-resizer\/Vp-Y49w5oZRsyghucH5O3kFGHQk=\/768x432\/filters:format(jpg):quality(85)\/cloudfront-us-east-1.images.arcpublishing.com\/infobae\/MJV4DEH2ANGU7OZOHJLN2DQGPQ.png 768w,https:\/\/www.infobae.com\/new-resizer\/OdRp61JbZ73nnHaaYf3nQ95A4vU=\/992x558\/filters:format(jpg):quality(85)\/cloudfront-us-east-1.images.arcpublishing.com\/infobae\/MJV4DEH2ANGU7OZOHJLN2DQGPQ.png 992w,https:\/\/www.infobae.com\/new-resizer\/7V7xJAdMznfZUVtQX7Qt0R4UDyg=\/1200x675\/filters:format(jpg):quality(85)\/cloudfront-us-east-1.images.arcpublishing.com\/infobae\/MJV4DEH2ANGU7OZOHJLN2DQGPQ.png 1200w,https:\/\/www.infobae.com\/new-resizer\/HbiE2liD1hW87u-fkTwskE4-IrU=\/1440x810\/filters:format(jpg):quality(85)\/cloudfront-us-east-1.images.arcpublishing.com\/infobae\/MJV4DEH2ANGU7OZOHJLN2DQGPQ.png 1440w\" alt=\"En las \u00faltimas 24 horas se reportaron 6 mil 543 nuevos contagios en M\u00e9xico (Foto: Secretar\u00eda de Salud)\" src=\"https:\/\/www.infobae.com\/new-resizer\/Fy_Q-TvZBl6oYEM0UKIaYJaCVGQ=\/420x236\/filters:format(jpg):quality(85)\/cloudfront-us-east-1.images.arcpublishing.com\/infobae\/MJV4DEH2ANGU7OZOHJLN2DQGPQ.png%20420w\">En las \u00faltimas 24 horas se reportaron 6 mil 543 nuevos contagios en M\u00e9xico (Foto: Secretar\u00eda de Salud)<\/p>\n\n\n\n<p>El&nbsp;<strong>Gobierno de M\u00e9xico<\/strong>, desde marzo de 2020, ha registrado el total de contagios por lugar de residencia. Estas son las 10 entidades que concentran el mayor n\u00famero de contagios acumulados, con el 66% del total registrado hasta las 17:00 horas de este lunes 23 de agosto:&nbsp;<a href=\"https:\/\/www.infobae.com\/tag\/cdmx\/\"><strong>Ciudad de M\u00e9xico<\/strong><\/a>ha reportado 872,794; el&nbsp;<strong>Estado de M\u00e9xico<\/strong>&nbsp;326,857;&nbsp;<strong>Nuevo Le\u00f3n<\/strong>&nbsp;169,434;&nbsp;<strong>Guanajuato<\/strong>&nbsp;149,456;&nbsp;<strong>Jalisco&nbsp;<\/strong>127,282;&nbsp;<strong>Tabasco<\/strong>&nbsp;105,834;&nbsp;<strong>Puebla<\/strong>&nbsp;102,834;&nbsp;<strong>Veracruz<\/strong>&nbsp;97,778,&nbsp;<strong>Sonora&nbsp;<\/strong>97,565 y<strong>&nbsp;San Luis Potos\u00ed&nbsp;<\/strong>ha presentado 85,225.<\/p>\n\n\n\n<p>La dependencia federal apunt\u00f3 que en las \u00faltimas cinco semanas, la mayor parte de los casos activos de&nbsp;<strong>COVID-19<\/strong>&nbsp;est\u00e1n presentes en el grupo de edad que contempla a ciudadanos de 18 a 29 a\u00f1os de edad, seguido de los grupos de 30 a 39 a\u00f1os y de 40 a 49 a\u00f1os.<\/p>\n\n\n\n<p>Igualmente,&nbsp;<strong>la SSa inform\u00f3 que la distribuci\u00f3n por sexo de los casos confirmados muestra un predominio igual en hombres y mujeres<\/strong>, ya que cada grupo posee un porcentaje de 50 a 50 y el promedio de edad de los casos confirmados es de 40 a\u00f1os. En contraparte,&nbsp;<strong>la distribuci\u00f3n por sexo de defunciones confirmadas muestra un predominio de hombres, con un 62%<\/strong>, mientras que el promedio de edad de los decesos es de 64 a\u00f1os.<\/p>\n\n\n\n<p>En este rubro,\u00a0<strong>la Ciudad de M\u00e9xico se ubica a la cabeza con 47,729 fallecimientos<\/strong>, despu\u00e9s se encuentran el Estado de M\u00e9xico (30, 020), Jalisco (14,067), Puebla (13,041), Guanajuato (11,307), Veracruz (11,342), Nuevo Le\u00f3n (10,991), Baja California (8 931), Chihuahua (7,748) y Sinaloa (7,775).<\/p>\n\n\n\n<p><img decoding=\"async\" height=\"1280\" width=\"1918\" srcset=\"https:\/\/www.infobae.com\/new-resizer\/JIE25dLX6oZmoatDKpi6fjvZSns=\/420x280\/filters:format(jpg):quality(85)\/cloudfront-us-east-1.images.arcpublishing.com\/infobae\/ZNL7R27XXRA73MQPXHAOKOKD2U.jpeg 420w,https:\/\/www.infobae.com\/new-resizer\/XDDKP_wiFPTjFp1OXU0wpV11sLE=\/768x512\/filters:format(jpg):quality(85)\/cloudfront-us-east-1.images.arcpublishing.com\/infobae\/ZNL7R27XXRA73MQPXHAOKOKD2U.jpeg 768w,https:\/\/www.infobae.com\/new-resizer\/p1C5QmLedSHZBYgiIOV738DHKQw=\/992x661\/filters:format(jpg):quality(85)\/cloudfront-us-east-1.images.arcpublishing.com\/infobae\/ZNL7R27XXRA73MQPXHAOKOKD2U.jpeg 992w,https:\/\/www.infobae.com\/new-resizer\/tBAJEzi4V2ekpxrGubv_4Y-ny6g=\/1200x800\/filters:format(jpg):quality(85)\/cloudfront-us-east-1.images.arcpublishing.com\/infobae\/ZNL7R27XXRA73MQPXHAOKOKD2U.jpeg 1200w,https:\/\/www.infobae.com\/new-resizer\/avfwexrqd6jMBq8cfVG-LSzaYeU=\/1440x960\/filters:format(jpg):quality(85)\/cloudfront-us-east-1.images.arcpublishing.com\/infobae\/ZNL7R27XXRA73MQPXHAOKOKD2U.jpeg 1440w\" alt=\"El estado de Colima y la CDMX son las regiones con mayot n\u00famero de casos activos por entidad federativa (FOTO: MARIO JASSO\/CUARTOSCURO.COM)\" src=\"https:\/\/www.infobae.com\/new-resizer\/JIE25dLX6oZmoatDKpi6fjvZSns=\/420x280\/filters:format(jpg):quality(85)\/cloudfront-us-east-1.images.arcpublishing.com\/infobae\/ZNL7R27XXRA73MQPXHAOKOKD2U.jpeg%20420w\">El estado de Colima y la CDMX son las regiones con mayot n\u00famero de casos activos por entidad federativa (FOTO: MARIO JASSO\/CUARTOSCURO.COM)<\/p>\n\n\n\n<p>Con estos registros,&nbsp;<strong>M\u00e9xico se mantiene como el cuarto pa\u00eds del mundo con m\u00e1s muertes por COVID-19,<\/strong>&nbsp;por detr\u00e1s de Estados Unidos, Brasil y la India, y es decimosexto en n\u00famero de contagios confirmados, seg\u00fan el recuento de la Universidad Johns Hopkins.<\/p>\n\n\n\n<p>Asimismo, de acuerdo a la \u00faltima actualizaci\u00f3n del<strong>&nbsp;sem\u00e1foro de riesgo epidemiol\u00f3gico&nbsp;<\/strong><a href=\"https:\/\/www.infobae.com\/america\/mexico\/2021\/08\/23\/avanza-en-mexico-aprobacion-de-la-vacuna-sinopharm-contra-covid-19\/\" target=\"_blank\" rel=\"noreferrer noopener\"><strong>COVID-19<\/strong><\/a><strong>, del 23 de agosto al 5 de septiembre<\/strong>, solo Chiapas&nbsp;<strong>se encuentra en color verde<\/strong>, mientras que Baja California, Baja California Sur, Sinaloa, Chihuahua, Coahuila, Guanajuato y Yucat\u00e1n poseen<strong>&nbsp;sem\u00e1foro en color amarillo<\/strong>, lo que indica riesgo medio de contagio.<\/p>\n\n\n\n<p>Por su parte, estas son las 17 entidades federativas las que poseen un riesgo alto de contagio, con\u00a0<strong>sem\u00e1foro naranja<\/strong>: Aguascalientes, Ciudad de M\u00e9xico, Estado de M\u00e9xico, Morelos, Tlaxcala, Campeche, San Luis Potos\u00ed, Zacatecas, Jalisco, Nayarit, Durango, Oaxaca, Michoac\u00e1n, Veracruz, Hidalgo, Sonora y Quintana Roo; mientras que Tamaulipas, Nuevo Le\u00f3n, Guerrero, Colima, Quer\u00e9taro, Tabasco y Puebla, son los estados con riesgo m\u00e1ximo de contagio, con\u00a0<strong>color rojo.<\/strong><\/p>\n\n\n\n<p>Fuente: https:\/\/www.infobae.com\/america\/mexico\/2021\/08\/23\/coronavirus-en-mexico-al-23-de-agosto-se-registraron-6-543-nuevos-contagios-y-371-fallecimientos-en-el-ultimo-dia\/<\/p>\n","protected":false},"excerpt":{"rendered":"<p>La Ciudad de M\u00e9xico y el Estado de M\u00e9xico son las entidades federativas con mayor n\u00famero de casos acumulados y [&hellip;]<\/p>\n","protected":false},"author":1,"featured_media":11999,"comment_status":"open","ping_status":"open","sticky":false,"template":"","format":"standard","meta":{"site-sidebar-layout":"default","site-content-layout":"","ast-site-content-layout":"default","site-content-style":"default","site-sidebar-style":"default","ast-global-header-display":"","ast-banner-title-visibility":"","ast-main-header-display":"","ast-hfb-above-header-display":"","ast-hfb-below-header-display":"","ast-hfb-mobile-header-display":"","site-post-title":"","ast-breadcrumbs-content":"","ast-featured-img":"","footer-sml-layout":"","theme-transparent-header-meta":"","adv-header-id-meta":"","stick-header-meta":"","header-above-stick-meta":"","header-main-stick-meta":"","header-below-stick-meta":"","astra-migrate-meta-layouts":"default","ast-page-background-enabled":"default","ast-page-background-meta":{"desktop":{"background-color":"var(--ast-global-color-4)","background-image":"","background-repeat":"repeat","background-position":"center center","background-size":"auto","background-attachment":"scroll","background-type":"","background-media":"","overlay-type":"","overlay-color":"","overlay-opacity":"","overlay-gradient":""},"tablet":{"background-color":"","background-image":"","background-repeat":"repeat","background-position":"center center","background-size":"auto","background-attachment":"scroll","background-type":"","background-media":"","overlay-type":"","overlay-color":"","overlay-opacity":"","overlay-gradient":""},"mobile":{"background-color":"","background-image":"","background-repeat":"repeat","background-position":"center center","background-size":"auto","background-attachment":"scroll","background-type":"","background-media":"","overlay-type":"","overlay-color":"","overlay-opacity":"","overlay-gradient":""}},"ast-content-background-meta":{"desktop":{"background-color":"var(--ast-global-color-5)","background-image":"","background-repeat":"repeat","background-position":"center center","background-size":"auto","background-attachment":"scroll","background-type":"","background-media":"","overlay-type":"","overlay-color":"","overlay-opacity":"","overlay-gradient":""},"tablet":{"background-color":"var(--ast-global-color-5)","background-image":"","background-repeat":"repeat","background-position":"center center","background-size":"auto","background-attachment":"scroll","background-type":"","background-media":"","overlay-type":"","overlay-color":"","overlay-opacity":"","overlay-gradient":""},"mobile":{"background-color":"var(--ast-global-color-5)","background-image":"","background-repeat":"repeat","background-position":"center center","background-size":"auto","background-attachment":"scroll","background-type":"","background-media":"","overlay-type":"","overlay-color":"","overlay-opacity":"","overlay-gradient":""}},"footnotes":""},"categories":[8],"tags":[3486,3393],"class_list":["post-11998","post","type-post","status-publish","format-standard","has-post-thumbnail","hentry","category-noticias","tag-acumulado-contagios-covid19","tag-puebla-semaforo-rojo"],"_links":{"self":[{"href":"https:\/\/losperiodistas.com.mx\/portal\/wp-json\/wp\/v2\/posts\/11998","targetHints":{"allow":["GET"]}}],"collection":[{"href":"https:\/\/losperiodistas.com.mx\/portal\/wp-json\/wp\/v2\/posts"}],"about":[{"href":"https:\/\/losperiodistas.com.mx\/portal\/wp-json\/wp\/v2\/types\/post"}],"author":[{"embeddable":true,"href":"https:\/\/losperiodistas.com.mx\/portal\/wp-json\/wp\/v2\/users\/1"}],"replies":[{"embeddable":true,"href":"https:\/\/losperiodistas.com.mx\/portal\/wp-json\/wp\/v2\/comments?post=11998"}],"version-history":[{"count":1,"href":"https:\/\/losperiodistas.com.mx\/portal\/wp-json\/wp\/v2\/posts\/11998\/revisions"}],"predecessor-version":[{"id":12000,"href":"https:\/\/losperiodistas.com.mx\/portal\/wp-json\/wp\/v2\/posts\/11998\/revisions\/12000"}],"wp:featuredmedia":[{"embeddable":true,"href":"https:\/\/losperiodistas.com.mx\/portal\/wp-json\/wp\/v2\/media\/11999"}],"wp:attachment":[{"href":"https:\/\/losperiodistas.com.mx\/portal\/wp-json\/wp\/v2\/media?parent=11998"}],"wp:term":[{"taxonomy":"category","embeddable":true,"href":"https:\/\/losperiodistas.com.mx\/portal\/wp-json\/wp\/v2\/categories?post=11998"},{"taxonomy":"post_tag","embeddable":true,"href":"https:\/\/losperiodistas.com.mx\/portal\/wp-json\/wp\/v2\/tags?post=11998"}],"curies":[{"name":"wp","href":"https:\/\/api.w.org\/{rel}","templated":true}]}}