{"id":119917,"date":"2026-04-07T06:38:17","date_gmt":"2026-04-07T12:38:17","guid":{"rendered":"https:\/\/losperiodistas.com.mx\/portal\/?p=119917"},"modified":"2026-04-07T06:38:36","modified_gmt":"2026-04-07T12:38:36","slug":"opinion-politica-y-reconciliacion","status":"publish","type":"post","link":"https:\/\/losperiodistas.com.mx\/portal\/opinion-politica-y-reconciliacion\/","title":{"rendered":"Opini\u00f3n | Pol\u00edtica y reconciliaci\u00f3n"},"content":{"rendered":"\n<figure class=\"wp-block-image aligncenter size-full is-resized\"><img fetchpriority=\"high\" decoding=\"async\" width=\"750\" height=\"292\" src=\"https:\/\/losperiodistas.com.mx\/portal\/wp-content\/uploads\/2026\/04\/Captura-de-Pantalla-2021-07-20-a-las-18.51.06.jpg\" alt=\"\" class=\"wp-image-119918\" style=\"width:580px;height:auto\" srcset=\"https:\/\/losperiodistas.com.mx\/portal\/wp-content\/uploads\/2026\/04\/Captura-de-Pantalla-2021-07-20-a-las-18.51.06.jpg 750w, https:\/\/losperiodistas.com.mx\/portal\/wp-content\/uploads\/2026\/04\/Captura-de-Pantalla-2021-07-20-a-las-18.51.06-300x117.jpg 300w\" sizes=\"(max-width: 750px) 100vw, 750px\" \/><\/figure>\n\n\n\n<p class=\"has-vivid-red-color has-text-color has-link-color has-medium-font-size wp-elements-94814ee3825bcb8ea6c19b42b3bfe90a\"><strong><em>Por Humberto Aguilar Coronado<\/em><\/strong><\/p>\n\n\n\n<p>En d\u00edas pasados tuve la oportunidad de acompa\u00f1ar al Doctor Luis Ignacio Arbes\u00fa en la presentaci\u00f3n de su libro \u201cPol\u00edtica y reconciliaci\u00f3n\u201d.<\/p>\n\n\n\n<p>Un extraordinario t\u00edtulo para su obra, justo en el tiempo que vivimos de polarizaci\u00f3n, reflejada en nuestra sociedad y por supuesto en la pol\u00edtica.<\/p>\n\n\n\n<p>El Doctor parte de un entorno en donde existen posiciones radicales y divergentes que parecen reflejarse en espirales de violencia.<\/p>\n\n\n\n<p>Su planteamiento hipot\u00e9tico es impecable: La reconciliaci\u00f3n como categor\u00eda pol\u00edtica no ha logrado reflejar un resultado positivo.<\/p>\n\n\n\n<p>Y acude a ejemplos muy importantes de la vida pol\u00edtica mundial, en donde se ha intentado la reconciliaci\u00f3n en escenarios de polarizaci\u00f3n:<\/p>\n\n\n\n<p>*La Paz de Westfalia, que se firm\u00f3 en el a\u00f1o de 1648, poniendo fin a una guerra conocida como la guerra de los 30 a\u00f1os y en donde se establecieron las reglas para el sistema moderno de estados soberanos, basado en la igualdad de los estados y la no injerencia en asuntos internos, es decir, el reconocimiento de la soberan\u00eda nacional.<\/p>\n\n\n\n<p>*El Pacto de la Moncloa, que, en tiempos de inestabilidad pol\u00edtica, se firmaron en 1977 en Espa\u00f1a, por el gobierno de Adolfo Su\u00e1rez y los principales partidos pol\u00edticos. Estos acuerdos fueron la base para consolidar la transici\u00f3n a la democracia espa\u00f1ola, reconociendo al Rey como Jefe del Estado Espa\u00f1ol.<\/p>\n\n\n\n<p>*El liderazgo por la paz de Mandela impuls\u00f3 la igualdad despu\u00e9s de estar casi tres d\u00e9cadas en prisi\u00f3n con sus principios de&nbsp;reconciliaci\u00f3n nacional, perd\u00f3n, buscando una transici\u00f3n pac\u00edfica&nbsp;de un r\u00e9gimen racista (apartheid) a una democracia multirracial.<\/p>\n\n\n\n<p>Y en nuestro pa\u00eds, El Plan de Iguala, que, bajo uno de sus principios m\u00e1s importantes, la Uni\u00f3n<strong>,<\/strong> buscaba que se garantizara la igualdad social con la uni\u00f3n entre europeos y americanos (criollos, castas) reconoci\u00e9ndolos como ciudadanos sin una distinci\u00f3n por su origen.<\/p>\n\n\n\n<p>En estos y otros casos, afirma que una caracter\u00edstica de la reconciliaci\u00f3n, es que cada parte tiene que pensar necesariamente en el otro para proponer, pero tambi\u00e9n para aceptar la realidad y sus demandas.<\/p>\n\n\n\n<p>En otra parte de su exposici\u00f3n se\u00f1al\u00f3 que para que se pueda pensar en buscar la reconciliaci\u00f3n, deben existir y se requieren ciertas condiciones.<\/p>\n\n\n\n<p>Una situaci\u00f3n dram\u00e1ticamente critica<\/p>\n\n\n\n<p>Una evidencia de alternativa tr\u00e1gica para el futuro<\/p>\n\n\n\n<p>Alternativas de inclusi\u00f3n, es decir, con la presencia del otro para su no eliminaci\u00f3n.<\/p>\n\n\n\n<p>Me parece una lectura altamente recomendable y hasta obligada, para entender y valorar que, si hay camino posible para buscar el entendimiento y as\u00ed evitar seguir en posiciones radicales, que, en un futuro cercano, nos lleven a una espiral de violencia a\u00fan peor que la que, hoy por hoy, se vive en nuestro pa\u00eds.<\/p>\n\n\n\n<p>*Es polit\u00f3logo<\/p>\n\n\n\n<hr class=\"wp-block-separator has-alpha-channel-opacity\"\/>\n\n\n\n<p><strong>+ OPINI\u00d3N : Las opiniones expresadas son responsabilidad del autor<\/strong><\/p>\n","protected":false},"excerpt":{"rendered":"<p>Por Humberto Aguilar Coronado En d\u00edas pasados tuve la oportunidad de acompa\u00f1ar al Doctor Luis Ignacio Arbes\u00fa en la presentaci\u00f3n [&hellip;]<\/p>\n","protected":false},"author":1,"featured_media":119918,"comment_status":"open","ping_status":"open","sticky":false,"template":"","format":"standard","meta":{"site-sidebar-layout":"default","site-content-layout":"","ast-site-content-layout":"default","site-content-style":"default","site-sidebar-style":"default","ast-global-header-display":"","ast-banner-title-visibility":"","ast-main-header-display":"","ast-hfb-above-header-display":"","ast-hfb-below-header-display":"","ast-hfb-mobile-header-display":"","site-post-title":"","ast-breadcrumbs-content":"","ast-featured-img":"","footer-sml-layout":"","theme-transparent-header-meta":"","adv-header-id-meta":"","stick-header-meta":"","header-above-stick-meta":"","header-main-stick-meta":"","header-below-stick-meta":"","astra-migrate-meta-layouts":"default","ast-page-background-enabled":"default","ast-page-background-meta":{"desktop":{"background-color":"var(--ast-global-color-4)","background-image":"","background-repeat":"repeat","background-position":"center center","background-size":"auto","background-attachment":"scroll","background-type":"","background-media":"","overlay-type":"","overlay-color":"","overlay-opacity":"","overlay-gradient":""},"tablet":{"background-color":"","background-image":"","background-repeat":"repeat","background-position":"center center","background-size":"auto","background-attachment":"scroll","background-type":"","background-media":"","overlay-type":"","overlay-color":"","overlay-opacity":"","overlay-gradient":""},"mobile":{"background-color":"","background-image":"","background-repeat":"repeat","background-position":"center center","background-size":"auto","background-attachment":"scroll","background-type":"","background-media":"","overlay-type":"","overlay-color":"","overlay-opacity":"","overlay-gradient":""}},"ast-content-background-meta":{"desktop":{"background-color":"var(--ast-global-color-5)","background-image":"","background-repeat":"repeat","background-position":"center center","background-size":"auto","background-attachment":"scroll","background-type":"","background-media":"","overlay-type":"","overlay-color":"","overlay-opacity":"","overlay-gradient":""},"tablet":{"background-color":"var(--ast-global-color-5)","background-image":"","background-repeat":"repeat","background-position":"center center","background-size":"auto","background-attachment":"scroll","background-type":"","background-media":"","overlay-type":"","overlay-color":"","overlay-opacity":"","overlay-gradient":""},"mobile":{"background-color":"var(--ast-global-color-5)","background-image":"","background-repeat":"repeat","background-position":"center center","background-size":"auto","background-attachment":"scroll","background-type":"","background-media":"","overlay-type":"","overlay-color":"","overlay-opacity":"","overlay-gradient":""}},"footnotes":""},"categories":[8,18],"tags":[47928,47929],"class_list":["post-119917","post","type-post","status-publish","format-standard","has-post-thumbnail","hentry","category-noticias","category-palabra-de-tigre","tag-politica-y-reconciliacion","tag-doctor-luis-ignacio-arbesu"],"_links":{"self":[{"href":"https:\/\/losperiodistas.com.mx\/portal\/wp-json\/wp\/v2\/posts\/119917","targetHints":{"allow":["GET"]}}],"collection":[{"href":"https:\/\/losperiodistas.com.mx\/portal\/wp-json\/wp\/v2\/posts"}],"about":[{"href":"https:\/\/losperiodistas.com.mx\/portal\/wp-json\/wp\/v2\/types\/post"}],"author":[{"embeddable":true,"href":"https:\/\/losperiodistas.com.mx\/portal\/wp-json\/wp\/v2\/users\/1"}],"replies":[{"embeddable":true,"href":"https:\/\/losperiodistas.com.mx\/portal\/wp-json\/wp\/v2\/comments?post=119917"}],"version-history":[{"count":2,"href":"https:\/\/losperiodistas.com.mx\/portal\/wp-json\/wp\/v2\/posts\/119917\/revisions"}],"predecessor-version":[{"id":119920,"href":"https:\/\/losperiodistas.com.mx\/portal\/wp-json\/wp\/v2\/posts\/119917\/revisions\/119920"}],"wp:featuredmedia":[{"embeddable":true,"href":"https:\/\/losperiodistas.com.mx\/portal\/wp-json\/wp\/v2\/media\/119918"}],"wp:attachment":[{"href":"https:\/\/losperiodistas.com.mx\/portal\/wp-json\/wp\/v2\/media?parent=119917"}],"wp:term":[{"taxonomy":"category","embeddable":true,"href":"https:\/\/losperiodistas.com.mx\/portal\/wp-json\/wp\/v2\/categories?post=119917"},{"taxonomy":"post_tag","embeddable":true,"href":"https:\/\/losperiodistas.com.mx\/portal\/wp-json\/wp\/v2\/tags?post=119917"}],"curies":[{"name":"wp","href":"https:\/\/api.w.org\/{rel}","templated":true}]}}