{"id":119814,"date":"2026-04-05T12:15:09","date_gmt":"2026-04-05T18:15:09","guid":{"rendered":"https:\/\/losperiodistas.com.mx\/portal\/?p=119814"},"modified":"2026-04-05T12:15:10","modified_gmt":"2026-04-05T18:15:10","slug":"la-cereza","status":"publish","type":"post","link":"https:\/\/losperiodistas.com.mx\/portal\/la-cereza\/","title":{"rendered":"La cereza"},"content":{"rendered":"\n<p class=\"has-ast-global-color-4-background-color has-background has-medium-font-size\"><strong>#PorSoleares | <em>La capital de Puebla es la cereza en el pastel con miras a las elecciones de 2027<\/em><\/strong><\/p>\n\n\n\n<figure class=\"wp-block-embed is-type-video is-provider-youtube wp-block-embed-youtube wp-embed-aspect-16-9 wp-has-aspect-ratio\"><div class=\"wp-block-embed__wrapper\">\n<iframe title=\"La cereza | Abril 5 de 2026\" width=\"500\" height=\"281\" src=\"https:\/\/www.youtube.com\/embed\/j9BF-Ndj7dI?feature=oembed\" frameborder=\"0\" allow=\"accelerometer; autoplay; clipboard-write; encrypted-media; gyroscope; picture-in-picture; web-share\" referrerpolicy=\"strict-origin-when-cross-origin\" allowfullscreen><\/iframe>\n<\/div><\/figure>\n\n\n\n<p><\/p>\n\n\n\n<p><\/p>\n\n\n\n<p class=\"has-vivid-red-color has-text-color has-link-color has-medium-font-size wp-elements-aba772fb572aeca9b6eca77114fb8c80\"><strong><em>Por Jes\u00fas Manuel Hern\u00e1ndez<\/em><\/strong><\/p>\n\n\n\n<p>Todos los gobernadores, al menos desde tiempos de Fausto M. Ortega, han tenido m\u00e1s o menos las mismas circunstancias para influir en la administraci\u00f3n de la capital, la cereza del pastel, al estar en la misma ciudad los dos poderes ejecutivos, el estatal y el municipal.<\/p>\n\n\n\n<p>Pr\u00e1cticamente las decisiones del PRI sobre a qui\u00e9n mandar como candidato a gobernador eran <strong>negociadas con los grupos locales<\/strong>, de ah\u00ed que el primer trienio, del sexenio, imped\u00eda que el gobernador impusiera candidato en la capital, asunto que se reservaba para la mitad de su gobierno, el siguiente trienio.<\/p>\n\n\n\n<p>Podr\u00edan contarse muchas an\u00e9cdotas sobre c\u00f3mo, cu\u00e1ndo, d\u00f3nde y qui\u00e9nes, eran los candidatos ideales para los aspirantes a gobernador, casi siempre mandados desde el centro, donde las negociaciones entre los <strong>sectores del PRI, los grupos de poder en torno al Presidente y dem\u00e1s actores, como la Iglesia y algunos empresarios y banqueros<\/strong>, afinaban las listas.<\/p>\n\n\n\n<p>Quiz\u00e1 los m\u00e1s recientes ejemplifiquen esta premisa.<\/p>\n\n\n\n<p>Guillermo Jim\u00e9nez Morales lleg\u00f3 por la influencia de Gustavo Carvajal y le puso como candidato a la Presidencia Municipal de la capital a <strong>Victoriano \u00c1lvarez<\/strong>, un poblano que hab\u00eda incursionado en la campa\u00f1a presidencial y cuyos or\u00edgenes estaban \u00edntimamente relacionados a la comunidad de comerciantes enraizados con la colonia espa\u00f1ola, el sector donde <strong>Guillermo no ten\u00eda todas las canicas<\/strong>, por as\u00ed decirlo.<\/p>\n\n\n\n<p>Guard\u00f3 a su gente, <strong>Jorge Murad<\/strong>, para el siguiente periodo.<\/p>\n\n\n\n<p><strong>Mariano Pi\u00f1a Olaya<\/strong> le hab\u00eda prometido la candidatura de la capital a Marco Antonio Rojas Flores, en una negociaci\u00f3n con un grupo empresarial local, pero los poblanos agrupados en torno a <strong>Guillermo Pacheco Pulido<\/strong> convencieron al delegado, <strong>Mario Vargas Salda\u00f1a<\/strong>, de darle el espacio a los poblanos contra la imposici\u00f3n de Pi\u00f1a Olaya. Marco Antonio entr\u00f3 en el segundo trienio.<\/p>\n\n\n\n<p><strong>Manuel Bartlett<\/strong> no intent\u00f3 meter a nadie, simplemente negoci\u00f3 con los grupos locales bajo la premisa de <strong>\u201cLos Hombres del Cambio\u201d<\/strong> con Rafael Ca\u00f1edo Ben\u00edtez y Ricardo Men\u00e9ndez Haces en la cabeza; el segundo trienio lo trabajo para <strong>Germ\u00e1n Sierra S\u00e1nchez<\/strong>, pero los poblanos le dieron el golpe y le quitaron la cereza del pastel con <strong>Gabriel Hinojosa Rivero<\/strong>.<\/p>\n\n\n\n<p><strong>Melqu\u00edades Morales Flores<\/strong> estuvo a punto de cambiar las reglas, pero la figura de Mario Mar\u00edn, poblano, no era de sus cercanos, <strong>\u00e9l hubiera preferido a otro<\/strong>. Y en el segundo trienio perdi\u00f3 <strong>Carlos Alberto Juli\u00e1n y N\u00e1cer<\/strong>, frente a <strong>Luis Paredes<\/strong>.<\/p>\n\n\n\n<p>Mario Mar\u00edn quiso imponer a <strong>Mario Montero<\/strong>, pero las negociaciones favorecieron a <strong>Enrique D\u00f3ger Guerrero<\/strong>, y en el segundo trienio Montero fue vencido en las encuestas por <strong>Blanca Alcal\u00e1<\/strong> a quien pr\u00e1cticamente mand\u00f3 Mar\u00edn a perder, <strong>pero gan\u00f3<\/strong>.<\/p>\n\n\n\n<p>Con Moreno Valle no fue diferente, tuvo que negociar la candidatura del primer trienio con el <strong>grupo del PAN<\/strong> que le abri\u00f3 las puertas y as\u00ed lleg\u00f3 <strong>Eduardo Rivera P\u00e9rez<\/strong>.<\/p>\n\n\n\n<p>El segundo trienio fue para <strong>Antonio Gali<\/strong>, cercano a RMV y con una misi\u00f3n que cumplir, brincar al mini gobierno para abrir el paso a Martha \u00c9rika.<\/p>\n\n\n\n<p>En cambio con <strong>Barbosa<\/strong>, el primer trienio favoreci\u00f3 a <strong>Claudia Rivera Vivanco<\/strong>, ajena a Barbosa, pero s\u00ed identificada con Morena original, y quien padeci\u00f3 la persecusi\u00f3n de Barbosa que al final decidi\u00f3 para el segundo trienio dejar ganar a Lalo Rivera para impedir la reelecci\u00f3n de Claudia.<\/p>\n\n\n\n<p>Para todos es conocido el tema del gobierno actual, <strong>Alejandro Armenta<\/strong> tuvo que aceptar a <strong>Pepe Chedraui<\/strong> y guardar sus cartas para el segundo trienio. Pero las condiciones no son ventajosas, el papel del ex presidente del Comit\u00e9 Municipal del PRI, revestido de MORENA, <strong>no ha podido consolidar el liderazgo en la capital<\/strong>.<\/p>\n\n\n\n<p>El 2027 es un a\u00f1o clave para el movimiento, es la prueba de fuego para saber si mantendr\u00e1n el dominio en el Poder Legislativo y en consecuencia los <strong>gobiernos de estados y municipios en el 2030<\/strong>.<\/p>\n\n\n\n<p>Es decir, si Morena pierde la capital de Puebla, la cereza del pastel, pondr\u00e1 en riesgo su permanencia en otros niveles de gobierno.<\/p>\n\n\n\n<p>Quiz\u00e1 as\u00ed se entienda el inter\u00e9s, la estrategia de Armenta al intervenir en la pavimentaci\u00f3n de calles y el <strong>llamado de atenci\u00f3n a quienes quieren reelegirse<\/strong>. O sea al buen entendedor, pocas palabras.<\/p>\n\n\n\n<p>O por lo menos, as\u00ed me lo parece.<\/p>\n\n\n\n<p><a href=\"mailto:losperiodistas.com.mx@gmail.com\">losperiodistas.com.mx@gmail.com<\/a><\/p>\n","protected":false},"excerpt":{"rendered":"<p>#PorSoleares | La capital de Puebla es la cereza en el pastel con miras a las elecciones de 2027 Por [&hellip;]<\/p>\n","protected":false},"author":1,"featured_media":119815,"comment_status":"open","ping_status":"open","sticky":false,"template":"","format":"standard","meta":{"site-sidebar-layout":"default","site-content-layout":"","ast-site-content-layout":"default","site-content-style":"default","site-sidebar-style":"default","ast-global-header-display":"","ast-banner-title-visibility":"","ast-main-header-display":"","ast-hfb-above-header-display":"","ast-hfb-below-header-display":"","ast-hfb-mobile-header-display":"","site-post-title":"","ast-breadcrumbs-content":"","ast-featured-img":"","footer-sml-layout":"","theme-transparent-header-meta":"","adv-header-id-meta":"","stick-header-meta":"","header-above-stick-meta":"","header-main-stick-meta":"","header-below-stick-meta":"","astra-migrate-meta-layouts":"default","ast-page-background-enabled":"default","ast-page-background-meta":{"desktop":{"background-color":"var(--ast-global-color-4)","background-image":"","background-repeat":"repeat","background-position":"center center","background-size":"auto","background-attachment":"scroll","background-type":"","background-media":"","overlay-type":"","overlay-color":"","overlay-opacity":"","overlay-gradient":""},"tablet":{"background-color":"","background-image":"","background-repeat":"repeat","background-position":"center center","background-size":"auto","background-attachment":"scroll","background-type":"","background-media":"","overlay-type":"","overlay-color":"","overlay-opacity":"","overlay-gradient":""},"mobile":{"background-color":"","background-image":"","background-repeat":"repeat","background-position":"center center","background-size":"auto","background-attachment":"scroll","background-type":"","background-media":"","overlay-type":"","overlay-color":"","overlay-opacity":"","overlay-gradient":""}},"ast-content-background-meta":{"desktop":{"background-color":"var(--ast-global-color-5)","background-image":"","background-repeat":"repeat","background-position":"center center","background-size":"auto","background-attachment":"scroll","background-type":"","background-media":"","overlay-type":"","overlay-color":"","overlay-opacity":"","overlay-gradient":""},"tablet":{"background-color":"var(--ast-global-color-5)","background-image":"","background-repeat":"repeat","background-position":"center center","background-size":"auto","background-attachment":"scroll","background-type":"","background-media":"","overlay-type":"","overlay-color":"","overlay-opacity":"","overlay-gradient":""},"mobile":{"background-color":"var(--ast-global-color-5)","background-image":"","background-repeat":"repeat","background-position":"center center","background-size":"auto","background-attachment":"scroll","background-type":"","background-media":"","overlay-type":"","overlay-color":"","overlay-opacity":"","overlay-gradient":""}},"footnotes":""},"categories":[8,5],"tags":[3642,47879,47878,14193],"class_list":["post-119814","post","type-post","status-publish","format-standard","has-post-thumbnail","hentry","category-noticias","category-por-soleares","tag-alejandro-armenta","tag-morena-puebla-2027","tag-pavimentacion-puebla-capital","tag-pepe-chedraui"],"_links":{"self":[{"href":"https:\/\/losperiodistas.com.mx\/portal\/wp-json\/wp\/v2\/posts\/119814","targetHints":{"allow":["GET"]}}],"collection":[{"href":"https:\/\/losperiodistas.com.mx\/portal\/wp-json\/wp\/v2\/posts"}],"about":[{"href":"https:\/\/losperiodistas.com.mx\/portal\/wp-json\/wp\/v2\/types\/post"}],"author":[{"embeddable":true,"href":"https:\/\/losperiodistas.com.mx\/portal\/wp-json\/wp\/v2\/users\/1"}],"replies":[{"embeddable":true,"href":"https:\/\/losperiodistas.com.mx\/portal\/wp-json\/wp\/v2\/comments?post=119814"}],"version-history":[{"count":1,"href":"https:\/\/losperiodistas.com.mx\/portal\/wp-json\/wp\/v2\/posts\/119814\/revisions"}],"predecessor-version":[{"id":119816,"href":"https:\/\/losperiodistas.com.mx\/portal\/wp-json\/wp\/v2\/posts\/119814\/revisions\/119816"}],"wp:featuredmedia":[{"embeddable":true,"href":"https:\/\/losperiodistas.com.mx\/portal\/wp-json\/wp\/v2\/media\/119815"}],"wp:attachment":[{"href":"https:\/\/losperiodistas.com.mx\/portal\/wp-json\/wp\/v2\/media?parent=119814"}],"wp:term":[{"taxonomy":"category","embeddable":true,"href":"https:\/\/losperiodistas.com.mx\/portal\/wp-json\/wp\/v2\/categories?post=119814"},{"taxonomy":"post_tag","embeddable":true,"href":"https:\/\/losperiodistas.com.mx\/portal\/wp-json\/wp\/v2\/tags?post=119814"}],"curies":[{"name":"wp","href":"https:\/\/api.w.org\/{rel}","templated":true}]}}