{"id":11981,"date":"2021-08-23T09:02:35","date_gmt":"2021-08-23T14:02:35","guid":{"rendered":"http:\/\/losperiodistas.com.mx\/portal\/?p=11981"},"modified":"2021-08-23T09:02:36","modified_gmt":"2021-08-23T14:02:36","slug":"murio-a-los-96-anos-la-actriz-rosita-quintana-figura-de-la-epoca-de-oro-infobae","status":"publish","type":"post","link":"https:\/\/losperiodistas.com.mx\/portal\/murio-a-los-96-anos-la-actriz-rosita-quintana-figura-de-la-epoca-de-oro-infobae\/","title":{"rendered":"Muri\u00f3 a los 96 a\u00f1os la actriz Rosita Quintana, figura de la \u00c9poca de Oro | Infobae"},"content":{"rendered":"\n<p style=\"font-size:18px\"><em>La actriz y cantante de origen argentino y nacionalidad mexicana falleci\u00f3 en la madrugada de este lunes<\/em><\/p>\n\n\n\n<figure class=\"wp-block-image size-large\"><img fetchpriority=\"high\" decoding=\"async\" width=\"1024\" height=\"571\" src=\"https:\/\/losperiodistas.com.mx\/portal\/wp-content\/uploads\/2021\/08\/Captura-de-Pantalla-2021-08-23-a-las-9.00.37-1024x571.jpg\" alt=\"\" class=\"wp-image-11982\" srcset=\"https:\/\/losperiodistas.com.mx\/portal\/wp-content\/uploads\/2021\/08\/Captura-de-Pantalla-2021-08-23-a-las-9.00.37-1024x571.jpg 1024w, https:\/\/losperiodistas.com.mx\/portal\/wp-content\/uploads\/2021\/08\/Captura-de-Pantalla-2021-08-23-a-las-9.00.37-300x167.jpg 300w, https:\/\/losperiodistas.com.mx\/portal\/wp-content\/uploads\/2021\/08\/Captura-de-Pantalla-2021-08-23-a-las-9.00.37-768x428.jpg 768w, https:\/\/losperiodistas.com.mx\/portal\/wp-content\/uploads\/2021\/08\/Captura-de-Pantalla-2021-08-23-a-las-9.00.37.jpg 1518w\" sizes=\"(max-width: 1024px) 100vw, 1024px\" \/><figcaption>Rosita Quintana tambi\u00e9n se dedic\u00f3 a actuar en telenovelas mexicanas. (Foto: Captura de pantalla\/ Facebook)<\/figcaption><\/figure>\n\n\n\n<p class=\"has-vivid-cyan-blue-color has-text-color has-medium-font-size\">INFOBAE<\/p>\n\n\n\n<p>En la madrugada de este lunes<strong>&nbsp;falleci\u00f3 la actriz y cantante Rosita Quintana a los 96 a\u00f1os de edad.<\/strong>&nbsp;Seg\u00fan distintos reportes, la int\u00e9rprete de origen argentino y nacionalidad mexicana se encontraba en la Ciudad de M\u00e9xico al momento de su deceso.<\/p>\n\n\n\n<p>El pasado 27 de julio, la figura del Cine de Oro mexicano fue sometida a una intervenci\u00f3n quir\u00fargica para extirparle un\u00a0<strong>tumor en la tiroides.<\/strong><img decoding=\"async\" height=\"451\" width=\"720\" srcset=\"https:\/\/www.infobae.com\/new-resizer\/qLYnxN1uIqqWd8aMxim7_tV9dZM=\/420x280\/filters:format(jpg):quality(85)\/cloudfront-us-east-1.images.arcpublishing.com\/infobae\/3IHCHUXOJRE4PICN7GFEH55TGY.jpg 420w,https:\/\/www.infobae.com\/new-resizer\/1ionzDtcgCTgKXKDVWDdZdO9HSQ=\/768x512\/filters:format(jpg):quality(85)\/cloudfront-us-east-1.images.arcpublishing.com\/infobae\/3IHCHUXOJRE4PICN7GFEH55TGY.jpg 768w,https:\/\/www.infobae.com\/new-resizer\/9nYSse-Awt5hXrhnR55JZDUgGMM=\/992x661\/filters:format(jpg):quality(85)\/cloudfront-us-east-1.images.arcpublishing.com\/infobae\/3IHCHUXOJRE4PICN7GFEH55TGY.jpg 992w,https:\/\/www.infobae.com\/new-resizer\/nrO5UKfWGks8ZQQYHNabfOctsu0=\/1200x800\/filters:format(jpg):quality(85)\/cloudfront-us-east-1.images.arcpublishing.com\/infobae\/3IHCHUXOJRE4PICN7GFEH55TGY.jpg 1200w,https:\/\/www.infobae.com\/new-resizer\/FZNXTvknma7Z3-AdX3C8kMuarRs=\/1440x960\/filters:format(jpg):quality(85)\/cloudfront-us-east-1.images.arcpublishing.com\/infobae\/3IHCHUXOJRE4PICN7GFEH55TGY.jpg 1440w\" alt=\"Rosita Quintana incursion\u00f3 en el canto con los tangos. (Foto: Cine de Oro mexicano\/ Facebook)\" src=\"https:\/\/www.infobae.com\/new-resizer\/qLYnxN1uIqqWd8aMxim7_tV9dZM=\/420x280\/filters:format(jpg):quality(85)\/cloudfront-us-east-1.images.arcpublishing.com\/infobae\/3IHCHUXOJRE4PICN7GFEH55TGY.jpg%20420w\"><\/p>\n\n\n\n<p>Rosita Quintana incursion\u00f3 en el canto con los tangos. (Foto: Cine de Oro mexicano\/ Facebook)<\/p>\n\n\n\n<p>Fuente: https:\/\/www.infobae.com\/america\/entretenimiento\/2021\/08\/23\/murio-a-los-96-anos-la-actriz-rosita-quintana-figura-de-la-epoca-de-oro\/<\/p>\n","protected":false},"excerpt":{"rendered":"<p>La actriz y cantante de origen argentino y nacionalidad mexicana falleci\u00f3 en la madrugada de este lunes INFOBAE En la [&hellip;]<\/p>\n","protected":false},"author":1,"featured_media":11982,"comment_status":"open","ping_status":"open","sticky":false,"template":"","format":"standard","meta":{"site-sidebar-layout":"default","site-content-layout":"","ast-site-content-layout":"default","site-content-style":"default","site-sidebar-style":"default","ast-global-header-display":"","ast-banner-title-visibility":"","ast-main-header-display":"","ast-hfb-above-header-display":"","ast-hfb-below-header-display":"","ast-hfb-mobile-header-display":"","site-post-title":"","ast-breadcrumbs-content":"","ast-featured-img":"","footer-sml-layout":"","theme-transparent-header-meta":"","adv-header-id-meta":"","stick-header-meta":"","header-above-stick-meta":"","header-main-stick-meta":"","header-below-stick-meta":"","astra-migrate-meta-layouts":"default","ast-page-background-enabled":"default","ast-page-background-meta":{"desktop":{"background-color":"var(--ast-global-color-4)","background-image":"","background-repeat":"repeat","background-position":"center center","background-size":"auto","background-attachment":"scroll","background-type":"","background-media":"","overlay-type":"","overlay-color":"","overlay-opacity":"","overlay-gradient":""},"tablet":{"background-color":"","background-image":"","background-repeat":"repeat","background-position":"center center","background-size":"auto","background-attachment":"scroll","background-type":"","background-media":"","overlay-type":"","overlay-color":"","overlay-opacity":"","overlay-gradient":""},"mobile":{"background-color":"","background-image":"","background-repeat":"repeat","background-position":"center center","background-size":"auto","background-attachment":"scroll","background-type":"","background-media":"","overlay-type":"","overlay-color":"","overlay-opacity":"","overlay-gradient":""}},"ast-content-background-meta":{"desktop":{"background-color":"var(--ast-global-color-5)","background-image":"","background-repeat":"repeat","background-position":"center center","background-size":"auto","background-attachment":"scroll","background-type":"","background-media":"","overlay-type":"","overlay-color":"","overlay-opacity":"","overlay-gradient":""},"tablet":{"background-color":"var(--ast-global-color-5)","background-image":"","background-repeat":"repeat","background-position":"center center","background-size":"auto","background-attachment":"scroll","background-type":"","background-media":"","overlay-type":"","overlay-color":"","overlay-opacity":"","overlay-gradient":""},"mobile":{"background-color":"var(--ast-global-color-5)","background-image":"","background-repeat":"repeat","background-position":"center center","background-size":"auto","background-attachment":"scroll","background-type":"","background-media":"","overlay-type":"","overlay-color":"","overlay-opacity":"","overlay-gradient":""}},"footnotes":""},"categories":[8],"tags":[3474],"class_list":["post-11981","post","type-post","status-publish","format-standard","has-post-thumbnail","hentry","category-noticias","tag-rosita-quintana"],"_links":{"self":[{"href":"https:\/\/losperiodistas.com.mx\/portal\/wp-json\/wp\/v2\/posts\/11981","targetHints":{"allow":["GET"]}}],"collection":[{"href":"https:\/\/losperiodistas.com.mx\/portal\/wp-json\/wp\/v2\/posts"}],"about":[{"href":"https:\/\/losperiodistas.com.mx\/portal\/wp-json\/wp\/v2\/types\/post"}],"author":[{"embeddable":true,"href":"https:\/\/losperiodistas.com.mx\/portal\/wp-json\/wp\/v2\/users\/1"}],"replies":[{"embeddable":true,"href":"https:\/\/losperiodistas.com.mx\/portal\/wp-json\/wp\/v2\/comments?post=11981"}],"version-history":[{"count":1,"href":"https:\/\/losperiodistas.com.mx\/portal\/wp-json\/wp\/v2\/posts\/11981\/revisions"}],"predecessor-version":[{"id":11983,"href":"https:\/\/losperiodistas.com.mx\/portal\/wp-json\/wp\/v2\/posts\/11981\/revisions\/11983"}],"wp:featuredmedia":[{"embeddable":true,"href":"https:\/\/losperiodistas.com.mx\/portal\/wp-json\/wp\/v2\/media\/11982"}],"wp:attachment":[{"href":"https:\/\/losperiodistas.com.mx\/portal\/wp-json\/wp\/v2\/media?parent=11981"}],"wp:term":[{"taxonomy":"category","embeddable":true,"href":"https:\/\/losperiodistas.com.mx\/portal\/wp-json\/wp\/v2\/categories?post=11981"},{"taxonomy":"post_tag","embeddable":true,"href":"https:\/\/losperiodistas.com.mx\/portal\/wp-json\/wp\/v2\/tags?post=11981"}],"curies":[{"name":"wp","href":"https:\/\/api.w.org\/{rel}","templated":true}]}}