{"id":11963,"date":"2021-08-23T07:14:43","date_gmt":"2021-08-23T12:14:43","guid":{"rendered":"http:\/\/losperiodistas.com.mx\/portal\/?p=11963"},"modified":"2021-08-23T07:14:44","modified_gmt":"2021-08-23T12:14:44","slug":"falta-de-medicamentos-feminicidios-desempleo-el-deterioro-de-la-vida-en-mexico-el-pais","status":"publish","type":"post","link":"https:\/\/losperiodistas.com.mx\/portal\/falta-de-medicamentos-feminicidios-desempleo-el-deterioro-de-la-vida-en-mexico-el-pais\/","title":{"rendered":"Falta de medicamentos, feminicidios, desempleo: el deterioro de la vida en M\u00e9xico | El Pa\u00eds"},"content":{"rendered":"\n<p style=\"font-size:18px\"><em>Desde la salud y el bienestar hasta la infraestructura, las condiciones en las que viven m\u00e1s de 120 millones de personas han empeorado en los \u00faltimos a\u00f1os, seg\u00fan las cifras oficiales<\/em><\/p>\n\n\n\n<figure class=\"wp-block-image size-large\"><img fetchpriority=\"high\" decoding=\"async\" width=\"1024\" height=\"683\" src=\"https:\/\/losperiodistas.com.mx\/portal\/wp-content\/uploads\/2021\/08\/Captura-de-Pantalla-2021-08-23-a-las-7.10.11-1024x683.jpg\" alt=\"\" class=\"wp-image-11964\" srcset=\"https:\/\/losperiodistas.com.mx\/portal\/wp-content\/uploads\/2021\/08\/Captura-de-Pantalla-2021-08-23-a-las-7.10.11-1024x683.jpg 1024w, https:\/\/losperiodistas.com.mx\/portal\/wp-content\/uploads\/2021\/08\/Captura-de-Pantalla-2021-08-23-a-las-7.10.11-300x200.jpg 300w, https:\/\/losperiodistas.com.mx\/portal\/wp-content\/uploads\/2021\/08\/Captura-de-Pantalla-2021-08-23-a-las-7.10.11-768x513.jpg 768w, https:\/\/losperiodistas.com.mx\/portal\/wp-content\/uploads\/2021\/08\/Captura-de-Pantalla-2021-08-23-a-las-7.10.11-1536x1025.jpg 1536w, https:\/\/losperiodistas.com.mx\/portal\/wp-content\/uploads\/2021\/08\/Captura-de-Pantalla-2021-08-23-a-las-7.10.11.jpg 1948w\" sizes=\"(max-width: 1024px) 100vw, 1024px\" \/><figcaption>Habitantes de Petatl\u00e1n, Guerrero, esperan atenci\u00f3n m\u00e9dico en la clinica del lugar, la cual no ha tenido personal sanitario desde hace dos a\u00f1os. NAYELI CRUZ<\/figcaption><\/figure>\n\n\n\n<p class=\"has-vivid-cyan-blue-color has-text-color has-medium-font-size\">ISABELLA COTA \/ M\u00e9xico \/ EL PA\u00cdS<\/p>\n\n\n\n<p>Va de lo sutil a lo evidente. Est\u00e1 en las goteras del Aeropuerto Internacional de la Ciudad de M\u00e9xico, en los baches de las carreteras federales, en la deserci\u00f3n acad\u00e9mica. Est\u00e1, tambi\u00e9n, en el miedo que crece dentro de las mujeres en M\u00e9xico por ser violentadas, tanto en la calle como en su casa. Est\u00e1 en el empleo, cada vez m\u00e1s precario, y en la dificultad por encontrar medicamentos. En los \u00faltimos a\u00f1os ha habido un deterioro en la vida de los 127 millones de mexicanos, ocasionado, en parte, por la pandemia de la covid-19; por ajustes al gasto del Gobierno del presidente Andr\u00e9s Manuel L\u00f3pez Obrador y por la herencia que dejaron las anteriores Administraciones. Los datos lo respaldan: cifras recabadas por el propio Gobierno y el&nbsp;<a href=\"https:\/\/elpais.com\/mexico\/economia\/2021-05-17\/siete-de-cada-10-desempleados-por-la-pandemia-en-mexico-son-mujeres.html\">Instituto Nacional de Estad\u00edstica y Geograf\u00eda (Inegi)<\/a>, y analizadas por organizaciones independientes, muestran que ha habido un detrimento en salud, seguridad, infraestructura, bienestar y empleo.<\/p>\n\n\n\n<h3 class=\"wp-block-heading\">Salud<\/h3>\n\n\n\n<p>El desabastecimiento de medicamentos, incluyendo el tratamiento de quimioterapias para ni\u00f1os con c\u00e1ncer en el pa\u00eds, ha sido quiz\u00e1s el s\u00edntoma m\u00e1s visible del deterioro en el sistema de salud de los mexicanos, pero no es el \u00fanico. Los hospitales sufren de falta de mantenimiento y de desabastecimiento de f\u00e1rmacos de otros tipos, no solo oncol\u00f3gicos.<\/p>\n\n\n\n<figure class=\"wp-block-image\"><img decoding=\"async\" src=\"https:\/\/imagenes.elpais.com\/resizer\/dho14uB0uauW02SB0tw7pTDT7fE=\/414x0\/cloudfront-eu-central-1.images.arcpublishing.com\/prisa\/3KMRIMWMZMYD222PPCLCEYUDSA.jpg\" alt=\"Cristal Flores, enferma de c\u00e1ncer, en la sala de espera del Hospital Infantil de M\u00e9xico.\"\/><figcaption>Cristal Flores, enferma de c\u00e1ncer, en la sala de espera del Hospital Infantil de M\u00e9xico.SEILA MONTES<\/figcaption><\/figure>\n\n\n\n<p>Una investigaci\u00f3n realizada por las organizaciones civiles Impunidad Cero y Justicia Justa, para la cual consultaron iniciativas y reformas de ley as\u00ed como documentos internos muestra que el desabasto de medicinas se dio a partir de que el Gobierno Federal, en una confrontaci\u00f3n con empresas distribuidoras, defenestr\u00f3 el sistema de compras del Instituto Mexicano del Seguro Social sin un plan piloto o estrategia que lo reemplazara.<\/p>\n\n\n\n<p>Con la desaparici\u00f3n del Seguro Popular, por decisi\u00f3n del Gobierno Federal, la poblaci\u00f3n que se dijo beneficiaria de alguna instituci\u00f3n p\u00fablica de salud se redujo 14,7 millones de personas \u2014 al pasar de 102 millones en 2018 a 87 millones en 2020, de acuerdo con la organizaci\u00f3n civil Centro de Investigaci\u00f3n Econ\u00f3mica y Presupuestaria (CIEP). Por falta de dinero, por haberse automedicado o porque no era necesario, el n\u00famero de personas que no busc\u00f3 atenci\u00f3n en salud al enfermar aument\u00f3 en 5,4 millones de personas entre 2018 y 2020.<\/p>\n\n\n\n<h3 class=\"wp-block-heading\">Seguridad<\/h3>\n\n\n\n<p>La percepci\u00f3n de seguridad en el pa\u00eds ha mejorado ligeramente en el \u00faltimo a\u00f1o\u2026 Entre los hombres. De acuerdo con los resultados de la m\u00e1s reciente Encuesta Nacional de Seguridad P\u00fablica Urbana del INEGI el 66,6% de la poblaci\u00f3n de 18 a\u00f1os y m\u00e1s considera que vivir en su ciudad es inseguro. El porcentaje representa una mejor\u00eda con respecto del 68% registrado en diciembre de 2020, pero la percepci\u00f3n de inseguridad entre las mujeres ha sido persistentemente alta. En junio, el 71,3% de las mujeres dijeron que se sienten inseguras en su ciudad, comparado con el 60,1% de los hombres.<\/p>\n\n\n\n<figure class=\"wp-block-image\"><img decoding=\"async\" src=\"https:\/\/imagenes.elpais.com\/resizer\/l3AG4QSnNOl0hFfUCR_1yJklfgQ=\/414x0\/cloudfront-eu-central-1.images.arcpublishing.com\/prisa\/KZYKZGGHOFFCJNWVSCHQ55ZSOA.jpg\" alt=\"Karen Martinely posa frente al grafiti de su hija  Renata Martinely de 13 a\u00f1os, quien fue encontrada sin vida al interior de su domicilio, en Ixtapaluca, Estado de M\u00e9xico.\n\n\"\/><figcaption>Karen Martinely posa frente al grafiti de su hija Renata Martinely de 13 a\u00f1os, quien fue encontrada sin vida al interior de su domicilio, en Ixtapaluca, Estado de M\u00e9xico.&nbsp;MONICA GONZALEZ<\/figcaption><\/figure>\n\n\n\n<p>A principios del a\u00f1o, el Gobierno Federal inform\u00f3 que en 2020 los casos de homicidio doloso cayeron 0,4% en relaci\u00f3n con 2019, una tendencia que contin\u00faa en lo que va del a\u00f1o. Es decir, de acuerdo a los datos m\u00e1s recientes de la&nbsp;<a href=\"http:\/\/www.informeseguridad.cns.gob.mx\/\">Comisi\u00f3n Nacional de Seguridad<\/a>, los homicidios dolosos se han mantenido a niveles similares a 2019, sin mayores incrementos. El problema es que 2019 ha sido el a\u00f1o m\u00e1s violento para el pa\u00eds, si se mide por n\u00famero de homicidios.<\/p>\n\n\n\n<p>Adem\u00e1s, la pandemia empeor\u00f3 la situaci\u00f3n de violencia familiar y de g\u00e9nero. Mientras los homicidios en general se han sostenido, en los primeros cinco meses del a\u00f1o los&nbsp;<a href=\"https:\/\/elpais.com\/mexico\/2021-06-28\/los-feminicidios-en-mexico-aumentan-un-71-en-los-cinco-primeros-meses-de-2021.html\">feminicidios han incrementado un 7,1%<\/a>&nbsp;con respecto al mismo periodo del a\u00f1o anterior, seg\u00fan inform\u00f3 la secretaria de Seguridad P\u00fablica en una conferencia de prensa en junio. De enero a mayo, 423 mujeres han sido asesinadas por raz\u00f3n de su g\u00e9nero. Las violaciones tambi\u00e9n aumentaron, en un 30% en comparaci\u00f3n con los mismos meses de 2020. Por su parte, el Sistema Nacional de Seguridad P\u00fablica registr\u00f3 326,634 casos de violencia de g\u00e9nero en un a\u00f1o, entre mayo de 2020 y el mismo mes en 2021.https:\/\/datawrapper.dwcdn.net\/rr6qX\/1\/<\/p>\n\n\n\n<h3 class=\"wp-block-heading\">Infraestructura<\/h3>\n\n\n\n<p>Carreteras federales, hospitales y, de manera particularmente evidente, el Aeropuerto Internacional de la Ciudad de M\u00e9xico, se han deteriorado en los \u00faltimos tres a\u00f1os por falta de mantenimiento. Miles de escuelas,&nbsp;<a href=\"https:\/\/elpais.com\/mexico\/2021-05-30\/de-tuberias-arrancadas-a-miles-de-pesos-en-equipo-electronico-las-escuelas-mexicanas-son-saqueadas-durante-la-pandemia.html\">vac\u00edas por la pandemia, han sufrido m\u00e1s de 7.000 robos&nbsp;<\/a>de material escolar y saqueos de tuber\u00edas y cables, entre otros materiales.<\/p>\n\n\n\n<p>M\u00e1s all\u00e1 de la pandemia, este deterioro en la infraestructura que forma parte de la vida diaria de los mexicanos, tiene que ver con dos decisiones del presidente L\u00f3pez Obrador. La primera es que el mandatario ha asignado al ej\u00e9rcito, a trav\u00e9s de la Secretar\u00eda de la Defensa Nacional la construcci\u00f3n y el mantenimiento de muchas obras Federales, incluyendo bancos, una extensi\u00f3n del aeropuerto en Santa Luc\u00eda y canales de riego, entre otras. No solo no es el Ej\u00e9rcito una constructora especializada, sino que tambi\u00e9n est\u00e1 a cargo de tareas como administraci\u00f3n de aeropuertos y aduanas, instalaci\u00f3n de cajeros en la red del nuevo Banco del Bienestar, la siembra de \u00e1rboles y detenci\u00f3n de migrantes.<\/p>\n\n\n\n<p>La segunda decisi\u00f3n del presidente que contribuye a este deterioro es haber recortado el gasto para priorizar sus obras emblem\u00e1ticas, como el tur\u00edstico Tren Maya y una refiner\u00eda en su natal estado de Tabasco, asignando la mayor parte de su presupuesto en infraestructura a estos. Adem\u00e1s, ha dado preferencia a inyectar con recursos a la emproblemada Petr\u00f3leos Mexicanos, la petrolera m\u00e1s endeudada del mundo. Esto se ha traducido a una considerable ca\u00edda en la inversi\u00f3n p\u00fablica, motor de la econom\u00eda.<\/p>\n\n\n\n<figure class=\"wp-block-image\"><img decoding=\"async\" src=\"https:\/\/imagenes.elpais.com\/resizer\/0DKl_OW7n_7tJ3eNj6sx4ZUF-cQ=\/414x0\/cloudfront-eu-central-1.images.arcpublishing.com\/prisa\/BE4SM3KQARAQ5K7OTJOF4RLOAE.jpg\" alt=\"Vista de del barrio Camino Real en la ciudad de Campeche, uno de los puntos por donde cruzara el tren maya, el 11 de junio de 2020.\"\/><figcaption>Vista de del barrio Camino Real en la ciudad de Campeche, uno de los puntos por donde cruzara el tren maya, el 11 de junio de 2020.HECTOR GUERRERO \/ EL PAIS<\/figcaption><\/figure>\n\n\n\n<p>Mientras la inversi\u00f3n privada se contrajo casi 5% en el primer trimestre del a\u00f1o y en comparaci\u00f3n con el mismo trimestre el a\u00f1o anterior, la inversi\u00f3n p\u00fablica mostr\u00f3 mayor debilidad, con una ca\u00edda de 6%. De acuerdo con un an\u00e1lisis de datos trimestrales del especialista Eugenio S\u00e1nchez, desde que empez\u00f3 el sexenio de L\u00f3pez Obrador no ha crecido ni la inversi\u00f3n p\u00fablica ni la privada. Es, hasta ahora, el \u00fanico periodo presidencial en el que ha habido nueve trimestres consecutivos de bajas en la inversi\u00f3n y el que ha tenido las ca\u00eddas m\u00e1s pronunciadas. De acuerdo con sus estimaciones, durante el primer trimestre del 2021 la inversi\u00f3n p\u00fablica fue 33% menor que la del \u00faltimo trimestre del sexenio de Enrique Pe\u00f1a Nieto y 61% menor a su m\u00e1ximo hist\u00f3rico, alcanzado en 2010.<\/p>\n\n\n\n<p>\u201cLa inversi\u00f3n representa un motor fundamental para la econom\u00eda, ya que permite que las empresas y la actividad econ\u00f3mica crezcan, se vuelvan m\u00e1s productivas y generen m\u00e1s empleos para la poblaci\u00f3n\u201d, apunt\u00f3 en un reporte el centro de investigaci\u00f3n independiente M\u00e9xico \u00bfC\u00f3mo Vamos? (MCV). \u201cEn la crisis ocasionada por la pandemia de Covid-19 el gobierno no ha utilizado la inversi\u00f3n como medida contrac\u00edclica para la recuperaci\u00f3n econ\u00f3mica. La inversi\u00f3n p\u00fablica como porcentaje del PIB se encuentra en sus niveles m\u00e1s bajos para un primer trimestre de a\u00f1o desde 2001. En contraste, en crisis como la de 2008-2009 se observa un fuerte impulso por parte de la inversi\u00f3n del gobierno\u201d, agregaron los expertos de la organizaci\u00f3n.<\/p>\n\n\n\n<h3 class=\"wp-block-heading\">Bienestar<\/h3>\n\n\n\n<p>La medici\u00f3n del bienestar sigue siendo un tema abierto en la academia, pero MCV ofrece una aproximaci\u00f3n: el \u00edndice de progreso social (IPS). El indicador toma en cuenta factores como el acceso a agua y saneamiento, la nutrici\u00f3n, el acceso a informaci\u00f3n y la libertad personal y de elecci\u00f3n, entre otros. El \u00faltimo reporte para 2020 muestra que entre 2011 y 2020 el \u00edndice ha subido, pero este incremento se ha desacelerado en los \u00faltimos a\u00f1os. Entre 2015 y 2020, el puntaje aument\u00f3 en 1.02 puntos, mientras que, entre 2011 y 2015, el incremento fue casi tres veces mayor, de 2.48 puntos.<\/p>\n\n\n\n<p>\u201cLa fuerte ca\u00edda en la econom\u00eda mexicana a ra\u00edz de la crisis ocasionada por el Covid-19 en 2020 inevitablemente causar\u00e1 estragos en el bienestar de las personas y en el progreso social del pa\u00eds\u201d, aseguran los autores del reporte de MCV, \u201dlo cual se reflejar\u00e1 en las pr\u00f3ximas ediciones del \u00cdndice de Progreso Social\u201d.<\/p>\n\n\n\n<figure class=\"wp-block-image\"><img decoding=\"async\" src=\"https:\/\/imagenes.elpais.com\/resizer\/CZuBUdhkE_O2_0agtEkSl6SIp10=\/414x0\/cloudfront-eu-central-1.images.arcpublishing.com\/prisa\/AMFYS3VV7BC5XKEGIV7W5FEBNE.jpg\" alt=\"Claudia Gomez ayuda a sus hijos a estudiar, quienes dejaron de asistir a clases presenciales por la pandemia, en el municipio de Ocosingo, Chiapas. \"\/><figcaption>Claudia Gomez ayuda a sus hijos a estudiar, quienes dejaron de asistir a clases presenciales por la pandemia, en el municipio de Ocosingo, Chiapas.&nbsp;NAYELI CRUZ<\/figcaption><\/figure>\n\n\n\n<p>Si se considera el acceso a la educaci\u00f3n como fuente de bienestar, la pandemia ya tuvo un impacto negativo en este rubro. El Inegi revel\u00f3 en marzo que m\u00e1s de cinco millones de estudiantes no se inscribieron al ciclo escolar actual por razones relacionadas a la crisis desatada por la pandemia. En el ciclo escolar actual, asegur\u00f3 el instituto, se inscribieron 32,9 millones estudiante, es decir, el 60,6% de la poblaci\u00f3n de entre 3 a 29 a\u00f1os.<\/p>\n\n\n\n<h3 class=\"wp-block-heading\">Empleo<\/h3>\n\n\n\n<figure class=\"wp-block-image size-large\"><img decoding=\"async\" width=\"1024\" height=\"635\" src=\"https:\/\/losperiodistas.com.mx\/portal\/wp-content\/uploads\/2021\/08\/Captura-de-Pantalla-2021-08-23-a-las-7.12.39-1024x635.jpg\" alt=\"\" class=\"wp-image-11965\" srcset=\"https:\/\/losperiodistas.com.mx\/portal\/wp-content\/uploads\/2021\/08\/Captura-de-Pantalla-2021-08-23-a-las-7.12.39-1024x635.jpg 1024w, https:\/\/losperiodistas.com.mx\/portal\/wp-content\/uploads\/2021\/08\/Captura-de-Pantalla-2021-08-23-a-las-7.12.39-300x186.jpg 300w, https:\/\/losperiodistas.com.mx\/portal\/wp-content\/uploads\/2021\/08\/Captura-de-Pantalla-2021-08-23-a-las-7.12.39-768x477.jpg 768w, https:\/\/losperiodistas.com.mx\/portal\/wp-content\/uploads\/2021\/08\/Captura-de-Pantalla-2021-08-23-a-las-7.12.39.jpg 1344w\" sizes=\"(max-width: 1024px) 100vw, 1024px\" \/><\/figure>\n\n\n\n<p>Con la publicaci\u00f3n de los datos recabados por el INEGI en la Encuesta Nacional de Ocupaci\u00f3n y Empleo sali\u00f3 a la luz un panorama desolador para el empleo en M\u00e9xico. De los empleos que se perdieron por los confinamientos obligados de la pandemia, restan 2,3 millones por recuperar. Los vac\u00edos se encuentran, mayoritariamente, en las zonas urbanas. Estado de M\u00e9xico, Ciudad de M\u00e9xico y Quintana Roo han sido los estados m\u00e1s afectados, mientras en el norte y la zona del Baj\u00edo, los empleos ligados al comercio exterior ya se recuperaron. Esto ha exacerbado la desigualdad en el pa\u00eds.<\/p>\n\n\n\n<p>Para todos, sin embargo, el empleo se ha vuelto m\u00e1s duro. La encuesta arroja que 25% de la poblaci\u00f3n econ\u00f3micamente activa trabaja en condiciones inadecuadas, ya sea por que trabaja m\u00e1s de las horas que es recomendable o porque el trabajo ahora est\u00e1 peor pagado que antes de la pandemia. Esto se compara con el promedio hist\u00f3rico que ronda entre el 12% y 13%, seg\u00fan el Centro de Estudios Espinosa Yglesias (CEEY).<\/p>\n\n\n\n<p>Quiz\u00e1s una de las decisiones m\u00e1s ampliamente celebradas del presidente L\u00f3pez Obrador ha sido el incremento del salario m\u00ednimo, el cual ha hecho por decreto desde que asumi\u00f3 el poder a finales de 2018. Esto sin duda hab\u00eda comenzado a impactar de manera positiva la pobreza laboral, la cual refiere a tener un ingreso que no alcanza para comprar la canasta alimentaria b\u00e1sica. En el 2019 hubo una ligera ca\u00edda, sin embargo, la pandemia borr\u00f3 la ganancia y empeor\u00f3 la situaci\u00f3n. De acuerdo con un an\u00e1lisis del CEEY, 13 millones de mexicanos&nbsp;<a href=\"https:\/\/elpais.com\/mexico\/2021-03-25\/al-menos-13-millones-de-mexicanos-caen-en-pobreza-laboral-por-la-pandemia.html\">cayeron en pobreza laboral por la pandemia<\/a>.<\/p>\n\n\n\n<p><a href=\"https:\/\/plus.elpais.com\/newsletters\/lnp\/1\/348\"><strong>Suscr\u00edbase aqu\u00ed<\/strong><\/a>a la\u00a0<em>newsletter<\/em>\u00a0de EL PA\u00cdS M\u00e9xico y reciba todas las claves informativas de la actualidad de este pa\u00eds<\/p>\n\n\n\n<p>Fuente: https:\/\/elpais.com\/mexico\/2021-08-23\/falta-de-medicamentos-feminicidios-desempleo-el-deterioro-de-la-vida-en-mexico.html<\/p>\n","protected":false},"excerpt":{"rendered":"<p>Desde la salud y el bienestar hasta la infraestructura, las condiciones en las que viven m\u00e1s de 120 millones de [&hellip;]<\/p>\n","protected":false},"author":1,"featured_media":11964,"comment_status":"open","ping_status":"open","sticky":false,"template":"","format":"standard","meta":{"site-sidebar-layout":"default","site-content-layout":"","ast-site-content-layout":"default","site-content-style":"default","site-sidebar-style":"default","ast-global-header-display":"","ast-banner-title-visibility":"","ast-main-header-display":"","ast-hfb-above-header-display":"","ast-hfb-below-header-display":"","ast-hfb-mobile-header-display":"","site-post-title":"","ast-breadcrumbs-content":"","ast-featured-img":"","footer-sml-layout":"","theme-transparent-header-meta":"","adv-header-id-meta":"","stick-header-meta":"","header-above-stick-meta":"","header-main-stick-meta":"","header-below-stick-meta":"","astra-migrate-meta-layouts":"default","ast-page-background-enabled":"default","ast-page-background-meta":{"desktop":{"background-color":"var(--ast-global-color-4)","background-image":"","background-repeat":"repeat","background-position":"center center","background-size":"auto","background-attachment":"scroll","background-type":"","background-media":"","overlay-type":"","overlay-color":"","overlay-opacity":"","overlay-gradient":""},"tablet":{"background-color":"","background-image":"","background-repeat":"repeat","background-position":"center center","background-size":"auto","background-attachment":"scroll","background-type":"","background-media":"","overlay-type":"","overlay-color":"","overlay-opacity":"","overlay-gradient":""},"mobile":{"background-color":"","background-image":"","background-repeat":"repeat","background-position":"center center","background-size":"auto","background-attachment":"scroll","background-type":"","background-media":"","overlay-type":"","overlay-color":"","overlay-opacity":"","overlay-gradient":""}},"ast-content-background-meta":{"desktop":{"background-color":"var(--ast-global-color-5)","background-image":"","background-repeat":"repeat","background-position":"center center","background-size":"auto","background-attachment":"scroll","background-type":"","background-media":"","overlay-type":"","overlay-color":"","overlay-opacity":"","overlay-gradient":""},"tablet":{"background-color":"var(--ast-global-color-5)","background-image":"","background-repeat":"repeat","background-position":"center center","background-size":"auto","background-attachment":"scroll","background-type":"","background-media":"","overlay-type":"","overlay-color":"","overlay-opacity":"","overlay-gradient":""},"mobile":{"background-color":"var(--ast-global-color-5)","background-image":"","background-repeat":"repeat","background-position":"center center","background-size":"auto","background-attachment":"scroll","background-type":"","background-media":"","overlay-type":"","overlay-color":"","overlay-opacity":"","overlay-gradient":""}},"footnotes":""},"categories":[8],"tags":[2048,3463,3464,3462,653,3461],"class_list":["post-11963","post","type-post","status-publish","format-standard","has-post-thumbnail","hentry","category-noticias","tag-coneval","tag-desempleo","tag-falta-medicamentos","tag-feminicidios","tag-inegi","tag-mexico-pobreza"],"_links":{"self":[{"href":"https:\/\/losperiodistas.com.mx\/portal\/wp-json\/wp\/v2\/posts\/11963","targetHints":{"allow":["GET"]}}],"collection":[{"href":"https:\/\/losperiodistas.com.mx\/portal\/wp-json\/wp\/v2\/posts"}],"about":[{"href":"https:\/\/losperiodistas.com.mx\/portal\/wp-json\/wp\/v2\/types\/post"}],"author":[{"embeddable":true,"href":"https:\/\/losperiodistas.com.mx\/portal\/wp-json\/wp\/v2\/users\/1"}],"replies":[{"embeddable":true,"href":"https:\/\/losperiodistas.com.mx\/portal\/wp-json\/wp\/v2\/comments?post=11963"}],"version-history":[{"count":1,"href":"https:\/\/losperiodistas.com.mx\/portal\/wp-json\/wp\/v2\/posts\/11963\/revisions"}],"predecessor-version":[{"id":11966,"href":"https:\/\/losperiodistas.com.mx\/portal\/wp-json\/wp\/v2\/posts\/11963\/revisions\/11966"}],"wp:featuredmedia":[{"embeddable":true,"href":"https:\/\/losperiodistas.com.mx\/portal\/wp-json\/wp\/v2\/media\/11964"}],"wp:attachment":[{"href":"https:\/\/losperiodistas.com.mx\/portal\/wp-json\/wp\/v2\/media?parent=11963"}],"wp:term":[{"taxonomy":"category","embeddable":true,"href":"https:\/\/losperiodistas.com.mx\/portal\/wp-json\/wp\/v2\/categories?post=11963"},{"taxonomy":"post_tag","embeddable":true,"href":"https:\/\/losperiodistas.com.mx\/portal\/wp-json\/wp\/v2\/tags?post=11963"}],"curies":[{"name":"wp","href":"https:\/\/api.w.org\/{rel}","templated":true}]}}