{"id":11959,"date":"2021-08-23T07:04:15","date_gmt":"2021-08-23T12:04:15","guid":{"rendered":"http:\/\/losperiodistas.com.mx\/portal\/?p=11959"},"modified":"2021-08-23T07:10:24","modified_gmt":"2021-08-23T12:10:24","slug":"muerte-heridos-y-desapariciones-el-saldo-tras-la-explosion-de-la-plataforma-e-ku-a2-de-pemex-infobae","status":"publish","type":"post","link":"https:\/\/losperiodistas.com.mx\/portal\/muerte-heridos-y-desapariciones-el-saldo-tras-la-explosion-de-la-plataforma-e-ku-a2-de-pemex-infobae\/","title":{"rendered":"Muerte, heridos y desapariciones: el saldo tras la explosi\u00f3n de la plataforma E-Ku-A2 de Pemex | Infobae"},"content":{"rendered":"\n<p style=\"font-size:18px\"><em>A trav\u00e9s de un comunicado, Petr\u00f3leos Mexicanos revel\u00f3 la muerte de uno de sus trabajadores, y la desaparici\u00f3n de varios colaboradores m\u00e1s<\/em><\/p>\n\n\n\n<figure class=\"wp-block-image size-large\"><img fetchpriority=\"high\" decoding=\"async\" width=\"1024\" height=\"764\" src=\"https:\/\/losperiodistas.com.mx\/portal\/wp-content\/uploads\/2021\/08\/Captura-de-Pantalla-2021-08-23-a-las-7.00.52-1024x764.jpg\" alt=\"\" class=\"wp-image-11960\" srcset=\"https:\/\/losperiodistas.com.mx\/portal\/wp-content\/uploads\/2021\/08\/Captura-de-Pantalla-2021-08-23-a-las-7.00.52-1024x764.jpg 1024w, https:\/\/losperiodistas.com.mx\/portal\/wp-content\/uploads\/2021\/08\/Captura-de-Pantalla-2021-08-23-a-las-7.00.52-300x224.jpg 300w, https:\/\/losperiodistas.com.mx\/portal\/wp-content\/uploads\/2021\/08\/Captura-de-Pantalla-2021-08-23-a-las-7.00.52-768x573.jpg 768w, https:\/\/losperiodistas.com.mx\/portal\/wp-content\/uploads\/2021\/08\/Captura-de-Pantalla-2021-08-23-a-las-7.00.52.jpg 1514w\" sizes=\"(max-width: 1024px) 100vw, 1024px\" \/><figcaption>El senador report\u00f3 6 heridos (Foto: Twitter\/@EmilioAlvarezI)<\/figcaption><\/figure>\n\n\n\n<p><\/p>\n\n\n\n<p class=\"has-vivid-cyan-blue-color has-text-color has-medium-font-size\">INFOBAE<\/p>\n\n\n\n<p>Personal de Petr\u00f3leos Mexicanos (Pemex) se vio sorprendido la tarde del domingo 22 de agosto de 2021, cuando<strong>\u00a0una explosi\u00f3n en una de sus plataformas de Campeche los oblig\u00f3 a evacuar la zona.<\/strong><\/p>\n\n\n\n<p>Al respecto, la cuenta oficial de Pemex en las redes sociales indic\u00f3 alrededor de las 18:21 de la tarde que&nbsp;<strong>se control\u00f3 por completo el incendi\u00f3 del Activo de Producci\u00f3n Ku-Maloob-Zaap<\/strong>, ubicada en la Sonda de Campeche.<\/p>\n\n\n\n<p>Hasta ese momento, \u00fanicamente se reportaban cinco personas lesionadas por quemadura que fueron trasladadas al<strong>&nbsp;Hospital Regional de Ciudad del Carmen, Campeche y el Instituto Mexicano del Seguro Social&nbsp;<\/strong>(IMSS).<\/p>\n\n\n\n<p>\u201cSe realizar\u00e1 una investigaci\u00f3n de la causa-ra\u00edz para determinar el origen de este hecho\u201d, advirtieron las autoridades de la estatal.<img decoding=\"async\" alt=\"El incidente se dio en la plataforma Ku-Maloob-Zaap (Foto: Twitter\/@Pemex)\" height=\"474\" width=\"979\" src=\"https:\/\/www.infobae.com\/new-resizer\/S68r5GE-EQIWprVqFBrUv6PQLXY=\/420x187\/filters:format(jpg):quality(85)\/cloudfront-us-east-1.images.arcpublishing.com\/infobae\/4EWQAAFZI5BHPETWE5PBZ6M4JE.png%20420w\" srcset=\"https:\/\/www.infobae.com\/new-resizer\/S68r5GE-EQIWprVqFBrUv6PQLXY=\/420x187\/filters:format(jpg):quality(85)\/cloudfront-us-east-1.images.arcpublishing.com\/infobae\/4EWQAAFZI5BHPETWE5PBZ6M4JE.png 420w,https:\/\/www.infobae.com\/new-resizer\/blCKcwHOI13jZjyMSxJYv_o8eSY=\/768x341\/filters:format(jpg):quality(85)\/cloudfront-us-east-1.images.arcpublishing.com\/infobae\/4EWQAAFZI5BHPETWE5PBZ6M4JE.png 768w,https:\/\/www.infobae.com\/new-resizer\/P2Voc8lFE8-N0pdZ3Tkaqq4kWYg=\/992x441\/filters:format(jpg):quality(85)\/cloudfront-us-east-1.images.arcpublishing.com\/infobae\/4EWQAAFZI5BHPETWE5PBZ6M4JE.png 992w,https:\/\/www.infobae.com\/new-resizer\/BIjbIJ9vx3zywxUsFNwkepSv3cU=\/1200x533\/filters:format(jpg):quality(85)\/cloudfront-us-east-1.images.arcpublishing.com\/infobae\/4EWQAAFZI5BHPETWE5PBZ6M4JE.png 1200w\">El incidente se dio en la plataforma Ku-Maloob-Zaap (Foto: Twitter\/@Pemex)<\/p>\n\n\n\n<p>Horas m\u00e1s tarde revelaron a trav\u00e9s de un comunicado en su cuenta Oficial de Twitter que el incidente se report\u00f3<strong>&nbsp;cerca de las 15:10 horas en la Plataforma E-Ku A2 del Centro de Proceso Ku-A<\/strong>, por lo que se dio inicio al protocolo de actuaci\u00f3n necesario.<\/p>\n\n\n\n<p>Es decir, procedieron al cierre de v\u00e1lvulas y al monitoreo \u201cen espera de que se consumiera el remanente\u201d, sin olvidarte de activar tambi\u00e9n lo que llamaron el<strong>&nbsp;\u201cPlan de Emergencia\u201d.<\/strong><\/p>\n\n\n\n<p>Por otra parte, ofrecieron un reporte de estado de los trabajadores que se encontraban al momento de los hechos en la plataforma, y en la que&nbsp;<strong>lamentablemente<\/strong>&nbsp;registraron fallecidos o desaparecidos.<\/p>\n\n\n\n<p>Un total de<strong>&nbsp;tres lesionados<\/strong>, trabajadores de Pemex, fueron atendidos de manera oportuna, mientras<strong>&nbsp;uno m\u00e1s present\u00f3 crisis nerviosa,<\/strong>&nbsp;y confirmaron&nbsp;<strong>la lamentable muerte de un colaborador m\u00e1s.<\/strong><\/p>\n\n\n\n<p>Por otra parte, la compa\u00f1\u00eda Cotemar S.A. de C.V., misma que brinda soluciones integrales para la explotaci\u00f3n y producci\u00f3n costa afuera, inform\u00f3 en el mismo comunicado que<strong>&nbsp;tres personas sufrieron lesiones y tres m\u00e1s contin\u00faan desaparecidas.<\/strong><img decoding=\"async\" alt=\"La fuga de gas fue detectada por Pemex en un ducto submarino de 12 pulgadas, con &quot;presencia de fuego en el mar&quot; a 150 metros de la plataforma KU-C, ubicada en la Sonda de Campeche. EFE \/ANN HEISENFELT \/Archivo\n\" height=\"2166\" width=\"3144\" src=\"https:\/\/www.infobae.com\/new-resizer\/DNa-6eQiorSdE4OplfZuOzRjdL8=\/420x280\/filters:format(jpg):quality(85)\/cloudfront-us-east-1.images.arcpublishing.com\/infobae\/YV3LKRQWP5G3XGI6PMKCZETCP4.jpg%20420w\" srcset=\"https:\/\/www.infobae.com\/new-resizer\/DNa-6eQiorSdE4OplfZuOzRjdL8=\/420x280\/filters:format(jpg):quality(85)\/cloudfront-us-east-1.images.arcpublishing.com\/infobae\/YV3LKRQWP5G3XGI6PMKCZETCP4.jpg 420w,https:\/\/www.infobae.com\/new-resizer\/fiies1y8-D__VuMHBaxvJ8dTd68=\/768x512\/filters:format(jpg):quality(85)\/cloudfront-us-east-1.images.arcpublishing.com\/infobae\/YV3LKRQWP5G3XGI6PMKCZETCP4.jpg 768w,https:\/\/www.infobae.com\/new-resizer\/ik1CTMNoADVyVR5gMBx73L22f9k=\/992x661\/filters:format(jpg):quality(85)\/cloudfront-us-east-1.images.arcpublishing.com\/infobae\/YV3LKRQWP5G3XGI6PMKCZETCP4.jpg 992w,https:\/\/www.infobae.com\/new-resizer\/66lAU0hKown9OnbaanYzKlXr128=\/1200x800\/filters:format(jpg):quality(85)\/cloudfront-us-east-1.images.arcpublishing.com\/infobae\/YV3LKRQWP5G3XGI6PMKCZETCP4.jpg 1200w,https:\/\/www.infobae.com\/new-resizer\/K3NkuXAJ4dM_MNEnAKH8zpyKQyk=\/1440x960\/filters:format(jpg):quality(85)\/cloudfront-us-east-1.images.arcpublishing.com\/infobae\/YV3LKRQWP5G3XGI6PMKCZETCP4.jpg 1440w\">La fuga de gas fue detectada por Pemex en un ducto submarino de 12 pulgadas, con \u00abpresencia de fuego en el mar\u00bb a 150 metros de la plataforma KU-C, ubicada en la Sonda de Campeche. EFE \/ANN HEISENFELT \/Archivo<\/p>\n\n\n\n<p>Adem\u00e1s, la empresa Bufete de Monitoreo de Condiciones e Integridad, S.A. de C.V., contratada para el servicio de mantenimiento predictivo y monitoreo de condici\u00f3n a los equipos principales de las Subdirecciones de Producci\u00f3n Aguas Someras AS01 y AS02,&nbsp;<strong>confirm\u00f3 un total de dos personas desaparecidas.<\/strong><\/p>\n\n\n\n<p>Al respecto, la empresa inform\u00f3 que&nbsp;<strong>se mantiene activa la b\u00fasqueda exhaustiva del personal desaparecido<\/strong>, \u201cestabilizando la integridad de las instalaciones, as\u00ed como la evaluaci\u00f3n de da\u00f1os\u201d.<\/p>\n\n\n\n<p>\u201cPEMEX manifiesta sus m\u00e1s sinceras condolencias a los familiares de la persona fallecida y<strong>&nbsp;brinda apoyo a las y los trabajadores afectados por este incidente, as\u00ed como a sus familias<\/strong>\u201d, finalizaron el comunicado.<\/p>\n\n\n\n<p>De acuerdo con&nbsp;<em>Reuters<\/em>,<strong>&nbsp;el fuego inici\u00f3 cuando la plataforma estaba en operaci\u00f3n<\/strong>. Asimismo, en un inicio no se reportaron lesionados y los trabajadores fueron evacuados en floteles, unos buques dise\u00f1ados para evacuaci\u00f3n inesperadas y para ayudar en la extracci\u00f3n de hidrocarburos.<\/p>\n\n\n\n<p>Adem\u00e1s, de manera extraoficial se indic\u00f3 que el siniestro tuvo lugar en un centro de distribuci\u00f3n de gas y crudo.<img loading=\"lazy\" decoding=\"async\" alt=\"Muertes, heridos y desapariciones: el saldo tras la explosi\u00f3n de la plataforma E-Ku-A2 de Pemex ( Foto:Twitter\/@SocorrosCarmen)\" height=\"600\" width=\"800\" src=\"https:\/\/www.infobae.com\/new-resizer\/RZOABL9aOOvx0ZH8sJFe-IWcKt4=\/420x315\/filters:format(jpg):quality(85)\/cloudfront-us-east-1.images.arcpublishing.com\/infobae\/FNUEFAAZ45CODIZZJ4VCCQAPPU.jpg%20420w\" srcset=\"https:\/\/www.infobae.com\/new-resizer\/RZOABL9aOOvx0ZH8sJFe-IWcKt4=\/420x315\/filters:format(jpg):quality(85)\/cloudfront-us-east-1.images.arcpublishing.com\/infobae\/FNUEFAAZ45CODIZZJ4VCCQAPPU.jpg 420w,https:\/\/www.infobae.com\/new-resizer\/6ZYHReGeiQgUPgDcpHedhAJeWso=\/768x576\/filters:format(jpg):quality(85)\/cloudfront-us-east-1.images.arcpublishing.com\/infobae\/FNUEFAAZ45CODIZZJ4VCCQAPPU.jpg 768w,https:\/\/www.infobae.com\/new-resizer\/OCT7GKJwOvmzh9ix868vpPijq0A=\/992x744\/filters:format(jpg):quality(85)\/cloudfront-us-east-1.images.arcpublishing.com\/infobae\/FNUEFAAZ45CODIZZJ4VCCQAPPU.jpg 992w,https:\/\/www.infobae.com\/new-resizer\/xnP9AgmjMUtJ8kt0NKp7WTuH0dc=\/1200x900\/filters:format(jpg):quality(85)\/cloudfront-us-east-1.images.arcpublishing.com\/infobae\/FNUEFAAZ45CODIZZJ4VCCQAPPU.jpg 1200w,https:\/\/www.infobae.com\/new-resizer\/twAkL5b7EH1-gHNj4qblnZgJB5c=\/1440x1080\/filters:format(jpg):quality(85)\/cloudfront-us-east-1.images.arcpublishing.com\/infobae\/FNUEFAAZ45CODIZZJ4VCCQAPPU.jpg 1440w\">Muertes, heridos y desapariciones: el saldo tras la explosi\u00f3n de la plataforma E-Ku-A2 de Pemex ( Foto:Twitter\/@SocorrosCarmen)<\/p>\n\n\n\n<h2 class=\"wp-block-heading\">M\u00e1s incidentes de Pemex en lo que va del a\u00f1o<\/h2>\n\n\n\n<p><strong>A penas el 7 de agosto de 2021&nbsp;<\/strong><a href=\"https:\/\/www.infobae.com\/america\/mexico\/2021\/08\/07\/quedo-controlado-el-incendio-de-la-planta-de-pemex-en-salina-cruz-oaxaca\/\" target=\"_blank\" rel=\"noreferrer noopener\"><strong>la refiner\u00eda mexicana Salina Cruz control\u00f3 un incendio en sus instalaciones<\/strong><\/a><strong>&nbsp;durante la madrugada que no dej\u00f3 lesionados<\/strong>, dijo a&nbsp;<em>Reuters<\/em>&nbsp;un funcionario de la estatal Petr\u00f3leos Mexicanos (Pemex).<\/p>\n\n\n\n<p>El incidente se dio despu\u00e9s de que se vivi\u00f3 un sismo con una magnitud de 7.5. el 22 de junio, el epicentro fue en Crucecita, Oaxaca, a 148 kil\u00f3metros de una&nbsp;<strong>refiner\u00eda de Salina Cruz,&nbsp;<\/strong>donde adem\u00e1s de algunos da\u00f1os en las estructuras,&nbsp;<strong>se registr\u00f3 una explosi\u00f3n de uno de sus reactores, causando un incendio tras el sismo.<\/strong><\/p>\n\n\n\n<p><strong>La refiner\u00eda \u201cAntonio Doval\u00ed Jaime\u201d se incendi\u00f3 debido al movimiento que elev\u00f3 su temperatura.&nbsp;<\/strong>Pemex inform\u00f3 que el&nbsp;disparo en los turbo generadores y caldera provoc\u00f3 un conato de incendio que fue sofocado de inmediato.<\/p>\n\n\n\n<p>Por otra parte, la madrugada del 2 de julio,&nbsp;<a href=\"https:\/\/www.infobae.com\/america\/mexico\/2021\/07\/09\/jacuzzi-del-infierno-radiografia-del-apocaliptico-incendio-en-el-golfo-de-mexico-que-indigno-al-mundo\/\" target=\"_blank\" rel=\"noreferrer noopener\">la superficie del&nbsp;<strong>Golfo de M\u00e9xico se prendi\u00f3 en llamas<\/strong><\/a>,como consecuencia de una fuga de gas en un ducto marino de Pemex.<img loading=\"lazy\" decoding=\"async\" alt=\"Incendio por fuga de gas Pemex en el Golfo de Mexico (Foto: captura de pantalla)\" height=\"1080\" width=\"1920\" src=\"https:\/\/www.infobae.com\/new-resizer\/azD_6xm0q_6pPwNzZVKtl3qXD30=\/420x236\/filters:format(jpg):quality(85)\/cloudfront-us-east-1.images.arcpublishing.com\/infobae\/KEFW22FZ2VCCPJR66K34CIGK34.jpg%20420w\" srcset=\"https:\/\/www.infobae.com\/new-resizer\/azD_6xm0q_6pPwNzZVKtl3qXD30=\/420x236\/filters:format(jpg):quality(85)\/cloudfront-us-east-1.images.arcpublishing.com\/infobae\/KEFW22FZ2VCCPJR66K34CIGK34.jpg 420w,https:\/\/www.infobae.com\/new-resizer\/Zb7SnlEfADp5UwPPbhhWEiqeZuk=\/768x432\/filters:format(jpg):quality(85)\/cloudfront-us-east-1.images.arcpublishing.com\/infobae\/KEFW22FZ2VCCPJR66K34CIGK34.jpg 768w,https:\/\/www.infobae.com\/new-resizer\/isz1O_79zU1VYSaXm85uPTbeB5o=\/992x558\/filters:format(jpg):quality(85)\/cloudfront-us-east-1.images.arcpublishing.com\/infobae\/KEFW22FZ2VCCPJR66K34CIGK34.jpg 992w,https:\/\/www.infobae.com\/new-resizer\/z5qKB2a9_KpXGnaAX9V86uUDJNs=\/1200x675\/filters:format(jpg):quality(85)\/cloudfront-us-east-1.images.arcpublishing.com\/infobae\/KEFW22FZ2VCCPJR66K34CIGK34.jpg 1200w,https:\/\/www.infobae.com\/new-resizer\/54CvwH6cprGXx4vjKrDbtJjiygQ=\/1440x810\/filters:format(jpg):quality(85)\/cloudfront-us-east-1.images.arcpublishing.com\/infobae\/KEFW22FZ2VCCPJR66K34CIGK34.jpg 1440w\">Incendio por fuga de gas Pemex en el Golfo de Mexico (Foto: captura de pantalla)<\/p>\n\n\n\n<p>Sin dar m\u00e1s detalles, la empresa que dirige\u00a0<strong>Octavio Romero Oropeza<\/strong>\u00a0comunic\u00f3 que el incendio en la superficie del oc\u00e9ano\u00a0<strong>no hab\u00eda provocado da\u00f1o ambiental,<\/strong>\u00a0pues no existi\u00f3 derrame de\u00a0<strong>crudo<\/strong><\/p>\n\n\n\n<p>Fuente: https:\/\/www.infobae.com\/america\/mexico\/2021\/08\/23\/muerte-heridos-y-desapariciones-el-saldo-tras-la-explosion-de-la-plataforma-e-ku-a2-de-pemex\/<\/p>\n","protected":false},"excerpt":{"rendered":"<p>A trav\u00e9s de un comunicado, Petr\u00f3leos Mexicanos revel\u00f3 la muerte de uno de sus trabajadores, y la desaparici\u00f3n de varios [&hellip;]<\/p>\n","protected":false},"author":1,"featured_media":11960,"comment_status":"open","ping_status":"open","sticky":false,"template":"","format":"standard","meta":{"site-sidebar-layout":"default","site-content-layout":"","ast-site-content-layout":"default","site-content-style":"default","site-sidebar-style":"default","ast-global-header-display":"","ast-banner-title-visibility":"","ast-main-header-display":"","ast-hfb-above-header-display":"","ast-hfb-below-header-display":"","ast-hfb-mobile-header-display":"","site-post-title":"","ast-breadcrumbs-content":"","ast-featured-img":"","footer-sml-layout":"","theme-transparent-header-meta":"","adv-header-id-meta":"","stick-header-meta":"","header-above-stick-meta":"","header-main-stick-meta":"","header-below-stick-meta":"","astra-migrate-meta-layouts":"default","ast-page-background-enabled":"default","ast-page-background-meta":{"desktop":{"background-color":"var(--ast-global-color-4)","background-image":"","background-repeat":"repeat","background-position":"center center","background-size":"auto","background-attachment":"scroll","background-type":"","background-media":"","overlay-type":"","overlay-color":"","overlay-opacity":"","overlay-gradient":""},"tablet":{"background-color":"","background-image":"","background-repeat":"repeat","background-position":"center center","background-size":"auto","background-attachment":"scroll","background-type":"","background-media":"","overlay-type":"","overlay-color":"","overlay-opacity":"","overlay-gradient":""},"mobile":{"background-color":"","background-image":"","background-repeat":"repeat","background-position":"center center","background-size":"auto","background-attachment":"scroll","background-type":"","background-media":"","overlay-type":"","overlay-color":"","overlay-opacity":"","overlay-gradient":""}},"ast-content-background-meta":{"desktop":{"background-color":"var(--ast-global-color-5)","background-image":"","background-repeat":"repeat","background-position":"center center","background-size":"auto","background-attachment":"scroll","background-type":"","background-media":"","overlay-type":"","overlay-color":"","overlay-opacity":"","overlay-gradient":""},"tablet":{"background-color":"var(--ast-global-color-5)","background-image":"","background-repeat":"repeat","background-position":"center center","background-size":"auto","background-attachment":"scroll","background-type":"","background-media":"","overlay-type":"","overlay-color":"","overlay-opacity":"","overlay-gradient":""},"mobile":{"background-color":"var(--ast-global-color-5)","background-image":"","background-repeat":"repeat","background-position":"center center","background-size":"auto","background-attachment":"scroll","background-type":"","background-media":"","overlay-type":"","overlay-color":"","overlay-opacity":"","overlay-gradient":""}},"footnotes":""},"categories":[8],"tags":[1706],"class_list":["post-11959","post","type-post","status-publish","format-standard","has-post-thumbnail","hentry","category-noticias","tag-pemex"],"_links":{"self":[{"href":"https:\/\/losperiodistas.com.mx\/portal\/wp-json\/wp\/v2\/posts\/11959","targetHints":{"allow":["GET"]}}],"collection":[{"href":"https:\/\/losperiodistas.com.mx\/portal\/wp-json\/wp\/v2\/posts"}],"about":[{"href":"https:\/\/losperiodistas.com.mx\/portal\/wp-json\/wp\/v2\/types\/post"}],"author":[{"embeddable":true,"href":"https:\/\/losperiodistas.com.mx\/portal\/wp-json\/wp\/v2\/users\/1"}],"replies":[{"embeddable":true,"href":"https:\/\/losperiodistas.com.mx\/portal\/wp-json\/wp\/v2\/comments?post=11959"}],"version-history":[{"count":1,"href":"https:\/\/losperiodistas.com.mx\/portal\/wp-json\/wp\/v2\/posts\/11959\/revisions"}],"predecessor-version":[{"id":11961,"href":"https:\/\/losperiodistas.com.mx\/portal\/wp-json\/wp\/v2\/posts\/11959\/revisions\/11961"}],"wp:featuredmedia":[{"embeddable":true,"href":"https:\/\/losperiodistas.com.mx\/portal\/wp-json\/wp\/v2\/media\/11960"}],"wp:attachment":[{"href":"https:\/\/losperiodistas.com.mx\/portal\/wp-json\/wp\/v2\/media?parent=11959"}],"wp:term":[{"taxonomy":"category","embeddable":true,"href":"https:\/\/losperiodistas.com.mx\/portal\/wp-json\/wp\/v2\/categories?post=11959"},{"taxonomy":"post_tag","embeddable":true,"href":"https:\/\/losperiodistas.com.mx\/portal\/wp-json\/wp\/v2\/tags?post=11959"}],"curies":[{"name":"wp","href":"https:\/\/api.w.org\/{rel}","templated":true}]}}