{"id":11949,"date":"2021-08-23T06:25:53","date_gmt":"2021-08-23T11:25:53","guid":{"rendered":"http:\/\/losperiodistas.com.mx\/portal\/?p=11949"},"modified":"2021-08-23T06:25:54","modified_gmt":"2021-08-23T11:25:54","slug":"la-iglesia-mexicana-llama-la-poblacion-a-vacunarse-detener-esta-pandemia-requiere-el-compromiso-de-todos-cope","status":"publish","type":"post","link":"https:\/\/losperiodistas.com.mx\/portal\/la-iglesia-mexicana-llama-la-poblacion-a-vacunarse-detener-esta-pandemia-requiere-el-compromiso-de-todos-cope\/","title":{"rendered":"La Iglesia mexicana llama la poblaci\u00f3n a vacunarse: \u00abDetener esta pandemia requiere el compromiso de todos\u00bb | COPE"},"content":{"rendered":"\n<p style=\"font-size:18px\"><em>La Archidi\u00f3cesis de M\u00e9xico record\u00f3 que esta semana se lanz\u00f3 una campa\u00f1a que protagoniza el papa Francisco y en la que llama a vacunarse contra la covid-19<\/em><\/p>\n\n\n\n<figure class=\"wp-block-image size-large\"><img fetchpriority=\"high\" decoding=\"async\" width=\"1024\" height=\"576\" src=\"https:\/\/losperiodistas.com.mx\/portal\/wp-content\/uploads\/2021\/08\/Captura-de-Pantalla-2021-08-23-a-las-6.23.14-1024x576.jpg\" alt=\"\" class=\"wp-image-11950\" srcset=\"https:\/\/losperiodistas.com.mx\/portal\/wp-content\/uploads\/2021\/08\/Captura-de-Pantalla-2021-08-23-a-las-6.23.14-1024x576.jpg 1024w, https:\/\/losperiodistas.com.mx\/portal\/wp-content\/uploads\/2021\/08\/Captura-de-Pantalla-2021-08-23-a-las-6.23.14-300x169.jpg 300w, https:\/\/losperiodistas.com.mx\/portal\/wp-content\/uploads\/2021\/08\/Captura-de-Pantalla-2021-08-23-a-las-6.23.14-768x432.jpg 768w, https:\/\/losperiodistas.com.mx\/portal\/wp-content\/uploads\/2021\/08\/Captura-de-Pantalla-2021-08-23-a-las-6.23.14-1536x864.jpg 1536w, https:\/\/losperiodistas.com.mx\/portal\/wp-content\/uploads\/2021\/08\/Captura-de-Pantalla-2021-08-23-a-las-6.23.14.jpg 1912w\" sizes=\"(max-width: 1024px) 100vw, 1024px\" \/><\/figure>\n\n\n\n<p class=\"has-vivid-cyan-blue-color has-text-color has-medium-font-size\">REDACCI\u00d3N RELIGI\u00d3N \/ ALELUYA \/ COPE<\/p>\n\n\n\n<p>La Iglesia cat\u00f3lica mexicana llam\u00f3 ayer, domingo 22 de agosto, a la poblaci\u00f3n, y en especial a sus feligreses,<strong>&nbsp;a vacunarse contra la covid-19 y evitar noticias falsas sobre la efectividad de las vacunas<\/strong>, en un momento en el que&nbsp;<strong>pa\u00eds sufre la tercera ola de contagios y avanza en su plan de inmunizaci\u00f3n.<\/strong><\/p>\n\n\n\n<p>\u00abQueremos hacer un llamado a la poblaci\u00f3n, especialmente a los creyentes,\u00a0<strong>para acudir a vacunarse y no dejarse llevar por las noticias falsas que buscan crear confusi\u00f3n y dudas sobre la efectividad de las vacunas<\/strong>\u00ab, declar\u00f3 la Arquidi\u00f3cesis de M\u00e9xico en su editorial del semanario \u00abDesde la fe\u00bb de este d\u00eda. \u00abEstas vacunas han sido sometidas a estudios, y\u00a0<strong>representan el esfuerzo de un gran n\u00famero de hombres y mujeres que han trabajado por mitigar esta terrible pandemia<\/strong>\u00ab, a\u00f1adi\u00f3.<\/p>\n\n\n\n<figure class=\"wp-block-embed is-type-rich is-provider-twitter wp-block-embed-twitter\"><div class=\"wp-block-embed__wrapper\">\n<blockquote class=\"twitter-tweet\" data-width=\"500\" data-dnt=\"true\"><p lang=\"es\" dir=\"ltr\"><a href=\"https:\/\/twitter.com\/hashtag\/Editorial?src=hash&amp;ref_src=twsrc%5Etfw\">#Editorial<\/a> Esta semana se lanz\u00f3 una campa\u00f1a que tiene como protagonista al <a href=\"https:\/\/twitter.com\/hashtag\/PapaFrancisco?src=hash&amp;ref_src=twsrc%5Etfw\">#PapaFrancisco<\/a> con un mensaje concreto: ponerse la vacuna contra el <a href=\"https:\/\/twitter.com\/hashtag\/covid?src=hash&amp;ref_src=twsrc%5Etfw\">#covid<\/a>-19 es una forma de promover el bien com\u00fan. <a href=\"https:\/\/t.co\/2sI8foYQ2n\">https:\/\/t.co\/2sI8foYQ2n<\/a><\/p>&mdash; Desde la fe (@DesdeLaFeMx) <a href=\"https:\/\/twitter.com\/DesdeLaFeMx\/status\/1429506401160863747?ref_src=twsrc%5Etfw\">August 22, 2021<\/a><\/blockquote><script async src=\"https:\/\/platform.twitter.com\/widgets.js\" charset=\"utf-8\"><\/script>\n<\/div><\/figure>\n\n\n\n<p>Hasta el s\u00e1bado, las autoridades sanitarias indicaron que, dentro del programa de vacunaci\u00f3n en el pa\u00eds, que contempla a todos los mayores de 18 a\u00f1os,&nbsp;<strong>se han administrado 80,4 millones de dosis contra la covid-19, aunque solo 30,74 millones de personas han completado la pauta de vacunaci\u00f3n<\/strong>, de 126 millones de habitantes.<\/p>\n\n\n\n<p>La Arquidi\u00f3cesis de M\u00e9xico record\u00f3 que&nbsp;<strong>esta semana se lanz\u00f3 una campa\u00f1a que protagoniza el papa Francisco y en la que llama a vacunarse contra la covid-19<\/strong>&nbsp;como la forma m\u00e1s eficiente para frenar la pandemia. \u00abVacunarse es un modo sencillo, pero profundo, de promover el bien com\u00fan, y&nbsp;<strong>de cuidarnos los unos a los otros, especialmente a los m\u00e1s vulnerables<\/strong>\u00ab, dice en su mensaje el Papa.<\/p>\n\n\n\n<figure class=\"wp-block-image\"><img decoding=\"async\" src=\"https:\/\/cope-cdnmed.agilecontent.com\/resources\/jpg\/6\/2\/1629710540626.jpg\" alt=\"ctv-mdp-vacuna\" title=\"ctv-mdp-vacuna\"\/><\/figure>\n\n\n\n<p>La instituci\u00f3n cat\u00f3lica afirm\u00f3 que, aunado a la responsabilidad individual,&nbsp;<strong>es importante el compromiso de las autoridades para garantizar el acceso universal a la vacuna, as\u00ed como los servicios de salud.&nbsp;<\/strong>\u00abA medida que m\u00e1s poblaci\u00f3n tenga acceso a ellos,&nbsp;<strong>m\u00e1s r\u00e1pido podremos lograr la inmunidad y luchar contra las variantes del virus que amenazan con propagarse<\/strong>. Detener esta pandemia requiere el compromiso de todos\u00bb, concluy\u00f3 la Arquidi\u00f3cesis.<\/p>\n\n\n\n<p>El s\u00e1bado, la Secretar\u00eda de Salud report\u00f3 que el pa\u00eds suma 252.927 decesos y 3,21 millones de contagios, con informes de m\u00e1s de 20.000 casos en las \u00faltimas semanas, en plena tercera ola de la pandemia en el pa\u00eds. Con esas cifras,\u00a0<strong>M\u00e9xico se mantiene como el cuarto pa\u00eds del mundo con m\u00e1s muertes por covid-19 por detr\u00e1s de Estados Unidos, Brasil y la India<\/strong>, y el decimoquinto en n\u00famero de contagios confirmados, seg\u00fan el recuento de la Universidad Johns Hopkins<\/p>\n\n\n\n<p>Fuente: https:\/\/www.cope.es\/religion\/hoy-en-dia\/iglesia-universal\/noticias\/iglesia-mexicana-llama-poblacion-vacunarse-detener-esta-pandemia-requiere-compromiso-todos-20210823_1461596<\/p>\n","protected":false},"excerpt":{"rendered":"<p>La Archidi\u00f3cesis de M\u00e9xico record\u00f3 que esta semana se lanz\u00f3 una campa\u00f1a que protagoniza el papa Francisco y en la [&hellip;]<\/p>\n","protected":false},"author":1,"featured_media":11950,"comment_status":"open","ping_status":"open","sticky":false,"template":"","format":"standard","meta":{"site-sidebar-layout":"default","site-content-layout":"","ast-site-content-layout":"default","site-content-style":"default","site-sidebar-style":"default","ast-global-header-display":"","ast-banner-title-visibility":"","ast-main-header-display":"","ast-hfb-above-header-display":"","ast-hfb-below-header-display":"","ast-hfb-mobile-header-display":"","site-post-title":"","ast-breadcrumbs-content":"","ast-featured-img":"","footer-sml-layout":"","theme-transparent-header-meta":"","adv-header-id-meta":"","stick-header-meta":"","header-above-stick-meta":"","header-main-stick-meta":"","header-below-stick-meta":"","astra-migrate-meta-layouts":"default","ast-page-background-enabled":"default","ast-page-background-meta":{"desktop":{"background-color":"var(--ast-global-color-4)","background-image":"","background-repeat":"repeat","background-position":"center center","background-size":"auto","background-attachment":"scroll","background-type":"","background-media":"","overlay-type":"","overlay-color":"","overlay-opacity":"","overlay-gradient":""},"tablet":{"background-color":"","background-image":"","background-repeat":"repeat","background-position":"center center","background-size":"auto","background-attachment":"scroll","background-type":"","background-media":"","overlay-type":"","overlay-color":"","overlay-opacity":"","overlay-gradient":""},"mobile":{"background-color":"","background-image":"","background-repeat":"repeat","background-position":"center center","background-size":"auto","background-attachment":"scroll","background-type":"","background-media":"","overlay-type":"","overlay-color":"","overlay-opacity":"","overlay-gradient":""}},"ast-content-background-meta":{"desktop":{"background-color":"var(--ast-global-color-5)","background-image":"","background-repeat":"repeat","background-position":"center center","background-size":"auto","background-attachment":"scroll","background-type":"","background-media":"","overlay-type":"","overlay-color":"","overlay-opacity":"","overlay-gradient":""},"tablet":{"background-color":"var(--ast-global-color-5)","background-image":"","background-repeat":"repeat","background-position":"center center","background-size":"auto","background-attachment":"scroll","background-type":"","background-media":"","overlay-type":"","overlay-color":"","overlay-opacity":"","overlay-gradient":""},"mobile":{"background-color":"var(--ast-global-color-5)","background-image":"","background-repeat":"repeat","background-position":"center center","background-size":"auto","background-attachment":"scroll","background-type":"","background-media":"","overlay-type":"","overlay-color":"","overlay-opacity":"","overlay-gradient":""}},"footnotes":""},"categories":[8],"tags":[3452,3451],"class_list":["post-11949","post","type-post","status-publish","format-standard","has-post-thumbnail","hentry","category-noticias","tag-semanario-desde-la-fe","tag-vacunas-mexico"],"_links":{"self":[{"href":"https:\/\/losperiodistas.com.mx\/portal\/wp-json\/wp\/v2\/posts\/11949","targetHints":{"allow":["GET"]}}],"collection":[{"href":"https:\/\/losperiodistas.com.mx\/portal\/wp-json\/wp\/v2\/posts"}],"about":[{"href":"https:\/\/losperiodistas.com.mx\/portal\/wp-json\/wp\/v2\/types\/post"}],"author":[{"embeddable":true,"href":"https:\/\/losperiodistas.com.mx\/portal\/wp-json\/wp\/v2\/users\/1"}],"replies":[{"embeddable":true,"href":"https:\/\/losperiodistas.com.mx\/portal\/wp-json\/wp\/v2\/comments?post=11949"}],"version-history":[{"count":1,"href":"https:\/\/losperiodistas.com.mx\/portal\/wp-json\/wp\/v2\/posts\/11949\/revisions"}],"predecessor-version":[{"id":11951,"href":"https:\/\/losperiodistas.com.mx\/portal\/wp-json\/wp\/v2\/posts\/11949\/revisions\/11951"}],"wp:featuredmedia":[{"embeddable":true,"href":"https:\/\/losperiodistas.com.mx\/portal\/wp-json\/wp\/v2\/media\/11950"}],"wp:attachment":[{"href":"https:\/\/losperiodistas.com.mx\/portal\/wp-json\/wp\/v2\/media?parent=11949"}],"wp:term":[{"taxonomy":"category","embeddable":true,"href":"https:\/\/losperiodistas.com.mx\/portal\/wp-json\/wp\/v2\/categories?post=11949"},{"taxonomy":"post_tag","embeddable":true,"href":"https:\/\/losperiodistas.com.mx\/portal\/wp-json\/wp\/v2\/tags?post=11949"}],"curies":[{"name":"wp","href":"https:\/\/api.w.org\/{rel}","templated":true}]}}