{"id":11935,"date":"2021-08-20T14:48:01","date_gmt":"2021-08-20T19:48:01","guid":{"rendered":"http:\/\/losperiodistas.com.mx\/portal\/?p=11935"},"modified":"2021-08-22T14:48:31","modified_gmt":"2021-08-22T19:48:31","slug":"vestigios-humanos-de-30-mil-anos-en-tehuacan","status":"publish","type":"post","link":"https:\/\/losperiodistas.com.mx\/portal\/vestigios-humanos-de-30-mil-anos-en-tehuacan\/","title":{"rendered":"\u00bfVestigios humanos de 30 mil a\u00f1os en Tehuac\u00e1n?"},"content":{"rendered":"\n<p class=\"has-medium-font-size\">*Una nueva investigaci\u00f3n abre esa posibilidad<\/p>\n\n\n\n<figure class=\"wp-block-image size-large\"><img fetchpriority=\"high\" decoding=\"async\" width=\"620\" height=\"349\" src=\"https:\/\/losperiodistas.com.mx\/portal\/wp-content\/uploads\/2021\/08\/HUESO-DE-CONEJO.jpeg\" alt=\"\" class=\"wp-image-11936\" srcset=\"https:\/\/losperiodistas.com.mx\/portal\/wp-content\/uploads\/2021\/08\/HUESO-DE-CONEJO.jpeg 620w, https:\/\/losperiodistas.com.mx\/portal\/wp-content\/uploads\/2021\/08\/HUESO-DE-CONEJO-300x169.jpeg 300w\" sizes=\"(max-width: 620px) 100vw, 620px\" \/><\/figure>\n\n\n\n<p class=\"has-vivid-cyan-blue-color has-text-color\" style=\"font-size:26px\"><strong><em>Por Ra\u00fal Torres Salmer\u00f3n<\/em><\/strong><\/p>\n\n\n\n<p>Un inesperado descubrimiento de un investigador de la Universidad Estatal de Iowa sugiere que los primeros humanos pudieron haber llegado a Am\u00e9rica del Norte hace m\u00e1s de 30 mil a\u00f1os, casi 20 mil a\u00f1os antes de lo que se pensaba hasta ahora.<\/p>\n\n\n\n<p>De acuerdo a Andrew Somerville, autor principal de un estudio publicado en junio de 2021, en la revista Latin American Antiquity, realizaron el descubrimiento mientras estudiaban los or\u00edgenes de la agricultura en el Valle de Tehuac\u00e1n, Puebla, M\u00e9xico.<\/p>\n\n\n\n<p>Como parte del trabajo, quer\u00edan establecer una fecha para la ocupaci\u00f3n humana m\u00e1s temprana de la cueva de Coxcatl\u00e1n en dicho Valle, por lo que obtuvieron fechas de radiocarbono para varios huesos de conejo y venado que se recolectaron de la cueva en la d\u00e9cada de 1960 como parte del Proyecto Arqueol\u00f3gico-Bot\u00e1nico de Tehuac\u00e1n.<\/p>\n\n\n\n<p>El resultado de la fecha de los huesos, totalmente inesperado, hizo que Somerville y sus colegas cambiaran de golpe el objeto de su investigaci\u00f3n, report\u00f3 el diario espa\u00f1ol ABC, pues el rango de antig\u00fcedad para las muestras de hueso se situ\u00f3 entre hace 33 mil 448 y 28 mil 279 a\u00f1os.<\/p>\n\n\n\n<p>Somerville asegura que no esperaba encontrar una edad tan avanzada. Los hallazgos entran de lleno en el viejo debate de la teor\u00eda de que el continente americano no conoci\u00f3 la presencia del hombre hasta que los primeros humanos cruzaron el puente terrestre de Bering hacia las Am\u00e9ricas hace unos 13 mil a\u00f1os.<\/p>\n\n\n\n<p>No est\u00e1bamos tratando de entrar en este debate, asegura Somerville, ni siquiera de encontrar muestras realmente antiguas. Quer\u00edamos ubicar un estudio agr\u00edcola con una l\u00ednea de tiempo m\u00e1s firme. Fue sorprendente encontrar esos restos con fechas tan antiguas en el fondo de la cueva y eso significa que debemos observar m\u00e1s de cerca los artefactos recuperados de esos niveles.<\/p>\n\n\n\n<p>Seg\u00fan el investigador, los hallazgos permitir\u00e1n una mejor comprensi\u00f3n de la cronolog\u00eda de la regi\u00f3n. Los estudios anteriores se basaron en muestras de carb\u00f3n y plantas. Para Somerville los huesos de animales son un material mucho mejor para saber su edad.<\/p>\n\n\n\n<figure class=\"wp-block-image size-large\"><img decoding=\"async\" width=\"350\" height=\"272\" src=\"https:\/\/losperiodistas.com.mx\/portal\/wp-content\/uploads\/2021\/08\/LA-CUEVA-DE-TEHUACA\u0301N.jpeg\" alt=\"\" class=\"wp-image-11937\" srcset=\"https:\/\/losperiodistas.com.mx\/portal\/wp-content\/uploads\/2021\/08\/LA-CUEVA-DE-TEHUACA\u0301N.jpeg 350w, https:\/\/losperiodistas.com.mx\/portal\/wp-content\/uploads\/2021\/08\/LA-CUEVA-DE-TEHUACA\u0301N-300x233.jpeg 300w\" sizes=\"(max-width: 350px) 100vw, 350px\" \/><\/figure>\n\n\n\n<p>Sin embargo, a\u00fan quedan preguntas y la m\u00e1s importante es si existe un v\u00ednculo humano con esos huesos y si tienen muestras de haber sido manipulados por el hombre. Para resolver la cuesti\u00f3n, los investigadores planean estudiar a fondo los huesos de conejo y venado en busca de marcas de corte que indiquen que fueron hechos o golpeados por alguna herramienta humana.<\/p>\n\n\n\n<p>Tambi\u00e9n buscar\u00e1n alteraciones t\u00e9rmicas que sugieran que los huesos se herv\u00edan o se asaban al fuego pues seg\u00fan Somerville, las posibles herramientas de piedra de los primeros niveles de la cueva tambi\u00e9n pueden dar pistas.<\/p>\n\n\n\n<p>Determinar si los artefactos de piedra eran productos de fabricaci\u00f3n humana o si eran simplemente piedras astilladas de forma natural ser\u00eda una forma de llegar al fondo de la cuesti\u00f3n, sostiene el experto.<\/p>\n\n\n\n<p>Si podemos encontrar pruebas s\u00f3lidas de que los seres humanos de hecho fabricaron y utilizaron estas herramientas, ser\u00e1 otra forma de avanzar.<\/p>\n\n\n\n<p>HISTORIA DEL DESCUBRIMIENTO<\/p>\n\n\n\n<p>El descubrimiento fue inesperado, porque el proceso de rastrear los huesos de los animales para tomar muestras fue arduo. La colecci\u00f3n de muestras del Proyecto Arqueol\u00f3gico-Bot\u00e1nico de Tehuac\u00e1n de la d\u00e9cada de 1960, &nbsp;se distribuy\u00f3 a diferentes museos y laboratorios en M\u00e9xico y Estados Unidos. No estaba nada claro d\u00f3nde se enviaron los huesos de los animales.<\/p>\n\n\n\n<p>Despu\u00e9s de un a\u00f1o de correos electr\u00f3nicos y llamadas, Somerville y su colaboradora Isabel Casar, de la Universidad Nacional Aut\u00f3noma de M\u00e9xico, tuvieron un golpe de suerte con un laboratorio en la Ciudad de M\u00e9xico.<\/p>\n\n\n\n<p>El Director del Laboratorio, Joaqu\u00edn Arroyo-Cabrales, acept\u00f3 ayudar a Somerville y Casar a buscar &nbsp;la colecci\u00f3n perdida. Entre las innumerables cajas de artefactos, finalmente los encontraron.<\/p>\n\n\n\n<p>Una vez localizados los huesos, Somerville obtuvo permiso del Gobierno de M\u00e9xico para tomar peque\u00f1as muestras de 17 huesos diferentes que eran de ocho conejos y nueve ciervos, para fijar la fecha por radiocarbono.<\/p>\n\n\n\n<p>Si un examen m\u00e1s detenido prueba que fueron manipulados por humanos, el investigador asegura que cambiar\u00e1 lo que sabemos sobre el momento y c\u00f3mo llegaron las primeras personas al continente americano.<\/p>\n\n\n\n<p>Retroceder la llegada de los humanos a Am\u00e9rica del Norte hace m\u00e1s de 30 mil a\u00f1os concluye Somerville, significar\u00eda que nuestros antepasados ya estaban all\u00ed antes del per\u00edodo del \u00daltimo M\u00e1ximo Glacial, cuando la Edad de Hielo estaba en su peor momento.<\/p>\n\n\n\n<p>Gran parte de Am\u00e9rica del Norte habr\u00eda sido inh\u00f3spita para las poblaciones humanas. Los glaciares habr\u00edan bloqueado por completo cualquier paso por tierra procedente de Alaska y Canad\u00e1, lo que significa que la gente probablemente habr\u00eda tenido que llegar a las Am\u00e9ricas en barcos por la costa del Pac\u00edfico.<\/p>\n\n\n\n<p>Nuevamente Tehuac\u00e1n, como en el caso de ma\u00edz, podr\u00eda pasar nuevamente a la historia universal.<\/p>\n\n\n\n<p>En fin, como escribi\u00f3 Vicente Huidobro (Chile, 1893-1948) en La Poes\u00eda es un Atentado Celeste:<\/p>\n\n\n\n<p>Ando en viaje dando un poco de mi vida<\/p>\n\n\n\n<p>a ciertos \u00e1rboles y a ciertas piedras,<\/p>\n\n\n\n<p>que me han esperado muchos a\u00f1os,<\/p>\n\n\n\n<p>se cansaron de esperarme y se sentaron .<\/p>\n\n\n\n<p>Estoy ausente y estoy presente en estado de espera.<\/p>\n\n\n\n<p>Ellos querr\u00edan mi lenguaje para expresarse<\/p>\n\n\n\n<p>y yo querr\u00eda el de ellos para expresarlos.<\/p>\n\n\n\n<p>He aqu\u00ed el equ\u00edvoco el atroz equ\u00edvoco.<\/p>\n\n\n\n<p>raultorress@hotmail.com<\/p>\n","protected":false},"excerpt":{"rendered":"<p>*Una nueva investigaci\u00f3n abre esa posibilidad Por Ra\u00fal Torres Salmer\u00f3n Un inesperado descubrimiento de un investigador de la Universidad Estatal [&hellip;]<\/p>\n","protected":false},"author":1,"featured_media":11936,"comment_status":"open","ping_status":"open","sticky":false,"template":"","format":"standard","meta":{"site-sidebar-layout":"default","site-content-layout":"","ast-site-content-layout":"default","site-content-style":"default","site-sidebar-style":"default","ast-global-header-display":"","ast-banner-title-visibility":"","ast-main-header-display":"","ast-hfb-above-header-display":"","ast-hfb-below-header-display":"","ast-hfb-mobile-header-display":"","site-post-title":"","ast-breadcrumbs-content":"","ast-featured-img":"","footer-sml-layout":"","theme-transparent-header-meta":"","adv-header-id-meta":"","stick-header-meta":"","header-above-stick-meta":"","header-main-stick-meta":"","header-below-stick-meta":"","astra-migrate-meta-layouts":"default","ast-page-background-enabled":"default","ast-page-background-meta":{"desktop":{"background-color":"var(--ast-global-color-4)","background-image":"","background-repeat":"repeat","background-position":"center center","background-size":"auto","background-attachment":"scroll","background-type":"","background-media":"","overlay-type":"","overlay-color":"","overlay-opacity":"","overlay-gradient":""},"tablet":{"background-color":"","background-image":"","background-repeat":"repeat","background-position":"center center","background-size":"auto","background-attachment":"scroll","background-type":"","background-media":"","overlay-type":"","overlay-color":"","overlay-opacity":"","overlay-gradient":""},"mobile":{"background-color":"","background-image":"","background-repeat":"repeat","background-position":"center center","background-size":"auto","background-attachment":"scroll","background-type":"","background-media":"","overlay-type":"","overlay-color":"","overlay-opacity":"","overlay-gradient":""}},"ast-content-background-meta":{"desktop":{"background-color":"var(--ast-global-color-5)","background-image":"","background-repeat":"repeat","background-position":"center center","background-size":"auto","background-attachment":"scroll","background-type":"","background-media":"","overlay-type":"","overlay-color":"","overlay-opacity":"","overlay-gradient":""},"tablet":{"background-color":"var(--ast-global-color-5)","background-image":"","background-repeat":"repeat","background-position":"center center","background-size":"auto","background-attachment":"scroll","background-type":"","background-media":"","overlay-type":"","overlay-color":"","overlay-opacity":"","overlay-gradient":""},"mobile":{"background-color":"var(--ast-global-color-5)","background-image":"","background-repeat":"repeat","background-position":"center center","background-size":"auto","background-attachment":"scroll","background-type":"","background-media":"","overlay-type":"","overlay-color":"","overlay-opacity":"","overlay-gradient":""}},"footnotes":""},"categories":[8,19],"tags":[3415,3443,3444],"class_list":["post-11935","post","type-post","status-publish","format-standard","has-post-thumbnail","hentry","category-noticias","category-sin-limites-2","tag-arqueologia","tag-tehuacan","tag-vestigios-humanos"],"_links":{"self":[{"href":"https:\/\/losperiodistas.com.mx\/portal\/wp-json\/wp\/v2\/posts\/11935","targetHints":{"allow":["GET"]}}],"collection":[{"href":"https:\/\/losperiodistas.com.mx\/portal\/wp-json\/wp\/v2\/posts"}],"about":[{"href":"https:\/\/losperiodistas.com.mx\/portal\/wp-json\/wp\/v2\/types\/post"}],"author":[{"embeddable":true,"href":"https:\/\/losperiodistas.com.mx\/portal\/wp-json\/wp\/v2\/users\/1"}],"replies":[{"embeddable":true,"href":"https:\/\/losperiodistas.com.mx\/portal\/wp-json\/wp\/v2\/comments?post=11935"}],"version-history":[{"count":1,"href":"https:\/\/losperiodistas.com.mx\/portal\/wp-json\/wp\/v2\/posts\/11935\/revisions"}],"predecessor-version":[{"id":11938,"href":"https:\/\/losperiodistas.com.mx\/portal\/wp-json\/wp\/v2\/posts\/11935\/revisions\/11938"}],"wp:featuredmedia":[{"embeddable":true,"href":"https:\/\/losperiodistas.com.mx\/portal\/wp-json\/wp\/v2\/media\/11936"}],"wp:attachment":[{"href":"https:\/\/losperiodistas.com.mx\/portal\/wp-json\/wp\/v2\/media?parent=11935"}],"wp:term":[{"taxonomy":"category","embeddable":true,"href":"https:\/\/losperiodistas.com.mx\/portal\/wp-json\/wp\/v2\/categories?post=11935"},{"taxonomy":"post_tag","embeddable":true,"href":"https:\/\/losperiodistas.com.mx\/portal\/wp-json\/wp\/v2\/tags?post=11935"}],"curies":[{"name":"wp","href":"https:\/\/api.w.org\/{rel}","templated":true}]}}