{"id":119318,"date":"2026-03-27T09:11:04","date_gmt":"2026-03-27T15:11:04","guid":{"rendered":"https:\/\/losperiodistas.com.mx\/portal\/?p=119318"},"modified":"2026-03-27T09:11:06","modified_gmt":"2026-03-27T15:11:06","slug":"opinion-elabora-sergio-salomon-nueva-ley-de-migracion","status":"publish","type":"post","link":"https:\/\/losperiodistas.com.mx\/portal\/opinion-elabora-sergio-salomon-nueva-ley-de-migracion\/","title":{"rendered":"Opini\u00f3n | Elabora Sergio Salom\u00f3n nueva Ley de Migraci\u00f3n"},"content":{"rendered":"\n<p class=\"has-medium-font-size\">*Reuni\u00f3n con diputados federales; el INM ser\u00e1 Instituto de Movilidad Humana<\/p>\n\n\n\n<figure class=\"wp-block-image size-full\"><img fetchpriority=\"high\" decoding=\"async\" width=\"620\" height=\"400\" src=\"https:\/\/losperiodistas.com.mx\/portal\/wp-content\/uploads\/2026\/03\/REUNION-CON-SERGIO-SALOMON.jpeg\" alt=\"\" class=\"wp-image-119319\" srcset=\"https:\/\/losperiodistas.com.mx\/portal\/wp-content\/uploads\/2026\/03\/REUNION-CON-SERGIO-SALOMON.jpeg 620w, https:\/\/losperiodistas.com.mx\/portal\/wp-content\/uploads\/2026\/03\/REUNION-CON-SERGIO-SALOMON-300x194.jpeg 300w\" sizes=\"(max-width: 620px) 100vw, 620px\" \/><\/figure>\n\n\n\n<p class=\"has-vivid-red-color has-text-color has-link-color has-medium-font-size wp-elements-4865f9003ac6cfcf5a7f44570e7f0aa1\"><strong><em>Por Ra\u00fal Torres Salmer\u00f3n \/ Sin L\u00edmites<\/em><\/strong><\/p>\n\n\n\n<p>La Comisi\u00f3n de Asuntos Migratorios, presidida por la Diputada pri\u00edsta Marcela Guerra Castillo, se reuni\u00f3 con el Comisionado del Instituto Nacional de Migraci\u00f3n (INM), Sergio Salom\u00f3n C\u00e9spedes Peregrina, ex Gobernador de Puebla a fin de conocer el proceso de elaboraci\u00f3n de la iniciativa que propone derogar la actual Ley de Migraci\u00f3n, crear una nueva Ley de Movilidad Humana y establecer el Instituto de Movilidad Humana, nuevo nombre que tendr\u00e1 el INM.<\/p>\n\n\n\n<p>A la reuni\u00f3n, acudi\u00f3 el Subcomisionado Jonathan \u00c1valos Mel\u00e9ndez, donde legisladores externaron sus inquietudes, preocupaciones y propuestas.<\/p>\n\n\n\n<p>Sergio Salom\u00f3n C\u00e9spedes Peregrina expuso ayer lo siguiente:<\/p>\n\n\n\n<p>-Este espacio nos permite escuchar, construir y mejorar; hemos venido recogiendo las iniciativas de los legisladores de ambas c\u00e1maras, de colectivos, acad\u00e9micos, siempre buscando el hacer un gran ejercicio legislativo para construir un gran documento que pueda estar contemplando la visi\u00f3n de los diferentes sectores.<\/p>\n\n\n\n<p>-Pido el apoyo de la C\u00e1mara porque se est\u00e1 trabajando con una norma que data del 2011 y 2012 y necesitamos tener una actualizaci\u00f3n muy importante, pero que tenga una visi\u00f3n de futuro y que esto permita generar mejores herramientas para poder llevar nuestro trabajo.<\/p>\n\n\n\n<p>-El INM no solamente tiene que ver con un tema de control migratorio, es un \u00e1rea transversal en m\u00e1s de 16 secretar\u00edas y dependencias; somos el primer rostro que ve cualquier extranjero cuando llega al pa\u00eds, atendemos aeropuertos, puertos, fronteras norte y sur, y estamos en cada una de las entidades federativas.<\/p>\n\n\n\n<p>-Por ello es necesario generar una nueva visi\u00f3n y buscamos una redignificaci\u00f3n del INM y esto no se puede entender si no es de la mano de los diferentes Poderes; es fundamental tener la experiencia y visi\u00f3n de legisladores y que eso permita que sea un gran documento de las y los mexicanos.<\/p>\n\n\n\n<p>Jonathan \u00c1valos Mel\u00e9ndez, extern\u00f3:<\/p>\n\n\n\n<p>-Se ha escuchado a 36 organizaciones de la sociedad civil, 16 dependencias, una reuni\u00f3n con acad\u00e9micos de diversas universidades y expertos en materia migratoria, porque esta ley se tiene que hacer de acuerdo a las necesidades del fen\u00f3meno y oyendo a los que lo recienten.<\/p>\n\n\n\n<p>-Es necesaria la reforma al marco normativo y se requiere el apoyo y acompa\u00f1amiento de los diputados para poder llevar a cabo este proyecto. La ley puede ser perfecta pero los que realmente har\u00e1n el cambio son los funcionarios p\u00fablicos.<\/p>\n\n\n\n<p>-Puede estar impregnada de todos los principios y garant\u00edas que se tiene a los derechos humanos de las personas en contexto de movilidad, pero depende de nosotros la ejecuci\u00f3n de esta norma.<\/p>\n\n\n\n<p>-Se deben identificar a las personas que vienen al pa\u00eds a sumarse, integrarse y con ello se tiene la obligaci\u00f3n de trabajar, darles medidas para poder regularizarse, tener una vida digna e insertarse en la vida laboral, educativa. Nos encontramos muchas veces que las personas no tienen esta posibilidad de tener una medida de regularizaci\u00f3n y estancia regular donde se ven coartados sus derechos.<\/p>\n\n\n\n<p>La Presidenta de la Comisi\u00f3n agradeci\u00f3 la apertura y el di\u00e1logo del funcionario y extern\u00f3 la voluntad legislativa para trabajar juntos en este gran proyecto que va a transformar la realidad de muchos mexicanos, pero tambi\u00e9n de gente que viene y que busca tener una vida digna en este pa\u00eds.<\/p>\n\n\n\n<p>Algunos legisladores expusieron la problem\u00e1tica actual migratoria que puede resumirse as\u00ed:<\/p>\n\n\n\n<p>V\u00edctor Adri\u00e1n Mart\u00ednez Terrazas (PAN). Pidi\u00f3 implementar mecanismos de control interno y externo efectivos y erradicar las redes de corrupci\u00f3n, investigar y sancionar a los funcionarios que incurran en pr\u00e1cticas ilegales.<\/p>\n\n\n\n<p>Eduardo Castillo L\u00f3pez (Morena). M\u00e9xico debe fortalecer su pol\u00edtica migratoria con un enfoque humanista, sin perder el control ordenado y la seguridad en el territorio nacional.<\/p>\n\n\n\n<p>Roselia Su\u00e1rez Montes de Oca (Morena). Debe ser una Ley de Movilidad Humana aplicada por autoridades federales, locales y municipales y que se garanticen los derechos laborales de mexicanos residentes en el exterior.<\/p>\n\n\n\n<p>Tey Mollinedo Cano (Morena). Se debe incluir la visi\u00f3n de la frontera sur y contemple la experiencia desde el territorio, incorporando el conocimiento de quienes viven esta realidad de manera cotidiana.<\/p>\n\n\n\n<p>Maribel Solache Gonz\u00e1lez (Morena). Propuso incorporar en esta nueva visi\u00f3n, la atenci\u00f3n a las personas mexicanas que retornan al pa\u00eds ya que enfrentan obst\u00e1culos para acreditar su identidad, barreras en educaci\u00f3n y empleo.<\/p>\n\n\n\n<p>En fin, como escribieron los compositores espa\u00f1oles Juan Valderrama, Manuel Serrapi y Manuel&nbsp; Santaolalla, la canci\u00f3n El Emigrante:<\/p>\n\n\n\n<p>Y adi\u00f3s, mi Espa\u00f1a querida<\/p>\n\n\n\n<p>dentro de mi alma te llevo metida<\/p>\n\n\n\n<p>y aunque soy un emigrante<\/p>\n\n\n\n<p>jam\u00e1s en la vida yo podr\u00e9 olvidarte.<\/p>\n\n\n\n<p>raultorress@hotmail.com<\/p>\n\n\n\n<hr class=\"wp-block-separator has-alpha-channel-opacity\"\/>\n\n\n\n<p><strong>+ OPINI\u00d3N : Las opiniones expresadas son responsabilidad del autor<\/strong><\/p>\n","protected":false},"excerpt":{"rendered":"<p>*Reuni\u00f3n con diputados federales; el INM ser\u00e1 Instituto de Movilidad Humana Por Ra\u00fal Torres Salmer\u00f3n \/ Sin L\u00edmites La Comisi\u00f3n [&hellip;]<\/p>\n","protected":false},"author":1,"featured_media":119319,"comment_status":"open","ping_status":"open","sticky":false,"template":"","format":"standard","meta":{"site-sidebar-layout":"default","site-content-layout":"","ast-site-content-layout":"default","site-content-style":"default","site-sidebar-style":"default","ast-global-header-display":"","ast-banner-title-visibility":"","ast-main-header-display":"","ast-hfb-above-header-display":"","ast-hfb-below-header-display":"","ast-hfb-mobile-header-display":"","site-post-title":"","ast-breadcrumbs-content":"","ast-featured-img":"","footer-sml-layout":"","theme-transparent-header-meta":"","adv-header-id-meta":"","stick-header-meta":"","header-above-stick-meta":"","header-main-stick-meta":"","header-below-stick-meta":"","astra-migrate-meta-layouts":"default","ast-page-background-enabled":"default","ast-page-background-meta":{"desktop":{"background-color":"var(--ast-global-color-4)","background-image":"","background-repeat":"repeat","background-position":"center center","background-size":"auto","background-attachment":"scroll","background-type":"","background-media":"","overlay-type":"","overlay-color":"","overlay-opacity":"","overlay-gradient":""},"tablet":{"background-color":"","background-image":"","background-repeat":"repeat","background-position":"center center","background-size":"auto","background-attachment":"scroll","background-type":"","background-media":"","overlay-type":"","overlay-color":"","overlay-opacity":"","overlay-gradient":""},"mobile":{"background-color":"","background-image":"","background-repeat":"repeat","background-position":"center center","background-size":"auto","background-attachment":"scroll","background-type":"","background-media":"","overlay-type":"","overlay-color":"","overlay-opacity":"","overlay-gradient":""}},"ast-content-background-meta":{"desktop":{"background-color":"var(--ast-global-color-5)","background-image":"","background-repeat":"repeat","background-position":"center center","background-size":"auto","background-attachment":"scroll","background-type":"","background-media":"","overlay-type":"","overlay-color":"","overlay-opacity":"","overlay-gradient":""},"tablet":{"background-color":"var(--ast-global-color-5)","background-image":"","background-repeat":"repeat","background-position":"center center","background-size":"auto","background-attachment":"scroll","background-type":"","background-media":"","overlay-type":"","overlay-color":"","overlay-opacity":"","overlay-gradient":""},"mobile":{"background-color":"var(--ast-global-color-5)","background-image":"","background-repeat":"repeat","background-position":"center center","background-size":"auto","background-attachment":"scroll","background-type":"","background-media":"","overlay-type":"","overlay-color":"","overlay-opacity":"","overlay-gradient":""}},"footnotes":""},"categories":[8,19],"tags":[3965,14268],"class_list":["post-119318","post","type-post","status-publish","format-standard","has-post-thumbnail","hentry","category-noticias","category-sin-limites-2","tag-inm","tag-sergio-salomon-cespedes-peregrina"],"_links":{"self":[{"href":"https:\/\/losperiodistas.com.mx\/portal\/wp-json\/wp\/v2\/posts\/119318","targetHints":{"allow":["GET"]}}],"collection":[{"href":"https:\/\/losperiodistas.com.mx\/portal\/wp-json\/wp\/v2\/posts"}],"about":[{"href":"https:\/\/losperiodistas.com.mx\/portal\/wp-json\/wp\/v2\/types\/post"}],"author":[{"embeddable":true,"href":"https:\/\/losperiodistas.com.mx\/portal\/wp-json\/wp\/v2\/users\/1"}],"replies":[{"embeddable":true,"href":"https:\/\/losperiodistas.com.mx\/portal\/wp-json\/wp\/v2\/comments?post=119318"}],"version-history":[{"count":1,"href":"https:\/\/losperiodistas.com.mx\/portal\/wp-json\/wp\/v2\/posts\/119318\/revisions"}],"predecessor-version":[{"id":119320,"href":"https:\/\/losperiodistas.com.mx\/portal\/wp-json\/wp\/v2\/posts\/119318\/revisions\/119320"}],"wp:featuredmedia":[{"embeddable":true,"href":"https:\/\/losperiodistas.com.mx\/portal\/wp-json\/wp\/v2\/media\/119319"}],"wp:attachment":[{"href":"https:\/\/losperiodistas.com.mx\/portal\/wp-json\/wp\/v2\/media?parent=119318"}],"wp:term":[{"taxonomy":"category","embeddable":true,"href":"https:\/\/losperiodistas.com.mx\/portal\/wp-json\/wp\/v2\/categories?post=119318"},{"taxonomy":"post_tag","embeddable":true,"href":"https:\/\/losperiodistas.com.mx\/portal\/wp-json\/wp\/v2\/tags?post=119318"}],"curies":[{"name":"wp","href":"https:\/\/api.w.org\/{rel}","templated":true}]}}