{"id":119313,"date":"2026-03-27T09:01:03","date_gmt":"2026-03-27T15:01:03","guid":{"rendered":"https:\/\/losperiodistas.com.mx\/portal\/?p=119313"},"modified":"2026-03-27T09:01:04","modified_gmt":"2026-03-27T15:01:04","slug":"mexico-reinterpreta-sus-cifras-de-personas-desaparecidas-el-pais","status":"publish","type":"post","link":"https:\/\/losperiodistas.com.mx\/portal\/mexico-reinterpreta-sus-cifras-de-personas-desaparecidas-el-pais\/","title":{"rendered":"M\u00e9xico reinterpreta sus cifras de personas desaparecidas | El Pa\u00eds"},"content":{"rendered":"\n<p class=\"has-medium-font-size\">El Gobierno desglosa el registro oficial, con m\u00e1s de 130.000 desaparecidos desde 2006: el 33% no ha tenido ning\u00fan tipo de \u201cactividad\u201d tras su desaparici\u00f3n, el 31% s\u00ed ha tenido actividad y el 36% son entradas con datos \u201cinsuficientes\u201d<\/p>\n\n\n\n<figure class=\"wp-block-image size-large\"><img fetchpriority=\"high\" decoding=\"async\" width=\"1024\" height=\"683\" src=\"https:\/\/losperiodistas.com.mx\/portal\/wp-content\/uploads\/2026\/03\/6ATAIH3RLZBOPBLFHAPMGH7CJA-1024x683.jpg\" alt=\"\" class=\"wp-image-119314\" srcset=\"https:\/\/losperiodistas.com.mx\/portal\/wp-content\/uploads\/2026\/03\/6ATAIH3RLZBOPBLFHAPMGH7CJA-1024x683.jpg 1024w, https:\/\/losperiodistas.com.mx\/portal\/wp-content\/uploads\/2026\/03\/6ATAIH3RLZBOPBLFHAPMGH7CJA-300x200.jpg 300w, https:\/\/losperiodistas.com.mx\/portal\/wp-content\/uploads\/2026\/03\/6ATAIH3RLZBOPBLFHAPMGH7CJA-768x512.jpg 768w, https:\/\/losperiodistas.com.mx\/portal\/wp-content\/uploads\/2026\/03\/6ATAIH3RLZBOPBLFHAPMGH7CJA.jpg 1200w\" sizes=\"(max-width: 1024px) 100vw, 1024px\" \/><figcaption class=\"wp-element-caption\">Fichas de b\u00fasqueda en Mazatl\u00e1n, el 17 de febrero. M\u00f3nica Gonz\u00e1lez Islas<\/figcaption><\/figure>\n\n\n\n<p class=\"has-medium-font-size\"><strong><a href=\"https:\/\/elpais.com\/autor\/pablo-ferri\/#?rel=author_top\">Pablo Ferri<\/a> \/ El Pa\u00eds<\/strong><\/p>\n\n\n\n<p>M\u00e9xico <\/p>\n\n\n\n<p>M\u00e9xico ha presentado este viernes un desglose del registro oficial de&nbsp;<a href=\"https:\/\/elpais.com\/mexico\/2026-03-16\/la-sombra-del-reclutamiento-forzado-resquebraja-el-mundo-idilico-de-mazatlan-y-puerto-vallarta.html\" target=\"_blank\" rel=\"noreferrer noopener\">personas desaparecidas<\/a>, tema delicado donde los haya, s\u00edmbolo de un pa\u00eds sometido a niveles desatados de violencia desde hace dos d\u00e9cadas. Esperado desde hace meses, el Gobierno, que dirige Claudia Sheinbaum, ha dado el primer paso en un terreno resbaladizo, con un objetivo tan claro como pol\u00e9mico: convencer de que la cifra de m\u00e1s de&nbsp;<a href=\"https:\/\/elpais.com\/mexico\/2025-03-23\/mexico-el-pais-que-desaparece-sin-rastro-de-125000-personas.html\">130.000 personas desaparecidas<\/a>&nbsp;que muestra el registro oficial rebasa por mucho la realidad. El problema es serio, pero no de la magnitud que se pensaba. El registro ten\u00eda problemas, defiende el Ejecutivo, de ah\u00ed el cribado llevado a cabo.<\/p>\n\n\n\n<p>La pol\u00e9mica viene de largo y bebe de la desconfianza de los colectivos de familiares de personas desaparecidas, que creen que cualquier modificaci\u00f3n del registro podr\u00eda sacar de la lista casos reales, por error o puro dolo. El Gobierno descarta este tipo de posibilidades. Sheinbaum ha destacado precisamente el trabajo conjunto con los colectivos de personas desaparecidas. Seg\u00fan ha podido saber EL PA\u00cdS, la Secretar\u00eda de Gobernaci\u00f3n convoc\u00f3 este jueves a representantes de colectivos para explicarles el desglose de las cifras. De los 130.000 registros, el 33% no ha tenido ning\u00fan tipo de \u201cactividad\u201d tras su desaparici\u00f3n, el 31% s\u00ed ha tenido actividad y el 36% son entradas con datos \u201cinsuficientes\u201d.<\/p>\n\n\n\n<figure class=\"wp-block-image\"><img decoding=\"async\" src=\"https:\/\/imagenes.elpais.com\/resizer\/v2\/SXOYJKL4AJP3XCXK32IY3GYABY.jpg?auth=efd10a475e26cf0a9265b39dd4542e48dd37037ff4a343acfbf47d4725307b97&amp;width=414\" alt=\"\"\/><figcaption class=\"wp-element-caption\">Claudia Sheinbaum en Palacio Nacional, este viernes.S\u00e1shenka Guti\u00e9rrez (EFE)<\/figcaption><\/figure>\n\n\n\n<p>De la mano de Marcela Figueroa, titular del Secretariado Ejecutivo del Sistema Nacional de Seguridad P\u00fablica (SESNSP), el Gobierno ha detallado el desglose. Figueroa ha tomado las m\u00e1s de 130.000 entradas del registro y las ha dividido en tres rubros. En primer lugar, figuran las entradas en que los datos de la persona supuestamente desaparecida son \u201cincompletos o insuficientes\u201d. Es decir, que quien quiera que subiera el reporte a la base de datos no a\u00f1adi\u00f3 el nombre de la persona, su fecha de nacimiento o desaparici\u00f3n, el lugar donde ocurri\u00f3, su sexo, o varias de estas variantes combinadas.<\/p>\n\n\n\n<p>Estos casos suman m\u00e1s de 46.000 del total e incluyen algunos donde la entrada solo consta de un apodo, el nombre de un negocio o de nombres directamente falsos. Durante a\u00f1os, cualquiera pod\u00eda a\u00f1adir un reporte al registro, situaci\u00f3n que explica el desorden que ha dibujado el Ejecutivo. De cualquier manera, el Gobierno pone estas entradas en cuarentena y no descarta que haya casos reales de personas desaparecidas entre ellas.<\/p>\n\n\n\n<p>En segundo lugar, aparecen los casos en que la persona reportada como desaparecida \u201ctuvo alg\u00fan tipo de actividad oficial\u201d despu\u00e9s de su desaparici\u00f3n. Bajo este rubro, el Ejecutivo coloca los casos de personas que votaron en unas elecciones, que se casaron o tuvieron hijos, que se vacunaron contra el covid-19, que fueron a consulta con m\u00e9dicos de alguno de los seguros sociales p\u00fablicos del pa\u00eds, el IMSS o el ISSSTE&#8230; El Gabinete de Seguridad asume que, si bien en estos casos, alrededor de 40.000, la ausencia de la persona reportada como desaparecida es real para el denunciante, la situaci\u00f3n no tendr\u00eda que ver necesariamente con el crimen.<\/p>\n\n\n\n<figure class=\"wp-block-image size-large\"><img decoding=\"async\" width=\"1024\" height=\"683\" src=\"https:\/\/losperiodistas.com.mx\/portal\/wp-content\/uploads\/2026\/03\/TKBJRJ4QGNDRZJWB76IE7TS7VA-1024x683.avif\" alt=\"\" class=\"wp-image-119315\" srcset=\"https:\/\/losperiodistas.com.mx\/portal\/wp-content\/uploads\/2026\/03\/TKBJRJ4QGNDRZJWB76IE7TS7VA-1024x683.avif 1024w, https:\/\/losperiodistas.com.mx\/portal\/wp-content\/uploads\/2026\/03\/TKBJRJ4QGNDRZJWB76IE7TS7VA-300x200.avif 300w, https:\/\/losperiodistas.com.mx\/portal\/wp-content\/uploads\/2026\/03\/TKBJRJ4QGNDRZJWB76IE7TS7VA-768x512.avif 768w, https:\/\/losperiodistas.com.mx\/portal\/wp-content\/uploads\/2026\/03\/TKBJRJ4QGNDRZJWB76IE7TS7VA-1536x1024.avif 1536w, https:\/\/losperiodistas.com.mx\/portal\/wp-content\/uploads\/2026\/03\/TKBJRJ4QGNDRZJWB76IE7TS7VA.avif 1960w\" sizes=\"(max-width: 1024px) 100vw, 1024px\" \/><figcaption class=\"wp-element-caption\">Brigada de b\u00fasqueda en el Ajusco, Ciudad de M\u00e9xico, en octubre de 2025.Nayeli Cruz<\/figcaption><\/figure>\n\n\n\n<p>Por \u00faltimo, el Gobierno coloca los casos de personas desaparecidas, cuyos registros est\u00e1n bien hechos y no han tenido actividad posterior al reporte de la desaparici\u00f3n. Este rubro agrupa m\u00e1s de 43.000 casos y es, por decirlo de alguna manera, la cifra m\u00ednima de personas desaparecidas que cuenta M\u00e9xico hoy d\u00eda. Figueroa ha destacado que, de cada 100 personas reportadas como desaparecidas en un mes, en promedio 66 son localizadas. Adem\u00e1s, ha dicho que de cada 100 localizadas, 92 son halladas con vida.<\/p>\n\n\n\n<p>El informe que ha presentado el Gobierno, una actualizaci\u00f3n y matizaci\u00f3n del registro ya existente, en realidad, deja una sensaci\u00f3n extra\u00f1a. M\u00e9xico y el grueso de colectivos de familiares de personas desaparecidas esperaban la puesta de largo de la nueva Base de Datos de Carpetas de Investigaci\u00f3n de Personas Desaparecidas, un registro mucho m\u00e1s exhaustivo que el actual, dependiente de las pesquisas de las fiscal\u00edas, obligadas, desde julio del a\u00f1o pasado, a iniciar una investigaci\u00f3n por cada denuncia. A diferencia del actual, que manejaba la Secretar\u00eda de Gobernaci\u00f3n, el nuevo estar\u00e1 manejado por el SESNSP.<\/p>\n\n\n\n<p>El motivo de que no se haya presentado la nueva base de datos apunta a la complejidad del cribado. El equipo de Figueroa trabaja para que las fiscal\u00edas actualicen sus casos y abran una investigaci\u00f3n por cada reporte de persona desaparecida. De la misma manera, el SESNSP demanda que las procuradur\u00edas locales completen los registros en que los datos de la persona desaparecida resultan insuficientes, cuando se pueda. A la vez, el secretariado labora en dilucidar cada uno de los casos en que la persona reportada como desaparecida ha tenido actividad posterior. En los \u00faltimos seis meses, la dependencia ha ubicado a m\u00e1s de 5.000 personas de este rubro, que ascend\u00eda a m\u00e1s de 46.000.<\/p>\n\n\n\n<p>As\u00ed, la pelota aparece ahora en el tejado de las fiscal\u00edas locales. En 2018, cuando Andr\u00e9s Manuel L\u00f3pez Obrador lleg\u00f3 al Gobierno, M\u00e9xico estren\u00f3 una ley para castigar la desaparici\u00f3n de personas cometida por particulares. El problema entonces ya era grave, no solo por los miles de casos de desaparecidos que contaba el pa\u00eds, sino por el desorden burocr\u00e1tico y estad\u00edstico que reinaba alrededor del fen\u00f3meno. La creaci\u00f3n del registro trat\u00f3 de poner algo de orden, pero la falta de criterios para incluir reportes gener\u00f3 fallas, que han seguido sin subsanarse estos a\u00f1os. Desde hace nueve meses, las fiscal\u00edas tienen la obligaci\u00f3n de abrir investigaciones por cada caso y alimentar as\u00ed la base de datos. A d\u00eda de hoy, de los m\u00e1s de 43.000 casos del \u00faltimo rubro, la cifra m\u00ednima de desaparecidos en el pa\u00eds, menos de 4.000 cuentan con carpetas de investigaci\u00f3n.<\/p>\n\n\n\n<p>Fuente: <a href=\"https:\/\/elpais.com\/mexico\/2026-03-27\/mexico-reinterpreta-sus-cifras-de-personas-desaparecidas.html\">https:\/\/elpais.com\/mexico\/2026-03-27\/mexico-reinterpreta-sus-cifras-de-personas-desaparecidas.html<\/a><\/p>\n","protected":false},"excerpt":{"rendered":"<p>El Gobierno desglosa el registro oficial, con m\u00e1s de 130.000 desaparecidos desde 2006: el 33% no ha tenido ning\u00fan tipo [&hellip;]<\/p>\n","protected":false},"author":1,"featured_media":119314,"comment_status":"open","ping_status":"open","sticky":false,"template":"","format":"standard","meta":{"site-sidebar-layout":"default","site-content-layout":"","ast-site-content-layout":"default","site-content-style":"default","site-sidebar-style":"default","ast-global-header-display":"","ast-banner-title-visibility":"","ast-main-header-display":"","ast-hfb-above-header-display":"","ast-hfb-below-header-display":"","ast-hfb-mobile-header-display":"","site-post-title":"","ast-breadcrumbs-content":"","ast-featured-img":"","footer-sml-layout":"","theme-transparent-header-meta":"","adv-header-id-meta":"","stick-header-meta":"","header-above-stick-meta":"","header-main-stick-meta":"","header-below-stick-meta":"","astra-migrate-meta-layouts":"default","ast-page-background-enabled":"default","ast-page-background-meta":{"desktop":{"background-color":"var(--ast-global-color-4)","background-image":"","background-repeat":"repeat","background-position":"center center","background-size":"auto","background-attachment":"scroll","background-type":"","background-media":"","overlay-type":"","overlay-color":"","overlay-opacity":"","overlay-gradient":""},"tablet":{"background-color":"","background-image":"","background-repeat":"repeat","background-position":"center center","background-size":"auto","background-attachment":"scroll","background-type":"","background-media":"","overlay-type":"","overlay-color":"","overlay-opacity":"","overlay-gradient":""},"mobile":{"background-color":"","background-image":"","background-repeat":"repeat","background-position":"center center","background-size":"auto","background-attachment":"scroll","background-type":"","background-media":"","overlay-type":"","overlay-color":"","overlay-opacity":"","overlay-gradient":""}},"ast-content-background-meta":{"desktop":{"background-color":"var(--ast-global-color-5)","background-image":"","background-repeat":"repeat","background-position":"center center","background-size":"auto","background-attachment":"scroll","background-type":"","background-media":"","overlay-type":"","overlay-color":"","overlay-opacity":"","overlay-gradient":""},"tablet":{"background-color":"var(--ast-global-color-5)","background-image":"","background-repeat":"repeat","background-position":"center center","background-size":"auto","background-attachment":"scroll","background-type":"","background-media":"","overlay-type":"","overlay-color":"","overlay-opacity":"","overlay-gradient":""},"mobile":{"background-color":"var(--ast-global-color-5)","background-image":"","background-repeat":"repeat","background-position":"center center","background-size":"auto","background-attachment":"scroll","background-type":"","background-media":"","overlay-type":"","overlay-color":"","overlay-opacity":"","overlay-gradient":""}},"footnotes":""},"categories":[8],"tags":[47604,31041,16903],"class_list":["post-119313","post","type-post","status-publish","format-standard","has-post-thumbnail","hentry","category-noticias","tag-130-mil-desaparecidos-mexico","tag-personas-desaparecidas-mexico","tag-sheinbaum"],"_links":{"self":[{"href":"https:\/\/losperiodistas.com.mx\/portal\/wp-json\/wp\/v2\/posts\/119313","targetHints":{"allow":["GET"]}}],"collection":[{"href":"https:\/\/losperiodistas.com.mx\/portal\/wp-json\/wp\/v2\/posts"}],"about":[{"href":"https:\/\/losperiodistas.com.mx\/portal\/wp-json\/wp\/v2\/types\/post"}],"author":[{"embeddable":true,"href":"https:\/\/losperiodistas.com.mx\/portal\/wp-json\/wp\/v2\/users\/1"}],"replies":[{"embeddable":true,"href":"https:\/\/losperiodistas.com.mx\/portal\/wp-json\/wp\/v2\/comments?post=119313"}],"version-history":[{"count":1,"href":"https:\/\/losperiodistas.com.mx\/portal\/wp-json\/wp\/v2\/posts\/119313\/revisions"}],"predecessor-version":[{"id":119317,"href":"https:\/\/losperiodistas.com.mx\/portal\/wp-json\/wp\/v2\/posts\/119313\/revisions\/119317"}],"wp:featuredmedia":[{"embeddable":true,"href":"https:\/\/losperiodistas.com.mx\/portal\/wp-json\/wp\/v2\/media\/119314"}],"wp:attachment":[{"href":"https:\/\/losperiodistas.com.mx\/portal\/wp-json\/wp\/v2\/media?parent=119313"}],"wp:term":[{"taxonomy":"category","embeddable":true,"href":"https:\/\/losperiodistas.com.mx\/portal\/wp-json\/wp\/v2\/categories?post=119313"},{"taxonomy":"post_tag","embeddable":true,"href":"https:\/\/losperiodistas.com.mx\/portal\/wp-json\/wp\/v2\/tags?post=119313"}],"curies":[{"name":"wp","href":"https:\/\/api.w.org\/{rel}","templated":true}]}}