{"id":11928,"date":"2021-08-22T14:31:39","date_gmt":"2021-08-22T19:31:39","guid":{"rendered":"http:\/\/losperiodistas.com.mx\/portal\/?p=11928"},"modified":"2021-08-22T14:31:41","modified_gmt":"2021-08-22T19:31:41","slug":"y-el-sentido-comun","status":"publish","type":"post","link":"https:\/\/losperiodistas.com.mx\/portal\/y-el-sentido-comun\/","title":{"rendered":"\u00bfY el sentido com\u00fan?"},"content":{"rendered":"\n<p><\/p>\n\n\n\n<figure class=\"wp-block-embed is-type-video is-provider-youtube wp-block-embed-youtube wp-embed-aspect-16-9 wp-has-aspect-ratio\"><div class=\"wp-block-embed__wrapper\">\n<iframe title=\"\u00bfY el sentido com\u00fan?\" width=\"500\" height=\"281\" src=\"https:\/\/www.youtube.com\/embed\/DOFO4h3VMYc?feature=oembed\" frameborder=\"0\" allow=\"accelerometer; autoplay; clipboard-write; encrypted-media; gyroscope; picture-in-picture; web-share\" referrerpolicy=\"strict-origin-when-cross-origin\" allowfullscreen><\/iframe>\n<\/div><\/figure>\n\n\n\n<p class=\"has-vivid-cyan-blue-color has-text-color\" style=\"font-size:26px\"><strong><em>Por Jes\u00fas Manuel Hern\u00e1ndez<\/em><\/strong><\/p>\n\n\n\n<p>El debate respecto al regreso a clases presenciales en el pa\u00eds ronda la tentaci\u00f3n de poner en duda el \u201csentido com\u00fan\u201d, ese conjunto de conocimientos y experiencias de la sociedad que aflora, se asoma, ante escenarios donde urge una definici\u00f3n, una opini\u00f3n sobre qu\u00e9 hacer.<\/p>\n\n\n\n<p>Dec\u00eda Galileo Galilei: \u201cNo me siento obligado a creer que Dios, que nos ha dotado de inteligencia, sentido com\u00fan y raciocinio, s\u00ed tuviera como objetivo privarnos de su uso\u201d.<\/p>\n\n\n\n<p>El sentido com\u00fan ha hecho que cuando un ni\u00f1o padece alguna enfermedad contagiosa no vaya a clases, pues puede contaminar al resto del sal\u00f3n. Los maestros y los padres de familia lo agradecen.<\/p>\n\n\n\n<p>El sentido com\u00fan obliga a priorizar la vida por encima de otros asuntos por muy importantes que sean. Cierto es, como dice el presidente, que los ni\u00f1os est\u00e1n aficion\u00e1ndose a pr\u00e1cticas poco ben\u00e9ficas con los video juegos.<\/p>\n\n\n\n<p>Tambi\u00e9n tiene raz\u00f3n la titular de la SEP Delfina G\u00f3mez que las y los estudiantes necesitan sociabilizar, es una de las consecuencias de ir a la escuela y un asunto clave para hacer sociedad.<\/p>\n\n\n\n<p>Y tambi\u00e9n es cierto que el sistema educativo de M\u00e9xico adolece de instalaciones adecuadas, que muchas escuelas han sido improvisadas, que no tienen agua potable, o que las condiciones del edificio son las menos favorables para evitar el contagio del terrible Covid.<\/p>\n\n\n\n<p>Los m\u00e9dicos recomiendan que las personas privilegien sitios bien ventilados, que no haya contacto a menos de 1.5 metros, que se laven constantemente las manos y se use el cubre bocas y al menor s\u00edntoma de contagio venga el aislamiento, la prueba, la medicaci\u00f3n para evitar complicaciones.<\/p>\n\n\n\n<p>\u00bfTiene el Estado Mexicano estas condiciones para actuar? \u00bfHay suficientes pruebas para detectar el Covid en los 30 millones de escolares en un caso de emergencia? El sentido com\u00fan dice que no. Pero los pol\u00edticos dicen que s\u00ed.<\/p>\n\n\n\n<p>Cu\u00e1ntos casos se han dado en personas con seguridad social que no son atendidos en las instituciones p\u00fablicas como el IMSS o el ISSSTE porque no cuentan con el material para hacer pruebas r\u00e1pidas de contagios. Muchos lectores habr\u00e1n padecido o conocido de casos, de ah\u00ed que farmacias privadas se dediquen a hacer las pruebas r\u00e1pidas, por 300 pesos o los laboratorios por algunos miles m\u00e1s.<\/p>\n\n\n\n<p>\u00bfAcaso los padres de familia tendr\u00e1n que cubrir los gastos para detectar posibles contagios de sus hijos?<\/p>\n\n\n\n<p>\u00bfY qu\u00e9 hay del transporte donde se muevan los escolares, cumplir\u00e1n con los protocolos de desinfecci\u00f3n?<\/p>\n\n\n\n<p>\u00bfY qu\u00e9 hay de la capacidad f\u00edsica de los profesores en las escuelas p\u00fablicas donde los grupos no son controlables y el intercambio entre los alumnos ser\u00e1 inevitable?<\/p>\n\n\n\n<p>De ah\u00ed que el regreso a clases en el esquema autoritario del \u201cllueve, truene o relampaguee\u201d s\u00f3lo deja ver que el regreso presencial debe hacerse pese a que las circunstancias se opongan, es decir, a como d\u00e9 lugar, contra viento y marea.<\/p>\n\n\n\n<p>A partir de esa desafortunada frase presidencial es que se desata la pol\u00e9mica.<\/p>\n\n\n\n<p>Luego vino el asunto de las cartas, la primera, la segunda y la tercera, donde los padres de familia o tutores absorben la responsabilidad del regreso a trav\u00e9s de la frase: \u201cManifiesto mi compromiso de aceptar el retorno seguro de mi hijo\/hija bajo la siguiente modalidad (seleccionar una opci\u00f3n):<\/p>\n\n\n\n<p>\u201cNo deseo que mi hijo trabaje de forma virtual o presencial\/ S\u00ed deseo que mi hijo trabaje de forma virtual o presencial\u201d. Aparece tambi\u00e9n la modalidad \u201cmixta\u201d.<\/p>\n\n\n\n<p>El asunto se ha politizado desde la silla presidencial, el uso del autoritarismo desencaden\u00f3 las cr\u00edticas y la polarizaci\u00f3n, el presidente parece que est\u00e1 obsesionado por demostrarle al mundo, o a los mexicanos, o a \u00e9l mismo, que el gobierno ya dom\u00f3 la curva, ya control\u00f3 la pandemia, y todo vuelve a la normalidad, cuando la realidad ofrece otros datos.<\/p>\n\n\n\n<p>La \u00faltima semana ha sido la m\u00e1s peligrosa en contagios. El mi\u00e9rcoles se alcanzo la cifra hist\u00f3rica de toda la pandemia con 28,953 casos en un d\u00eda, lo que ubica al pa\u00eds en 3 millones 425 mil 605 contagios con m\u00e1s de 350 mil muertos. La semana pasada fue cr\u00edtica, en 7 d\u00edas, 149 mil 086 casos rompieron el r\u00e9cord de toda la pandemia. La tercera ola ha sido como un balde de agua fr\u00eda para las pol\u00edticas emprendidas por L\u00f3pez-Gatell.<\/p>\n\n\n\n<p>En el caso concreto de Puebla, la entidad registr\u00f3 3 mil contagios la \u00faltima semana, las defunciones aumentaron m\u00e1s del 22 por ciento, las vacunas no alcanzan, apenas el 38 por ciento de los habitantes en la entidad ha sido vacunado con al menos una dosis.<\/p>\n\n\n\n<p>El regreso a clases es necesario, pero hab\u00eda que preguntarse, si lo es s\u00f3lo para la gayola y la galer\u00eda de admiradores de la 4T o para la salud de los estudiantes.<\/p>\n\n\n\n<p>El tema sin duda est\u00e1 en esa l\u00ednea tan delgada entre politizar la decisi\u00f3n y usar el sentido com\u00fan.<\/p>\n\n\n\n<p>O por lo menos as\u00ed me lo parece.<\/p>\n\n\n\n<p><a href=\"mailto:losperiodistas.com.mx@gmail.com\">losperiodistas.com.mx@gmail.com<\/a><\/p>\n","protected":false},"excerpt":{"rendered":"<p>Por Jes\u00fas Manuel Hern\u00e1ndez El debate respecto al regreso a clases presenciales en el pa\u00eds ronda la tentaci\u00f3n de poner [&hellip;]<\/p>\n","protected":false},"author":1,"featured_media":11929,"comment_status":"open","ping_status":"open","sticky":false,"template":"","format":"standard","meta":{"site-sidebar-layout":"default","site-content-layout":"","ast-site-content-layout":"default","site-content-style":"default","site-sidebar-style":"default","ast-global-header-display":"","ast-banner-title-visibility":"","ast-main-header-display":"","ast-hfb-above-header-display":"","ast-hfb-below-header-display":"","ast-hfb-mobile-header-display":"","site-post-title":"","ast-breadcrumbs-content":"","ast-featured-img":"","footer-sml-layout":"","theme-transparent-header-meta":"","adv-header-id-meta":"","stick-header-meta":"","header-above-stick-meta":"","header-main-stick-meta":"","header-below-stick-meta":"","astra-migrate-meta-layouts":"default","ast-page-background-enabled":"default","ast-page-background-meta":{"desktop":{"background-color":"var(--ast-global-color-4)","background-image":"","background-repeat":"repeat","background-position":"center center","background-size":"auto","background-attachment":"scroll","background-type":"","background-media":"","overlay-type":"","overlay-color":"","overlay-opacity":"","overlay-gradient":""},"tablet":{"background-color":"","background-image":"","background-repeat":"repeat","background-position":"center center","background-size":"auto","background-attachment":"scroll","background-type":"","background-media":"","overlay-type":"","overlay-color":"","overlay-opacity":"","overlay-gradient":""},"mobile":{"background-color":"","background-image":"","background-repeat":"repeat","background-position":"center center","background-size":"auto","background-attachment":"scroll","background-type":"","background-media":"","overlay-type":"","overlay-color":"","overlay-opacity":"","overlay-gradient":""}},"ast-content-background-meta":{"desktop":{"background-color":"var(--ast-global-color-5)","background-image":"","background-repeat":"repeat","background-position":"center center","background-size":"auto","background-attachment":"scroll","background-type":"","background-media":"","overlay-type":"","overlay-color":"","overlay-opacity":"","overlay-gradient":""},"tablet":{"background-color":"var(--ast-global-color-5)","background-image":"","background-repeat":"repeat","background-position":"center center","background-size":"auto","background-attachment":"scroll","background-type":"","background-media":"","overlay-type":"","overlay-color":"","overlay-opacity":"","overlay-gradient":""},"mobile":{"background-color":"var(--ast-global-color-5)","background-image":"","background-repeat":"repeat","background-position":"center center","background-size":"auto","background-attachment":"scroll","background-type":"","background-media":"","overlay-type":"","overlay-color":"","overlay-opacity":"","overlay-gradient":""}},"footnotes":""},"categories":[8,5],"tags":[3421,3439],"class_list":["post-11928","post","type-post","status-publish","format-standard","has-post-thumbnail","hentry","category-noticias","category-por-soleares","tag-regreso-a-clases","tag-sentido-comun"],"_links":{"self":[{"href":"https:\/\/losperiodistas.com.mx\/portal\/wp-json\/wp\/v2\/posts\/11928","targetHints":{"allow":["GET"]}}],"collection":[{"href":"https:\/\/losperiodistas.com.mx\/portal\/wp-json\/wp\/v2\/posts"}],"about":[{"href":"https:\/\/losperiodistas.com.mx\/portal\/wp-json\/wp\/v2\/types\/post"}],"author":[{"embeddable":true,"href":"https:\/\/losperiodistas.com.mx\/portal\/wp-json\/wp\/v2\/users\/1"}],"replies":[{"embeddable":true,"href":"https:\/\/losperiodistas.com.mx\/portal\/wp-json\/wp\/v2\/comments?post=11928"}],"version-history":[{"count":1,"href":"https:\/\/losperiodistas.com.mx\/portal\/wp-json\/wp\/v2\/posts\/11928\/revisions"}],"predecessor-version":[{"id":11930,"href":"https:\/\/losperiodistas.com.mx\/portal\/wp-json\/wp\/v2\/posts\/11928\/revisions\/11930"}],"wp:featuredmedia":[{"embeddable":true,"href":"https:\/\/losperiodistas.com.mx\/portal\/wp-json\/wp\/v2\/media\/11929"}],"wp:attachment":[{"href":"https:\/\/losperiodistas.com.mx\/portal\/wp-json\/wp\/v2\/media?parent=11928"}],"wp:term":[{"taxonomy":"category","embeddable":true,"href":"https:\/\/losperiodistas.com.mx\/portal\/wp-json\/wp\/v2\/categories?post=11928"},{"taxonomy":"post_tag","embeddable":true,"href":"https:\/\/losperiodistas.com.mx\/portal\/wp-json\/wp\/v2\/tags?post=11928"}],"curies":[{"name":"wp","href":"https:\/\/api.w.org\/{rel}","templated":true}]}}