{"id":11925,"date":"2021-08-22T14:24:26","date_gmt":"2021-08-22T19:24:26","guid":{"rendered":"http:\/\/losperiodistas.com.mx\/portal\/?p=11925"},"modified":"2021-08-22T14:24:27","modified_gmt":"2021-08-22T19:24:27","slug":"mercedes-aguilar-ex-colaboradora-de-rafael-moreno-valle-es-vinculada-a-proceso-oem","status":"publish","type":"post","link":"https:\/\/losperiodistas.com.mx\/portal\/mercedes-aguilar-ex-colaboradora-de-rafael-moreno-valle-es-vinculada-a-proceso-oem\/","title":{"rendered":"Mercedes Aguilar, ex colaboradora de Rafael Moreno Valle, es vinculada a proceso | OEM"},"content":{"rendered":"\n<p style=\"font-size:18px\"><em>Se le consideraba la mano derecha del ex mandatario, desde que \u00e9l fung\u00eda como presidente de la Gran Comisi\u00f3n en el Congreso del Estado<\/em><\/p>\n\n\n\n<figure class=\"wp-block-image size-large\"><img fetchpriority=\"high\" decoding=\"async\" width=\"1024\" height=\"732\" src=\"https:\/\/losperiodistas.com.mx\/portal\/wp-content\/uploads\/2021\/08\/Captura-de-Pantalla-2021-08-22-a-las-14.20.27-1024x732.jpg\" alt=\"\" class=\"wp-image-11926\" srcset=\"https:\/\/losperiodistas.com.mx\/portal\/wp-content\/uploads\/2021\/08\/Captura-de-Pantalla-2021-08-22-a-las-14.20.27-1024x732.jpg 1024w, https:\/\/losperiodistas.com.mx\/portal\/wp-content\/uploads\/2021\/08\/Captura-de-Pantalla-2021-08-22-a-las-14.20.27-300x215.jpg 300w, https:\/\/losperiodistas.com.mx\/portal\/wp-content\/uploads\/2021\/08\/Captura-de-Pantalla-2021-08-22-a-las-14.20.27-768x549.jpg 768w, https:\/\/losperiodistas.com.mx\/portal\/wp-content\/uploads\/2021\/08\/Captura-de-Pantalla-2021-08-22-a-las-14.20.27.jpg 1496w\" sizes=\"(max-width: 1024px) 100vw, 1024px\" \/><\/figure>\n\n\n\n<p class=\"has-medium-font-size\">MAYRA FLORES \/ EL SOL DE PUEBLA<\/p>\n\n\n\n<p>Por el delito de abuso de autoridad,&nbsp;<strong>Mar\u00eda Mercedes Aguilar L\u00f3pez<\/strong>, quien fuera colaboradora del extinto ex Gobernador,&nbsp;<strong><a href=\"https:\/\/www.elsoldepuebla.com.mx\/local\/el-era-rafael-moreno-valle-rosas-puebla-pan-martha-erika-alonso-general-rafael-moreno-valle-4619962.html\">Rafael Moreno Valle Rosas<\/a><\/strong>, fue vinculada a proceso el pasado 19 de agosto, sin embargo enfrentar\u00e1 el proceso en libertad.<\/p>\n\n\n\n<p>El proceso contra Aguilar se desprende de una investigaci\u00f3n de la\u00a0<strong>Fiscal\u00eda Especializada en el Combate a la Corrupci\u00f3n<\/strong>\u00a0de la Fiscal\u00eda General del Estado, en la que se detect\u00f3 que habr\u00eda sido aviadora al menos cinco meses en la\u00a0<strong>Secretar\u00eda de Educaci\u00f3n P\u00fablica (SEP)<\/strong>.<\/p>\n\n\n\n<p>De acuerdo con la carpeta 203\/2021 integrada por la FGE,&nbsp;<strong>Mercedes Aguilar<\/strong>&nbsp;percibi\u00f3 salario como analista especializada en la SEP durante las gestiones de los ex gobernadores&nbsp;<strong>Antonio Gali<\/strong>&nbsp;y&nbsp;<strong>Guillermo Pacheco<\/strong>, sin embargo hubo periodos en que se ausent\u00f3 de sus labores y a\u00fan as\u00ed cobr\u00f3.<\/p>\n\n\n\n<p>Aunque\u00a0<strong>enfrentar\u00e1 el proceso en libertad\u00a0<\/strong>debe acatar diversas medidas cautelares que le fueron impuestas, entre ellas una\u00a0<strong>multa econ\u00f3mica<\/strong>, no deber\u00e1 salir del pa\u00eds y deber\u00e1 acudir al juzgado a firmar cada 15 d\u00edas, durante tres meses.<\/p>\n\n\n\n<p><strong>Mercedes Aguilar<\/strong>&nbsp;fue secretaria particular del ex Gobernador,&nbsp;<strong>Rafael Moreno Valle&nbsp;<\/strong>y previamente ocup\u00f3 otros cargos en la misma administraci\u00f3n estatal, ya que se desempe\u00f1\u00f3 como encargada de despacho de la&nbsp;<strong>Secretar\u00eda de Cultura<\/strong>&nbsp;y directora del&nbsp;<strong>Instituto de Capacitaci\u00f3n para el Trabajo (ICATEP)<\/strong>.<\/p>\n\n\n\n<p>Se le consideraba la mano derecha del ex mandatario, desde que \u00e9l fung\u00eda como presidente de la Gran Comisi\u00f3n en el\u00a0<strong>Congreso del Estado<\/strong>.<\/p>\n\n\n\n<p>Incluso, tras la muerte de<strong>\u00a0Moreno Valle<\/strong>\u00a0y su esposa\u00a0<strong>Martha Erika Alonso Hidalgo<\/strong>, entonces gobernadora,\u00a0<strong>Mercedes Aguilar\u00a0<\/strong>fue de los pocos ex colaboradores del matrimonio que sigui\u00f3 acudiendo al lugar en el que se desplom\u00f3 el helic\u00f3ptero en el que viajaban el 24 de diciembre del 2018, para llevar flores y veladoras.<\/p>\n\n\n\n<p>Fuente: https:\/\/www.elsoldepuebla.com.mx\/incoming\/mercedes-aguilar-ex-colaboradora-de-rafael-moreno-valle-es-vinculada-a-proceso-7115777.html<\/p>\n","protected":false},"excerpt":{"rendered":"<p>Se le consideraba la mano derecha del ex mandatario, desde que \u00e9l fung\u00eda como presidente de la Gran Comisi\u00f3n en [&hellip;]<\/p>\n","protected":false},"author":1,"featured_media":11926,"comment_status":"open","ping_status":"open","sticky":false,"template":"","format":"standard","meta":{"site-sidebar-layout":"default","site-content-layout":"","ast-site-content-layout":"default","site-content-style":"default","site-sidebar-style":"default","ast-global-header-display":"","ast-banner-title-visibility":"","ast-main-header-display":"","ast-hfb-above-header-display":"","ast-hfb-below-header-display":"","ast-hfb-mobile-header-display":"","site-post-title":"","ast-breadcrumbs-content":"","ast-featured-img":"","footer-sml-layout":"","theme-transparent-header-meta":"","adv-header-id-meta":"","stick-header-meta":"","header-above-stick-meta":"","header-main-stick-meta":"","header-below-stick-meta":"","astra-migrate-meta-layouts":"default","ast-page-background-enabled":"default","ast-page-background-meta":{"desktop":{"background-color":"var(--ast-global-color-4)","background-image":"","background-repeat":"repeat","background-position":"center center","background-size":"auto","background-attachment":"scroll","background-type":"","background-media":"","overlay-type":"","overlay-color":"","overlay-opacity":"","overlay-gradient":""},"tablet":{"background-color":"","background-image":"","background-repeat":"repeat","background-position":"center center","background-size":"auto","background-attachment":"scroll","background-type":"","background-media":"","overlay-type":"","overlay-color":"","overlay-opacity":"","overlay-gradient":""},"mobile":{"background-color":"","background-image":"","background-repeat":"repeat","background-position":"center center","background-size":"auto","background-attachment":"scroll","background-type":"","background-media":"","overlay-type":"","overlay-color":"","overlay-opacity":"","overlay-gradient":""}},"ast-content-background-meta":{"desktop":{"background-color":"var(--ast-global-color-5)","background-image":"","background-repeat":"repeat","background-position":"center center","background-size":"auto","background-attachment":"scroll","background-type":"","background-media":"","overlay-type":"","overlay-color":"","overlay-opacity":"","overlay-gradient":""},"tablet":{"background-color":"var(--ast-global-color-5)","background-image":"","background-repeat":"repeat","background-position":"center center","background-size":"auto","background-attachment":"scroll","background-type":"","background-media":"","overlay-type":"","overlay-color":"","overlay-opacity":"","overlay-gradient":""},"mobile":{"background-color":"var(--ast-global-color-5)","background-image":"","background-repeat":"repeat","background-position":"center center","background-size":"auto","background-attachment":"scroll","background-type":"","background-media":"","overlay-type":"","overlay-color":"","overlay-opacity":"","overlay-gradient":""}},"footnotes":""},"categories":[8],"tags":[3438,3436,3437],"class_list":["post-11925","post","type-post","status-publish","format-standard","has-post-thumbnail","hentry","category-noticias","tag-abuso-de-autoridad","tag-mercedes-aguilar-lopez","tag-rafael-moreno-valle"],"_links":{"self":[{"href":"https:\/\/losperiodistas.com.mx\/portal\/wp-json\/wp\/v2\/posts\/11925","targetHints":{"allow":["GET"]}}],"collection":[{"href":"https:\/\/losperiodistas.com.mx\/portal\/wp-json\/wp\/v2\/posts"}],"about":[{"href":"https:\/\/losperiodistas.com.mx\/portal\/wp-json\/wp\/v2\/types\/post"}],"author":[{"embeddable":true,"href":"https:\/\/losperiodistas.com.mx\/portal\/wp-json\/wp\/v2\/users\/1"}],"replies":[{"embeddable":true,"href":"https:\/\/losperiodistas.com.mx\/portal\/wp-json\/wp\/v2\/comments?post=11925"}],"version-history":[{"count":1,"href":"https:\/\/losperiodistas.com.mx\/portal\/wp-json\/wp\/v2\/posts\/11925\/revisions"}],"predecessor-version":[{"id":11927,"href":"https:\/\/losperiodistas.com.mx\/portal\/wp-json\/wp\/v2\/posts\/11925\/revisions\/11927"}],"wp:featuredmedia":[{"embeddable":true,"href":"https:\/\/losperiodistas.com.mx\/portal\/wp-json\/wp\/v2\/media\/11926"}],"wp:attachment":[{"href":"https:\/\/losperiodistas.com.mx\/portal\/wp-json\/wp\/v2\/media?parent=11925"}],"wp:term":[{"taxonomy":"category","embeddable":true,"href":"https:\/\/losperiodistas.com.mx\/portal\/wp-json\/wp\/v2\/categories?post=11925"},{"taxonomy":"post_tag","embeddable":true,"href":"https:\/\/losperiodistas.com.mx\/portal\/wp-json\/wp\/v2\/tags?post=11925"}],"curies":[{"name":"wp","href":"https:\/\/api.w.org\/{rel}","templated":true}]}}