{"id":1189,"date":"2020-11-14T11:15:21","date_gmt":"2020-11-14T17:15:21","guid":{"rendered":"http:\/\/losperiodistas.com.mx\/portal\/?p=1189"},"modified":"2020-11-14T11:15:21","modified_gmt":"2020-11-14T17:15:21","slug":"5-cifras-que-muestran-como-la-pandemia-de-coronavirus-esta-fuera-de-control-en-estados-unidos","status":"publish","type":"post","link":"https:\/\/losperiodistas.com.mx\/portal\/5-cifras-que-muestran-como-la-pandemia-de-coronavirus-esta-fuera-de-control-en-estados-unidos\/","title":{"rendered":"5 cifras que muestran c\u00f3mo la pandemia de coronavirus est\u00e1 fuera de control en Estados Unidos"},"content":{"rendered":"\n<p style=\"font-size:18px\"><em>Sanjay Gupta, corresponsal m\u00e9dico de la CNN calific\u00f3 la situaci\u00f3n como un \u00abdesastre humanitario\u00bb<\/em><\/p>\n\n\n\n<p class=\"has-vivid-cyan-blue-color has-text-color has-medium-font-size\">BBC NEWS MUNDO<\/p>\n\n\n\n<p><strong>La incertidumbre pol\u00edtica y la emergencia sanitaria se cruzan en EE.UU.: mientras el gobierno de Donald Trump se enfoca en pedir recuentos y disputar el resultado de las elecciones, la pandemia de coronavirus vive su peor momento en el pa\u00eds.<\/strong><\/p>\n\n\n\n<p>Con la cercan\u00eda del invierno y ante la carencia de un plan nacional para hacer frente a los nuevos brotes, los nuevos casos, las hospitalizaciones y las muertes se multiplican.<\/p>\n\n\n\n<p>Desde hace d\u00edas, medios de EE.UU. cr\u00edticos con la gesti\u00f3n de Trump hab\u00edan se\u00f1alado que el presidente, que pas\u00f3 m\u00e1s de una semana sin hablar ante la prensa, no parec\u00eda mostrar inter\u00e9s en sus obligaciones y en el curso de la pandemia, mientras intenta revertir desde Twitter y los tribunales el resultado de los comicios.<\/p>\n\n\n\n<p>En la tarde de este viernes, sin embargo, Trump apareci\u00f3 otra vez frente a las c\u00e1maras para&nbsp;<strong>prometer que una potencial vacuna estar\u00e1 lista ante de finales de a\u00f1o<\/strong>&nbsp;y descart\u00f3 la posibilidad de que su gobierno imponga una nueva cuarentena para hacer frente a la pandemia.<a href=\"https:\/\/www.bbc.com\/mundo\/institucional\/2012\/06\/000000_ayuda_sobre_publicidad\">PUBLICIDAD<\/a><\/p>\n\n\n\n<p>\u00abEste gobierno no se cerrar\u00e1. Ojal\u00e1 el\u2026 pase lo que pase en el futuro, \u00bfqui\u00e9n sabe qu\u00e9 gobierno ser\u00e1? Supongo que el tiempo lo dir\u00e1. Pero puedo decirles que\u00a0<strong>este gobierno no ir\u00e1 a un cierre<\/strong>\u00ab, dijo.<\/p>\n\n\n\n<figure class=\"wp-block-image\"><img decoding=\"async\" src=\"https:\/\/ichef.bbci.co.uk\/news\/640\/cpsprodpb\/E802\/production\/_115449395_gettyimages-1285531961.jpg\" alt=\"TRump\"\/><figcaption>Pie de foto,Trump reapareci\u00f3 esta semana tras m\u00e1s de una semana sin dar una conferencia de prensa.<\/figcaption><\/figure>\n\n\n\n<p>Un d\u00eda antes, el doctor Anthony Fauci, la principal autoridad en enfermedades infecciosas del pa\u00eds, hab\u00eda llamado a redoblar los esfuerzos ante el aumento de los casos porque una vacuna efectiva, dijo, no iba a estar disponible de forma inmediata.<\/p>\n\n\n\n<p>\u00abLa ayuda est\u00e1 en camino. Pero a\u00fan no est\u00e1 aqu\u00ed\u00bb, afirm\u00f3.<\/p>\n\n\n\n<p>Fauci no ha sido el \u00fanico en llamar la atenci\u00f3n sobre el creciente n\u00famero de contagios en EE.UU.<\/p>\n\n\n\n<p>Tom Frieden, exdirector de los Centros para el Control y la Prevenci\u00f3n de Enfermedades (CDC), consider\u00f3 que la naci\u00f3n atraviesa una \u00ab<strong>temporada<\/strong><strong>&nbsp;peligrosa<\/strong>\u00ab, mientras el corresponsal m\u00e9dico de CNN, Sanjay Gupta, calific\u00f3 la situaci\u00f3n como un \u00ab<strong>desastre humanitario<\/strong>\u00ab.<\/p>\n\n\n\n<p>En tanto, el epidemi\u00f3logo Michael Osterholm, quien recientemente fue nombrado miembro del grupo de trabajo sobre el coronavirus del presidente electo, Joe Biden, describi\u00f3 el panorama actual como un \u00abinfierno covid\u00bb.<\/p>\n\n\n\n<p>Seg\u00fan Osterholm, aunque EE.UU. no el \u00fanico lugar del mundo donde los casos repuntan de nuevo, la situaci\u00f3n se vuelve m\u00e1s cr\u00edtica por dos motivos: primero, porque es el pa\u00eds con m\u00e1s contagios y muertes en el mundo y, segundo, porque el gobierno saliente no parece interesado en tomar medidas de mitigaci\u00f3n en lo que le queda en el cargo.<\/p>\n\n\n\n<p>Nos podemos hacer una idea de lo sombr\u00eda de la situaci\u00f3n repasando algunas de las cifras que han sonado las alarmas de la comunidad m\u00e9dica y cient\u00edfica.<\/p>\n\n\n\n<h2 class=\"wp-block-heading\" id=\"1-Un-r\u00e9cord-hist\u00f3rico-de-casos-\">1. Un r\u00e9cord hist\u00f3rico de casos<\/h2>\n\n\n\n<p>Desde hace meses, EE.UU. ocupa la triste posici\u00f3n de ser el pa\u00eds con m\u00e1s casos y muertes por coronavirus del mundo.<\/p>\n\n\n\n<p>De los m\u00e1s de 53 millones de contagios reportados a nivel global, m\u00e1s de 10,3 millones son de habitantes de Estados Unidos, casi un 20% del total global en una naci\u00f3n cuya poblaci\u00f3n representa el 4% del planeta.<\/p>\n\n\n\n<p>Pero si las cifras totales son alarmantes, lo que ha pasado en los \u00faltimos d\u00edas ha sido motivo de preocupaci\u00f3n mayor.<\/p>\n\n\n\n<ul class=\"wp-block-list\"><li><a href=\"https:\/\/www.bbc.com\/mundo\/noticias-internacional-53258715\">Qu\u00e9 hay detr\u00e1s del imparable aumento de casos de coronavirus en EE.UU. y por qu\u00e9 preocupa la celebraci\u00f3n del 4 de julio<\/a><\/li><li><a href=\"https:\/\/www.bbc.com\/mundo\/noticias-internacional-54757245\">EE.UU. bate r\u00e9cord de contagios y supera los 1.000 muertos en 24 horas a pocos d\u00edas de las elecciones<\/a><\/li><\/ul>\n\n\n\n<p>Solo el jueves, EE.UU. super\u00f3 los&nbsp;<strong>160.000 nuevos casos en un d\u00eda<\/strong>, casi una semana despu\u00e9s de cruzar el r\u00e9cord de los 100.000 contagios diarios.<\/p>\n\n\n\n<p>Dos estados, Texas y California, fueron los primeros esta semana en reportar m\u00e1s de un mill\u00f3n de personas infectadas, mientras otros, como Florida, le siguen los pasos.<\/p>\n\n\n\n<p>El aumento ha sido una tendencia en las \u00faltimas semanas en m\u00e1s de 40 estados y, seg\u00fan los modelos de varias universidades, la cifra podr\u00eda ir a peor en los d\u00edas venideros.<\/p>\n\n\n\n<p>De acuerdo con los CDC, se prev\u00e9 que antes del 5 de diciembre se reportar\u00e1n entre 630.000 y 1.700.000 nuevos casos en el pa\u00eds, aunque la agencia se\u00f1ala que la estimaci\u00f3n puede quedarse por debajo.<\/p>\n\n\n\n<p>\u00abDurante las \u00faltimas semanas, se han reportado m\u00e1s casos de los esperados en la predicci\u00f3n. Esto sugiere que el pron\u00f3stico actual puede no reflejar la gama completa de casos que se notificar\u00e1n en el futuro. Las previsiones para nuevos casos deben interpretarse en consecuencia\u00bb, indica en su p\u00e1gina web.<\/p>\n\n\n\n<h2 class=\"wp-block-heading\" id=\"2-Creciente-n\u00famero-hospitalizaciones\">2. Creciente n\u00famero hospitalizaciones<\/h2>\n\n\n\n<p>La escena es conocida: como pas\u00f3 en la primavera y el verano, los hospitales de muchos estados comienzan otra vez a quedarse sin camas, ahora en una proporci\u00f3n mayor.<\/p>\n\n\n\n<p>Actualmente,&nbsp;<strong>hay m\u00e1s estadounidenses hospitalizados con covid-19 en EE.UU. que en cualquier otro&nbsp;<\/strong><strong>momento anterior<\/strong><strong>&nbsp;de la pandemia<\/strong>.<\/p>\n\n\n\n<p>Hasta el 12 de noviembre, m\u00e1s de 67.000 personas recib\u00edan atenci\u00f3n hospitalaria tras dar positivo por coronavirus, seg\u00fan datos del Covid Tracking Project, un sistema de monitoreo de la pandemia.<\/p>\n\n\n\n<p>Hasta este viernes, 17 estados reportaban un incremento general de hospitalizaciones.<\/p>\n\n\n\n<figure class=\"wp-block-image\"><img decoding=\"async\" src=\"https:\/\/ichef.bbci.co.uk\/news\/640\/cpsprodpb\/13622\/production\/_115449397_gettyimages-1229605811.jpg\" alt=\"pandemia\"\/><figcaption>Pie de foto,Actualmente, hay m\u00e1s estadounidenses hospitalizados con covid-19 en EE.UU. que en cualquier otro punto anterior de la pandemia.<\/figcaption><\/figure>\n\n\n\n<p>El r\u00e9cord anterior se remontaba al 15 de abril, cuando Nueva York era el epicentro del covid-19 en EE.UU., y se reportaron 59.940 hospitalizaciones a nivel nacional.<\/p>\n\n\n\n<p>\u00ab<strong>El nuevo r\u00e9cord de hospitalizaciones muestra que hemos entrado en el peor per\u00edodo de la pandemia<\/strong>&nbsp;desde el brote original en el noreste (en Nueva York y estados cercanos)\u00bb, escribieron los creadores del Covid Tracking Project el mi\u00e9rcoles.<\/p>\n\n\n\n<h2 class=\"wp-block-heading\" id=\"3-Las-muertes-vuelven-a-aumentar\">3. Las muertes vuelven a aumentar<\/h2>\n\n\n\n<p>Los CDC registraban hasta este viernes m\u00e1s de 242.200 fallecidos, una tasa de mortalidad de 73 por cada 100.000 habitantes en EE.UU.<\/p>\n\n\n\n<p>Y reportaron el 10 de noviembre 1.859 muertos por covid-19, la cifra m\u00e1s alta desde los m\u00e1s de 2.500 registrados el 25 de junio, un d\u00eda an\u00f3malo pues para entonces la media semanal hab\u00eda estado cayendo hasta unos 600.<\/p>\n\n\n\n<p>De hecho, el 10 de noviembre se super\u00f3 por primera vez la cifra de 1.000 muertos de media en los siete d\u00edas anteriores, algo que no pasaba desde agosto.<\/p>\n\n\n\n<p>Trevor Bedford, analista del Instituto de Investigaci\u00f3n Fred Hutchinson de Seattle, record\u00f3 en Twitter que las muertes durante la pandemia generalmente comienzan a aumentar tres semanas despu\u00e9s de que se disparan los casos.<\/p>\n\n\n\n<p>\u00abEstimo que Estados Unidos reportar\u00e1 m\u00e1s de 2.000 muertes por d\u00eda en tres semanas\u00bb, escribi\u00f3.<\/p>\n\n\n\n<figure class=\"wp-block-image\"><img decoding=\"async\" src=\"https:\/\/ichef.bbci.co.uk\/news\/640\/cpsprodpb\/18442\/production\/_115449399_gettyimages-1285514339.jpg\" alt=\"corona\"\/><figcaption>Pie de foto,El n\u00famero de casos positivos se ha multiplicado en las \u00faltimas semanas.<\/figcaption><\/figure>\n\n\n\n<p>El modelo matem\u00e1tico del Institute for Health Metrics and Evaluation proyecta unas 399.162 muertes en EE.UU. para el 1 de febrero si se mantiene las condiciones actuales, pero si se flexibilizan a\u00fan m\u00e1s las medidas de protecci\u00f3n, estima que la cifra rondar\u00eda los 513.657.<\/p>\n\n\n\n<h2 class=\"wp-block-heading\" id=\"4-Situaci\u00f3n-cr\u00edtica-en-numerosos-estados\">4. Situaci\u00f3n cr\u00edtica en numerosos estados<\/h2>\n\n\n\n<p>Si al inicio de la pandemia el epicentro estuvo m\u00e1s \u00abconcentrado\u00bb en algunos estados (como Nueva York y despu\u00e9s Florida), ahora los epidemi\u00f3logos advierten que la situaci\u00f3n es m\u00e1s complicada por el creciente n\u00famero de casos que se reportan a lo largo y ancho del pa\u00eds.<\/p>\n\n\n\n<p>Seg\u00fan tuite\u00f3 Frieden, esto se debe a que Estados Unidos entr\u00f3 en \u00ab<strong>la fase exponencial<\/strong>\u00bb de propagaci\u00f3n del virus, por lo que es previsible que la situaci\u00f3n empeore significativamente en la mayor\u00eda de los estados.<\/p>\n\n\n\n<p>No obstante, aclar\u00f3 que no todos los lugares est\u00e1n experimentando actualmente la misma tasa de propagaci\u00f3n del covid-19.<\/p>\n\n\n\n<p>\u00abPor ejemplo, Dakota del Sur (el estado con la tasa m\u00e1s alta) tiene 100 veces m\u00e1s propagaci\u00f3n que Vermont\u00bb, dijo.<\/p>\n\n\n\n<figure class=\"wp-block-image\"><img decoding=\"async\" src=\"https:\/\/ichef.bbci.co.uk\/news\/640\/cpsprodpb\/0378\/production\/_115488800_gettyimages-1285513693.jpg\" alt=\"corona\"\/><figcaption>Pie de foto,Las filas de autos para hacerse pruebas de coronavirus han vuelto a aumentar.<\/figcaption><\/figure>\n\n\n\n<p>Numerosos estados y ciudades muestran otras cifras preocupantes.<\/p>\n\n\n\n<ul class=\"wp-block-list\"><li>El \u00e1rea de Minot, en Dakota del Norte, ha reportado m\u00e1s casos per c\u00e1pita que cualquier otra parte del pa\u00eds.<\/li><\/ul>\n\n\n\n<ul class=\"wp-block-list\"><li>El brote en Wisconsin ha aumentado m\u00e1s r\u00e1pido que en cualquier otro estado.<\/li><\/ul>\n\n\n\n<ul class=\"wp-block-list\"><li>El condado que incluye Los \u00c1ngeles ha reportado m\u00e1s casos de covid-19 desde el inicio de la pandemia que cualquier otro lugar.<\/li><\/ul>\n\n\n\n<ul class=\"wp-block-list\"><li>Texas tiene m\u00e1s casos que cualquier otro estado y el mayor n\u00famero de contagios en campus universitarios.<\/li><\/ul>\n\n\n\n<ul class=\"wp-block-list\"><li>En la ciudad de El Paso, las autoridades han pedido el traslado de m\u00e1s morgues m\u00f3viles ante el creciente aumento de muertes y han necesitado trasladar enfermos por v\u00eda a\u00e9rea a otras localidades porque se han quedado sin capacidad en los hospitales.<\/li><\/ul>\n\n\n\n<p>\u00abLa gente no quiere escuchar que lo que est\u00e1 sucediendo en El Paso no es un evento aislado. Se convertir\u00e1 en la norma\u00bb, le dijo el epidemi\u00f3logo Michael Osterholm a&nbsp;<em>Yahoo Finance<\/em>.<\/p>\n\n\n\n<h2 class=\"wp-block-heading\" id=\"5-La-Casa-Blanca-como-epicentro\">5. La Casa Blanca como epicentro<\/h2>\n\n\n\n<p>Para muchos medios de EE.UU., un reflejo de c\u00f3mo la pandemia est\u00e1 fuera de control en el pa\u00eds es la propia situaci\u00f3n en la Casa Blanca, en la que casi 200 personas, desde el presidente hasta miembros de su equipo servicio personal y de seguridad, han dado positivo o han tenido que aislarse por estar en contacto con el virus.<\/p>\n\n\n\n<p>M\u00e1s de 30 personas, incluido Trump, su esposa y su hijo menor, en fechas cercanas al evento para la nominaci\u00f3n de Amy Conney Barret para la Corte Suprema.<\/p>\n\n\n\n<p>El mismo presidente tuvo que ser hospitalizado y unas semanas m\u00e1s tarde varios asistentes del vicepresidente Mike Pence tambi\u00e9n se enfermaron.<\/p>\n\n\n\n<p>A inicios de noviembre, tras un evento durante la noche de las elecciones en el que Trump se proclam\u00f3 ganador cuando a\u00fan continuaban los conteos, se report\u00f3 un nuevo brote: el jefe de gabinete de Trump, Mark Meadows, uno de sus jefes de campa\u00f1a y otra decena de funcionarios dieron positivo.<\/p>\n\n\n\n<figure class=\"wp-block-image\"><img decoding=\"async\" src=\"https:\/\/ichef.bbci.co.uk\/news\/640\/cpsprodpb\/5198\/production\/_115488802_gettyimages-1229004060.jpg\" alt=\"corona\"\/><figcaption>Pie de foto,Unos 130 imembros del Servicio Secreto se han contagiado o han tenido que aislarse por estar en contacto con el virus.<\/figcaption><\/figure>\n\n\n\n<p>Este viernes, medios de EE.UU. reportaron que al menos 130 miembros del Servicio Secreto, que se encargan de la seguridad de Trump y la Casa Blanca, dieron positivo o han tenido que aislarse tras exponerse a personas enfermas con covid-19.<\/p>\n\n\n\n<p>Adem\u00e1s, al menos ocho miembros del personal del Comit\u00e9 Nacional Republicano, incluido el Jefe de Gabinete, Richard Walters, tienen el virus, seg\u00fan inform\u00f3 la organizaci\u00f3n.<\/p>\n\n\n\n<p>Fuente: https:\/\/www.bbc.com\/mundo\/noticias-internacional-54912864<\/p>\n","protected":false},"excerpt":{"rendered":"<p>Sanjay Gupta, corresponsal m\u00e9dico de la CNN calific\u00f3 la situaci\u00f3n como un \u00abdesastre humanitario\u00bb BBC NEWS MUNDO La incertidumbre pol\u00edtica [&hellip;]<\/p>\n","protected":false},"author":1,"featured_media":1190,"comment_status":"open","ping_status":"open","sticky":false,"template":"","format":"standard","meta":{"site-sidebar-layout":"default","site-content-layout":"","ast-site-content-layout":"default","site-content-style":"default","site-sidebar-style":"default","ast-global-header-display":"","ast-banner-title-visibility":"","ast-main-header-display":"","ast-hfb-above-header-display":"","ast-hfb-below-header-display":"","ast-hfb-mobile-header-display":"","site-post-title":"","ast-breadcrumbs-content":"","ast-featured-img":"","footer-sml-layout":"","theme-transparent-header-meta":"","adv-header-id-meta":"","stick-header-meta":"","header-above-stick-meta":"","header-main-stick-meta":"","header-below-stick-meta":"","astra-migrate-meta-layouts":"default","ast-page-background-enabled":"default","ast-page-background-meta":{"desktop":{"background-color":"var(--ast-global-color-4)","background-image":"","background-repeat":"repeat","background-position":"center center","background-size":"auto","background-attachment":"scroll","background-type":"","background-media":"","overlay-type":"","overlay-color":"","overlay-opacity":"","overlay-gradient":""},"tablet":{"background-color":"","background-image":"","background-repeat":"repeat","background-position":"center center","background-size":"auto","background-attachment":"scroll","background-type":"","background-media":"","overlay-type":"","overlay-color":"","overlay-opacity":"","overlay-gradient":""},"mobile":{"background-color":"","background-image":"","background-repeat":"repeat","background-position":"center center","background-size":"auto","background-attachment":"scroll","background-type":"","background-media":"","overlay-type":"","overlay-color":"","overlay-opacity":"","overlay-gradient":""}},"ast-content-background-meta":{"desktop":{"background-color":"var(--ast-global-color-5)","background-image":"","background-repeat":"repeat","background-position":"center center","background-size":"auto","background-attachment":"scroll","background-type":"","background-media":"","overlay-type":"","overlay-color":"","overlay-opacity":"","overlay-gradient":""},"tablet":{"background-color":"var(--ast-global-color-5)","background-image":"","background-repeat":"repeat","background-position":"center center","background-size":"auto","background-attachment":"scroll","background-type":"","background-media":"","overlay-type":"","overlay-color":"","overlay-opacity":"","overlay-gradient":""},"mobile":{"background-color":"var(--ast-global-color-5)","background-image":"","background-repeat":"repeat","background-position":"center center","background-size":"auto","background-attachment":"scroll","background-type":"","background-media":"","overlay-type":"","overlay-color":"","overlay-opacity":"","overlay-gradient":""}},"footnotes":""},"categories":[8],"tags":[],"class_list":["post-1189","post","type-post","status-publish","format-standard","has-post-thumbnail","hentry","category-noticias"],"_links":{"self":[{"href":"https:\/\/losperiodistas.com.mx\/portal\/wp-json\/wp\/v2\/posts\/1189","targetHints":{"allow":["GET"]}}],"collection":[{"href":"https:\/\/losperiodistas.com.mx\/portal\/wp-json\/wp\/v2\/posts"}],"about":[{"href":"https:\/\/losperiodistas.com.mx\/portal\/wp-json\/wp\/v2\/types\/post"}],"author":[{"embeddable":true,"href":"https:\/\/losperiodistas.com.mx\/portal\/wp-json\/wp\/v2\/users\/1"}],"replies":[{"embeddable":true,"href":"https:\/\/losperiodistas.com.mx\/portal\/wp-json\/wp\/v2\/comments?post=1189"}],"version-history":[{"count":1,"href":"https:\/\/losperiodistas.com.mx\/portal\/wp-json\/wp\/v2\/posts\/1189\/revisions"}],"predecessor-version":[{"id":1191,"href":"https:\/\/losperiodistas.com.mx\/portal\/wp-json\/wp\/v2\/posts\/1189\/revisions\/1191"}],"wp:featuredmedia":[{"embeddable":true,"href":"https:\/\/losperiodistas.com.mx\/portal\/wp-json\/wp\/v2\/media\/1190"}],"wp:attachment":[{"href":"https:\/\/losperiodistas.com.mx\/portal\/wp-json\/wp\/v2\/media?parent=1189"}],"wp:term":[{"taxonomy":"category","embeddable":true,"href":"https:\/\/losperiodistas.com.mx\/portal\/wp-json\/wp\/v2\/categories?post=1189"},{"taxonomy":"post_tag","embeddable":true,"href":"https:\/\/losperiodistas.com.mx\/portal\/wp-json\/wp\/v2\/tags?post=1189"}],"curies":[{"name":"wp","href":"https:\/\/api.w.org\/{rel}","templated":true}]}}