{"id":118843,"date":"2026-03-20T10:19:56","date_gmt":"2026-03-20T16:19:56","guid":{"rendered":"https:\/\/losperiodistas.com.mx\/portal\/?p=118843"},"modified":"2026-03-20T10:19:57","modified_gmt":"2026-03-20T16:19:57","slug":"opinion-cultivar-el-pensamiento-critico-para-cambiar-al-pais","status":"publish","type":"post","link":"https:\/\/losperiodistas.com.mx\/portal\/opinion-cultivar-el-pensamiento-critico-para-cambiar-al-pais\/","title":{"rendered":"Opini\u00f3n | Cultivar el pensamiento cr\u00edtico para cambiar al pa\u00eds"},"content":{"rendered":"\n<p class=\"has-medium-font-size\">*Llamado de Aquiles C\u00f3rdova a la juventud para la paz y el progreso<\/p>\n\n\n\n<figure class=\"wp-block-image size-full\"><img fetchpriority=\"high\" decoding=\"async\" width=\"750\" height=\"422\" src=\"https:\/\/losperiodistas.com.mx\/portal\/wp-content\/uploads\/2026\/03\/AQUILES-CORDOVA-MORAN.jpg\" alt=\"\" class=\"wp-image-118844\" srcset=\"https:\/\/losperiodistas.com.mx\/portal\/wp-content\/uploads\/2026\/03\/AQUILES-CORDOVA-MORAN.jpg 750w, https:\/\/losperiodistas.com.mx\/portal\/wp-content\/uploads\/2026\/03\/AQUILES-CORDOVA-MORAN-300x169.jpg 300w\" sizes=\"(max-width: 750px) 100vw, 750px\" \/><\/figure>\n\n\n\n<p class=\"has-vivid-red-color has-text-color has-link-color has-medium-font-size wp-elements-4865f9003ac6cfcf5a7f44570e7f0aa1\"><strong><em>Por Ra\u00fal Torres Salmer\u00f3n \/ Sin L\u00edmites<\/em><\/strong><\/p>\n\n\n\n<p>En el evento de clausura de la XXII Espartaqueada Deportiva Nacional, Aquiles C\u00f3rdova Mor\u00e1n, Secretario General del Movimiento Antorchista, declar\u00f3 que M\u00e9xico y el mundo necesitan m\u00e1s que nunca que la juventud se adentre al pensamiento cr\u00edtico, que ayuda a penetrar en la esencia de los fen\u00f3menos, no se conforma con lo aparente, porque sabe que debajo est\u00e1 lo esencial.<\/p>\n\n\n\n<p>Ante la situaci\u00f3n actual del mundo, C\u00f3rdova Mor\u00e1n expres\u00f3 las siguientes ideas:<\/p>\n\n\n\n<p>-El mundo depende de que tomemos el partido correcto, que el pensamiento cr\u00edtico les diga que el futuro depende de la alianza con los que defienden el progreso y la paz.<\/p>\n\n\n\n<p>-El mundo vive momentos dif\u00edciles, que no se han visto desde la Segunda Guerra Mundial, una crisis en la cual lo primero que sufre es la verdad, ya que estamos bombardeados de noticias contradictorias y por ello, la gente no puede tener un juicio correcto de la realidad.<\/p>\n\n\n\n<p>-A esta situaci\u00f3n se suma la Inteligencia Artificial, que permite no s\u00f3lo inventar noticias, sino ilustrarlas y por ello es necesario que los mexicanos entiendan bien analizar su realidad.<\/p>\n\n\n\n<p>-El universo entero consta de forma y contenido, de fen\u00f3meno y esencia; la parte fenom\u00e9nica es la que el hombre conoce por el sentido com\u00fan, pero es la parte interior, la que no se capta por medio de los sentidos, la que tenemos que desentra\u00f1ar.<\/p>\n\n\n\n<p>-Necesitamos romper la parte fenom\u00e9nica para llegar a la m\u00e9dula y saber entonces qu\u00e9 tiene adentro. El pensamiento cr\u00edtico, el estudio cient\u00edfico y profundo, es el que nos ayuda a penetrar en la esencia de los fen\u00f3menos.<\/p>\n\n\n\n<p>-No se conforma con lo que ven los ojos, porque sabe que debajo de lo aparente est\u00e1 lo esencial.<\/p>\n\n\n\n<p>-Esto permitir\u00e1 analizar fen\u00f3menos como la geopol\u00edtica actual, donde el imperialismo norteamericano amenaza al mundo por la v\u00eda de la propaganda y por medio de las armas, como en Ir\u00e1n, Rusia, Venezuela o Cuba.<\/p>\n\n\n\n<p>-Despu\u00e9s de la Espartaqueada, el an\u00e1lisis y la s\u00edntesis de lo ocurrido durante los nueve d\u00edas del encuentro har\u00e1n reconocer a los deportistas que no solo fue trabajo y esfuerzo, sino adquirir nuevas destrezas.<\/p>\n\n\n\n<p>-Al enfrentarse a otros se superan, no son los mismos antes y despu\u00e9s de jugar. La Espartaqueada es un fen\u00f3meno que cambia a los j\u00f3venes, les mejora el cerebro, porque el ejercicio especialmente intenso hace que el cerebro trabaje mejor.<\/p>\n\n\n\n<p>-Invito a los j\u00f3venes a acercarse al Movimiento Antorchista, ya que el objetivo de la organizaci\u00f3n es cambiar al pa\u00eds y para ello trabaja para que la juventud est\u00e9 saludable y no caiga en las adicciones.<\/p>\n\n\n\n<p>-Esa euforia que provoca el deporte har\u00e1 que los j\u00f3venes dejen de buscar las drogas. El deporte es la manera de proteger a la juventud de aquellos que quieren venderle sustancias psicotr\u00f3picas, porque el gran negocio de la droga no lo hacen los capos, lo hacen desde la banca norteamericana.<\/p>\n\n\n\n<p>-La verdadera soluci\u00f3n est\u00e1 en que no haya quien compre drogas y eso busca Antorcha, llamando a la gente a hacer deporte y a entender el mundo en que vivimos.<\/p>\n\n\n\n<p>Despu\u00e9s de nueve d\u00edas de grandes competencias, el Movimiento Antorchista, del 7 al 15 de marzo, finaliz\u00f3 la XXII Espartaqueada Deportiva Nacional, cuyo medallero estuvo encabezado por Puebla, seguido de Michoac\u00e1n y Estado de M\u00e9xico en segundo y tercer lugar, respectivamente.<\/p>\n\n\n\n<p>Como parte del acto de premiaci\u00f3n, los primeros cinco lugares fueron para Puebla con 776 puntos, Michoac\u00e1n con 503, Estado de M\u00e9xico con 394, Veracruz con 340 y Oaxaca con 248.<\/p>\n\n\n\n<p>El evento de clausura fue ante miles de asistentes en el teatro Aquiles C\u00f3rdova Mor\u00e1n de Tecomatl\u00e1n y estuvo enmarcado por la participaci\u00f3n de los Grupos Culturales Nacionales del Antorchismo, que presentaron un programa de m\u00fasica y baile inspirado en el programa llamado Revista Espa\u00f1ola, con canciones y m\u00fasica de la \u00e9poca anterior a la Guerra Civil de ese pa\u00eds.<\/p>\n\n\n\n<p><strong>TRAMO CARRETERO<\/strong><\/p>\n\n\n\n<p>Con el objetivo de fortalecer la conectividad y mejorar la calidad de vida de las comunidades, se llev\u00f3 a cabo la inauguraci\u00f3n de la reconstrucci\u00f3n del tramo carretero Albino Zertuche-Xicotl\u00e1n, una obra que beneficia a m\u00e1s de 2 mil 583 habitantes de la regi\u00f3n mixteca.<\/p>\n\n\n\n<p>La intervenci\u00f3n consisti\u00f3 en la reconstrucci\u00f3n de 5.5 kil\u00f3metros de la carretera alimentadora, lo que permitir\u00e1 reducir los tiempos de traslado en aproximadamente 20 minutos, facilitando el acceso a servicios, actividades comerciales y el desarrollo econ\u00f3mico local.<\/p>\n\n\n\n<figure class=\"wp-block-image size-large\"><img decoding=\"async\" width=\"1024\" height=\"768\" src=\"https:\/\/losperiodistas.com.mx\/portal\/wp-content\/uploads\/2026\/03\/ENTREGA-DE-CARRETERA-1024x768.jpg\" alt=\"\" class=\"wp-image-118845\" srcset=\"https:\/\/losperiodistas.com.mx\/portal\/wp-content\/uploads\/2026\/03\/ENTREGA-DE-CARRETERA-1024x768.jpg 1024w, https:\/\/losperiodistas.com.mx\/portal\/wp-content\/uploads\/2026\/03\/ENTREGA-DE-CARRETERA-300x225.jpg 300w, https:\/\/losperiodistas.com.mx\/portal\/wp-content\/uploads\/2026\/03\/ENTREGA-DE-CARRETERA-768x576.jpg 768w, https:\/\/losperiodistas.com.mx\/portal\/wp-content\/uploads\/2026\/03\/ENTREGA-DE-CARRETERA.jpg 1280w\" sizes=\"(max-width: 1024px) 100vw, 1024px\" \/><\/figure>\n\n\n\n<p>El evento fue encabezado por el director del Centro SICT, Javier Aquino Lim\u00f3n, en coordinaci\u00f3n con la Presidenta Municipal de Albino Zertuche, Rosa Isabel Cardoso Ortiz, as\u00ed como autoridades municipales de la regi\u00f3n.<\/p>\n\n\n\n<p>Con una inversi\u00f3n aproximada de 18 millones de pesos, esta obra forma parte de los proyectos estrat\u00e9gicos que impulsa el Gobierno de M\u00e9xico y la Secretar\u00eda de Infraestructura, Comunicaciones y Transportes.<\/p>\n\n\n\n<p>En fin, como dice la copla colombiana:<\/p>\n\n\n\n<p>Alabemos esta casa,<\/p>\n\n\n\n<p>no por su merecimiento,<\/p>\n\n\n\n<p>sino por el joven honrado<\/p>\n\n\n\n<p>que est\u00e1 de puertas adentro.<\/p>\n\n\n\n<p>raultorress@hotmail.com<\/p>\n","protected":false},"excerpt":{"rendered":"<p>*Llamado de Aquiles C\u00f3rdova a la juventud para la paz y el progreso Por Ra\u00fal Torres Salmer\u00f3n \/ Sin L\u00edmites [&hellip;]<\/p>\n","protected":false},"author":1,"featured_media":118844,"comment_status":"open","ping_status":"open","sticky":false,"template":"","format":"standard","meta":{"site-sidebar-layout":"default","site-content-layout":"","ast-site-content-layout":"default","site-content-style":"default","site-sidebar-style":"default","ast-global-header-display":"","ast-banner-title-visibility":"","ast-main-header-display":"","ast-hfb-above-header-display":"","ast-hfb-below-header-display":"","ast-hfb-mobile-header-display":"","site-post-title":"","ast-breadcrumbs-content":"","ast-featured-img":"","footer-sml-layout":"","theme-transparent-header-meta":"","adv-header-id-meta":"","stick-header-meta":"","header-above-stick-meta":"","header-main-stick-meta":"","header-below-stick-meta":"","astra-migrate-meta-layouts":"default","ast-page-background-enabled":"default","ast-page-background-meta":{"desktop":{"background-color":"var(--ast-global-color-4)","background-image":"","background-repeat":"repeat","background-position":"center center","background-size":"auto","background-attachment":"scroll","background-type":"","background-media":"","overlay-type":"","overlay-color":"","overlay-opacity":"","overlay-gradient":""},"tablet":{"background-color":"","background-image":"","background-repeat":"repeat","background-position":"center center","background-size":"auto","background-attachment":"scroll","background-type":"","background-media":"","overlay-type":"","overlay-color":"","overlay-opacity":"","overlay-gradient":""},"mobile":{"background-color":"","background-image":"","background-repeat":"repeat","background-position":"center center","background-size":"auto","background-attachment":"scroll","background-type":"","background-media":"","overlay-type":"","overlay-color":"","overlay-opacity":"","overlay-gradient":""}},"ast-content-background-meta":{"desktop":{"background-color":"var(--ast-global-color-5)","background-image":"","background-repeat":"repeat","background-position":"center center","background-size":"auto","background-attachment":"scroll","background-type":"","background-media":"","overlay-type":"","overlay-color":"","overlay-opacity":"","overlay-gradient":""},"tablet":{"background-color":"var(--ast-global-color-5)","background-image":"","background-repeat":"repeat","background-position":"center center","background-size":"auto","background-attachment":"scroll","background-type":"","background-media":"","overlay-type":"","overlay-color":"","overlay-opacity":"","overlay-gradient":""},"mobile":{"background-color":"var(--ast-global-color-5)","background-image":"","background-repeat":"repeat","background-position":"center center","background-size":"auto","background-attachment":"scroll","background-type":"","background-media":"","overlay-type":"","overlay-color":"","overlay-opacity":"","overlay-gradient":""}},"footnotes":""},"categories":[8,19],"tags":[],"class_list":["post-118843","post","type-post","status-publish","format-standard","has-post-thumbnail","hentry","category-noticias","category-sin-limites-2"],"_links":{"self":[{"href":"https:\/\/losperiodistas.com.mx\/portal\/wp-json\/wp\/v2\/posts\/118843","targetHints":{"allow":["GET"]}}],"collection":[{"href":"https:\/\/losperiodistas.com.mx\/portal\/wp-json\/wp\/v2\/posts"}],"about":[{"href":"https:\/\/losperiodistas.com.mx\/portal\/wp-json\/wp\/v2\/types\/post"}],"author":[{"embeddable":true,"href":"https:\/\/losperiodistas.com.mx\/portal\/wp-json\/wp\/v2\/users\/1"}],"replies":[{"embeddable":true,"href":"https:\/\/losperiodistas.com.mx\/portal\/wp-json\/wp\/v2\/comments?post=118843"}],"version-history":[{"count":1,"href":"https:\/\/losperiodistas.com.mx\/portal\/wp-json\/wp\/v2\/posts\/118843\/revisions"}],"predecessor-version":[{"id":118846,"href":"https:\/\/losperiodistas.com.mx\/portal\/wp-json\/wp\/v2\/posts\/118843\/revisions\/118846"}],"wp:featuredmedia":[{"embeddable":true,"href":"https:\/\/losperiodistas.com.mx\/portal\/wp-json\/wp\/v2\/media\/118844"}],"wp:attachment":[{"href":"https:\/\/losperiodistas.com.mx\/portal\/wp-json\/wp\/v2\/media?parent=118843"}],"wp:term":[{"taxonomy":"category","embeddable":true,"href":"https:\/\/losperiodistas.com.mx\/portal\/wp-json\/wp\/v2\/categories?post=118843"},{"taxonomy":"post_tag","embeddable":true,"href":"https:\/\/losperiodistas.com.mx\/portal\/wp-json\/wp\/v2\/tags?post=118843"}],"curies":[{"name":"wp","href":"https:\/\/api.w.org\/{rel}","templated":true}]}}