{"id":118833,"date":"2026-03-20T09:58:38","date_gmt":"2026-03-20T15:58:38","guid":{"rendered":"https:\/\/losperiodistas.com.mx\/portal\/?p=118833"},"modified":"2026-03-20T09:58:40","modified_gmt":"2026-03-20T15:58:40","slug":"opinion-hablar-es-gestionar-tu-reputacion","status":"publish","type":"post","link":"https:\/\/losperiodistas.com.mx\/portal\/opinion-hablar-es-gestionar-tu-reputacion\/","title":{"rendered":"Opini\u00f3n | \u201cHablar es gestionar tu reputaci\u00f3n\u201d"},"content":{"rendered":"\n<figure class=\"wp-block-image size-full\"><img fetchpriority=\"high\" decoding=\"async\" width=\"750\" height=\"292\" src=\"https:\/\/losperiodistas.com.mx\/portal\/wp-content\/uploads\/2024\/07\/Captura-de-Pantalla-2021-07-20-a-las-18.51.06.jpg\" alt=\"\" class=\"wp-image-78518\" srcset=\"https:\/\/losperiodistas.com.mx\/portal\/wp-content\/uploads\/2024\/07\/Captura-de-Pantalla-2021-07-20-a-las-18.51.06.jpg 750w, https:\/\/losperiodistas.com.mx\/portal\/wp-content\/uploads\/2024\/07\/Captura-de-Pantalla-2021-07-20-a-las-18.51.06-300x117.jpg 300w\" sizes=\"(max-width: 750px) 100vw, 750px\" \/><\/figure>\n\n\n\n<p class=\"has-vivid-red-color has-text-color has-link-color has-medium-font-size wp-elements-94814ee3825bcb8ea6c19b42b3bfe90a\"><strong><em>Por Humberto Aguilar Coronado<\/em><\/strong><\/p>\n\n\n\n<p>Hace muchos a\u00f1os, un directivo universitario se atrevi\u00f3 a decirme que no iba a terminar ni la prepa.<\/p>\n\n\n\n<p>Lo enfrent\u00e9 y le dije: \u201cSe van a acordar de mi porque voy a llegar a donde nunca antes un egresado hab\u00eda llegado\u201d<\/p>\n\n\n\n<p>La palabra me la d\u00ed a m\u00ed mismo. Y la cumpl\u00ed.<\/p>\n\n\n\n<p>Por eso, cuando descubr\u00ed mi vocaci\u00f3n, le dije a mi padre que mi vocaci\u00f3n, en el tiempo, iba a ser valorada por mi actuaci\u00f3n y congruencia, por mi palabra, no por esc\u00e1ndalos de corrupci\u00f3n.<\/p>\n\n\n\n<p>Por eso, si cuidas y respetas tu palabra; si eres un profesional en expresar tus palabras; si eres alguien que quiere dejar huella y convencer, eres un speaker profesional.<\/p>\n\n\n\n<p>Porque hablar es coherencia entre lo que piensas, lo que dices y lo que haces.<\/p>\n\n\n\n<p>Porque cuando hablas con intenci\u00f3n, con claridad y con \u00e9tica\u2026<br>tu voz se convierte en un activo muy importante.<\/p>\n\n\n\n<p>Por eso hablar exige conciencia porque cada palabra construye expectativa.<\/p>\n\n\n\n<p>Por eso hablar es convencer, comprometer y provocar la reflexi\u00f3n.<\/p>\n\n\n\n<p>Ser uno mismo y reflejar lo que realmente eres, lo que sabes y lo que inspiras<\/p>\n\n\n\n<p>Por eso, hablar es transmitir conocimiento, cultura, experiencias, vivencias y compromiso.<\/p>\n\n\n\n<p>Cada promesa expresada con palabras, genera confianza\u2026 o la rompe.<\/p>\n\n\n\n<p>Porque hablar impacta en tu REPUTACI\u00d3N<\/p>\n\n\n\n<p>Porque Tu voz es tu marca; no es tu logotipo, es la percepci\u00f3n que dejas cuando no est\u00e1s.<\/p>\n\n\n\n<p>Es lo que otros piensan de ti cuando escuchan tu nombre.<\/p>\n\n\n\n<p>Por eso, cada palabra que pronuncias deja una huella.<\/p>\n\n\n\n<p>Cada promesa que haces crea una expectativa.<\/p>\n\n\n\n<p>Cada silencio que proyectas comunica algo.<\/p>\n\n\n\n<p>La REPUTACI\u00d3N no se construye en un evento: Se construye en la constancia.<\/p>\n\n\n\n<p>La REPUTACI\u00d3N no es suerte: Es estrategia.<\/p>\n\n\n\n<p>Es cierto que la REPUTACI\u00d3N es acumulativa: Pero tambi\u00e9n es fr\u00e1gil.<\/p>\n\n\n\n<p>Un solo mensaje mal gestionado puede destruir a\u00f1os de credibilidad.<\/p>\n\n\n\n<p>No todo se publica, pero lo que se publica es tu huella digital.<\/p>\n\n\n\n<p>Y en un mundo saturado de ruido\u2026<\/p>\n\n\n\n<p>La REPUTACI\u00d3N es la verdadera diferencia.<\/p>\n\n\n\n<p>Por eso, hablar para impactar y convencer, es gestionar tu REPUTACI\u00d3N.<\/p>\n\n\n\n<hr class=\"wp-block-separator has-alpha-channel-opacity\"\/>\n\n\n\n<p><strong>+ OPINI\u00d3N : Las opiniones expresadas son responsabilidad del autor<\/strong><\/p>\n","protected":false},"excerpt":{"rendered":"<p>Por Humberto Aguilar Coronado Hace muchos a\u00f1os, un directivo universitario se atrevi\u00f3 a decirme que no iba a terminar ni [&hellip;]<\/p>\n","protected":false},"author":1,"featured_media":78518,"comment_status":"open","ping_status":"open","sticky":false,"template":"","format":"standard","meta":{"site-sidebar-layout":"default","site-content-layout":"","ast-site-content-layout":"default","site-content-style":"default","site-sidebar-style":"default","ast-global-header-display":"","ast-banner-title-visibility":"","ast-main-header-display":"","ast-hfb-above-header-display":"","ast-hfb-below-header-display":"","ast-hfb-mobile-header-display":"","site-post-title":"","ast-breadcrumbs-content":"","ast-featured-img":"","footer-sml-layout":"","theme-transparent-header-meta":"","adv-header-id-meta":"","stick-header-meta":"","header-above-stick-meta":"","header-main-stick-meta":"","header-below-stick-meta":"","astra-migrate-meta-layouts":"default","ast-page-background-enabled":"default","ast-page-background-meta":{"desktop":{"background-color":"var(--ast-global-color-4)","background-image":"","background-repeat":"repeat","background-position":"center center","background-size":"auto","background-attachment":"scroll","background-type":"","background-media":"","overlay-type":"","overlay-color":"","overlay-opacity":"","overlay-gradient":""},"tablet":{"background-color":"","background-image":"","background-repeat":"repeat","background-position":"center center","background-size":"auto","background-attachment":"scroll","background-type":"","background-media":"","overlay-type":"","overlay-color":"","overlay-opacity":"","overlay-gradient":""},"mobile":{"background-color":"","background-image":"","background-repeat":"repeat","background-position":"center center","background-size":"auto","background-attachment":"scroll","background-type":"","background-media":"","overlay-type":"","overlay-color":"","overlay-opacity":"","overlay-gradient":""}},"ast-content-background-meta":{"desktop":{"background-color":"var(--ast-global-color-5)","background-image":"","background-repeat":"repeat","background-position":"center center","background-size":"auto","background-attachment":"scroll","background-type":"","background-media":"","overlay-type":"","overlay-color":"","overlay-opacity":"","overlay-gradient":""},"tablet":{"background-color":"var(--ast-global-color-5)","background-image":"","background-repeat":"repeat","background-position":"center center","background-size":"auto","background-attachment":"scroll","background-type":"","background-media":"","overlay-type":"","overlay-color":"","overlay-opacity":"","overlay-gradient":""},"mobile":{"background-color":"var(--ast-global-color-5)","background-image":"","background-repeat":"repeat","background-position":"center center","background-size":"auto","background-attachment":"scroll","background-type":"","background-media":"","overlay-type":"","overlay-color":"","overlay-opacity":"","overlay-gradient":""}},"footnotes":""},"categories":[8,22,18],"tags":[47353],"class_list":["post-118833","post","type-post","status-publish","format-standard","has-post-thumbnail","hentry","category-noticias","category-opinion-invitada","category-palabra-de-tigre","tag-la-reputacion"],"_links":{"self":[{"href":"https:\/\/losperiodistas.com.mx\/portal\/wp-json\/wp\/v2\/posts\/118833","targetHints":{"allow":["GET"]}}],"collection":[{"href":"https:\/\/losperiodistas.com.mx\/portal\/wp-json\/wp\/v2\/posts"}],"about":[{"href":"https:\/\/losperiodistas.com.mx\/portal\/wp-json\/wp\/v2\/types\/post"}],"author":[{"embeddable":true,"href":"https:\/\/losperiodistas.com.mx\/portal\/wp-json\/wp\/v2\/users\/1"}],"replies":[{"embeddable":true,"href":"https:\/\/losperiodistas.com.mx\/portal\/wp-json\/wp\/v2\/comments?post=118833"}],"version-history":[{"count":1,"href":"https:\/\/losperiodistas.com.mx\/portal\/wp-json\/wp\/v2\/posts\/118833\/revisions"}],"predecessor-version":[{"id":118834,"href":"https:\/\/losperiodistas.com.mx\/portal\/wp-json\/wp\/v2\/posts\/118833\/revisions\/118834"}],"wp:featuredmedia":[{"embeddable":true,"href":"https:\/\/losperiodistas.com.mx\/portal\/wp-json\/wp\/v2\/media\/78518"}],"wp:attachment":[{"href":"https:\/\/losperiodistas.com.mx\/portal\/wp-json\/wp\/v2\/media?parent=118833"}],"wp:term":[{"taxonomy":"category","embeddable":true,"href":"https:\/\/losperiodistas.com.mx\/portal\/wp-json\/wp\/v2\/categories?post=118833"},{"taxonomy":"post_tag","embeddable":true,"href":"https:\/\/losperiodistas.com.mx\/portal\/wp-json\/wp\/v2\/tags?post=118833"}],"curies":[{"name":"wp","href":"https:\/\/api.w.org\/{rel}","templated":true}]}}