{"id":11868,"date":"2021-08-20T19:56:39","date_gmt":"2021-08-21T00:56:39","guid":{"rendered":"http:\/\/losperiodistas.com.mx\/portal\/?p=11868"},"modified":"2021-08-20T19:56:40","modified_gmt":"2021-08-21T00:56:40","slug":"semaforo-covid-19-en-mexico-siete-estados-estaran-en-color-rojo-y-solo-chiapas-se-mantiene-en-verde-infobae","status":"publish","type":"post","link":"https:\/\/losperiodistas.com.mx\/portal\/semaforo-covid-19-en-mexico-siete-estados-estaran-en-color-rojo-y-solo-chiapas-se-mantiene-en-verde-infobae\/","title":{"rendered":"Sem\u00e1foro COVID-19 en M\u00e9xico: siete estados estar\u00e1n en color rojo y solo Chiapas se mantiene en verde | Infobae"},"content":{"rendered":"\n<p style=\"font-size:18px\"><em>Estar\u00e1 vigente del 23 de agosto al 05 de septiembre<\/em><\/p>\n\n\n\n<figure class=\"wp-block-image size-large\"><img fetchpriority=\"high\" decoding=\"async\" width=\"1024\" height=\"578\" src=\"https:\/\/losperiodistas.com.mx\/portal\/wp-content\/uploads\/2021\/08\/Captura-de-Pantalla-2021-08-20-a-las-19.53.39-1024x578.jpg\" alt=\"\" class=\"wp-image-11869\" srcset=\"https:\/\/losperiodistas.com.mx\/portal\/wp-content\/uploads\/2021\/08\/Captura-de-Pantalla-2021-08-20-a-las-19.53.39-1024x578.jpg 1024w, https:\/\/losperiodistas.com.mx\/portal\/wp-content\/uploads\/2021\/08\/Captura-de-Pantalla-2021-08-20-a-las-19.53.39-300x169.jpg 300w, https:\/\/losperiodistas.com.mx\/portal\/wp-content\/uploads\/2021\/08\/Captura-de-Pantalla-2021-08-20-a-las-19.53.39-768x434.jpg 768w, https:\/\/losperiodistas.com.mx\/portal\/wp-content\/uploads\/2021\/08\/Captura-de-Pantalla-2021-08-20-a-las-19.53.39.jpg 1530w\" sizes=\"(max-width: 1024px) 100vw, 1024px\" \/><figcaption>(Captura de pantalla: Secretar\u00eda de Salud)<\/figcaption><\/figure>\n\n\n\n<p class=\"has-vivid-cyan-blue-color has-text-color has-medium-font-size\">INFOBAE<\/p>\n\n\n\n<p>La&nbsp;<strong>Secretar\u00eda de Salud<\/strong>&nbsp;(SSa) actualiz\u00f3 este viernes el&nbsp;<strong>Sem\u00e1foro Epidemiol\u00f3gico<\/strong>&nbsp;de coronavirus (<strong>COVID-19<\/strong>), el cual estar\u00e1 vigente del pr\u00f3ximo<strong>&nbsp;23 de agosto al 05 de septiembre.<\/strong><\/p>\n\n\n\n<p>A trav\u00e9s de la pagina oficial, el Gobierno de M\u00e9xico indic\u00f3 que el pa\u00eds se colorear\u00e1 de la siguiente manera:<\/p>\n\n\n\n<p>En color \u201c<strong>rojo<\/strong>\u201d (m\u00e1ximo riesgo de contagio) estar\u00e1n&nbsp;<strong>7 estados<\/strong>, el mismo n\u00famero que hace dos semanas:&nbsp;<strong>Colima, Guerrero, Puebla, Hidalgo, Tabasco, Tamaulipas y Nuevo Le\u00f3n.<\/strong><\/p>\n\n\n\n<p>Por el contrario, en color \u201c<strong>verde<\/strong>\u201d (bajo riesgo) solo est\u00e1\u00a0<strong>Chiapas<\/strong>, que se ha logrado mantener as\u00ed pr\u00e1cticamente todo el 2021.<\/p>\n\n\n\n<p><img decoding=\"async\" alt=\"Ind\u00edgenas caminan por una calle del pueblo San Juan Cancuc, en el estado de Chiapas. Esta localidad se desmarc\u00f3 de recibir la vacuna contra COVID-19 (Foto: EFE)\n\" height=\"1857\" width=\"2810\" src=\"https:\/\/www.infobae.com\/new-resizer\/4Xo_QA-LQu1-0spgraNZcmMo6J8=\/420x280\/filters:format(jpg):quality(85)\/cloudfront-us-east-1.images.arcpublishing.com\/infobae\/5C5T2E2KKJA2VIHV3JW5RQ3XXA.jpg%20420w\" srcset=\"https:\/\/www.infobae.com\/new-resizer\/4Xo_QA-LQu1-0spgraNZcmMo6J8=\/420x280\/filters:format(jpg):quality(85)\/cloudfront-us-east-1.images.arcpublishing.com\/infobae\/5C5T2E2KKJA2VIHV3JW5RQ3XXA.jpg 420w,https:\/\/www.infobae.com\/new-resizer\/2JR1DlcZDUgxE5LjG_fE4Q6dIQk=\/768x512\/filters:format(jpg):quality(85)\/cloudfront-us-east-1.images.arcpublishing.com\/infobae\/5C5T2E2KKJA2VIHV3JW5RQ3XXA.jpg 768w,https:\/\/www.infobae.com\/new-resizer\/lhLV3kojWKLRgtGj9HTzHg-3PTU=\/992x661\/filters:format(jpg):quality(85)\/cloudfront-us-east-1.images.arcpublishing.com\/infobae\/5C5T2E2KKJA2VIHV3JW5RQ3XXA.jpg 992w,https:\/\/www.infobae.com\/new-resizer\/cnyQXZJgmfncRuuzPIqsE7GY5cE=\/1200x800\/filters:format(jpg):quality(85)\/cloudfront-us-east-1.images.arcpublishing.com\/infobae\/5C5T2E2KKJA2VIHV3JW5RQ3XXA.jpg 1200w,https:\/\/www.infobae.com\/new-resizer\/ysZtGrNbt90T3ElUJva2uiAcEW8=\/1440x960\/filters:format(jpg):quality(85)\/cloudfront-us-east-1.images.arcpublishing.com\/infobae\/5C5T2E2KKJA2VIHV3JW5RQ3XXA.jpg 1440w\">Ind\u00edgenas caminan por una calle del pueblo San Juan Cancuc, en el estado de Chiapas. Esta localidad se desmarc\u00f3 de recibir la vacuna contra COVID-19 (Foto: EFE)<\/p>\n\n\n\n<p>En \u201c<strong>naranja<\/strong>\u201d (alto riesgo) estar\u00e1n&nbsp;<strong>17 entidades<\/strong>, dos m\u00e1s que la \u00faltima actualizaci\u00f3n:&nbsp;<strong>Sonora, Durango, Zacatecas, San Luis Potos\u00ed, Nayarit, Jalisco, Aguascalientes, Michoac\u00e1n, Quer\u00e9taro, Ciudad de M\u00e9xico, Estado de M\u00e9xico, Morelos, Tlaxcala, Veracruz, Oaxaca, Campeche y Quintana Roo.<\/strong><\/p>\n\n\n\n<p>Mientras que en \u201c<strong>amarillo<\/strong>\u201d o riesgo moderado, estar\u00e1n 7 estados:&nbsp;<strong>Baja California, Baja California Sur, Chihuahua, Coahuila, Sinaloa, Guanajuato y Yucat\u00e1n.<\/strong><\/p>\n\n\n\n<p>Los&nbsp;<strong>cuatro elementos evaluados&nbsp;<\/strong>para determinar el color del sem\u00e1foro en cada entidad son: el porcentaje de ocupaci\u00f3n de camas en terapia intensiva, porcentaje de casos positivos de coronavirus; tendencia de camas ocupadas y tendencia de casos positivos; es decir, el comportamiento esperado con base en los n\u00fameros actuales, y que es calculado por el Consejo Nacional de Ciencia y Tecnolog\u00eda (<strong>Conacyt<\/strong>).<\/p>\n\n\n\n<h2 class=\"wp-block-heading\">Avance de la pandemia<\/h2>\n\n\n\n<p><img decoding=\"async\" alt=\"Familiares asisten al entierro de un fallecido por Covid-19 en el Pante\u00f3n de Tl\u00e1huac, en Ciudad de M\u00e9xico (M\u00e9xico). EFE\/ Jos\u00e9 M\u00e9ndez\/Archivo\n\" height=\"3182\" width=\"4773\" src=\"https:\/\/www.infobae.com\/new-resizer\/QaURTK_dFoLREwJZIvmO-dgjTnM=\/420x280\/filters:format(jpg):quality(85)\/cloudfront-us-east-1.images.arcpublishing.com\/infobae\/VNLXBFMDKRE5RBD5I26BHR6IJY.jpg%20420w\" srcset=\"https:\/\/www.infobae.com\/new-resizer\/QaURTK_dFoLREwJZIvmO-dgjTnM=\/420x280\/filters:format(jpg):quality(85)\/cloudfront-us-east-1.images.arcpublishing.com\/infobae\/VNLXBFMDKRE5RBD5I26BHR6IJY.jpg 420w,https:\/\/www.infobae.com\/new-resizer\/4PUQIb-NaKNHWtGaRNiM07mPCSo=\/768x512\/filters:format(jpg):quality(85)\/cloudfront-us-east-1.images.arcpublishing.com\/infobae\/VNLXBFMDKRE5RBD5I26BHR6IJY.jpg 768w,https:\/\/www.infobae.com\/new-resizer\/UOCCvubi5Bv6XHZt8NcL5aK9_BM=\/992x661\/filters:format(jpg):quality(85)\/cloudfront-us-east-1.images.arcpublishing.com\/infobae\/VNLXBFMDKRE5RBD5I26BHR6IJY.jpg 992w,https:\/\/www.infobae.com\/new-resizer\/ARXdWqWPz23zMBYcrf0I1aIP3sg=\/1200x800\/filters:format(jpg):quality(85)\/cloudfront-us-east-1.images.arcpublishing.com\/infobae\/VNLXBFMDKRE5RBD5I26BHR6IJY.jpg 1200w,https:\/\/www.infobae.com\/new-resizer\/PSeLbMQLpSUPRCRZPzbPGYB4iWE=\/1440x960\/filters:format(jpg):quality(85)\/cloudfront-us-east-1.images.arcpublishing.com\/infobae\/VNLXBFMDKRE5RBD5I26BHR6IJY.jpg 1440w\">Familiares asisten al entierro de un fallecido por Covid-19 en el Pante\u00f3n de Tl\u00e1huac, en Ciudad de M\u00e9xico (M\u00e9xico). EFE\/ Jos\u00e9 M\u00e9ndez\/Archivo<\/p>\n\n\n\n<p>La&nbsp;<strong>Secretar\u00eda de Salud<\/strong>&nbsp;(SSa) report\u00f3 que hasta este viernes&nbsp;<strong>20 de<\/strong>&nbsp;<strong>agosto<\/strong>, se han registrado<strong>&nbsp;3,197,108 casos de contagios acumulados<\/strong>&nbsp;de coronavirus (<strong>COVID-19)<\/strong>. Adem\u00e1s, desde el inicio de la epidemia, M\u00e9xico ha sufrido&nbsp;<strong>252,080 defunciones<\/strong>&nbsp;por la enfermedad.<\/p>\n\n\n\n<p>Lo anterior representa que hubo un incremento de&nbsp;<strong>23,642 contagiados&nbsp;<\/strong>en las \u00faltimas 24 horas, as\u00ed como&nbsp;<strong>761 muertes.<\/strong><\/p>\n\n\n\n<p>Asimismo, hay<strong>&nbsp;2,521,097 personas recuperadas<\/strong>, 5,662,694 casos negativos y un total de<strong>&nbsp;9,349,369&nbsp;personas estudiadas<\/strong>&nbsp;desde el primer caso.<\/p>\n\n\n\n<p>Seg\u00fan el comunicado t\u00e9cnico diario, al d\u00eda de hoy se tienen estimados en el pa\u00eds<strong>&nbsp;140,842<\/strong>&nbsp;<strong>casos activos&nbsp;<\/strong>de la enfermedad; es decir, los enfermos que comenzaron a presentar s\u00edntomas en los \u00faltimos 14 d\u00edas (del 07 al 20 de agosto del 2021).&nbsp;<strong>Colima, Ciudad de M\u00e9xico, Tabasco, Nayarit y San Luis Potos\u00ed<\/strong>&nbsp;son las entidades con m\u00e1s casos activos.<\/p>\n\n\n\n<p>En cuanto a la&nbsp;<strong>disponibilidad hospitalaria<\/strong>, la ocupaci\u00f3n media de&nbsp;<strong>camas generales&nbsp;<\/strong>en los centros de salud es del&nbsp;<strong>54%<\/strong>&nbsp;y del&nbsp;<strong>48%&nbsp;<\/strong>para&nbsp;<strong>camas de terapia intensiva.<\/strong><\/p>\n\n\n\n<h2 class=\"wp-block-heading\">Avance de la vacunaci\u00f3n<\/h2>\n\n\n\n<p>Al \u00faltimo corte, 30 millones 219 mil 721 personas mayores de 18 a\u00f1os cuentan con esquema completo de vacunaci\u00f3n y 25 millones 423 mil 517 recibieron la primera dosis.<\/p>\n\n\n\n<p>Seg\u00fan el informe t\u00e9cnico de la Ssa, en la Ciudad de M\u00e9xico, 91% de las personas mayores de 18 a\u00f1os tienen la vacuna, mientras que Quintana Roo ha aplicado al menos una dosis al 86% de la poblaci\u00f3n adulta.<\/p>\n\n\n\n<p>Adem\u00e1s, durante el 19 de agosto se inyectaron 534,364 dosis del ant\u00edgeno contra el virus SARS-CoV-2. E<\/p>\n\n\n\n<p>Fuente: https:\/\/www.infobae.com\/america\/mexico\/2021\/08\/20\/semaforo-covid-19-en-mexico-siete-estados-estaran-en-color-rojo-y-solo-chiapas-se-mantiene-en-verde\/<\/p>\n","protected":false},"excerpt":{"rendered":"<p>Estar\u00e1 vigente del 23 de agosto al 05 de septiembre INFOBAE La&nbsp;Secretar\u00eda de Salud&nbsp;(SSa) actualiz\u00f3 este viernes el&nbsp;Sem\u00e1foro Epidemiol\u00f3gico&nbsp;de coronavirus [&hellip;]<\/p>\n","protected":false},"author":1,"featured_media":11869,"comment_status":"open","ping_status":"open","sticky":false,"template":"","format":"standard","meta":{"site-sidebar-layout":"default","site-content-layout":"","ast-site-content-layout":"default","site-content-style":"default","site-sidebar-style":"default","ast-global-header-display":"","ast-banner-title-visibility":"","ast-main-header-display":"","ast-hfb-above-header-display":"","ast-hfb-below-header-display":"","ast-hfb-mobile-header-display":"","site-post-title":"","ast-breadcrumbs-content":"","ast-featured-img":"","footer-sml-layout":"","theme-transparent-header-meta":"","adv-header-id-meta":"","stick-header-meta":"","header-above-stick-meta":"","header-main-stick-meta":"","header-below-stick-meta":"","astra-migrate-meta-layouts":"default","ast-page-background-enabled":"default","ast-page-background-meta":{"desktop":{"background-color":"var(--ast-global-color-4)","background-image":"","background-repeat":"repeat","background-position":"center center","background-size":"auto","background-attachment":"scroll","background-type":"","background-media":"","overlay-type":"","overlay-color":"","overlay-opacity":"","overlay-gradient":""},"tablet":{"background-color":"","background-image":"","background-repeat":"repeat","background-position":"center center","background-size":"auto","background-attachment":"scroll","background-type":"","background-media":"","overlay-type":"","overlay-color":"","overlay-opacity":"","overlay-gradient":""},"mobile":{"background-color":"","background-image":"","background-repeat":"repeat","background-position":"center center","background-size":"auto","background-attachment":"scroll","background-type":"","background-media":"","overlay-type":"","overlay-color":"","overlay-opacity":"","overlay-gradient":""}},"ast-content-background-meta":{"desktop":{"background-color":"var(--ast-global-color-5)","background-image":"","background-repeat":"repeat","background-position":"center center","background-size":"auto","background-attachment":"scroll","background-type":"","background-media":"","overlay-type":"","overlay-color":"","overlay-opacity":"","overlay-gradient":""},"tablet":{"background-color":"var(--ast-global-color-5)","background-image":"","background-repeat":"repeat","background-position":"center center","background-size":"auto","background-attachment":"scroll","background-type":"","background-media":"","overlay-type":"","overlay-color":"","overlay-opacity":"","overlay-gradient":""},"mobile":{"background-color":"var(--ast-global-color-5)","background-image":"","background-repeat":"repeat","background-position":"center center","background-size":"auto","background-attachment":"scroll","background-type":"","background-media":"","overlay-type":"","overlay-color":"","overlay-opacity":"","overlay-gradient":""}},"footnotes":""},"categories":[8],"tags":[59,3393],"class_list":["post-11868","post","type-post","status-publish","format-standard","has-post-thumbnail","hentry","category-noticias","tag-covid-mexico","tag-puebla-semaforo-rojo"],"_links":{"self":[{"href":"https:\/\/losperiodistas.com.mx\/portal\/wp-json\/wp\/v2\/posts\/11868","targetHints":{"allow":["GET"]}}],"collection":[{"href":"https:\/\/losperiodistas.com.mx\/portal\/wp-json\/wp\/v2\/posts"}],"about":[{"href":"https:\/\/losperiodistas.com.mx\/portal\/wp-json\/wp\/v2\/types\/post"}],"author":[{"embeddable":true,"href":"https:\/\/losperiodistas.com.mx\/portal\/wp-json\/wp\/v2\/users\/1"}],"replies":[{"embeddable":true,"href":"https:\/\/losperiodistas.com.mx\/portal\/wp-json\/wp\/v2\/comments?post=11868"}],"version-history":[{"count":1,"href":"https:\/\/losperiodistas.com.mx\/portal\/wp-json\/wp\/v2\/posts\/11868\/revisions"}],"predecessor-version":[{"id":11870,"href":"https:\/\/losperiodistas.com.mx\/portal\/wp-json\/wp\/v2\/posts\/11868\/revisions\/11870"}],"wp:featuredmedia":[{"embeddable":true,"href":"https:\/\/losperiodistas.com.mx\/portal\/wp-json\/wp\/v2\/media\/11869"}],"wp:attachment":[{"href":"https:\/\/losperiodistas.com.mx\/portal\/wp-json\/wp\/v2\/media?parent=11868"}],"wp:term":[{"taxonomy":"category","embeddable":true,"href":"https:\/\/losperiodistas.com.mx\/portal\/wp-json\/wp\/v2\/categories?post=11868"},{"taxonomy":"post_tag","embeddable":true,"href":"https:\/\/losperiodistas.com.mx\/portal\/wp-json\/wp\/v2\/tags?post=11868"}],"curies":[{"name":"wp","href":"https:\/\/api.w.org\/{rel}","templated":true}]}}