{"id":11865,"date":"2021-08-20T11:43:05","date_gmt":"2021-08-20T16:43:05","guid":{"rendered":"http:\/\/losperiodistas.com.mx\/portal\/?p=11865"},"modified":"2021-08-20T20:04:30","modified_gmt":"2021-08-21T01:04:30","slug":"miguel-barbosa-confirma-asistencia-a-toma-de-protesta-de-eduardo-rivera-oemc","status":"publish","type":"post","link":"https:\/\/losperiodistas.com.mx\/portal\/miguel-barbosa-confirma-asistencia-a-toma-de-protesta-de-eduardo-rivera-oemc\/","title":{"rendered":"Miguel Barbosa confirma asistencia a toma de protesta de Eduardo Rivera | OEM"},"content":{"rendered":"\n<p style=\"font-size:18px\"><em>El gobernador de Puebla se\u00f1al\u00f3 que durante la reuni\u00f3n del 19 de agosto reiter\u00f3 coordinaci\u00f3n entre la polic\u00eda estatal y municipal<\/em><\/p>\n\n\n\n<figure class=\"wp-block-image size-large\"><img fetchpriority=\"high\" decoding=\"async\" width=\"1024\" height=\"720\" src=\"https:\/\/losperiodistas.com.mx\/portal\/wp-content\/uploads\/2021\/08\/Captura-de-Pantalla-2021-08-20-a-las-19.49.24-1024x720.jpg\" alt=\"\" class=\"wp-image-11866\" srcset=\"https:\/\/losperiodistas.com.mx\/portal\/wp-content\/uploads\/2021\/08\/Captura-de-Pantalla-2021-08-20-a-las-19.49.24-1024x720.jpg 1024w, https:\/\/losperiodistas.com.mx\/portal\/wp-content\/uploads\/2021\/08\/Captura-de-Pantalla-2021-08-20-a-las-19.49.24-300x211.jpg 300w, https:\/\/losperiodistas.com.mx\/portal\/wp-content\/uploads\/2021\/08\/Captura-de-Pantalla-2021-08-20-a-las-19.49.24-768x540.jpg 768w, https:\/\/losperiodistas.com.mx\/portal\/wp-content\/uploads\/2021\/08\/Captura-de-Pantalla-2021-08-20-a-las-19.49.24.jpg 1500w\" sizes=\"(max-width: 1024px) 100vw, 1024px\" \/><\/figure>\n\n\n\n<p class=\"has-vivid-cyan-blue-color has-text-color has-medium-font-size\">ALBA ESPEJEL \/ EL SOL DE PUEBLA<\/p>\n\n\n\n<p>El gobernador de Puebla,&nbsp;<strong>Luis Miguel Barbosa Huerta,&nbsp;<\/strong>acudir\u00e1 a la toma de protesta del edil electo,&nbsp;<strong>Eduardo Rivera P\u00e9rez<\/strong>, programada para el pr\u00f3ximo 15 de octubre, as\u00ed lo inform\u00f3 el mismo mandatario, quien aprovech\u00f3 para mencionar que en su&nbsp;<a href=\"https:\/\/www.elsoldepuebla.com.mx\/local\/eduardo-rivera-y-miguel-barbosa-se-reunen-por-tercera-ocasion-7108241.html\" target=\"_blank\" rel=\"noreferrer noopener\"><strong>tercera reuni\u00f3n<\/strong><\/a>&nbsp;tambi\u00e9n abordaron temas de<strong>&nbsp;<a href=\"https:\/\/www.elsoldepuebla.com.mx\/local\/para-seguridad-publica-e-infraestructura-mesas-de-trabajo-entre-barbosa-y-eduardo-rivera-6998330.html\" target=\"_blank\" rel=\"noreferrer noopener\">seguridad p\u00fablica<\/a><\/strong>&nbsp;y disponibilidad de recursos p\u00fablicos.<\/p>\n\n\n\n<p>Fue la noche de este 19 de agosto que tanto el gobernador como el presidente municipal electo confirmaron en sus redes sociales que hab\u00edan sostenido una reuni\u00f3n. Para este 10 de agosto, Barbosa Huerta, dio a conocer que uno de los motivos de la visita fue la invitaci\u00f3n para la toma de protesta.<\/p>\n\n\n\n<p>\u201cEfectivamente, estuvo en&nbsp;<strong>Casa Aguayo<\/strong>&nbsp;el presidente electo y tuvimos una reuni\u00f3n de trabajo sobre temas muy espec\u00edficos, de lo que puedo mencionar en esta reuni\u00f3n es que hablamos de la toma de protesta, \u00e9l me vino a invitar y me compromet\u00ed a acompa\u00f1arlo. Ser\u00e1 un evento el 15 de octubre en el horario y condiciones que los equipos van a precisar en log\u00edstica y dem\u00e1s condiciones\u201d, comparti\u00f3 en su habitual conferencia de prensa.<\/p>\n\n\n\n<p>No s\u00f3lo abordaron lo anterior, sino que tambi\u00e9n hablaron de seguridad p\u00fablica y la visi\u00f3n que tiene Rivera P\u00e9rez para la ciudad de Puebla. De igual modo, Barbosa dijo que ratific\u00f3 su compromiso de tener coordinaci\u00f3n entre la polic\u00eda estatal con la polic\u00eda municipal.<\/p>\n\n\n\n<p>\u201cEsto involucra m\u00e1s fuerzas del orden, una coordinaci\u00f3n metropolitana de seguridad p\u00fablica implica no solo a las polic\u00edas, sino a la Fiscal\u00eda, a la&nbsp;<strong>Guardia Nacional<\/strong>, al&nbsp;<strong>Ej\u00e9rcito<\/strong>, entonces es toda una construcci\u00f3n de un modelo. No se trata de revisar nombres porque eso es facultad de quien nombra, se trata de ver caracter\u00edsticas de funcionamiento y eso es lo que estamos nosotros\u201d, agreg\u00f3.<\/p>\n\n\n\n<p>Asimismo, Rivera le extern\u00f3 su preocupaci\u00f3n por la disponibilidad de recursos y lo que puede encontrar o no encontrar al llegar al Ayuntamiento, pero el gobernador cree que esto se resolver\u00e1 una vez que llegue al Palacio Municipal.<\/p>\n\n\n\n<p>Por todo lo anterior, Miguel Barbosa aprovech\u00f3 para exhortar a todos los ayuntamientos salientes para que mantengan orden en sus finanzas, en su funcionamiento administrativo y en los temas de\u00a0<strong>seguridad p\u00fablica<\/strong>\u00a0para que el cambio de poder sea ordenado, as\u00ed como satisfactorio para la sociedad.<\/p>\n\n\n\n<p>Fuente: https:\/\/www.elsoldepuebla.com.mx\/local\/miguel-barbosa-confirma-asistencia-a-toma-de-protesta-de-eduardo-rivera-7109111.html<\/p>\n","protected":false},"excerpt":{"rendered":"<p>El gobernador de Puebla se\u00f1al\u00f3 que durante la reuni\u00f3n del 19 de agosto reiter\u00f3 coordinaci\u00f3n entre la polic\u00eda estatal y [&hellip;]<\/p>\n","protected":false},"author":1,"featured_media":11866,"comment_status":"open","ping_status":"open","sticky":false,"template":"","format":"standard","meta":{"site-sidebar-layout":"default","site-content-layout":"","ast-site-content-layout":"default","site-content-style":"default","site-sidebar-style":"default","ast-global-header-display":"","ast-banner-title-visibility":"","ast-main-header-display":"","ast-hfb-above-header-display":"","ast-hfb-below-header-display":"","ast-hfb-mobile-header-display":"","site-post-title":"","ast-breadcrumbs-content":"","ast-featured-img":"","footer-sml-layout":"","theme-transparent-header-meta":"","adv-header-id-meta":"","stick-header-meta":"","header-above-stick-meta":"","header-main-stick-meta":"","header-below-stick-meta":"","astra-migrate-meta-layouts":"default","ast-page-background-enabled":"default","ast-page-background-meta":{"desktop":{"background-color":"var(--ast-global-color-4)","background-image":"","background-repeat":"repeat","background-position":"center center","background-size":"auto","background-attachment":"scroll","background-type":"","background-media":"","overlay-type":"","overlay-color":"","overlay-opacity":"","overlay-gradient":""},"tablet":{"background-color":"","background-image":"","background-repeat":"repeat","background-position":"center center","background-size":"auto","background-attachment":"scroll","background-type":"","background-media":"","overlay-type":"","overlay-color":"","overlay-opacity":"","overlay-gradient":""},"mobile":{"background-color":"","background-image":"","background-repeat":"repeat","background-position":"center center","background-size":"auto","background-attachment":"scroll","background-type":"","background-media":"","overlay-type":"","overlay-color":"","overlay-opacity":"","overlay-gradient":""}},"ast-content-background-meta":{"desktop":{"background-color":"var(--ast-global-color-5)","background-image":"","background-repeat":"repeat","background-position":"center center","background-size":"auto","background-attachment":"scroll","background-type":"","background-media":"","overlay-type":"","overlay-color":"","overlay-opacity":"","overlay-gradient":""},"tablet":{"background-color":"var(--ast-global-color-5)","background-image":"","background-repeat":"repeat","background-position":"center center","background-size":"auto","background-attachment":"scroll","background-type":"","background-media":"","overlay-type":"","overlay-color":"","overlay-opacity":"","overlay-gradient":""},"mobile":{"background-color":"var(--ast-global-color-5)","background-image":"","background-repeat":"repeat","background-position":"center center","background-size":"auto","background-attachment":"scroll","background-type":"","background-media":"","overlay-type":"","overlay-color":"","overlay-opacity":"","overlay-gradient":""}},"footnotes":""},"categories":[8],"tags":[1286,3392,73,3391],"class_list":["post-11865","post","type-post","status-publish","format-standard","has-post-thumbnail","hentry","category-noticias","tag-eduardo-rivera","tag-gobierno-puebla","tag-miguel-barbosa","tag-seguridad-publica"],"_links":{"self":[{"href":"https:\/\/losperiodistas.com.mx\/portal\/wp-json\/wp\/v2\/posts\/11865","targetHints":{"allow":["GET"]}}],"collection":[{"href":"https:\/\/losperiodistas.com.mx\/portal\/wp-json\/wp\/v2\/posts"}],"about":[{"href":"https:\/\/losperiodistas.com.mx\/portal\/wp-json\/wp\/v2\/types\/post"}],"author":[{"embeddable":true,"href":"https:\/\/losperiodistas.com.mx\/portal\/wp-json\/wp\/v2\/users\/1"}],"replies":[{"embeddable":true,"href":"https:\/\/losperiodistas.com.mx\/portal\/wp-json\/wp\/v2\/comments?post=11865"}],"version-history":[{"count":2,"href":"https:\/\/losperiodistas.com.mx\/portal\/wp-json\/wp\/v2\/posts\/11865\/revisions"}],"predecessor-version":[{"id":11874,"href":"https:\/\/losperiodistas.com.mx\/portal\/wp-json\/wp\/v2\/posts\/11865\/revisions\/11874"}],"wp:featuredmedia":[{"embeddable":true,"href":"https:\/\/losperiodistas.com.mx\/portal\/wp-json\/wp\/v2\/media\/11866"}],"wp:attachment":[{"href":"https:\/\/losperiodistas.com.mx\/portal\/wp-json\/wp\/v2\/media?parent=11865"}],"wp:term":[{"taxonomy":"category","embeddable":true,"href":"https:\/\/losperiodistas.com.mx\/portal\/wp-json\/wp\/v2\/categories?post=11865"},{"taxonomy":"post_tag","embeddable":true,"href":"https:\/\/losperiodistas.com.mx\/portal\/wp-json\/wp\/v2\/tags?post=11865"}],"curies":[{"name":"wp","href":"https:\/\/api.w.org\/{rel}","templated":true}]}}