{"id":11862,"date":"2021-08-20T11:45:46","date_gmt":"2021-08-20T16:45:46","guid":{"rendered":"http:\/\/losperiodistas.com.mx\/portal\/?p=11862"},"modified":"2021-08-20T11:45:48","modified_gmt":"2021-08-20T16:45:48","slug":"ee-uu-extiende-un-mes-mas-el-cierre-de-su-frontera-con-mexico-y-canada-para-viajes-no-esenciales-rt","status":"publish","type":"post","link":"https:\/\/losperiodistas.com.mx\/portal\/ee-uu-extiende-un-mes-mas-el-cierre-de-su-frontera-con-mexico-y-canada-para-viajes-no-esenciales-rt\/","title":{"rendered":"EE.UU. extiende un mes m\u00e1s el cierre de su frontera con M\u00e9xico y Canad\u00e1 para viajes no esenciales | RT"},"content":{"rendered":"\n<p><\/p>\n\n\n\n<figure class=\"wp-block-image size-large\"><img fetchpriority=\"high\" decoding=\"async\" width=\"1024\" height=\"701\" src=\"https:\/\/losperiodistas.com.mx\/portal\/wp-content\/uploads\/2021\/08\/Captura-de-Pantalla-2021-08-20-a-las-10.46.00-1024x701.jpg\" alt=\"\" class=\"wp-image-11863\" srcset=\"https:\/\/losperiodistas.com.mx\/portal\/wp-content\/uploads\/2021\/08\/Captura-de-Pantalla-2021-08-20-a-las-10.46.00-1024x701.jpg 1024w, https:\/\/losperiodistas.com.mx\/portal\/wp-content\/uploads\/2021\/08\/Captura-de-Pantalla-2021-08-20-a-las-10.46.00-300x205.jpg 300w, https:\/\/losperiodistas.com.mx\/portal\/wp-content\/uploads\/2021\/08\/Captura-de-Pantalla-2021-08-20-a-las-10.46.00-768x526.jpg 768w, https:\/\/losperiodistas.com.mx\/portal\/wp-content\/uploads\/2021\/08\/Captura-de-Pantalla-2021-08-20-a-las-10.46.00.jpg 1128w\" sizes=\"(max-width: 1024px) 100vw, 1024px\" \/><\/figure>\n\n\n\n<p><\/p>\n\n\n\n<p class=\"has-vivid-cyan-blue-color has-text-color has-medium-font-size\">RT<\/p>\n\n\n\n<p>EE.UU. anunci\u00f3 la extensi\u00f3n del cierre de su frontera con M\u00e9xico y Canad\u00e1 para \u00abviajes no esenciales\u00bb hasta el pr\u00f3ximo 21 de septiembre, con el fin de \u00abminimizar la propagaci\u00f3n del covid-19, incluida la variante Delta\u00bb.<\/p>\n\n\n\n<p>En un comunicado emitido por el Departamento de Seguridad, a trav\u00e9s de su cuenta en Twitter, Washington se\u00f1ala que continuar\u00e1 asegurando \u00abel flujo de viajes y comercio esencial\u00bb; asimismo, trabaja con m\u00e9dicos expertos \u00abpara determinar c\u00f3mo reanudar los viajes normales de manera segura\u00bb.<\/p>\n\n\n\n<figure class=\"wp-block-embed is-type-rich is-provider-twitter wp-block-embed-twitter\"><div class=\"wp-block-embed__wrapper\">\n<blockquote class=\"twitter-tweet\" data-width=\"500\" data-dnt=\"true\"><p lang=\"en\" dir=\"ltr\">In coordination with public health and medical experts, DHS continues working closely with its partners across the United States and internationally to determine how to safely and sustainably resume normal travel.<\/p>&mdash; Homeland Security (@DHSgov) <a href=\"https:\/\/twitter.com\/DHSgov\/status\/1428689218403016718?ref_src=twsrc%5Etfw\">August 20, 2021<\/a><\/blockquote><script async src=\"https:\/\/platform.twitter.com\/widgets.js\" charset=\"utf-8\"><\/script>\n<\/div><\/figure>\n\n\n\n<p>Fuente: https:\/\/actualidad.rt.com\/actualidad\/401492-eeuu-extiende-cierre-frontera-mexico-canada<\/p>\n","protected":false},"excerpt":{"rendered":"<p>RT EE.UU. anunci\u00f3 la extensi\u00f3n del cierre de su frontera con M\u00e9xico y Canad\u00e1 para \u00abviajes no esenciales\u00bb hasta el [&hellip;]<\/p>\n","protected":false},"author":1,"featured_media":11863,"comment_status":"open","ping_status":"open","sticky":false,"template":"","format":"standard","meta":{"site-sidebar-layout":"default","site-content-layout":"","ast-site-content-layout":"default","site-content-style":"default","site-sidebar-style":"default","ast-global-header-display":"","ast-banner-title-visibility":"","ast-main-header-display":"","ast-hfb-above-header-display":"","ast-hfb-below-header-display":"","ast-hfb-mobile-header-display":"","site-post-title":"","ast-breadcrumbs-content":"","ast-featured-img":"","footer-sml-layout":"","theme-transparent-header-meta":"","adv-header-id-meta":"","stick-header-meta":"","header-above-stick-meta":"","header-main-stick-meta":"","header-below-stick-meta":"","astra-migrate-meta-layouts":"default","ast-page-background-enabled":"default","ast-page-background-meta":{"desktop":{"background-color":"var(--ast-global-color-4)","background-image":"","background-repeat":"repeat","background-position":"center center","background-size":"auto","background-attachment":"scroll","background-type":"","background-media":"","overlay-type":"","overlay-color":"","overlay-opacity":"","overlay-gradient":""},"tablet":{"background-color":"","background-image":"","background-repeat":"repeat","background-position":"center center","background-size":"auto","background-attachment":"scroll","background-type":"","background-media":"","overlay-type":"","overlay-color":"","overlay-opacity":"","overlay-gradient":""},"mobile":{"background-color":"","background-image":"","background-repeat":"repeat","background-position":"center center","background-size":"auto","background-attachment":"scroll","background-type":"","background-media":"","overlay-type":"","overlay-color":"","overlay-opacity":"","overlay-gradient":""}},"ast-content-background-meta":{"desktop":{"background-color":"var(--ast-global-color-5)","background-image":"","background-repeat":"repeat","background-position":"center center","background-size":"auto","background-attachment":"scroll","background-type":"","background-media":"","overlay-type":"","overlay-color":"","overlay-opacity":"","overlay-gradient":""},"tablet":{"background-color":"var(--ast-global-color-5)","background-image":"","background-repeat":"repeat","background-position":"center center","background-size":"auto","background-attachment":"scroll","background-type":"","background-media":"","overlay-type":"","overlay-color":"","overlay-opacity":"","overlay-gradient":""},"mobile":{"background-color":"var(--ast-global-color-5)","background-image":"","background-repeat":"repeat","background-position":"center center","background-size":"auto","background-attachment":"scroll","background-type":"","background-media":"","overlay-type":"","overlay-color":"","overlay-opacity":"","overlay-gradient":""}},"footnotes":""},"categories":[8],"tags":[3388,3390,38,2997,3389],"class_list":["post-11862","post","type-post","status-publish","format-standard","has-post-thumbnail","hentry","category-noticias","tag-canda","tag-cierre-fronteras","tag-covid-19","tag-eeuu","tag-viajes-no-escenciales"],"_links":{"self":[{"href":"https:\/\/losperiodistas.com.mx\/portal\/wp-json\/wp\/v2\/posts\/11862","targetHints":{"allow":["GET"]}}],"collection":[{"href":"https:\/\/losperiodistas.com.mx\/portal\/wp-json\/wp\/v2\/posts"}],"about":[{"href":"https:\/\/losperiodistas.com.mx\/portal\/wp-json\/wp\/v2\/types\/post"}],"author":[{"embeddable":true,"href":"https:\/\/losperiodistas.com.mx\/portal\/wp-json\/wp\/v2\/users\/1"}],"replies":[{"embeddable":true,"href":"https:\/\/losperiodistas.com.mx\/portal\/wp-json\/wp\/v2\/comments?post=11862"}],"version-history":[{"count":1,"href":"https:\/\/losperiodistas.com.mx\/portal\/wp-json\/wp\/v2\/posts\/11862\/revisions"}],"predecessor-version":[{"id":11864,"href":"https:\/\/losperiodistas.com.mx\/portal\/wp-json\/wp\/v2\/posts\/11862\/revisions\/11864"}],"wp:featuredmedia":[{"embeddable":true,"href":"https:\/\/losperiodistas.com.mx\/portal\/wp-json\/wp\/v2\/media\/11863"}],"wp:attachment":[{"href":"https:\/\/losperiodistas.com.mx\/portal\/wp-json\/wp\/v2\/media?parent=11862"}],"wp:term":[{"taxonomy":"category","embeddable":true,"href":"https:\/\/losperiodistas.com.mx\/portal\/wp-json\/wp\/v2\/categories?post=11862"},{"taxonomy":"post_tag","embeddable":true,"href":"https:\/\/losperiodistas.com.mx\/portal\/wp-json\/wp\/v2\/tags?post=11862"}],"curies":[{"name":"wp","href":"https:\/\/api.w.org\/{rel}","templated":true}]}}