{"id":1186,"date":"2020-11-14T11:06:57","date_gmt":"2020-11-14T17:06:57","guid":{"rendered":"http:\/\/losperiodistas.com.mx\/portal\/?p=1186"},"modified":"2020-11-14T11:06:57","modified_gmt":"2020-11-14T17:06:57","slug":"agenda-cultural-de-fin-de-semana-en-ciudad-de-puebla","status":"publish","type":"post","link":"https:\/\/losperiodistas.com.mx\/portal\/agenda-cultural-de-fin-de-semana-en-ciudad-de-puebla\/","title":{"rendered":"Agenda Cultural de fin de semana en Ciudad de Puebla"},"content":{"rendered":"\n<p class=\"has-medium-font-size\"><em>Instituto Municipal de Arte y Cultura de Puebla celebra tambi\u00e9n \u201cD\u00eda Internacional Contra la Violencia y el Acoso Escolar, incluido el Ciberacoso\u201d<\/em><\/p>\n\n\n\n<p>El Gobierno de la Ciudad, a trav\u00e9s del Instituto Municipal de Arte y Cultura de Puebla, presenta la siguiente cartelera de eventos para que las y los poblanos disfruten de actividades recreativas desde casa con la modalidad en l\u00ednea, a trav\u00e9s de publicaciones v\u00eda Facebook y Twitter en @IMACP.<\/p>\n\n\n\n<p>El s\u00e1bado 14 a las 20:00 horas, la banda musical de blues Hikuri presentar\u00e1 su nuevo disco \u201cBlues en la lengua\u201d, grabado en las instalaciones del Teatro de la Ciudad y liderado por los hermanos Lud y Adolfo Ortiz, a trav\u00e9s de Facebook.<\/p>\n\n\n\n<p>En el marco del \u201cD\u00eda Internacional Contra la Violencia y el Acoso Escolar, incluido el Ciberacoso\u201d -celebrado el primer jueves de noviembre- y con la meta de generar espacios seguros en internet, del jueves 12 al 19 de noviembre, a las 16:00 horas, se transmitir\u00e1n a trav\u00e9s de Facebook los testimonios de distintas activistas respecto a la importancia de la reci\u00e9n aprobada Ley Olimpia, incluyendo el de la misma Olimpia Coral.<\/p>\n\n\n\n<p>A las 15:00 horas del lunes 16, en el marco del \u201cD\u00eda Internacional de la Tolerancia\u201d, el doctor en antropolog\u00eda, Manlio Barbosa Cano, compartir\u00e1 la charla \u201cPor una Cultura de Paz. Reconociendo nuestro cuerpo como una demarcaci\u00f3n libre de violencia, alejada de prejuicios\u201d, para abordar el tema de la sexualidad y el respeto.<\/p>\n\n\n\n<p>A partir del lunes 16 hasta el lunes 23 de noviembre, se realizar\u00e1 el taller \u201cPublicidad en tiempos de pandemia\u201d, impartido por Alejandro Johnson Camacho. Las transmisiones ser\u00e1n de 16:00 a 17:00 horas, a trav\u00e9s de Google Meet y Facebook Live. Las personas interesadas podr\u00e1n inscribirse gratuitamente enviando un correo a\u00a0<a href=\"mailto:promocionculturaltalleres.imacp@gmail.com\">promocionculturaltalleres.imacp@gmail.com<\/a>\u00a0con nombre, datos de contacto, CV y una carta de motivos. Cupo limitado a 20 personas.<\/p>\n\n\n\n<p>Fuente: http:\/\/www.pueblacapital.gob.mx\/noticias\/comunicados-de-prensa\/item\/14506-imacp-oferta-cartelera-cultural-para-disfrutar-desde-casa-este-fin-de-semana<\/p>\n","protected":false},"excerpt":{"rendered":"<p>Instituto Municipal de Arte y Cultura de Puebla celebra tambi\u00e9n \u201cD\u00eda Internacional Contra la Violencia y el Acoso Escolar, incluido [&hellip;]<\/p>\n","protected":false},"author":1,"featured_media":1187,"comment_status":"open","ping_status":"open","sticky":false,"template":"","format":"standard","meta":{"site-sidebar-layout":"default","site-content-layout":"","ast-site-content-layout":"default","site-content-style":"default","site-sidebar-style":"default","ast-global-header-display":"","ast-banner-title-visibility":"","ast-main-header-display":"","ast-hfb-above-header-display":"","ast-hfb-below-header-display":"","ast-hfb-mobile-header-display":"","site-post-title":"","ast-breadcrumbs-content":"","ast-featured-img":"","footer-sml-layout":"","theme-transparent-header-meta":"","adv-header-id-meta":"","stick-header-meta":"","header-above-stick-meta":"","header-main-stick-meta":"","header-below-stick-meta":"","astra-migrate-meta-layouts":"default","ast-page-background-enabled":"default","ast-page-background-meta":{"desktop":{"background-color":"var(--ast-global-color-4)","background-image":"","background-repeat":"repeat","background-position":"center center","background-size":"auto","background-attachment":"scroll","background-type":"","background-media":"","overlay-type":"","overlay-color":"","overlay-opacity":"","overlay-gradient":""},"tablet":{"background-color":"","background-image":"","background-repeat":"repeat","background-position":"center center","background-size":"auto","background-attachment":"scroll","background-type":"","background-media":"","overlay-type":"","overlay-color":"","overlay-opacity":"","overlay-gradient":""},"mobile":{"background-color":"","background-image":"","background-repeat":"repeat","background-position":"center center","background-size":"auto","background-attachment":"scroll","background-type":"","background-media":"","overlay-type":"","overlay-color":"","overlay-opacity":"","overlay-gradient":""}},"ast-content-background-meta":{"desktop":{"background-color":"var(--ast-global-color-5)","background-image":"","background-repeat":"repeat","background-position":"center center","background-size":"auto","background-attachment":"scroll","background-type":"","background-media":"","overlay-type":"","overlay-color":"","overlay-opacity":"","overlay-gradient":""},"tablet":{"background-color":"var(--ast-global-color-5)","background-image":"","background-repeat":"repeat","background-position":"center center","background-size":"auto","background-attachment":"scroll","background-type":"","background-media":"","overlay-type":"","overlay-color":"","overlay-opacity":"","overlay-gradient":""},"mobile":{"background-color":"var(--ast-global-color-5)","background-image":"","background-repeat":"repeat","background-position":"center center","background-size":"auto","background-attachment":"scroll","background-type":"","background-media":"","overlay-type":"","overlay-color":"","overlay-opacity":"","overlay-gradient":""}},"footnotes":""},"categories":[8],"tags":[],"class_list":["post-1186","post","type-post","status-publish","format-standard","has-post-thumbnail","hentry","category-noticias"],"_links":{"self":[{"href":"https:\/\/losperiodistas.com.mx\/portal\/wp-json\/wp\/v2\/posts\/1186","targetHints":{"allow":["GET"]}}],"collection":[{"href":"https:\/\/losperiodistas.com.mx\/portal\/wp-json\/wp\/v2\/posts"}],"about":[{"href":"https:\/\/losperiodistas.com.mx\/portal\/wp-json\/wp\/v2\/types\/post"}],"author":[{"embeddable":true,"href":"https:\/\/losperiodistas.com.mx\/portal\/wp-json\/wp\/v2\/users\/1"}],"replies":[{"embeddable":true,"href":"https:\/\/losperiodistas.com.mx\/portal\/wp-json\/wp\/v2\/comments?post=1186"}],"version-history":[{"count":1,"href":"https:\/\/losperiodistas.com.mx\/portal\/wp-json\/wp\/v2\/posts\/1186\/revisions"}],"predecessor-version":[{"id":1188,"href":"https:\/\/losperiodistas.com.mx\/portal\/wp-json\/wp\/v2\/posts\/1186\/revisions\/1188"}],"wp:featuredmedia":[{"embeddable":true,"href":"https:\/\/losperiodistas.com.mx\/portal\/wp-json\/wp\/v2\/media\/1187"}],"wp:attachment":[{"href":"https:\/\/losperiodistas.com.mx\/portal\/wp-json\/wp\/v2\/media?parent=1186"}],"wp:term":[{"taxonomy":"category","embeddable":true,"href":"https:\/\/losperiodistas.com.mx\/portal\/wp-json\/wp\/v2\/categories?post=1186"},{"taxonomy":"post_tag","embeddable":true,"href":"https:\/\/losperiodistas.com.mx\/portal\/wp-json\/wp\/v2\/tags?post=1186"}],"curies":[{"name":"wp","href":"https:\/\/api.w.org\/{rel}","templated":true}]}}