{"id":11855,"date":"2021-08-20T07:59:36","date_gmt":"2021-08-20T12:59:36","guid":{"rendered":"http:\/\/losperiodistas.com.mx\/portal\/?p=11855"},"modified":"2021-08-20T07:01:34","modified_gmt":"2021-08-20T12:01:34","slug":"por-que-afganistan-fue-consagrado-a-nuestra-senora-de-fatima-aleteia","status":"publish","type":"post","link":"https:\/\/losperiodistas.com.mx\/portal\/por-que-afganistan-fue-consagrado-a-nuestra-senora-de-fatima-aleteia\/","title":{"rendered":"\u00bfPor qu\u00e9 Afganist\u00e1n fue consagrado a Nuestra Se\u00f1ora de F\u00e1tima? | Aleteia"},"content":{"rendered":"\n<p><\/p>\n\n\n\n<p style=\"font-size:18px\"><em>La \u00fanica iglesia cat\u00f3lica en Afganist\u00e1n consagr\u00f3 el pa\u00eds musulm\u00e1n a Nuestra Se\u00f1ora cuando la situaci\u00f3n comenz\u00f3 a deteriorarse<\/em><\/p>\n\n\n\n<figure class=\"wp-block-image size-large\"><img fetchpriority=\"high\" decoding=\"async\" width=\"1024\" height=\"572\" src=\"https:\/\/losperiodistas.com.mx\/portal\/wp-content\/uploads\/2021\/08\/Captura-de-Pantalla-2021-08-20-a-las-6.56.14-1024x572.jpg\" alt=\"\" class=\"wp-image-11856\" srcset=\"https:\/\/losperiodistas.com.mx\/portal\/wp-content\/uploads\/2021\/08\/Captura-de-Pantalla-2021-08-20-a-las-6.56.14-1024x572.jpg 1024w, https:\/\/losperiodistas.com.mx\/portal\/wp-content\/uploads\/2021\/08\/Captura-de-Pantalla-2021-08-20-a-las-6.56.14-300x168.jpg 300w, https:\/\/losperiodistas.com.mx\/portal\/wp-content\/uploads\/2021\/08\/Captura-de-Pantalla-2021-08-20-a-las-6.56.14-768x429.jpg 768w, https:\/\/losperiodistas.com.mx\/portal\/wp-content\/uploads\/2021\/08\/Captura-de-Pantalla-2021-08-20-a-las-6.56.14.jpg 1242w\" sizes=\"(max-width: 1024px) 100vw, 1024px\" \/><figcaption>Cpl. Reece Lodder | U.S. Marines<\/figcaption><\/figure>\n\n\n\n<p class=\"has-vivid-cyan-blue-color has-text-color has-medium-font-size\">PHILIP KOSLOSKI \/ ALETEIA<\/p>\n\n\n\n<p>Oficialmente, no hay cat\u00f3licos nativos en Afganist\u00e1n. En 1933, sin embargo, se estableci\u00f3 en Kabul una sola capilla, en la embajada italiana.<\/p>\n\n\n\n<p>Esta capilla sirve a los extranjeros cat\u00f3licos que residen en Kabul, al mismo tiempo que tiene una fuerte presencia espiritual, orando por una paz duradera en el pa\u00eds.<\/p>\n\n\n\n<p>En 2017, el hermano Giovanni Scalese, capell\u00e1n asignado en la Capilla de Nuestra Se\u00f1ora de la Divina Providencia de Kabul, organiz\u00f3 una&nbsp;<strong>ceremonia de consagraci\u00f3n en la que coloc\u00f3 a todo el pa\u00eds de Afganist\u00e1n bajo la protecci\u00f3n de Nuestra Se\u00f1ora de F\u00e1tima y su Inmaculado Coraz\u00f3n.<\/strong><\/p>\n\n\n\n<figure class=\"wp-block-image\"><img decoding=\"async\" src=\"https:\/\/wp.es.aleteia.org\/wp-content\/uploads\/sites\/7\/2021\/08\/shutterstock_1396999451.jpg?w=720\" alt=\"Our Lady of Fatima\" class=\"wp-image-627844\"\/><\/figure>\n\n\n\n<p>Sidney de Almeida | Shutterstock<\/p>\n\n\n\n<p>Seg\u00fan&nbsp;<a href=\"http:\/\/www.asianews.it\/news-en\/Afghanistan,-the-heart-of-martyred-Asia,-consecrated-to-Our-Lady-of-Fatima-42051.html\" target=\"_blank\" rel=\"noreferrer noopener\">AsiaNews<\/a>, lo hizo porque \u00abse podr\u00eda decir que la situaci\u00f3n se ha ido deteriorando paulatinamente. De manera que aqu\u00ed est\u00e1 la idea de poder ir al cielo como \u00faltimo recurso. Este a\u00f1o es el centenario de F\u00e1tima, hoy es el aniversario de su \u00faltima aparici\u00f3n:&nbsp;<strong>\u00bfpor qu\u00e9 no entregarnos (como individuos y como comunidad cristiana) y consagrar este pa\u00eds al Inmaculado Coraz\u00f3n de Mar\u00eda?<\/strong>\u00ab<\/p>\n\n\n\n<p>Adem\u00e1s, cre\u00eda realmente que, debido a que todas las intervenciones militares hab\u00edan fracasado en Afganist\u00e1n, la oraci\u00f3n era el \u00faltimo recurso para cambiar de rumbo.<\/p>\n\n\n\n<p><em>El recuerdo de la consagraci\u00f3n de Rusia, unos a\u00f1os antes de la ca\u00edda del Muro de Berl\u00edn y al final de la Uni\u00f3n Sovi\u00e9tica: \u00abSi [esto] condujo al fin del comunismo, \u00bfno podr\u00eda la consagraci\u00f3n de Afganist\u00e1n traer algo de paz a este pa\u00eds maltratado?\u00bb<\/em><\/p>\n\n\n\n<p>En sus apariciones en F\u00e1tima, Nuestra Se\u00f1ora les explic\u00f3 a los ni\u00f1os c\u00f3mo los actos de consagraci\u00f3n pueden traer paz.<\/p>\n\n\n\n<blockquote class=\"wp-block-quote is-layout-flow wp-block-quote-is-layout-flow\"><p><em>Vendr\u00e9 a pedir la consagraci\u00f3n de Rusia a mi Inmaculado Coraz\u00f3n y la Comuni\u00f3n Reparadora de los Cinco Primeros S\u00e1bados.<\/em><\/p><p><em>Si se atienden mis peticiones, Rusia ser\u00e1 convertida, <\/em><strong><em>y habr\u00e1 paz<\/em>.<\/strong><\/p><\/blockquote>\n\n\n\n<p>Sobre todo, Nuestra Se\u00f1ora de F\u00e1tima inst\u00f3 a todos a\u00a0<strong>rezar el Rosario<\/strong>\u00a0y prometi\u00f3 que su Inmaculado Coraz\u00f3n triunfar\u00eda al final.<\/p>\n\n\n\n<p>Fuente: https:\/\/es.aleteia.org\/2021\/08\/20\/por-que-afganistan-fue-consagrado-a-nuestra-senora-de-fatima\/<\/p>\n","protected":false},"excerpt":{"rendered":"<p>La \u00fanica iglesia cat\u00f3lica en Afganist\u00e1n consagr\u00f3 el pa\u00eds musulm\u00e1n a Nuestra Se\u00f1ora cuando la situaci\u00f3n comenz\u00f3 a deteriorarse PHILIP [&hellip;]<\/p>\n","protected":false},"author":1,"featured_media":11856,"comment_status":"open","ping_status":"open","sticky":false,"template":"","format":"standard","meta":{"site-sidebar-layout":"default","site-content-layout":"","ast-site-content-layout":"default","site-content-style":"default","site-sidebar-style":"default","ast-global-header-display":"","ast-banner-title-visibility":"","ast-main-header-display":"","ast-hfb-above-header-display":"","ast-hfb-below-header-display":"","ast-hfb-mobile-header-display":"","site-post-title":"","ast-breadcrumbs-content":"","ast-featured-img":"","footer-sml-layout":"","theme-transparent-header-meta":"","adv-header-id-meta":"","stick-header-meta":"","header-above-stick-meta":"","header-main-stick-meta":"","header-below-stick-meta":"","astra-migrate-meta-layouts":"default","ast-page-background-enabled":"default","ast-page-background-meta":{"desktop":{"background-color":"var(--ast-global-color-4)","background-image":"","background-repeat":"repeat","background-position":"center center","background-size":"auto","background-attachment":"scroll","background-type":"","background-media":"","overlay-type":"","overlay-color":"","overlay-opacity":"","overlay-gradient":""},"tablet":{"background-color":"","background-image":"","background-repeat":"repeat","background-position":"center center","background-size":"auto","background-attachment":"scroll","background-type":"","background-media":"","overlay-type":"","overlay-color":"","overlay-opacity":"","overlay-gradient":""},"mobile":{"background-color":"","background-image":"","background-repeat":"repeat","background-position":"center center","background-size":"auto","background-attachment":"scroll","background-type":"","background-media":"","overlay-type":"","overlay-color":"","overlay-opacity":"","overlay-gradient":""}},"ast-content-background-meta":{"desktop":{"background-color":"var(--ast-global-color-5)","background-image":"","background-repeat":"repeat","background-position":"center center","background-size":"auto","background-attachment":"scroll","background-type":"","background-media":"","overlay-type":"","overlay-color":"","overlay-opacity":"","overlay-gradient":""},"tablet":{"background-color":"var(--ast-global-color-5)","background-image":"","background-repeat":"repeat","background-position":"center center","background-size":"auto","background-attachment":"scroll","background-type":"","background-media":"","overlay-type":"","overlay-color":"","overlay-opacity":"","overlay-gradient":""},"mobile":{"background-color":"var(--ast-global-color-5)","background-image":"","background-repeat":"repeat","background-position":"center center","background-size":"auto","background-attachment":"scroll","background-type":"","background-media":"","overlay-type":"","overlay-color":"","overlay-opacity":"","overlay-gradient":""}},"footnotes":""},"categories":[8],"tags":[3228,3387,3386],"class_list":["post-11855","post","type-post","status-publish","format-standard","has-post-thumbnail","hentry","category-noticias","tag-afganistan","tag-catolicos-afganistan","tag-virgen-de-fatima"],"_links":{"self":[{"href":"https:\/\/losperiodistas.com.mx\/portal\/wp-json\/wp\/v2\/posts\/11855","targetHints":{"allow":["GET"]}}],"collection":[{"href":"https:\/\/losperiodistas.com.mx\/portal\/wp-json\/wp\/v2\/posts"}],"about":[{"href":"https:\/\/losperiodistas.com.mx\/portal\/wp-json\/wp\/v2\/types\/post"}],"author":[{"embeddable":true,"href":"https:\/\/losperiodistas.com.mx\/portal\/wp-json\/wp\/v2\/users\/1"}],"replies":[{"embeddable":true,"href":"https:\/\/losperiodistas.com.mx\/portal\/wp-json\/wp\/v2\/comments?post=11855"}],"version-history":[{"count":1,"href":"https:\/\/losperiodistas.com.mx\/portal\/wp-json\/wp\/v2\/posts\/11855\/revisions"}],"predecessor-version":[{"id":11857,"href":"https:\/\/losperiodistas.com.mx\/portal\/wp-json\/wp\/v2\/posts\/11855\/revisions\/11857"}],"wp:featuredmedia":[{"embeddable":true,"href":"https:\/\/losperiodistas.com.mx\/portal\/wp-json\/wp\/v2\/media\/11856"}],"wp:attachment":[{"href":"https:\/\/losperiodistas.com.mx\/portal\/wp-json\/wp\/v2\/media?parent=11855"}],"wp:term":[{"taxonomy":"category","embeddable":true,"href":"https:\/\/losperiodistas.com.mx\/portal\/wp-json\/wp\/v2\/categories?post=11855"},{"taxonomy":"post_tag","embeddable":true,"href":"https:\/\/losperiodistas.com.mx\/portal\/wp-json\/wp\/v2\/tags?post=11855"}],"curies":[{"name":"wp","href":"https:\/\/api.w.org\/{rel}","templated":true}]}}