{"id":11849,"date":"2021-08-20T06:39:42","date_gmt":"2021-08-20T11:39:42","guid":{"rendered":"http:\/\/losperiodistas.com.mx\/portal\/?p=11849"},"modified":"2021-08-20T06:39:43","modified_gmt":"2021-08-20T11:39:43","slug":"lo-peor-esta-por-llegar-babelia","status":"publish","type":"post","link":"https:\/\/losperiodistas.com.mx\/portal\/lo-peor-esta-por-llegar-babelia\/","title":{"rendered":"Lo peor est\u00e1 por llegar | Babelia"},"content":{"rendered":"\n<p style=\"font-size:18px\"><em>La situaci\u00f3n en Afganist\u00e1n recuerda a lo de Saig\u00f3n. Ahora solo falta que los EE UU terminen de aliados de los talib\u00e1n, cosas m\u00e1s dif\u00edciles hemos visto<\/em><\/p>\n\n\n\n<figure class=\"wp-block-image size-large\"><img fetchpriority=\"high\" decoding=\"async\" width=\"1024\" height=\"716\" src=\"https:\/\/losperiodistas.com.mx\/portal\/wp-content\/uploads\/2021\/08\/Captura-de-Pantalla-2021-08-20-a-las-6.36.49-1024x716.jpg\" alt=\"\" class=\"wp-image-11850\" srcset=\"https:\/\/losperiodistas.com.mx\/portal\/wp-content\/uploads\/2021\/08\/Captura-de-Pantalla-2021-08-20-a-las-6.36.49-1024x716.jpg 1024w, https:\/\/losperiodistas.com.mx\/portal\/wp-content\/uploads\/2021\/08\/Captura-de-Pantalla-2021-08-20-a-las-6.36.49-300x210.jpg 300w, https:\/\/losperiodistas.com.mx\/portal\/wp-content\/uploads\/2021\/08\/Captura-de-Pantalla-2021-08-20-a-las-6.36.49-768x537.jpg 768w, https:\/\/losperiodistas.com.mx\/portal\/wp-content\/uploads\/2021\/08\/Captura-de-Pantalla-2021-08-20-a-las-6.36.49.jpg 1288w\" sizes=\"(max-width: 1024px) 100vw, 1024px\" \/><figcaption>Cientos de hombres armados mostraban su apoyo a las fuerzas de seguridad afganas frente a los talib\u00e1n este pasado junio a las afueras de Kabul. STRINGER \/ REUTERS<\/figcaption><\/figure>\n\n\n\n<p><strong>SILL\u00d3N DE OREJAS<\/strong><\/p>\n\n\n\n<p class=\"has-vivid-cyan-blue-color has-text-color has-medium-font-size\">MANUEL RODR\u00cdGUEZ RIVERO \/ BABELIA \/ EL PA\u00cdS<\/p>\n\n\n\n<p><strong>Guerras<\/strong><\/p>\n\n\n\n<p>Afganist\u00e1n: un pa\u00eds hecho trizas tras una guerra de desgaste \u2014<em>war of attrition<\/em>, guerra de atrici\u00f3n, literalmente\u2014 que dura m\u00e1s de veinte a\u00f1os; un estado fallido de verdad (nada que ver con, por ejemplo, Venezuela, que, sin embargo, tampoco est\u00e1 como para echar cohetes) en el que los que tienen m\u00e1s que perder no pueden o ya no quieren defenderlo, abandonados por los mismos \u201caliados\u201d que, veinte a\u00f1os antes, financiaron y armaron al yihadismo islamista y alumbraron a los talib\u00e1n, que parec\u00edan venir de otro tiempo. Las consecuencias de la c\u00ednica retirada de las fuerzas del Imperio, tras una demoledora ofensiva final que tom\u00f3 por sorpresa a la \u00bfseguridad? militar del pa\u00eds m\u00e1s poderoso del mundo, durar\u00e1n mucho. Para empezar, la derrota sin paliativos rubrica la decadencia pol\u00edtica y el asombroso d\u00e9ficit (quiz\u00e1s, la quiebra) de credibilidad y, por consiguiente, de liderazgo, de EE UU; parafraseando al T. S. Eliot de&nbsp;<em>Los hombres huecos<\/em>&nbsp;(1925), el largo \u201csiglo americano\u201d (1919-2021) se termina \u201cno con una explosi\u00f3n\u201d, sino con el sollozo de una vergonzante retirada. Recuerda a lo de Saig\u00f3n. Ahora solo falta que los EE UU terminen de aliados de los talib\u00e1n, cosas m\u00e1s dif\u00edciles hemos visto. Al fin y al cabo, al contrario que sus enemigos, los insurgentes vencedores siempre han tenido claro por qu\u00e9 luchan, y ya se han apresurado a vestirse la pelliza de cordero y a anunciar que las mujeres (las principales v\u00edctimas de su celo religioso: qu\u00e9 futuro terrible les espera) ser\u00e1n \u201cfelices\u201d bajo su r\u00e9gimen, y que sus derechos ser\u00e1n respetados \u201cdentro de la ley isl\u00e1mica\u201d, es decir, de su interpretaci\u00f3n m\u00e1s rigorista y retr\u00f3grada. Y me temo, utilizando un mantra que los medios de comunicaci\u00f3n audiovisuales aplican a cualquier cosa (las lluvias, los incendios, el calor, los contagios), que \u201clo peor est\u00e1 por llegar\u201d. En cuanto a la guerra \u2014nunca ha existido un mundo sin ellas\u2014, recomiendo con entusiasmo&nbsp;<em>La guerra, c\u00f3mo nos han marcado los conflictos<\/em>&nbsp;(Turner), de la gran historiadora Margaret MacMillan, un libro breve, sustancioso y muy ameno dedicado a explicar c\u00f3mo la guerra, uno de los siniestros jinetes con los que amenaza el Apocalipsis, ha sido un importante factor de civilizaci\u00f3n: desde la creaci\u00f3n de los primeros estados (por necesidades defensivas), a la burocracia moderna. La guerra ha sido tambi\u00e9n, parad\u00f3jicamente, elemento de cambio y creatividad: ayud\u00f3 indirectamente a la liberaci\u00f3n de la mujer que, junto con los ni\u00f1os, es el sujeto m\u00e1s desamparado en toda guerra (por cierto, a partir de 1945, m\u00e1s de dos millones de alemanas fueron violadas por los soldados sovi\u00e9ticos); contribuy\u00f3 a \u201ccivilizar\u201d los conflictos (aunque las convenciones de La Haya y Ginebra no funcionaban para los \u201cno civilizados\u201d). Importante resulta tambi\u00e9n el impacto de la guerra en el arte: los muy diversos intentos de reflejar lo inexplicable (Goya, Otto Dix). Un buen estudio cultural que se toma la guerra (la de ahora, la de ayer) muy en serio.<\/p>\n\n\n\n<p><strong>Windsor<\/strong><\/p>\n\n\n\n<figure class=\"wp-block-image\"><img decoding=\"async\" src=\"https:\/\/imagenes.elpais.com\/resizer\/PnlGvCyA0N4Z8CGRdZDl5vWdheQ=\/414x0\/cloudfront-eu-central-1.images.arcpublishing.com\/prisa\/64U5ZF6QFNCYNCK3KRE2K3G7DQ.jpg\" alt=\"El duque de Windsor con unos oficiales nazis en Alemania, en 1937. \"\/><figcaption>El duque de Windsor con unos oficiales nazis en Alemania, en 1937.&nbsp;CENTRAL PRESS \/ GETTY IMAGES<\/figcaption><\/figure>\n\n\n\n<p>Como ha difundido&nbsp;<em>The Crown<\/em>, los duques de Windsor , adem\u00e1s de no ocultar sus simpat\u00edas por lo alem\u00e1n (pong\u00e1moslo as\u00ed), se convirtieron en aut\u00e9nticos&nbsp;<em>influencers<\/em>&nbsp;de su \u00e9poca. Al duque se le atribuyen \u201cinventos\u201d duraderos como los pantalones con vuelta, adem\u00e1s de la popularizaci\u00f3n de camisas estampadas (las blancas eran demasiado \u201caburridas\u201d) y las corbatas ce\u00f1idas con el c\u00e9lebre nudo triangular al que prest\u00f3 nombre.&nbsp;<em>El nudo Windsor&nbsp;<\/em>(Salamandra), de la escritora S. J. Bennett, habla de otros nudos menos inocuos, ofreciendo, adem\u00e1s, una nueva vuelta de tuerca respecto a la naturaleza y car\u00e1cter de los sabuesos\/as que los resuelven. Imag\u00ednense: una ma\u00f1ana Isabel II (Lilibet, en familia), reina de Inglaterra (etc\u00e9tera), una en\u00e9rgica anciana acostumbrada a resolver (adem\u00e1s de las tareas propias de su cargo) peque\u00f1os entuertos dom\u00e9sticos, se levanta en sus aposentos de Windsor y comienza una jornada m\u00e1s o menos oficial en la que, sin embargo, acabar\u00e1 resolviendo (con ayuda de su secretaria Rozie) el asesinato de uno de sus invitados. Todo con total discreci\u00f3n y un&nbsp;<em>savoir faire<\/em>&nbsp;que contrasta con la falta de rigor de la polic\u00eda y el MI5 (que llega a sospechar que el asesinato hab\u00eda sido ordenado por Putin). Claro que hay un problema a\u00f1adido: el papel de Su Majestad, la \u201cverdadera reina del crimen\u201d, no puede trascender. En ese tira y afloja de revelaci\u00f3n \/ ocultamiento transcurre la divertida trama de este agradable&nbsp;<em>thriller&nbsp;<\/em>que he le\u00eddo en pruebas y que ustedes podr\u00e1n encontrar en las librer\u00edas a principios de mes. Ap\u00fantenlo en su lista de compras.<\/p>\n\n\n\n<p><strong>Vuelo<\/strong><\/p>\n\n\n\n<p>Parece mentira. Me he pasado mi vida ocupado por y en los libros, y todav\u00eda sigo cayendo en las trampas de los paratextos. Le\u00ed en la&nbsp;<em>cuarta<\/em>&nbsp;de&nbsp;<em>Friday Black<\/em>&nbsp;(Libros del Asteroide, una las editoriales independientes que sigo con particular inter\u00e9s), un libro de relatos del estadounidense Nana Kwame Adjei-Brenyah, elogios ditir\u00e1mbicos acerca de este conjunto de cuentos, \u201cun retrato dist\u00f3pico, demoledor y siempre sorprendente de la Norteam\u00e9rica actual, as\u00ed como una denuncia sin filtros, sat\u00edrica y cruda..\u201d y blablabl\u00e1, blablabl\u00e1. La recopilaci\u00f3n ha recibido premios, elogios en las redes sociales y la han alabado escritores que admiro (como George Saunders). Total, que me dej\u00e9 engatusar. Supongo que todos ustedes se han sentido alguna vez est\u00fapidos cuando no les gusta algo que elogian muchos: pues eso es lo que me pas\u00f3 cuando llegu\u00e9 al \u00faltimo cuento y me hice consciente de la p\u00e9rdida de tiempo. No hay que fiarse nunca de los paratextos editoriales, aunque vengan firmados por Cervantes. Lo \u00fanico que,&nbsp;<em>en mi opini\u00f3n<\/em>, destaca del conjunto es la muy profesional traducci\u00f3n de Javier Calvo. Finalmente, y merced a un d\u00e9bil impulso, el libro se elev\u00f3 desde mi sill\u00f3n de orejas, dando vueltas en el aire hasta reposar en el caj\u00f3n de desechables.<\/p>\n\n\n\n<p><em>Puedes seguir a BABELIA en\u00a0<\/em><a href=\"https:\/\/www.facebook.com\/babeliaelpais\"><em>Facebook<\/em><\/a><em>\u00a0y\u00a0<\/em><a href=\"https:\/\/twitter.com\/babelia_elpais\"><em>Twitter<\/em><\/a><em>, o apuntarte aqu\u00ed para recibir\u00a0<\/em><a href=\"https:\/\/plus.elpais.com\/newsletters\/lnp\/1\/254\"><em>nuestra newsletter semanal<\/em><\/a><em>.<\/em><\/p>\n\n\n\n<p>Fuente: https:\/\/elpais.com\/babelia\/2021-08-20\/lo-peor-esta-por-llegar.html<\/p>\n\n\n\n<p><a href=\"https:\/\/www.facebook.com\/dialog\/share?display=popup&amp;app_id=94039431626&amp;href=https%3A%2F%2Felpais.com%2Fbabelia%2F2021-08-20%2Flo-peor-esta-por-llegar.html%3Fssm=FB_CC&amp;quote=Lo%20peor%20est%C3%A1%20por%20llegar\" target=\"_blank\" rel=\"noreferrer noopener\"><\/a><a href=\"https:\/\/twitter.com\/intent\/tweet?url=https%3A%2F%2Felpais.com%2Fbabelia%2F2021-08-20%2Flo-peor-esta-por-llegar.html%3Fssm=TW_CC&amp;text=Lo%20peor%20est%C3%A1%20por%20llegar&amp;via=el_pais&amp;lang=es\" target=\"_blank\" rel=\"noreferrer noopener\"><\/a><a href=\"https:\/\/elpais.com\/babelia\/2021-08-20\/lo-peor-esta-por-llegar.html#comentarios\"><\/a><\/p>\n","protected":false},"excerpt":{"rendered":"<p>La situaci\u00f3n en Afganist\u00e1n recuerda a lo de Saig\u00f3n. Ahora solo falta que los EE UU terminen de aliados de [&hellip;]<\/p>\n","protected":false},"author":1,"featured_media":11850,"comment_status":"open","ping_status":"open","sticky":false,"template":"","format":"standard","meta":{"site-sidebar-layout":"default","site-content-layout":"","ast-site-content-layout":"default","site-content-style":"default","site-sidebar-style":"default","ast-global-header-display":"","ast-banner-title-visibility":"","ast-main-header-display":"","ast-hfb-above-header-display":"","ast-hfb-below-header-display":"","ast-hfb-mobile-header-display":"","site-post-title":"","ast-breadcrumbs-content":"","ast-featured-img":"","footer-sml-layout":"","theme-transparent-header-meta":"","adv-header-id-meta":"","stick-header-meta":"","header-above-stick-meta":"","header-main-stick-meta":"","header-below-stick-meta":"","astra-migrate-meta-layouts":"default","ast-page-background-enabled":"default","ast-page-background-meta":{"desktop":{"background-color":"var(--ast-global-color-4)","background-image":"","background-repeat":"repeat","background-position":"center center","background-size":"auto","background-attachment":"scroll","background-type":"","background-media":"","overlay-type":"","overlay-color":"","overlay-opacity":"","overlay-gradient":""},"tablet":{"background-color":"","background-image":"","background-repeat":"repeat","background-position":"center center","background-size":"auto","background-attachment":"scroll","background-type":"","background-media":"","overlay-type":"","overlay-color":"","overlay-opacity":"","overlay-gradient":""},"mobile":{"background-color":"","background-image":"","background-repeat":"repeat","background-position":"center center","background-size":"auto","background-attachment":"scroll","background-type":"","background-media":"","overlay-type":"","overlay-color":"","overlay-opacity":"","overlay-gradient":""}},"ast-content-background-meta":{"desktop":{"background-color":"var(--ast-global-color-5)","background-image":"","background-repeat":"repeat","background-position":"center center","background-size":"auto","background-attachment":"scroll","background-type":"","background-media":"","overlay-type":"","overlay-color":"","overlay-opacity":"","overlay-gradient":""},"tablet":{"background-color":"var(--ast-global-color-5)","background-image":"","background-repeat":"repeat","background-position":"center center","background-size":"auto","background-attachment":"scroll","background-type":"","background-media":"","overlay-type":"","overlay-color":"","overlay-opacity":"","overlay-gradient":""},"mobile":{"background-color":"var(--ast-global-color-5)","background-image":"","background-repeat":"repeat","background-position":"center center","background-size":"auto","background-attachment":"scroll","background-type":"","background-media":"","overlay-type":"","overlay-color":"","overlay-opacity":"","overlay-gradient":""}},"footnotes":""},"categories":[8],"tags":[3228,3383,696,3225],"class_list":["post-11849","post","type-post","status-publish","format-standard","has-post-thumbnail","hentry","category-noticias","tag-afganistan","tag-estado-fallido","tag-joe-biden","tag-talibanes"],"_links":{"self":[{"href":"https:\/\/losperiodistas.com.mx\/portal\/wp-json\/wp\/v2\/posts\/11849","targetHints":{"allow":["GET"]}}],"collection":[{"href":"https:\/\/losperiodistas.com.mx\/portal\/wp-json\/wp\/v2\/posts"}],"about":[{"href":"https:\/\/losperiodistas.com.mx\/portal\/wp-json\/wp\/v2\/types\/post"}],"author":[{"embeddable":true,"href":"https:\/\/losperiodistas.com.mx\/portal\/wp-json\/wp\/v2\/users\/1"}],"replies":[{"embeddable":true,"href":"https:\/\/losperiodistas.com.mx\/portal\/wp-json\/wp\/v2\/comments?post=11849"}],"version-history":[{"count":1,"href":"https:\/\/losperiodistas.com.mx\/portal\/wp-json\/wp\/v2\/posts\/11849\/revisions"}],"predecessor-version":[{"id":11851,"href":"https:\/\/losperiodistas.com.mx\/portal\/wp-json\/wp\/v2\/posts\/11849\/revisions\/11851"}],"wp:featuredmedia":[{"embeddable":true,"href":"https:\/\/losperiodistas.com.mx\/portal\/wp-json\/wp\/v2\/media\/11850"}],"wp:attachment":[{"href":"https:\/\/losperiodistas.com.mx\/portal\/wp-json\/wp\/v2\/media?parent=11849"}],"wp:term":[{"taxonomy":"category","embeddable":true,"href":"https:\/\/losperiodistas.com.mx\/portal\/wp-json\/wp\/v2\/categories?post=11849"},{"taxonomy":"post_tag","embeddable":true,"href":"https:\/\/losperiodistas.com.mx\/portal\/wp-json\/wp\/v2\/tags?post=11849"}],"curies":[{"name":"wp","href":"https:\/\/api.w.org\/{rel}","templated":true}]}}