{"id":11846,"date":"2021-08-20T06:28:23","date_gmt":"2021-08-20T11:28:23","guid":{"rendered":"http:\/\/losperiodistas.com.mx\/portal\/?p=11846"},"modified":"2021-08-20T06:28:25","modified_gmt":"2021-08-20T11:28:25","slug":"con-863-contagios-en-1-dia-puebla-rompe-record-de-covid-e-consulta","status":"publish","type":"post","link":"https:\/\/losperiodistas.com.mx\/portal\/con-863-contagios-en-1-dia-puebla-rompe-record-de-covid-e-consulta\/","title":{"rendered":"Con 863 contagios en 1 d\u00eda, Puebla rompe r\u00e9cord de covid | E-Consulta"},"content":{"rendered":"\n<p style=\"font-size:18px\"><em>Todos los indicadores de la pandemia se dispararon, alerta secretario de Salud<\/em><\/p>\n\n\n\n<figure class=\"wp-block-image size-large\"><img fetchpriority=\"high\" decoding=\"async\" width=\"1024\" height=\"679\" src=\"https:\/\/losperiodistas.com.mx\/portal\/wp-content\/uploads\/2021\/08\/Captura-de-Pantalla-2021-08-20-a-las-6.25.23-1024x679.jpg\" alt=\"\" class=\"wp-image-11847\" srcset=\"https:\/\/losperiodistas.com.mx\/portal\/wp-content\/uploads\/2021\/08\/Captura-de-Pantalla-2021-08-20-a-las-6.25.23-1024x679.jpg 1024w, https:\/\/losperiodistas.com.mx\/portal\/wp-content\/uploads\/2021\/08\/Captura-de-Pantalla-2021-08-20-a-las-6.25.23-300x199.jpg 300w, https:\/\/losperiodistas.com.mx\/portal\/wp-content\/uploads\/2021\/08\/Captura-de-Pantalla-2021-08-20-a-las-6.25.23-768x509.jpg 768w, https:\/\/losperiodistas.com.mx\/portal\/wp-content\/uploads\/2021\/08\/Captura-de-Pantalla-2021-08-20-a-las-6.25.23-1536x1018.jpg 1536w, https:\/\/losperiodistas.com.mx\/portal\/wp-content\/uploads\/2021\/08\/Captura-de-Pantalla-2021-08-20-a-las-6.25.23-2048x1357.jpg 2048w\" sizes=\"(max-width: 1024px) 100vw, 1024px\" \/><figcaption>E-Consulta<\/figcaption><\/figure>\n\n\n\n<p class=\"has-vivid-cyan-blue-color has-text-color has-medium-font-size\">KAREN MEZA \/ E-CONSULTA<\/p>\n\n\n\n<p><strong>Puebla<\/strong>&nbsp;registr\u00f3&nbsp;<strong>863 nuevos casos de Covid-19 en un solo d\u00eda,<\/strong>&nbsp;la mayor cifra de toda la&nbsp;<strong>pandemia<\/strong>, inform\u00f3 el&nbsp;<strong>secretario de Salud<\/strong>, Jos\u00e9 Antonio Mart\u00ednez Garc\u00eda.<\/p>\n\n\n\n<p>El r\u00e9cord anterior de contagios en 24 horas ocurri\u00f3 el&nbsp;<strong>27 de enero de este a\u00f1o<\/strong>&nbsp;\u2013en la segunda ola\u2013 con&nbsp;<strong>704 casos.<\/strong><\/p>\n\n\n\n<p>Mart\u00ednez Garc\u00eda confirm\u00f3 que hay un\u00a0<strong>aumento en todos los indicadores del coronavirus,<\/strong>\u00a0en el periodo del 1 al 19 de agosto.<\/p>\n\n\n\n<figure class=\"wp-block-embed is-type-video is-provider-youtube wp-block-embed-youtube wp-embed-aspect-16-9 wp-has-aspect-ratio\"><div class=\"wp-block-embed__wrapper\">\n<iframe title=\"Con 863 contagios en 1 d\u00eda, Puebla rompe r\u00e9cord de covid\" width=\"500\" height=\"281\" src=\"https:\/\/www.youtube.com\/embed\/GbVP40I1-Sw?feature=oembed\" frameborder=\"0\" allow=\"accelerometer; autoplay; clipboard-write; encrypted-media; gyroscope; picture-in-picture; web-share\" referrerpolicy=\"strict-origin-when-cross-origin\" allowfullscreen><\/iframe>\n<\/div><\/figure>\n\n\n\n<p>El \u00edndice de positividad subi\u00f3 49% y aumentaron&nbsp;en 8 mil 31 lo<strong>s casos acumulados&nbsp;<\/strong>y los casos activos, en mil 213.<\/p>\n\n\n\n<p>En ese periodo tambi\u00e9n hay\u00a0<strong>25 municipios m\u00e1s con casos positivos<\/strong>, los hospitalizados sumaron otros 391\u00a0y los que requieren ventilaci\u00f3n asistida son 56 m\u00e1s. Se han registrado 375 muertes.<\/p>\n\n\n\n<p>\u201cLamentablemente, las defunciones que tenemos en las \u00faltimas 72 horas son 24 y un acumulado de&nbsp;<strong>13 mil 367<\/strong>\u201d, inform\u00f3.<\/p>\n\n\n\n<p>Indic\u00f3 que&nbsp;<strong>la curva de contagios puede crecer<\/strong>&nbsp;y prev\u00e9n que su pico m\u00e1s alto se produzca entre la \u00faltima semana de agosto y la primera de septiembre.<\/p>\n\n\n\n<p>En la proyecci\u00f3n, se esperan m\u00e1s de&nbsp;<strong>1 mil 400 pacientes hospitalizados<\/strong>, aunque pueden alcanzar la cifra de 1 mil 700, superando el r\u00e9cord de la segunda ola, el 23 de enero, cuando se registraron&nbsp;<strong>1 mil 428 internados<\/strong>&nbsp;en hospitales.<\/p>\n\n\n\n<p>Por su parte, Jes\u00fas Ram\u00edrez, encargado de despacho de la Secretar\u00eda de Administraci\u00f3n, inform\u00f3 que en el Sem\u00e1foro Epidemiol\u00f3gico las regiones de la capital y&nbsp;<strong>Zacatl\u00e1n<\/strong>&nbsp;est\u00e1n en rojo y las regiones de&nbsp;<strong>Tehuac\u00e1n<\/strong>&nbsp;y&nbsp;<strong>Teziutl\u00e1n<\/strong>&nbsp;se encuentran en color naranja.<\/p>\n\n\n\n<p>Iz\u00facar de&nbsp;<strong>Matamoros<\/strong>&nbsp;y&nbsp;<strong>Tecamachalco<\/strong>&nbsp;se encuentran en amarillo, pero todas las regiones mantienen una tendencia ascendente.<\/p>\n\n\n\n<p>\u201cHemos rebasado los indicadores de la segunda ola en el mes de enero (\u2026) se destaca una aceleraci\u00f3n de defunciones. En julio hubo&nbsp;<strong>4 defunciones diarias<\/strong>&nbsp;y en&nbsp;<strong>agosto<\/strong>,&nbsp;<strong>14<\/strong>\u201d, agreg\u00f3.<\/p>\n\n\n\n<p>En tanto, 865 enfermos est\u00e1n hospitalizados, de ellos 116 requieren ventilaci\u00f3n mec\u00e1nica asistida por su condici\u00f3n grave de salud.<\/p>\n\n\n\n<p><strong>Llegar\u00e1n medio mill\u00f3n de vacunas<\/strong><\/p>\n\n\n\n<p>El director del&nbsp;<strong>Instituto de Salud para el Bienestar (Insabi), Juan Antonio Ferrer Aguilar&nbsp;<\/strong>dar\u00e1 este jueves informaci\u00f3n de las cantidades exactas de vacunas de prevenci\u00f3n de Covid-19 que recibir\u00e1 la entidad para continuar con las jornadas de vacunaci\u00f3n.<\/p>\n\n\n\n<p>\u201cAparentemente, gobernador (Barbosa), van a ser alrededor de medio mill\u00f3n de biol\u00f3gicos de diferentes marcas\u201d, inform\u00f3 el secretario de Salud, Jos\u00e9 Antonio Mart\u00ednez Garc\u00eda.<\/p>\n\n\n\n<p>Dio a conocer que al menos&nbsp;<strong>190 mil dosis ser\u00e1n para las primeras dosis de la poblaci\u00f3n<\/strong>&nbsp;mayor a 18 a\u00f1os &nbsp;de edad.<\/p>\n\n\n\n<p>\u201cEstamos en espera el d\u00eda de hoy de que nos den la cifra exacta y nosotros, el cap\u00edtulo Puebla del Plan Nacional Correcaminos, \u00a0vemos\u00a0<strong>d\u00f3nde vamos a poner el biol\u00f3gico<\/strong>\u00a0en los diferentes municipios de la entidad\u201d, coment\u00f3.<\/p>\n\n\n\n<p>Fuente: https:\/\/www.e-consulta.com\/nota\/2021-08-19\/salud\/con-863-contagios-en-1-dia-puebla-rompe-record-de-covid<\/p>\n","protected":false},"excerpt":{"rendered":"<p>Todos los indicadores de la pandemia se dispararon, alerta secretario de Salud KAREN MEZA \/ E-CONSULTA Puebla&nbsp;registr\u00f3&nbsp;863 nuevos casos de [&hellip;]<\/p>\n","protected":false},"author":1,"featured_media":11847,"comment_status":"open","ping_status":"open","sticky":false,"template":"","format":"standard","meta":{"site-sidebar-layout":"default","site-content-layout":"","ast-site-content-layout":"default","site-content-style":"default","site-sidebar-style":"default","ast-global-header-display":"","ast-banner-title-visibility":"","ast-main-header-display":"","ast-hfb-above-header-display":"","ast-hfb-below-header-display":"","ast-hfb-mobile-header-display":"","site-post-title":"","ast-breadcrumbs-content":"","ast-featured-img":"","footer-sml-layout":"","theme-transparent-header-meta":"","adv-header-id-meta":"","stick-header-meta":"","header-above-stick-meta":"","header-main-stick-meta":"","header-below-stick-meta":"","astra-migrate-meta-layouts":"default","ast-page-background-enabled":"default","ast-page-background-meta":{"desktop":{"background-color":"var(--ast-global-color-4)","background-image":"","background-repeat":"repeat","background-position":"center center","background-size":"auto","background-attachment":"scroll","background-type":"","background-media":"","overlay-type":"","overlay-color":"","overlay-opacity":"","overlay-gradient":""},"tablet":{"background-color":"","background-image":"","background-repeat":"repeat","background-position":"center center","background-size":"auto","background-attachment":"scroll","background-type":"","background-media":"","overlay-type":"","overlay-color":"","overlay-opacity":"","overlay-gradient":""},"mobile":{"background-color":"","background-image":"","background-repeat":"repeat","background-position":"center center","background-size":"auto","background-attachment":"scroll","background-type":"","background-media":"","overlay-type":"","overlay-color":"","overlay-opacity":"","overlay-gradient":""}},"ast-content-background-meta":{"desktop":{"background-color":"var(--ast-global-color-5)","background-image":"","background-repeat":"repeat","background-position":"center center","background-size":"auto","background-attachment":"scroll","background-type":"","background-media":"","overlay-type":"","overlay-color":"","overlay-opacity":"","overlay-gradient":""},"tablet":{"background-color":"var(--ast-global-color-5)","background-image":"","background-repeat":"repeat","background-position":"center center","background-size":"auto","background-attachment":"scroll","background-type":"","background-media":"","overlay-type":"","overlay-color":"","overlay-opacity":"","overlay-gradient":""},"mobile":{"background-color":"var(--ast-global-color-5)","background-image":"","background-repeat":"repeat","background-position":"center center","background-size":"auto","background-attachment":"scroll","background-type":"","background-media":"","overlay-type":"","overlay-color":"","overlay-opacity":"","overlay-gradient":""}},"footnotes":""},"categories":[8],"tags":[3381,3382],"class_list":["post-11846","post","type-post","status-publish","format-standard","has-post-thumbnail","hentry","category-noticias","tag-covid-puebla","tag-record-contagios"],"_links":{"self":[{"href":"https:\/\/losperiodistas.com.mx\/portal\/wp-json\/wp\/v2\/posts\/11846","targetHints":{"allow":["GET"]}}],"collection":[{"href":"https:\/\/losperiodistas.com.mx\/portal\/wp-json\/wp\/v2\/posts"}],"about":[{"href":"https:\/\/losperiodistas.com.mx\/portal\/wp-json\/wp\/v2\/types\/post"}],"author":[{"embeddable":true,"href":"https:\/\/losperiodistas.com.mx\/portal\/wp-json\/wp\/v2\/users\/1"}],"replies":[{"embeddable":true,"href":"https:\/\/losperiodistas.com.mx\/portal\/wp-json\/wp\/v2\/comments?post=11846"}],"version-history":[{"count":1,"href":"https:\/\/losperiodistas.com.mx\/portal\/wp-json\/wp\/v2\/posts\/11846\/revisions"}],"predecessor-version":[{"id":11848,"href":"https:\/\/losperiodistas.com.mx\/portal\/wp-json\/wp\/v2\/posts\/11846\/revisions\/11848"}],"wp:featuredmedia":[{"embeddable":true,"href":"https:\/\/losperiodistas.com.mx\/portal\/wp-json\/wp\/v2\/media\/11847"}],"wp:attachment":[{"href":"https:\/\/losperiodistas.com.mx\/portal\/wp-json\/wp\/v2\/media?parent=11846"}],"wp:term":[{"taxonomy":"category","embeddable":true,"href":"https:\/\/losperiodistas.com.mx\/portal\/wp-json\/wp\/v2\/categories?post=11846"},{"taxonomy":"post_tag","embeddable":true,"href":"https:\/\/losperiodistas.com.mx\/portal\/wp-json\/wp\/v2\/tags?post=11846"}],"curies":[{"name":"wp","href":"https:\/\/api.w.org\/{rel}","templated":true}]}}