{"id":11843,"date":"2021-08-20T06:18:49","date_gmt":"2021-08-20T11:18:49","guid":{"rendered":"http:\/\/losperiodistas.com.mx\/portal\/?p=11843"},"modified":"2021-08-20T06:18:51","modified_gmt":"2021-08-20T11:18:51","slug":"el-tepjf-ordena-el-recuento-total-de-votos-para-la-gubernatura-en-campeche-proceso","status":"publish","type":"post","link":"https:\/\/losperiodistas.com.mx\/portal\/el-tepjf-ordena-el-recuento-total-de-votos-para-la-gubernatura-en-campeche-proceso\/","title":{"rendered":"El TEPJF ordena el recuento total de votos para la gubernatura en Campeche | Proceso"},"content":{"rendered":"\n<p style=\"font-size:18px\"><em>La decisi\u00f3n del recuento de votos, que se tom\u00f3 por mayor\u00eda de cuatro a tres, se realiz\u00f3 a partir de una impugnaci\u00f3n presentada por el partido Movimiento Ciudadano en un recurso de revisi\u00f3n constitucional presentado contra el triunfo de la morenista Layda Sansores.<\/em><\/p>\n\n\n\n<figure class=\"wp-block-image size-large\"><img fetchpriority=\"high\" decoding=\"async\" width=\"1024\" height=\"576\" src=\"https:\/\/losperiodistas.com.mx\/portal\/wp-content\/uploads\/2021\/08\/Captura-de-Pantalla-2021-08-20-a-las-6.14.16-1024x576.jpg\" alt=\"\" class=\"wp-image-11844\" srcset=\"https:\/\/losperiodistas.com.mx\/portal\/wp-content\/uploads\/2021\/08\/Captura-de-Pantalla-2021-08-20-a-las-6.14.16-1024x576.jpg 1024w, https:\/\/losperiodistas.com.mx\/portal\/wp-content\/uploads\/2021\/08\/Captura-de-Pantalla-2021-08-20-a-las-6.14.16-300x169.jpg 300w, https:\/\/losperiodistas.com.mx\/portal\/wp-content\/uploads\/2021\/08\/Captura-de-Pantalla-2021-08-20-a-las-6.14.16-768x432.jpg 768w, https:\/\/losperiodistas.com.mx\/portal\/wp-content\/uploads\/2021\/08\/Captura-de-Pantalla-2021-08-20-a-las-6.14.16.jpg 1476w\" sizes=\"(max-width: 1024px) 100vw, 1024px\" \/><\/figure>\n\n\n\n<p class=\"has-vivid-cyan-blue-color has-text-color has-medium-font-size\">REDACCI\u00d3N PROCESO<\/p>\n\n\n\n<p>CIUDAD DE M\u00c9XICO (apro).- El Tribunal Electoral del Poder Judicial de la Federaci\u00f3n (TEPJF) orden\u00f3 el recuento total de votos en la elecci\u00f3n de Campeche para dar \u201cabsoluta certeza\u201d a una elecci\u00f3n que se defini\u00f3 por apenas 6 mil sufragios.<\/p>\n\n\n\n<p>El pasado 6 de junio la candidata de los partidos Morena y PT, Layda Sansores, obtuvo el triunfo y ayer mi\u00e9rcoles, el Tribunal Electoral de Campeche confirm\u00f3 por unanimidad el triunfo de Sansores, tras declarar infundados los agravios presentados por MC y por la alianza Va por Campeche, formada por PRI, PAN y PRD.<\/p>\n\n\n\n<p>La decisi\u00f3n del recuento de votos, que se tom\u00f3 por mayor\u00eda de 4 a 3, se realiz\u00f3 a partir de una impugnaci\u00f3n presentada por el partido Movimiento Ciudadano en el recurso de revisi\u00f3n constitucional 128\/2021 presentado contra el triunfo de la morenista Layda Sansores.<\/p>\n\n\n\n<p>En dicha impugnaci\u00f3n se argument\u00f3, entre otras cosas, que existe un n\u00famero mayor de votos nulos (8 mil 387) que la diferencia entre el primero y segundo lugar (5 mil 984); que hubo una diferencia de 107 mil votos recibidos para la gubernatura, contra los recibidos en la elecci\u00f3n para el Congreso, as\u00ed como inconsistencias en la documental de c\u00f3mputos y la presunta existencia de boletas ap\u00f3crifas<\/p>\n\n\n\n<p>La propuesta de la magistrada Janine Ot\u00e1lora indic\u00f3 que en la elecci\u00f3n en Campeche hubo una violaci\u00f3n al principio de certeza respecto de los resultados de la elecci\u00f3n, en el \u00e1mbito de c\u00f3mputo total de votos.<\/p>\n\n\n\n<figure class=\"wp-block-embed is-type-rich is-provider-twitter wp-block-embed-twitter\"><div class=\"wp-block-embed__wrapper\">\n<blockquote class=\"twitter-tweet\" data-width=\"500\" data-dnt=\"true\"><p lang=\"es\" dir=\"ltr\">El recuento de votos de la elecci\u00f3n para Gobernador de <a href=\"https:\/\/twitter.com\/hashtag\/Campeche?src=hash&amp;ref_src=twsrc%5Etfw\">#Campeche<\/a>, en transparencia absoluta, terminar\u00e1 con cualquier duda sobre el resultado de la elecci\u00f3n.<\/p>&mdash; Janine M. Ot\u00e1lora (@JanineOtalora) <a href=\"https:\/\/twitter.com\/JanineOtalora\/status\/1428478053924196360?ref_src=twsrc%5Etfw\">August 19, 2021<\/a><\/blockquote><script async src=\"https:\/\/platform.twitter.com\/widgets.js\" charset=\"utf-8\"><\/script>\n<\/div><\/figure>\n\n\n\n<p>La magistrada Ot\u00e1lora argument\u00f3 que su propuesta de recuento busca brindar certeza respecto de la votaci\u00f3n que fue emitida en la jornada electoral, pues s\u00f3lo hay una diferencia de 6 mil votos entre primero y segundo lugar.<\/p>\n\n\n\n<p>A decir de la magistrada, el Tribunal Electoral de Campeche debi\u00f3 atender las demandas de la elecci\u00f3n conjunta y no resolver los agravios de las casillas donde se solicit\u00f3 un recuento con las pruebas que presentaron los demandantes, de ah\u00ed que dichas inconformidades en su conjunto son suficientes para ordenar un recuento total de votos.<\/p>\n\n\n\n<p>\u00ab(La decisi\u00f3n) pone de relieve tambi\u00e9n que el recuento puede ser la v\u00eda para verificar si existen inconsistencias en la forma en que se recibi\u00f3 la votaci\u00f3n y en la forma en que se compuso la misma\u00bb, argument\u00f3 la magistrada.<\/p>\n\n\n\n<p>Para Ot\u00e1lora, una revisi\u00f3n directa del contenido de los paquetes electorales deber\u00e1 realizarse en forma ordenada, sistem\u00e1tica y con el protocolo necesario para garantizar la decisi\u00f3n ciudadana.<\/p>\n\n\n\n<p>El conteo estar\u00e1 a cargo de la Sala Regional Especializada del propio TEPJF y se vincul\u00f3 a la Sala Regional Xalapa.<\/p>\n\n\n\n<p>Los magistrados Jos\u00e9 Luis Vargas Valdez, M\u00f3nica Soto e Indalfer Indante votaron en contra del proyecto, mientras que sus pares Felipe Fuentes, Felipe de la Mata, Reyes Rodr\u00edguez y la ponente Ot\u00e1lora votaron a favor.<\/p>\n\n\n\n<figure class=\"wp-block-embed is-type-video is-provider-youtube wp-block-embed-youtube wp-embed-aspect-16-9 wp-has-aspect-ratio\"><div class=\"wp-block-embed__wrapper\">\n<iframe title=\"Sesi\u00f3n P\u00fablica - Videoconferencia - Jueves 19 Agosto 2021 - TEPJF\" width=\"500\" height=\"281\" src=\"https:\/\/www.youtube.com\/embed\/FhqhQdbM2cY?feature=oembed\" frameborder=\"0\" allow=\"accelerometer; autoplay; clipboard-write; encrypted-media; gyroscope; picture-in-picture; web-share\" referrerpolicy=\"strict-origin-when-cross-origin\" allowfullscreen><\/iframe>\n<\/div><\/figure>\n\n\n\n<p>Fuente: https:\/\/www.proceso.com.mx\/nacional\/politica\/2021\/8\/19\/el-tepjf-ordena-el-recuento-total-de-votos-para-la-gubernatura-en-campeche-270212.html<\/p>\n","protected":false},"excerpt":{"rendered":"<p>La decisi\u00f3n del recuento de votos, que se tom\u00f3 por mayor\u00eda de cuatro a tres, se realiz\u00f3 a partir de [&hellip;]<\/p>\n","protected":false},"author":1,"featured_media":11844,"comment_status":"open","ping_status":"open","sticky":false,"template":"","format":"standard","meta":{"site-sidebar-layout":"default","site-content-layout":"","ast-site-content-layout":"default","site-content-style":"default","site-sidebar-style":"default","ast-global-header-display":"","ast-banner-title-visibility":"","ast-main-header-display":"","ast-hfb-above-header-display":"","ast-hfb-below-header-display":"","ast-hfb-mobile-header-display":"","site-post-title":"","ast-breadcrumbs-content":"","ast-featured-img":"","footer-sml-layout":"","theme-transparent-header-meta":"","adv-header-id-meta":"","stick-header-meta":"","header-above-stick-meta":"","header-main-stick-meta":"","header-below-stick-meta":"","astra-migrate-meta-layouts":"default","ast-page-background-enabled":"default","ast-page-background-meta":{"desktop":{"background-color":"var(--ast-global-color-4)","background-image":"","background-repeat":"repeat","background-position":"center center","background-size":"auto","background-attachment":"scroll","background-type":"","background-media":"","overlay-type":"","overlay-color":"","overlay-opacity":"","overlay-gradient":""},"tablet":{"background-color":"","background-image":"","background-repeat":"repeat","background-position":"center center","background-size":"auto","background-attachment":"scroll","background-type":"","background-media":"","overlay-type":"","overlay-color":"","overlay-opacity":"","overlay-gradient":""},"mobile":{"background-color":"","background-image":"","background-repeat":"repeat","background-position":"center center","background-size":"auto","background-attachment":"scroll","background-type":"","background-media":"","overlay-type":"","overlay-color":"","overlay-opacity":"","overlay-gradient":""}},"ast-content-background-meta":{"desktop":{"background-color":"var(--ast-global-color-5)","background-image":"","background-repeat":"repeat","background-position":"center center","background-size":"auto","background-attachment":"scroll","background-type":"","background-media":"","overlay-type":"","overlay-color":"","overlay-opacity":"","overlay-gradient":""},"tablet":{"background-color":"var(--ast-global-color-5)","background-image":"","background-repeat":"repeat","background-position":"center center","background-size":"auto","background-attachment":"scroll","background-type":"","background-media":"","overlay-type":"","overlay-color":"","overlay-opacity":"","overlay-gradient":""},"mobile":{"background-color":"var(--ast-global-color-5)","background-image":"","background-repeat":"repeat","background-position":"center center","background-size":"auto","background-attachment":"scroll","background-type":"","background-media":"","overlay-type":"","overlay-color":"","overlay-opacity":"","overlay-gradient":""}},"footnotes":""},"categories":[8],"tags":[3378,3379,3380,1042],"class_list":["post-11843","post","type-post","status-publish","format-standard","has-post-thumbnail","hentry","category-noticias","tag-campeche-elecciones","tag-layda-sansores","tag-recuento-de-votos","tag-tepjf"],"_links":{"self":[{"href":"https:\/\/losperiodistas.com.mx\/portal\/wp-json\/wp\/v2\/posts\/11843","targetHints":{"allow":["GET"]}}],"collection":[{"href":"https:\/\/losperiodistas.com.mx\/portal\/wp-json\/wp\/v2\/posts"}],"about":[{"href":"https:\/\/losperiodistas.com.mx\/portal\/wp-json\/wp\/v2\/types\/post"}],"author":[{"embeddable":true,"href":"https:\/\/losperiodistas.com.mx\/portal\/wp-json\/wp\/v2\/users\/1"}],"replies":[{"embeddable":true,"href":"https:\/\/losperiodistas.com.mx\/portal\/wp-json\/wp\/v2\/comments?post=11843"}],"version-history":[{"count":1,"href":"https:\/\/losperiodistas.com.mx\/portal\/wp-json\/wp\/v2\/posts\/11843\/revisions"}],"predecessor-version":[{"id":11845,"href":"https:\/\/losperiodistas.com.mx\/portal\/wp-json\/wp\/v2\/posts\/11843\/revisions\/11845"}],"wp:featuredmedia":[{"embeddable":true,"href":"https:\/\/losperiodistas.com.mx\/portal\/wp-json\/wp\/v2\/media\/11844"}],"wp:attachment":[{"href":"https:\/\/losperiodistas.com.mx\/portal\/wp-json\/wp\/v2\/media?parent=11843"}],"wp:term":[{"taxonomy":"category","embeddable":true,"href":"https:\/\/losperiodistas.com.mx\/portal\/wp-json\/wp\/v2\/categories?post=11843"},{"taxonomy":"post_tag","embeddable":true,"href":"https:\/\/losperiodistas.com.mx\/portal\/wp-json\/wp\/v2\/tags?post=11843"}],"curies":[{"name":"wp","href":"https:\/\/api.w.org\/{rel}","templated":true}]}}