{"id":118366,"date":"2026-03-13T11:04:07","date_gmt":"2026-03-13T17:04:07","guid":{"rendered":"https:\/\/losperiodistas.com.mx\/portal\/?p=118366"},"modified":"2026-03-13T11:04:09","modified_gmt":"2026-03-13T17:04:09","slug":"los-ultimos-dias-de-cuba-o-como-se-vive-siendo-el-proximo-objetivo-de-trump-el-confidencial","status":"publish","type":"post","link":"https:\/\/losperiodistas.com.mx\/portal\/los-ultimos-dias-de-cuba-o-como-se-vive-siendo-el-proximo-objetivo-de-trump-el-confidencial\/","title":{"rendered":"Los \u00faltimos d\u00edas de Cuba o c\u00f3mo se vive siendo el pr\u00f3ximo objetivo de Trump | El Confidencial"},"content":{"rendered":"\n<h2 class=\"wp-block-heading\">Este reportaje es el resumen de un viaje de dos semanas a Cuba. Entre la desinformaci\u00f3n, la ausencia de servicios b\u00e1sicos y la escasez de alimentos, combustible y electricidad, los cubanos saben que algo est\u00e1 a punto de pasar<\/h2>\n\n\n\n<figure class=\"wp-block-image size-large\"><img fetchpriority=\"high\" decoding=\"async\" width=\"1024\" height=\"768\" src=\"https:\/\/losperiodistas.com.mx\/portal\/wp-content\/uploads\/2026\/03\/f.elconfidencial.com_original_422_452_b6c_422452b6c3f5aeb46931a822bf62ffaa-1024x768.jpg\" alt=\"\" class=\"wp-image-118367\" srcset=\"https:\/\/losperiodistas.com.mx\/portal\/wp-content\/uploads\/2026\/03\/f.elconfidencial.com_original_422_452_b6c_422452b6c3f5aeb46931a822bf62ffaa-1024x768.jpg 1024w, https:\/\/losperiodistas.com.mx\/portal\/wp-content\/uploads\/2026\/03\/f.elconfidencial.com_original_422_452_b6c_422452b6c3f5aeb46931a822bf62ffaa-300x225.jpg 300w, https:\/\/losperiodistas.com.mx\/portal\/wp-content\/uploads\/2026\/03\/f.elconfidencial.com_original_422_452_b6c_422452b6c3f5aeb46931a822bf62ffaa-768x576.jpg 768w, https:\/\/losperiodistas.com.mx\/portal\/wp-content\/uploads\/2026\/03\/f.elconfidencial.com_original_422_452_b6c_422452b6c3f5aeb46931a822bf62ffaa.jpg 1200w\" sizes=\"(max-width: 1024px) 100vw, 1024px\" \/><figcaption class=\"wp-element-caption\">Cubanos en un mercado callejero de alimentos en el municipio de Col\u00f3n, provincia de Matanzas. (A.H.S.)<\/figcaption><\/figure>\n\n\n\n<p class=\"has-vivid-red-color has-text-color has-link-color has-medium-font-size wp-elements-85a3d4785145de8a4d0355d8785517f7\"><strong>Alfredo Herrera S\u00e1nchez \/ El Confidencial<\/strong><\/p>\n\n\n\n<p>La Habana<\/p>\n\n\n\n<p>En medio de la creciente&nbsp;<a href=\"https:\/\/www.elconfidencial.com\/mundo\/2026-02-27\/cuba-trump-toma-amistosa-estados-unidos_4311707\/\">escalada de la Administraci\u00f3n Trump contra el r\u00e9gimen cubano<\/a>,&nbsp;<strong>la vida dentro de la isla se ha complejizado a un nivel sin precedentes<\/strong>. Ni siquiera cuando cay\u00f3 el&nbsp;<a href=\"https:\/\/www.elconfidencial.com\/el-grito\/2023-12-07\/exposicion-muro-de-berlin_3787537\/\">Muro de Berl\u00edn&nbsp;<\/a>y desapareci\u00f3 la URSS los cubanos tuvieron tantos&nbsp;<strong>problemas para acceder a alimentos o a servicios b\u00e1sicos&nbsp;<\/strong>como el transporte, la salud p\u00fablica, la educaci\u00f3n o la electricidad. Se ha resquebrajado hasta el propio sistema de propaganda de La Habana, uno de los pilares en los que ha sostenido su poder durante 67 a\u00f1os. Tras una desaforada&nbsp;<a href=\"https:\/\/www.elconfidencial.com\/mundo\/2022-11-26\/isla-fuga-cuba-narcos-traficantes_3529658\/\">crisis migratoria<\/a>,&nbsp;<strong>quienes no han podido irse permanecen \u201csecuestrados\u201d en Cuba&nbsp;<\/strong>mientras<a href=\"https:\/\/www.elconfidencial.com\/mundo\/2026-02-19\/remesas-clandestinas-cuba-espana-eeuu_4305140\/\">&nbsp;sus familiares les env\u00edan remesas&nbsp;<\/a>para que sobrevivan comprando lo poco que venden las tiendas del r\u00e9gimen o las peque\u00f1as empresas privadas abiertas en los \u00faltimos a\u00f1os.&nbsp;<\/p>\n\n\n\n<p><strong>Las calles del otrora palad\u00edn de la izquierda latinoamericana est\u00e1n llenas de basura y de&nbsp;<a href=\"https:\/\/www.elconfidencial.com\/mundo\/2024-09-07\/infancia-cuba-trabajo-ultimo-siglo-hoy-indigencia_3953434\/\">ni\u00f1os que trabajan<\/a><\/strong>, su \u201cej\u00e9rcito de batas blancas\u201d se fuga como puede hacia econom\u00edas capitalistas en las que no se les esclavice&nbsp;<a href=\"https:\/\/www.elconfidencial.com\/mundo\/2021-07-15\/cuba-protestas-exilio-doctores-fidel-che_3184591\/\">ni se violen sus m\u00e1s elementales derechos humanos<\/a>, y sus aliados hist\u00f3ricos y supuestamente incondicionales (Managua, Teher\u00e1n, Pek\u00edn o Mosc\u00fa), han reaccionado con la boca peque\u00f1a ante las amenazas de Trump. Sin combustible, cr\u00e9ditos o los cl\u00e1sicos&nbsp;<a href=\"https:\/\/www.elconfidencial.com\/mundo\/2026-01-06\/venezuela-cuba-eeuu-maduro-trump_4278910\/\">salvavidas que se enviaron desde Caracas durante d\u00e9cadas<\/a>,&nbsp;<strong>el r\u00e9gimen cubano se est\u00e1 quedando sin opciones para salir de esta crisis<\/strong>, la mayor de todas las que ha sufrido, y por eso&nbsp;<a href=\"https:\/\/www.elconfidencial.com\/mundo\/2026-02-18\/conversaciones-eeuu-cuba-rubio-castro-1tps_4305428\/\">est\u00e1 negociando con EEUU<\/a>&nbsp;una salida. Miguel D\u00edaz-Canel, quien al menos de forma oficial encabeza el r\u00e9gimen,&nbsp;<a href=\"https:\/\/x.com\/MagJorgeCastro\/status\/2032409535843811741\" target=\"_blank\" rel=\"noreferrer noopener\">acaba de admitir dichas negociaciones<\/a>&nbsp;\u201cpara buscar soluciones por la v\u00eda del di\u00e1logo a las diferencias bilaterales\u201d. Mientras tanto, el caos crece y se expande para la poblaci\u00f3n, que&nbsp;<a href=\"https:\/\/diariodecuba.com\/cuba\/1773302657_65879.html\" target=\"_blank\" rel=\"noreferrer noopener\">ha protestado varias noches seguidas&nbsp;<\/a>en distintos puntos del pa\u00eds.<\/p>\n\n\n\n<figure class=\"wp-block-image size-large\"><img decoding=\"async\" width=\"1024\" height=\"576\" src=\"https:\/\/losperiodistas.com.mx\/portal\/wp-content\/uploads\/2026\/03\/f.elconfidencial.com_original_ba9_f0f_006_ba9f0f006b1c43fbdf1afb5f67a227ea-1024x576.jpg\" alt=\"\" class=\"wp-image-118389\" srcset=\"https:\/\/losperiodistas.com.mx\/portal\/wp-content\/uploads\/2026\/03\/f.elconfidencial.com_original_ba9_f0f_006_ba9f0f006b1c43fbdf1afb5f67a227ea-1024x576.jpg 1024w, https:\/\/losperiodistas.com.mx\/portal\/wp-content\/uploads\/2026\/03\/f.elconfidencial.com_original_ba9_f0f_006_ba9f0f006b1c43fbdf1afb5f67a227ea-300x169.jpg 300w, https:\/\/losperiodistas.com.mx\/portal\/wp-content\/uploads\/2026\/03\/f.elconfidencial.com_original_ba9_f0f_006_ba9f0f006b1c43fbdf1afb5f67a227ea-768x432.jpg 768w, https:\/\/losperiodistas.com.mx\/portal\/wp-content\/uploads\/2026\/03\/f.elconfidencial.com_original_ba9_f0f_006_ba9f0f006b1c43fbdf1afb5f67a227ea.jpg 1440w\" sizes=\"(max-width: 1024px) 100vw, 1024px\" \/><figcaption class=\"wp-element-caption\">Gasolinera sin combustible en la ciudad de Matanzas. (A.H.S.)<\/figcaption><\/figure>\n\n\n\n<p>\u201cNos vamos a morir aqu\u00ed con las cuentas llenas de dinero\u201d, lamenta una doctora* a la salida de un mercado agropecuario en el municipio de Col\u00f3n, provincia de Matanzas. \u201c<strong>Es incre\u00edble que no me permitan comprar en un sitio con el dinero de mi propio salario,<\/strong>&nbsp;porque&nbsp;<a href=\"https:\/\/www.elconfidencial.com\/mundo\/2021-03-20\/como-internet-extendio-cuba-mano-paquete-informacion_2974415\/\">no hay conexi\u00f3n a internet<\/a>&nbsp;o telef\u00f3nica. En los bancos no hay efectivo tampoco para poder sacar de mi cuenta el dinero que me paga el mismo Estado\u201d.<\/p>\n\n\n\n<h2 class=\"wp-block-heading\">La desinformaci\u00f3n reina, pero \u201cque arrase Trump\u201d<\/h2>\n\n\n\n<p>Durante un reciente viaje a Cuba presenci\u00e9 multitud de escenas como la anterior. Si desde hace d\u00e9cadas resulta extremadamente dif\u00edcil para millones de cubanos tener dinero y hallar comida para comprar con \u00e9l, ahora se han normalizado otros problemas<strong>&nbsp;como la falta de electricidad, de conexi\u00f3n a internet o de dinero para devolver en las propias tiendas en divisas<\/strong>. Si realizas una compra de 19,95 y quieres pagarla en efectivo con d\u00f3lares, por ejemplo, te devuelven caramelos o sobres con sazones. En el pa\u00eds con&nbsp;<a href=\"https:\/\/www.cibercuba.com\/noticias\/2025-12-19-u1-e207888-s27061-nid317064-regimen-cubano-implanta-record-mundial-devaluacion\">el dinero m\u00e1s devaluado del planeta, al cierre de 2025<\/a>&nbsp;solo se trabaja con billetes.&nbsp;<strong>Las monedas cubanas no valen pr\u00e1cticamente nada<\/strong>&nbsp;y el r\u00e9gimen prefiere no usar las estadounidenses en las tiendas que operan en d\u00f3lares. Si no hay productos con un valor equivalente al suelto que necesitas tienes dos opciones, o modificas la compra para llegar a una cifra cerrada o no compras. Tampoco es una opci\u00f3n dejar dinero de m\u00e1s, porque eso les descuadra la caja a los dependientes y sus jefes se lo tienen \u201cterminantemente prohibido\u201d.&nbsp;<\/p>\n\n\n\n<p>En el pa\u00eds de los sinsentidos, ahora la gente no puede hacer ni el DNI. Adem\u00e1s de que la ausencia de electricidad provoca demoras en la realizaci\u00f3n de muchos tr\u00e1mites, hace poco el r\u00e9gimen cubano anunci\u00f3 que&nbsp;<strong><a href=\"https:\/\/www.14ymedio.com\/cuba\/cuba-queda-material-elaborar-carne_1_1124081.html\">no ten\u00eda el pl\u00e1stico necesario para fabricar los carnets de identidad&nbsp;<\/a>de los cubanos<\/strong>. Las autoridades, por dejar de tener, no tienen ni forma de contar sus mentiras a la poblaci\u00f3n, pues los medios tradicionales permeados por ley a su propaganda tampoco pueden ser consumidos por los cubanos.<\/p>\n\n\n\n<figure class=\"wp-block-image size-large\"><img decoding=\"async\" width=\"1024\" height=\"576\" src=\"https:\/\/losperiodistas.com.mx\/portal\/wp-content\/uploads\/2026\/03\/f.elconfidencial.com_original_340_554_c04_340554c0485b5f94cea13d4209a982cd-1024x576.jpg\" alt=\"\" class=\"wp-image-118388\" srcset=\"https:\/\/losperiodistas.com.mx\/portal\/wp-content\/uploads\/2026\/03\/f.elconfidencial.com_original_340_554_c04_340554c0485b5f94cea13d4209a982cd-1024x576.jpg 1024w, https:\/\/losperiodistas.com.mx\/portal\/wp-content\/uploads\/2026\/03\/f.elconfidencial.com_original_340_554_c04_340554c0485b5f94cea13d4209a982cd-300x169.jpg 300w, https:\/\/losperiodistas.com.mx\/portal\/wp-content\/uploads\/2026\/03\/f.elconfidencial.com_original_340_554_c04_340554c0485b5f94cea13d4209a982cd-768x432.jpg 768w, https:\/\/losperiodistas.com.mx\/portal\/wp-content\/uploads\/2026\/03\/f.elconfidencial.com_original_340_554_c04_340554c0485b5f94cea13d4209a982cd.jpg 1440w\" sizes=\"(max-width: 1024px) 100vw, 1024px\" \/><figcaption class=\"wp-element-caption\">Puestos callejeros de productos agr\u00edcolas en el pueblo de Col\u00f3n, provincia de Matanzas. (A.H.S.)<\/figcaption><\/figure>\n\n\n\n<p><strong>La falta de electricidad ha provocado que a varias provincias&nbsp;<a href=\"https:\/\/www.cibercuba.com\/noticias\/2025-04-29-u1-e135253-s27061-nid301805-santiago-cuba-acumula-meses-canales-hd-falta-piezas\">no llegue la se\u00f1al de televisi\u00f3n<\/a>&nbsp;<\/strong>que emite el propio r\u00e9gimen con los contenidos producidos en las instituciones del sector. Hace muy poco&nbsp;<a href=\"https:\/\/www.14ymedio.com\/cuba\/television-cubana-reducira-transmisiones-ocho_1_1124552.html\">el propio r\u00e9gimen limit\u00f3 a ocho horas las transmisiones televisivas&nbsp;<\/a>y pidi\u00f3 a la poblaci\u00f3n que la consuman<a href=\"https:\/\/www.periodicocubano.com\/piden-que-los-cubanos-vean-la-tv-oficialista-por-internet-con-la-aplicacion-picta\/\">&nbsp;a trav\u00e9s de una aplicaci\u00f3n m\u00f3vil<\/a>. Adem\u00e1s, dos diarios nacionales que quedaban en papel&nbsp;<a href=\"https:\/\/www.diariolasamericas.com\/america-latina\/cuba-elimina-diarios-sus-provincias-y-convierte-semanarios-los-oficialistas-granma-y-juventud-rebelde-n5391248\">pasaron a ser semanarios<\/a>, y las emisoras de radio tambi\u00e9n han tenido que disminuir sus programaciones.&nbsp;<\/p>\n\n\n\n<p>En ese contexto, las noticias sobre&nbsp;<strong>las amenazas que hasta tres veces al d\u00eda realiza Trump contra el r\u00e9gimen cubano llegan a cuentagotas a la poblaci\u00f3n de la isla<\/strong>, que intenta sobrevivir con todo en contra. Como informarse no contribuye a mantenerse vivo, mucha gente ni siquiera se lo plantea y reacciona de manera alocada a determinadas noticias. Cuando&nbsp;<a href=\"https:\/\/www.elconfidencial.com\/mundo\/2026-02-25\/cuba-estados-unidos-embarcacion-muere-tripulantes_4310163\/\">el pasado 25 de febrero hubo un tiroteo y varios muertos&nbsp;<\/a>en la costa norte cubana, y los rumores que corr\u00edan por la calle no pod\u00edan ser m\u00e1s preocupantes, un primo m\u00edo exclam\u00f3 con las manos al aire: \u201c<strong>Parece que ya lleg\u00f3 Trump y hace falta que arrase aqu\u00ed ya pa\u2019 la pinga<\/strong>&nbsp;(completamente). Ojal\u00e1 se lleve a D\u00edaz-Canel y a Ra\u00fal Castro como se llev\u00f3 a Maduro\u201d.<\/p>\n\n\n\n<h2 class=\"wp-block-heading\">Un ni\u00f1o depende de una insulina enviada desde Espa\u00f1a<\/h2>\n\n\n\n<p>Por suerte, a\u00fan no ha llegado esa invasi\u00f3n que no pocos desean debido al hast\u00edo de 67 a\u00f1os de totalitarismo, pero me prepar\u00e9 junto a mi familia por si me pillaba estando all\u00ed. A fin de cuentas,&nbsp;<strong>las peculiaridades de un viaje a Cuba comienzan mucho antes de llegar a Cuba<\/strong>. En el aeropuerto y el avi\u00f3n se ven cosas poco habituales para otros destinos. Despu\u00e9s de que se suspendiera un vuelo que ten\u00eda reservado para el 13 de febrero por la<a href=\"https:\/\/www.elconfidencial.com\/mundo\/2026-02-09\/cuba-comunica-a-las-aerolineas-que-en-24-horas-se-quedara-sin-combustible-para-los-aviones_4299730\/\">&nbsp;falta de combustible<\/a>&nbsp;de aviones en isla, consegu\u00ed otro billete para el d\u00eda 18.&nbsp;<\/p>\n\n\n\n<p><strong>Lo primero que distingue a los pasajeros de un vuelo a Cuba es la cantidad de equipaje<\/strong>. Mis compa\u00f1eros de viaje llevaban tantas maletas sobre los carritos que no se les ve\u00eda el cuerpo, sobresal\u00edan los bultos negros llenos de ropa, zapatos, medicinas, comida o electrodom\u00e9sticos. Entre mis cosas iban chocolates, juguetes, desodorantes, comino, m\u00e1quinas de afeitar,&nbsp;<strong>linternas (<a href=\"https:\/\/www.elconfidencial.com\/mundo\/2024-09-03\/verano-cuba-crisis-electricidad-apagones-suministro_3952243\/\">para sobrellevar los apagones<\/a>), champ\u00fas o buj\u00edas para mis familiares<\/strong>. Algunos de esos objetos solo pueden obtenerlos si yo se los env\u00edo o llevo.&nbsp;<\/p>\n\n\n\n<p>Justo antes de iniciar las maniobras de despegue&nbsp;<strong>se abri\u00f3 una puerta de emergencia del avi\u00f3n y entraron 12 ancianos muy mayores<\/strong>&nbsp;asistidos por personal de servicio. Sillas de ruedas, andadores y bastones desfilaban todav\u00eda por el avi\u00f3n cuando el piloto ofreci\u00f3 la informaci\u00f3n del trayecto por los altavoces. Era muy llamativo que la mayor\u00eda de los pasajeros fueran ancianos, porque los j\u00f3venes no queremos regresar a Cuba.&nbsp;<strong>Una pareja que superaba los 60 a\u00f1os se me acerc\u00f3 desorientada a pedir ayuda para colocar las maletas<\/strong>. El hijo de otra pasajera mayor tambi\u00e9n me pidi\u00f3 que guiara a su madre tras el&nbsp;<em>check-in<\/em>. Ella viene un par de veces al a\u00f1o, pero luego tiene que regresar a la isla para cuidar a otros ancianos de su familia.&nbsp;<strong>En eso se ha convertido Cuba, en un enorme geri\u00e1trico&nbsp;<\/strong>(<a href=\"http:\/\/agendaeconomica.cubadebate.cu\/cuba-supera-el-25-de-poblacion-envejecida-es-el-pais-mas-avejentado-de-latinoamerica\/\">es el pa\u00eds m\u00e1s envejecido de LATAM<\/a>), donde cada d\u00eda disminuye m\u00e1s la poblaci\u00f3n con edad laboral debido a la crisis migratoria. Mientras los ancianos se quedan, los j\u00f3venes&nbsp;<a href=\"https:\/\/diariodecuba.com\/cuba\/1771492039_65444.html\">se van como pueden y a donde pueden<\/a>, sobre todo despu\u00e9s de que Trump limitara dr\u00e1sticamente la entrada de migrantes a EEUU.<\/p>\n\n\n\n<figure class=\"wp-block-image size-large\"><img loading=\"lazy\" decoding=\"async\" width=\"1024\" height=\"576\" src=\"https:\/\/losperiodistas.com.mx\/portal\/wp-content\/uploads\/2026\/03\/f.elconfidencial.com_original_ef1_db8_6b0_ef1db86b081e169b3fb758a9b3aed245-1024x576.jpg\" alt=\"\" class=\"wp-image-118387\" srcset=\"https:\/\/losperiodistas.com.mx\/portal\/wp-content\/uploads\/2026\/03\/f.elconfidencial.com_original_ef1_db8_6b0_ef1db86b081e169b3fb758a9b3aed245-1024x576.jpg 1024w, https:\/\/losperiodistas.com.mx\/portal\/wp-content\/uploads\/2026\/03\/f.elconfidencial.com_original_ef1_db8_6b0_ef1db86b081e169b3fb758a9b3aed245-300x169.jpg 300w, https:\/\/losperiodistas.com.mx\/portal\/wp-content\/uploads\/2026\/03\/f.elconfidencial.com_original_ef1_db8_6b0_ef1db86b081e169b3fb758a9b3aed245-768x432.jpg 768w, https:\/\/losperiodistas.com.mx\/portal\/wp-content\/uploads\/2026\/03\/f.elconfidencial.com_original_ef1_db8_6b0_ef1db86b081e169b3fb758a9b3aed245.jpg 1440w\" sizes=\"(max-width: 1024px) 100vw, 1024px\" \/><figcaption class=\"wp-element-caption\">Asilo de ancianos en el pueblo de Col\u00f3n, provincia de Matanzas. (A.H.S.)<\/figcaption><\/figure>\n\n\n\n<p>Los vuelos de La Habana a Madrid cuestan casi el doble que las idas a la isla. Todos quieren salir de ella, pero pocos quieren volver.<strong>&nbsp;Mi vuelo de ida con World2fly se fue con menos del 50% de su capacidad cubierta<\/strong>, precis\u00f3 un sobrecargo. Hab\u00eda filas de asientos enteras sin un solo pasajero. \u201cSi\u00e9ntate donde quieras, tigre\u201d, continu\u00f3 el tripulante. \u201cDe momento nos mantenemos, pero si los vuelos siguen as\u00ed vac\u00edos creo que terminar\u00e1n quit\u00e1ndolos\u201d. Pocos d\u00edas despu\u00e9s,&nbsp;<strong>la aerol\u00ednea&nbsp;<a href=\"https:\/\/www.martinoticias.com\/a\/aerol%C3%ADnea-espa%C3%B1ola-world2fly-suspende-uno-de-sus-dos-vuelos-semanales-a-cuba\/448870.html\" target=\"_blank\" rel=\"noreferrer noopener\">suspendi\u00f3 una de las dos frecuencias semanales<\/a>&nbsp;que ten\u00eda hacia la isla<\/strong>.&nbsp;<\/p>\n\n\n\n<p>Seg\u00fan una fuente cercana al touroperador de World2fly, la escalada con EEUU no va a paralizar completamente ciertas conexiones a\u00e9reas: \u201c<strong>Ni aunque se hunda la isla esta aerol\u00ednea dejar\u00e1 de volar, porque es de Iberostar<\/strong>\u201d, la cadena espa\u00f1ola con m\u00e1s hoteles en la isla despu\u00e9s de Meli\u00e1. \u201cLos aviones son buenos y nuevos. Solo tendr\u00e1n que repostar en Rep\u00fablica Dominicana durante los vuelos de vuelta, porque&nbsp;<a href=\"https:\/\/www.elconfidencial.com\/mundo\/2026-02-12\/crisis-petroleo-cuba-sanciones-internacionales-1hms_4301770\/\">en Cuba no hay combustible<\/a>\u201d. En mi vuelo apenas iban un par de familias de turistas que no parec\u00edan ser espa\u00f1oles.&nbsp;<\/p>\n\n\n\n<p>Gracias a que el avi\u00f3n iba tan vac\u00edo, el personal de la aerol\u00ednea fue permisivo con los bultos, saben que&nbsp;<strong>la econom\u00eda o la vida de algunos cubanos depende de esos paquetes. Como un ni\u00f1o con&nbsp;<a href=\"https:\/\/www.elconfidencial.com\/bienestar\/2025-03-05\/diabetes-tratamiento-diagnostico-bra_4077939\/\">diabetes tipo 1<\/a>&nbsp;que esperaba por las 10 c\u00e1psulas de insulina<\/strong>&nbsp;que me entregaron en una peque\u00f1a nevera de mano antes de salir de Barajas. El amigo del suegro de un amigo me implor\u00f3 que las llevara mientras buscaba c\u00f3mo transportarlas luego desde La Habana hasta la ciudad de Santa Clara, donde viv\u00eda el ni\u00f1o.<\/p>\n\n\n\n<figure class=\"wp-block-image size-large\"><img loading=\"lazy\" decoding=\"async\" width=\"1024\" height=\"576\" src=\"https:\/\/losperiodistas.com.mx\/portal\/wp-content\/uploads\/2026\/03\/f.elconfidencial.com_original_c04_ec3_d74_c04ec3d743d61c53c4f5e767e52f2986-1024x576.jpg\" alt=\"\" class=\"wp-image-118386\" srcset=\"https:\/\/losperiodistas.com.mx\/portal\/wp-content\/uploads\/2026\/03\/f.elconfidencial.com_original_c04_ec3_d74_c04ec3d743d61c53c4f5e767e52f2986-1024x576.jpg 1024w, https:\/\/losperiodistas.com.mx\/portal\/wp-content\/uploads\/2026\/03\/f.elconfidencial.com_original_c04_ec3_d74_c04ec3d743d61c53c4f5e767e52f2986-300x169.jpg 300w, https:\/\/losperiodistas.com.mx\/portal\/wp-content\/uploads\/2026\/03\/f.elconfidencial.com_original_c04_ec3_d74_c04ec3d743d61c53c4f5e767e52f2986-768x432.jpg 768w, https:\/\/losperiodistas.com.mx\/portal\/wp-content\/uploads\/2026\/03\/f.elconfidencial.com_original_c04_ec3_d74_c04ec3d743d61c53c4f5e767e52f2986.jpg 1440w\" sizes=\"(max-width: 1024px) 100vw, 1024px\" \/><figcaption class=\"wp-element-caption\">Basurero junto a una guarder\u00eda estatal en el pueblo de Col\u00f3n. (A.H.S.)<\/figcaption><\/figure>\n\n\n\n<h2 class=\"wp-block-heading\">La Habana, ciudad fantasma<\/h2>\n\n\n\n<p><a href=\"https:\/\/www.elconfidencial.com\/economia\/2026-02-15\/cuba-destino-caribe-ko-se-van-turistas-cierran-hoteles_4303381\/\">Cuando entras a Cuba<\/a>, debes&nbsp;<strong>rellenar un formulario \u201cde viajero\u201d, seas extranjero o no, para que las autoridades migratorias del r\u00e9gimen tengan constancia del \u201cmotivo de tu viaje\u201d<\/strong>&nbsp;o de la direcci\u00f3n del sitio donde vas a pernoctar. Este formulario se volvi\u00f3 m\u00e1s incisivo a ra\u00edz de la pandemia y quienes lo monitorizan en el aeropuerto son trabajadores sanitarios. El primer cubano con el que habl\u00e9 al aterrizar, un m\u00e9dico que me pidi\u00f3 el formulario desde un escritorio, fue extremadamente amable para guiarme a completar mis datos y luego me pidi\u00f3 dinero.&nbsp;<\/p>\n\n\n\n<p>\u201c<strong>\u00bfTienes una ayudita? Aqu\u00ed la cosa est\u00e1 mala, t\u00fa sabes<\/strong>\u201d, suplic\u00f3 mientras se\u00f1alaba con el dedo al oficial de Inmigraci\u00f3n a sus espaldas. Ese me dijo \u201cbienvenido a la patria\u201d despu\u00e9s de acu\u00f1ar el pasaporte y as\u00ed termin\u00f3 mi momento de mayor tensi\u00f3n. Si estaba regulado (eufemismo del r\u00e9gimen para denominar el veto de entrada y salida que ejerce sobre determinadas personas), me habr\u00edan detenido en ese momento.&nbsp;<strong>Muchos periodistas, activistas y opositores \u201cregulados\u201d por el r\u00e9gimen&nbsp;<a href=\"https:\/\/www.abc.es\/internacional\/abci-american-airlines-impide-orden-regimen-volar-cuba-artista-anamely-ramos-202202161552_noticia.html\">ni siquiera han podido tomar sus vuelos&nbsp;<\/a>hacia Cuba&nbsp;<\/strong>en pa\u00edses como EEUU.&nbsp;<\/p>\n\n\n\n<p>Varios funcionarios de la Aduana merodeaban alrededor del grupo reci\u00e9n llegado para ofrecer un paso expr\u00e9s por el aeropuerto. Sus servicios&nbsp;<a href=\"https:\/\/www.elconfidencial.com\/espana\/2023-07-24\/influencers-espanoles-geopolitico-cuba-viaje_3704702\/\">no eran los t\u00edpicos VIPS<\/a>&nbsp;que se prestan en cualquier terminal a\u00e9rea, sino&nbsp;<strong>ama\u00f1os personales para garantizar al viajero algo tan b\u00e1sico como las bandejas pl\u00e1sticas<\/strong>&nbsp;sobre las que se colocan las pertenencias en el esc\u00e1ner. Ni siquiera eso hab\u00eda en el Aeropuerto Jos\u00e9 Mart\u00ed de La Habana.<\/p>\n\n\n\n<figure class=\"wp-block-image size-large\"><img loading=\"lazy\" decoding=\"async\" width=\"1024\" height=\"576\" src=\"https:\/\/losperiodistas.com.mx\/portal\/wp-content\/uploads\/2026\/03\/f.elconfidencial.com_original_699_cba_fbf_699cbafbfbdc71c981ec13ea64c5f363-1024x576.jpg\" alt=\"\" class=\"wp-image-118385\" srcset=\"https:\/\/losperiodistas.com.mx\/portal\/wp-content\/uploads\/2026\/03\/f.elconfidencial.com_original_699_cba_fbf_699cbafbfbdc71c981ec13ea64c5f363-1024x576.jpg 1024w, https:\/\/losperiodistas.com.mx\/portal\/wp-content\/uploads\/2026\/03\/f.elconfidencial.com_original_699_cba_fbf_699cbafbfbdc71c981ec13ea64c5f363-300x169.jpg 300w, https:\/\/losperiodistas.com.mx\/portal\/wp-content\/uploads\/2026\/03\/f.elconfidencial.com_original_699_cba_fbf_699cbafbfbdc71c981ec13ea64c5f363-768x432.jpg 768w, https:\/\/losperiodistas.com.mx\/portal\/wp-content\/uploads\/2026\/03\/f.elconfidencial.com_original_699_cba_fbf_699cbafbfbdc71c981ec13ea64c5f363.jpg 1440w\" sizes=\"(max-width: 1024px) 100vw, 1024px\" \/><figcaption class=\"wp-element-caption\">Foto de una avenida desierta muy cerca de la Plaza de la Revoluci\u00f3n. (A.H.S.)<\/figcaption><\/figure>\n\n\n\n<p>Como&nbsp;<a href=\"https:\/\/www.elconfidencial.com\/mundo\/2026-02-19\/remesas-clandestinas-cuba-espana-eeuu_4305140\/\">la escasez de combustible<\/a>&nbsp;ya estaba arreciando en la isla, el amigo extranjero residente en la capital que me fue a buscar al aeropuerto&nbsp;<strong>hab\u00eda pagado esa ma\u00f1ana 700 d\u00f3lares para llenar de gasolina el dep\u00f3sito de 100 litros de su&nbsp;<em>pickup<\/em><\/strong>. Parad\u00f3jicamente se mostraba contento, porque ni siquiera a siete d\u00f3lares el litro le hab\u00eda resultado f\u00e1cil encontrar carburante en el mercado negro.&nbsp;<\/p>\n\n\n\n<p><strong>La Habana es una ciudad fantasma<\/strong>, literalmente. Por su hist\u00f3rica importancia como punto de encuentro y salida de las flotas comerciales del imperio espa\u00f1ol, la ciudad creci\u00f3 durante siglos desproporcionadamente. La capital de un pa\u00eds que apenas supera los 100.000 kil\u00f3metros cuadrados no deber\u00eda ser tan grande. Aunque su infraestructura vial nunca se desarroll\u00f3 para acoger y mover a tanta gente, hasta hace pocos a\u00f1os mantuvo una poblaci\u00f3n estable de m\u00e1s de dos millones de habitantes. Sin embargo,<strong><a href=\"https:\/\/www.elconfidencial.com\/mundo\/2024-08-01\/cuba-exodo-poblacion_3930405\/\">&nbsp;tras la estampida masiva que desde finales de 2021 redujo la poblaci\u00f3n cubana en tres millones<\/a>, La Habana ha quedado vac\u00eda<\/strong>&nbsp;y apenas habitada en zonas antiguamente bullidas de tr\u00e1fico y muchedumbre.<\/p>\n\n\n\n<figure class=\"wp-block-image size-large\"><img loading=\"lazy\" decoding=\"async\" width=\"1024\" height=\"576\" src=\"https:\/\/losperiodistas.com.mx\/portal\/wp-content\/uploads\/2026\/03\/f.elconfidencial.com_original_441_2f3_ccc_4412f3ccc40e6d2a344934173629ec68-1024x576.jpg\" alt=\"\" class=\"wp-image-118384\" srcset=\"https:\/\/losperiodistas.com.mx\/portal\/wp-content\/uploads\/2026\/03\/f.elconfidencial.com_original_441_2f3_ccc_4412f3ccc40e6d2a344934173629ec68-1024x576.jpg 1024w, https:\/\/losperiodistas.com.mx\/portal\/wp-content\/uploads\/2026\/03\/f.elconfidencial.com_original_441_2f3_ccc_4412f3ccc40e6d2a344934173629ec68-300x169.jpg 300w, https:\/\/losperiodistas.com.mx\/portal\/wp-content\/uploads\/2026\/03\/f.elconfidencial.com_original_441_2f3_ccc_4412f3ccc40e6d2a344934173629ec68-768x432.jpg 768w, https:\/\/losperiodistas.com.mx\/portal\/wp-content\/uploads\/2026\/03\/f.elconfidencial.com_original_441_2f3_ccc_4412f3ccc40e6d2a344934173629ec68.jpg 1440w\" sizes=\"(max-width: 1024px) 100vw, 1024px\" \/><figcaption class=\"wp-element-caption\">Hotel de lujo en La Habana aparentemente vac\u00edo. (A.H.S.)<\/figcaption><\/figure>\n\n\n\n<p>Desde el aeropuerto hasta la Plaza de la Revoluci\u00f3n, un trayecto de 15 kil\u00f3metros que se hace en l\u00ednea recta por la avenida Boyeros, apenas nos cruzamos&nbsp;<a href=\"https:\/\/www.elconfidencial.com\/mundo\/2025-03-21\/cuba-coches-pobreza-insalubridad_4090571\/\">con un par de veh\u00edculos<\/a>.&nbsp;<strong>La oscuridad que inundaba los tramos con apag\u00f3n hac\u00eda extremadamente peligrosa la circulaci\u00f3n<\/strong>. En el cruce con una l\u00ednea de ferrocarril a la altura de la calle 100 pasamos un gran susto. No se ve\u00edan ni los baches ni los rieles de tren.&nbsp;<strong>Tampoco hab\u00eda luz en los alrededores de la Plaza de la Revoluci\u00f3n<\/strong>, donde se concentran la sede central del Partido Comunista de Cuba y parte de los ministerios m\u00e1s importantes (Defensa, Interior, Comunicaciones, Transporte y Agricultura).&nbsp;<strong>Las avenidas monumentales que rodean la zona estaban completamente vac\u00edas<\/strong>, y solo los militares que custodian a la c\u00fapula del r\u00e9gimen cubano habitaban la oscuridad.&nbsp;<\/p>\n\n\n\n<p>La escena se repet\u00eda en&nbsp;<a href=\"https:\/\/www.elconfidencial.com\/cultura\/2023-10-04\/carmen-mola-novela-infierno-habana-espana-pais-esclavista_3746136\/\">La Habana Vieja<\/a>&nbsp;o Centro Habana, pero ah\u00ed era mucho m\u00e1s acentuada, adem\u00e1s de las&nbsp;<strong>monta\u00f1as de basura que se acumulan en las esquinas debido a que la falta de combustible impide su recogida<\/strong>&nbsp;en casi todo el pa\u00eds. La arquitectura colonial de los municipios mencionados los convirti\u00f3 en dos de los m\u00e1s densamente poblados de la isla, y si un lustro atr\u00e1s en cualquiera de sus callejuelas hab\u00eda decenas de personas merodeando, \u201c<strong>hoy apenas se deja ver alguien en cuanto cae el sol<\/strong>\u201d, coment\u00f3 el ch\u00f3fer de un peque\u00f1o coche que nos hizo de taxi despu\u00e9s de que un amigo lo pidiera a trav\u00e9s de la app \u201cLa Nave\u201d, una especie de \u201cUber\u201d cubano.<\/p>\n\n\n\n<figure class=\"wp-block-image size-large\"><img loading=\"lazy\" decoding=\"async\" width=\"1024\" height=\"576\" src=\"https:\/\/losperiodistas.com.mx\/portal\/wp-content\/uploads\/2026\/03\/f.elconfidencial.com_original_0d1_252_a14_0d1252a1497d5e4185b38398e7d47ba1-1024x576.jpg\" alt=\"\" class=\"wp-image-118383\" srcset=\"https:\/\/losperiodistas.com.mx\/portal\/wp-content\/uploads\/2026\/03\/f.elconfidencial.com_original_0d1_252_a14_0d1252a1497d5e4185b38398e7d47ba1-1024x576.jpg 1024w, https:\/\/losperiodistas.com.mx\/portal\/wp-content\/uploads\/2026\/03\/f.elconfidencial.com_original_0d1_252_a14_0d1252a1497d5e4185b38398e7d47ba1-300x169.jpg 300w, https:\/\/losperiodistas.com.mx\/portal\/wp-content\/uploads\/2026\/03\/f.elconfidencial.com_original_0d1_252_a14_0d1252a1497d5e4185b38398e7d47ba1-768x432.jpg 768w, https:\/\/losperiodistas.com.mx\/portal\/wp-content\/uploads\/2026\/03\/f.elconfidencial.com_original_0d1_252_a14_0d1252a1497d5e4185b38398e7d47ba1.jpg 1440w\" sizes=\"(max-width: 1024px) 100vw, 1024px\" \/><figcaption class=\"wp-element-caption\">Avenida del Malec\u00f3n habanero sin tr\u00e1fico. (A.H.S.)<\/figcaption><\/figure>\n\n\n\n<h2 class=\"wp-block-heading\">\u201cNi pagando la gasolina puedo moverme\u201d<\/h2>\n\n\n\n<p>El taxista nos cobr\u00f3 ocho euros por un trayecto de cuatro kil\u00f3metros hasta El Templete, el sitio donde los espa\u00f1oles fundaron la ciudad hace m\u00e1s de 500 a\u00f1os. All\u00ed hab\u00eda una peque\u00f1a sala reci\u00e9n abierta donde esa noche se dar\u00eda un&nbsp;<a href=\"https:\/\/www.elconfidencial.com\/cultura\/2023-12-28\/el-mejor-lugar-para-ver-jazz-es-un-hotel_3790317\/\">concierto de jazz<\/a>, y con mi amigo y yo se complet\u00f3 la cuarta mesa que serv\u00eda de p\u00fablico a los m\u00fasicos.&nbsp;<strong>Era como una especie de oasis cultural en una ciudad desierta<\/strong>, pero para privilegiados. En las otras mesas pudimos identificar a varios funcionarios de instituciones cubanas y a artistas de cierto prestigio.&nbsp;<strong>Desde el<em>&nbsp;cover<\/em>&nbsp;hasta los tragos m\u00e1s baratos de ese sitio superaban el salario m\u00ednimo local<\/strong>&nbsp;(2.100 pesos cubanos o cuatro euros mensuales).&nbsp;<\/p>\n\n\n\n<p>La calle Obispo y sus inmediaciones, una de las principales arterias de La Habana Vieja, tambi\u00e9n estaban diezmadas.&nbsp;<strong>Donde hasta la pandemia desfilaban miles de turistas al d\u00eda, ahora ni siquiera hab\u00eda vecinos en las calles<\/strong>. No eran ni las 11 de la noche cuando en pleno centro del casco hist\u00f3rico no hab\u00eda ning\u00fan negocio abierto. Edificios enteros aparentemente habitados no mostraban ni una ventana abierta, ni una sola luz encendida (a pesar de que en ese momento hab\u00eda electricidad en la zona).&nbsp;<strong>Daba la impresi\u00f3n de que la ya rumiante arquitectura habanera hab\u00eda sido abandonada de golpe por sus \u00faltimos habitantes<\/strong>. La desolaci\u00f3n de la ciudad impacta, pues caminamos aproximadamente dos kil\u00f3metros sin apenas cruzarnos con nadie. Llegamos al Parque Central y al menos los cinco hoteles que lo rodean estaban aparentemente cerrados. Pocos extranjeros se sienten atra\u00eddos por el lujo de algunas de esas instalaciones.<\/p>\n\n\n\n<figure class=\"wp-block-image size-large\"><img loading=\"lazy\" decoding=\"async\" width=\"1024\" height=\"768\" src=\"https:\/\/losperiodistas.com.mx\/portal\/wp-content\/uploads\/2026\/03\/f.elconfidencial.com_original_cf0_b00_f15_cf0b00f157f6981eb5d0a07d83a8ac5d-1024x768.jpg\" alt=\"\" class=\"wp-image-118382\" srcset=\"https:\/\/losperiodistas.com.mx\/portal\/wp-content\/uploads\/2026\/03\/f.elconfidencial.com_original_cf0_b00_f15_cf0b00f157f6981eb5d0a07d83a8ac5d-1024x768.jpg 1024w, https:\/\/losperiodistas.com.mx\/portal\/wp-content\/uploads\/2026\/03\/f.elconfidencial.com_original_cf0_b00_f15_cf0b00f157f6981eb5d0a07d83a8ac5d-300x225.jpg 300w, https:\/\/losperiodistas.com.mx\/portal\/wp-content\/uploads\/2026\/03\/f.elconfidencial.com_original_cf0_b00_f15_cf0b00f157f6981eb5d0a07d83a8ac5d-768x576.jpg 768w, https:\/\/losperiodistas.com.mx\/portal\/wp-content\/uploads\/2026\/03\/f.elconfidencial.com_original_cf0_b00_f15_cf0b00f157f6981eb5d0a07d83a8ac5d.jpg 1440w\" sizes=\"(max-width: 1024px) 100vw, 1024px\" \/><figcaption class=\"wp-element-caption\">El bar de un nieto de Fidel Castro casi vac\u00edo en La Habana. (A.H.S.)<\/figcaption><\/figure>\n\n\n\n<p><strong>Una mujer que deambulaba con su hija peque\u00f1a en brazos por el parque se nos acerc\u00f3 a pedirnos dinero<\/strong>. Necesitaba lo equivalente a ocho euros para comprarle una bolsa de leche en polvo a la ni\u00f1a, pero no ten\u00eda ni a qui\u00e9n pedirle dinero en la calle. El segundo taxi que cogimos era el \u00fanico que aguardaba en ese parque y llevaba seis horas esperando a que alguien le pidiera dar una carrera. \u201c<strong>Estoy pagando la gasolina \u2018disparada cantidad\u2019 (muy cara), y ni as\u00ed me muevo.&nbsp;<\/strong><a href=\"https:\/\/www.elconfidencial.com\/economia\/2026-02-15\/cuba-destino-caribe-ko-se-van-turistas-cierran-hoteles_4303381\/\">No hay turistas<\/a>&nbsp;ni nadie en la calle, estoy plante\u00e1ndome vender el carro\u201d, lament\u00f3 exaltado.&nbsp;<\/p>\n\n\n\n<p>Nos llev\u00f3 hasta El Vedado, el barrio que se convirti\u00f3 en el preferido de la burgues\u00eda local cuando los estadounidenses quitaron a los espa\u00f1oles el control de la isla a finales de 1898.<strong>&nbsp;En el bar de&nbsp;<a href=\"https:\/\/www.elconfidencial.com\/mundo\/2025-08-09\/nieto-fidel-castro-influencer-cuba_4188409\/\">uno de los nietos m\u00e1s disparatados de Fidel Castro&nbsp;<\/a>hab\u00eda cuatro muchachos animando una especie de karaoke entre ellos mismos<\/strong>, y el barman tambi\u00e9n hac\u00eda de portero. Mientras, unas chicas muy j\u00f3venes, probablemente adolescentes, te recib\u00edan en la puerta con un gui\u00f1o.&nbsp;<\/p>\n\n\n\n<p>A unos 300 metros, en el King Bar, s\u00ed hab\u00eda varias decenas de personas y el ambiente parec\u00eda m\u00e1s inclinado a\u00fan al jineterismo (prostituci\u00f3n con extranjeros).&nbsp;<strong>La Habana se ha convertido en un pueblo, como esos peque\u00f1os de las provincias cubanas&nbsp;<\/strong>donde solo se pod\u00eda salir los fines de semana para ver a la gente del mismo pueblo reunida en torno a un altavoz con una m\u00fasica desfasada y tonta. Por m\u00e1s vueltas que le di\u00e9semos a la ciudad una noche de mi\u00e9rcoles como la de ese 18 de febrero, solo podr\u00edamos ver a un peque\u00f1o grupo de mujeres que quer\u00edan atraer a unos pocos extranjeros.&nbsp;<strong>No exist\u00eda un ambiente ni medianamente normal en ese sitio, la seguridad custodiaba celosamente a las chicas y a los turistas.<\/strong><\/p>\n\n\n\n<figure class=\"wp-block-image\"><img decoding=\"async\" src=\"https:\/\/images.ecestaticos.com\/ckP1llra2J1QpwruRrh9FPiphuw=\/0x0:2272x1514\/1200x900\/filters:fill(white):format(jpg)\/f.elconfidencial.com%2Foriginal%2F336%2Feb3%2F30e%2F336eb330e043349470a193b78632fd7b.jpg\" alt=\"Foto: cuba-virus-muerte-epidemia-chikungunya\"\/><\/figure>\n\n\n\n<p>TE PUEDE INTERESAR<a href=\"https:\/\/www.elconfidencial.com\/mundo\/2025-12-12\/cuba-virus-muerte-epidemia-chikungunya_4263828\/\">Un virus africano est\u00e1 haciendo estragos en Cuba: \u00abLa gente va por la calle como zombis\u00bb<\/a><\/p>\n\n\n\n<p>Alfredo Herrera S\u00e1nchez<\/p>\n\n\n\n<p>Un irland\u00e9s que lleg\u00f3 desesperado en busca de una cerveza ignoraba la alerta&nbsp;<a href=\"https:\/\/diariodecuba.com\/cuba\/1771337567_65425.html\">emitida un d\u00eda antes por el Gobierno de su pa\u00eds<\/a>.&nbsp;<strong>Dubl\u00edn recomend\u00f3 a sus ciudadanos no enfrentar los \u201criesgos potencialmente mortales\u201d que implica visitar Cuba actualmente<\/strong>. \u201cTengo negocios aqu\u00ed y estoy obligado a venir cada cierto tiempo\u201d, explic\u00f3 el empresario que lleva m\u00e1s de 15 a\u00f1os invirtiendo en la isla. \u201cAhora estoy impulsando una marca de caf\u00e9 en Pinar del R\u00edo gracias a los permisos que me ha dado el Ministerio de Agricultura de aqu\u00ed.&nbsp;<strong>Ellos (el r\u00e9gimen) quieren trabajar con extranjeros, pero no con los propios cubanos<\/strong>\u201d.&nbsp;<\/p>\n\n\n\n<p>Durante las \u00faltimas d\u00e9cadas, el r\u00e9gimen cubano ha hecho ciertas aperturas a la inversi\u00f3n extranjera, pero jam\u00e1s ha fomentado la inyecci\u00f3n de capital de los propios cubanos que se han marchado.&nbsp;<strong>La aversi\u00f3n del r\u00e9gimen hacia los cubanos es tan grande que no permite a las empresas extranjeras pagarle directamente a los trabajadores que se contraten en la isla<\/strong>. Como los inversionistas devengan salarios en divisas que el r\u00e9gimen no quiere que lleguen a manos de los cubanos, cre\u00f3 agencias empleadoras que captan los d\u00f3lares extranjeros y entregan pesos cubanos a los obreros.<\/p>\n\n\n\n<figure class=\"wp-block-image size-large\"><img loading=\"lazy\" decoding=\"async\" width=\"1024\" height=\"576\" src=\"https:\/\/losperiodistas.com.mx\/portal\/wp-content\/uploads\/2026\/03\/f.elconfidencial.com_original_7b5_7b9_c3d_7b57b9c3d3ee619bc8cf27f8d0dccca4-1024x576.jpg\" alt=\"\" class=\"wp-image-118381\" srcset=\"https:\/\/losperiodistas.com.mx\/portal\/wp-content\/uploads\/2026\/03\/f.elconfidencial.com_original_7b5_7b9_c3d_7b57b9c3d3ee619bc8cf27f8d0dccca4-1024x576.jpg 1024w, https:\/\/losperiodistas.com.mx\/portal\/wp-content\/uploads\/2026\/03\/f.elconfidencial.com_original_7b5_7b9_c3d_7b57b9c3d3ee619bc8cf27f8d0dccca4-300x169.jpg 300w, https:\/\/losperiodistas.com.mx\/portal\/wp-content\/uploads\/2026\/03\/f.elconfidencial.com_original_7b5_7b9_c3d_7b57b9c3d3ee619bc8cf27f8d0dccca4-768x432.jpg 768w, https:\/\/losperiodistas.com.mx\/portal\/wp-content\/uploads\/2026\/03\/f.elconfidencial.com_original_7b5_7b9_c3d_7b57b9c3d3ee619bc8cf27f8d0dccca4.jpg 1440w\" sizes=\"(max-width: 1024px) 100vw, 1024px\" \/><figcaption class=\"wp-element-caption\">Trabajadores indios construyendo un hotel de lujo junto al Museo de la Revoluci\u00f3n cubana. (A.H.S.)<\/figcaption><\/figure>\n\n\n\n<p>Esa situaci\u00f3n provoca que muchos constructores, por ejemplo, se roben los materiales de las obras para revenderlos en el mercado negro y compensar sus bajos salarios. En respuesta y para evitar que se ralenticen los tiempos de ejecuci\u00f3n,&nbsp;<strong>las empresas extranjeras prefieren llevar mano de obra tambi\u00e9n extranjera para poder trabajar mejor<\/strong>. Por eso desde hace una d\u00e9cada parte de los constructores de los hoteles de lujo de La Habana provienen de India, como los que encontr\u00e9 en plena faena muy cerca de la Embajada de Espa\u00f1a. All\u00ed segu\u00edan las colas interminables para solicitar visas,&nbsp;<a href=\"https:\/\/www.elconfidencial.com\/espana\/2025-06-29\/tramites-espanoles-descendientes-latinoamerica_4159355\/\">o pasaportes a trav\u00e9s de la Ley de Memoria Democr\u00e1tica<\/a>.<\/p>\n\n\n\n<h2 class=\"wp-block-heading\">Negocios que cierran rodeados de basura<\/h2>\n\n\n\n<p>Al d\u00eda siguiente deb\u00eda viajar hasta Col\u00f3n (40.000 habitantes aproximadamente), mi pueblo natal y donde reside toda mi familia.&nbsp;<strong>Los taxistas estaban pidiendo en ese momento entre 240 y 300 euros para ese viaje de 180 kil\u00f3metros<\/strong>. Los pocos que segu\u00edan trabajando tiraban de sus \u00faltimas reservas de combustible. Finalmente encontr\u00e9 un Chevrolet de 1953 que quedar\u00eda aparcado hasta nuevo aviso tras llevarme, lament\u00f3 su ch\u00f3fer, quien ya<strong>&nbsp;se preparaba para comenzar a transportar personas en Col\u00f3n con un triciclo el\u00e9ctrico<\/strong>. \u201cDe algo tengo que vivir mientras no aparezca el petr\u00f3leo para trabajar en el coche. La comida est\u00e1 muy cara y no alcanza ning\u00fan dinero. Yo<strong>&nbsp;gano casi 200 d\u00f3lares al mes dando viajes, casi 50 veces lo que mi madre recibe como pensi\u00f3n, pero ni as\u00ed llego a fin de mes<\/strong>\u201d.&nbsp;<\/p>\n\n\n\n<p>Ante la suspensi\u00f3n del transporte p\u00fablico por la falta de combustible, por ejemplo,<strong>&nbsp;los habaneros tienen dos opciones: caminar o pagar los caros triciclos el\u00e9ctricos que suplen algunas rutas de autobuses<\/strong>. \u201cA veces me he pasado 12 o 14 horas esperando un viaje en el Hotel Nacional y he tenido que irme para mi casa\u201d, explica un taxista mientras recorr\u00eda a pie las inmediaciones del Malec\u00f3n habanero. \u201c<strong>Cuando damos una carrera con alg\u00fan cliente tenemos que estar midiendo exactamente qu\u00e9 combustible gastamos para saber cu\u00e1nto tenemos que cobrarle<\/strong>. Hoy mismo van a&nbsp;<a href=\"https:\/\/www.larazon.es\/internacional\/cuba-empieza-cerrar-hoteles-reubicar-turistas-desabastecimiento-combustible_2026020769876e899243cc133c394dfe.html\">cerrar unos cuantos hoteles<\/a>&nbsp;porque el Gobierno no puede mantenerlos abiertos con tan pocos turistas. Yo estoy pensando en comprarme una moto el\u00e9ctrica, as\u00ed es como muchos compa\u00f1eros m\u00edos est\u00e1n trabajando ahora\u201d.<\/p>\n\n\n\n<figure class=\"wp-block-image size-large\"><img loading=\"lazy\" decoding=\"async\" width=\"1024\" height=\"576\" src=\"https:\/\/losperiodistas.com.mx\/portal\/wp-content\/uploads\/2026\/03\/f.elconfidencial.com_original_597_ae3_82e_597ae382e51d0fc8f55dad83657a2d29-1024x576.jpg\" alt=\"\" class=\"wp-image-118380\" srcset=\"https:\/\/losperiodistas.com.mx\/portal\/wp-content\/uploads\/2026\/03\/f.elconfidencial.com_original_597_ae3_82e_597ae382e51d0fc8f55dad83657a2d29-1024x576.jpg 1024w, https:\/\/losperiodistas.com.mx\/portal\/wp-content\/uploads\/2026\/03\/f.elconfidencial.com_original_597_ae3_82e_597ae382e51d0fc8f55dad83657a2d29-300x169.jpg 300w, https:\/\/losperiodistas.com.mx\/portal\/wp-content\/uploads\/2026\/03\/f.elconfidencial.com_original_597_ae3_82e_597ae382e51d0fc8f55dad83657a2d29-768x432.jpg 768w, https:\/\/losperiodistas.com.mx\/portal\/wp-content\/uploads\/2026\/03\/f.elconfidencial.com_original_597_ae3_82e_597ae382e51d0fc8f55dad83657a2d29.jpg 1440w\" sizes=\"(max-width: 1024px) 100vw, 1024px\" \/><figcaption class=\"wp-element-caption\">Basurero en un parque cercano a la Embajada de EEUU donde los cubanos hacen la cola para su cita de visado. (A.H.S.)<\/figcaption><\/figure>\n\n\n\n<p>El taxista estaba buscando un refresco y se sorprendi\u00f3 cuando vio que estaba cerrado el sitio donde pretend\u00eda comprarlo: \u201c<strong>Esta no es la primera vez que me pasa, est\u00e1n cerrando muchos negocios aqu\u00ed<\/strong>. Como trabajo en la calle debo comer donde pueda y en las \u00faltimas semanas han cerrado sin previo aviso al menos cuatro negocios que frecuentaba.&nbsp;<strong>Es dif\u00edcil trabajar en cualquier cosa con esta situaci\u00f3n<\/strong>\u201d.&nbsp;<\/p>\n\n\n\n<p>La charla con el taxista transcurri\u00f3 a un par de calles de la Embajada de EEUU en La Habana. Ni esa zona se salva de las enormes acumulaciones de basura. Adem\u00e1s de la contaminaci\u00f3n y el incentivo que representa para la insalubridad y la propagaci\u00f3n de&nbsp;<a href=\"https:\/\/www.elconfidencial.com\/mundo\/2025-12-12\/cuba-virus-muerte-epidemia-chikungunya_4263828\/\">arbovirosis que arrasan en la sociedad cubana<\/a>,&nbsp;<strong>la basura tambi\u00e9n est\u00e1 destruyendo f\u00edsicamente a las ciudades de la isla<\/strong>. Cuando las pilas se agigantan demasiado y aparece el combustible para erradicarlas, se utilizan enormes&nbsp;<em>bulldozers<\/em>&nbsp;que tambi\u00e9n destruyen las aceras. En La Habana hay tramos de calles que han perdido casi toda la acera por este motivo, advierte el reconocido pintor cubano radicado en Espa\u00f1a&nbsp;<strong><a href=\"https:\/\/www.instagram.com\/renefranciscorodriguez\/\" target=\"_blank\" rel=\"noreferrer noopener\">Ren\u00e9 Francisco Rodr\u00edguez<\/a><\/strong>, quien<a href=\"https:\/\/www.14ymedio.com\/cuba\/cobija-arte-realidad-coinciden-proponerselo_1_1114885.html\">&nbsp;visit\u00f3 la isla en 2025 para realizar una escultura<\/a>.<\/p>\n\n\n\n<figure class=\"wp-block-image size-large\"><img loading=\"lazy\" decoding=\"async\" width=\"1024\" height=\"576\" src=\"https:\/\/losperiodistas.com.mx\/portal\/wp-content\/uploads\/2026\/03\/f.elconfidencial.com_original_b2f_b80_b9b_b2fb80b9bf082089b1171d62116102fa-1024x576.jpg\" alt=\"\" class=\"wp-image-118379\" srcset=\"https:\/\/losperiodistas.com.mx\/portal\/wp-content\/uploads\/2026\/03\/f.elconfidencial.com_original_b2f_b80_b9b_b2fb80b9bf082089b1171d62116102fa-1024x576.jpg 1024w, https:\/\/losperiodistas.com.mx\/portal\/wp-content\/uploads\/2026\/03\/f.elconfidencial.com_original_b2f_b80_b9b_b2fb80b9bf082089b1171d62116102fa-300x169.jpg 300w, https:\/\/losperiodistas.com.mx\/portal\/wp-content\/uploads\/2026\/03\/f.elconfidencial.com_original_b2f_b80_b9b_b2fb80b9bf082089b1171d62116102fa-768x432.jpg 768w, https:\/\/losperiodistas.com.mx\/portal\/wp-content\/uploads\/2026\/03\/f.elconfidencial.com_original_b2f_b80_b9b_b2fb80b9bf082089b1171d62116102fa.jpg 1440w\" sizes=\"(max-width: 1024px) 100vw, 1024px\" \/><figcaption class=\"wp-element-caption\">Basurero en la Calzada de Luyan\u00f3, La Habana. (A.H.S.)<\/figcaption><\/figure>\n\n\n\n<p>\u201c<strong>Me impresion\u00f3 mucho c\u00f3mo se arrancaban las aceras completamente durante la recogida de basura en algunas zonas<\/strong>\u201d, explica el artista. \u201cLa inseguridad es tan grande en las calles y el pa\u00eds se ha complicado tanto, que recuerdo una noche en la que un grupo de amigos me escoltaron para caminar menos de 300 metros hasta el c\u00e9ntrico edificio Focsa.<strong><a href=\"https:\/\/diariodecuba.com\/cuba\/1756113857_62582.html\" target=\"_blank\" rel=\"noreferrer noopener\">&nbsp;Hay tantos asaltos y robos&nbsp;<\/a>que, por m\u00e1s que me negu\u00e9, ellos insistieron en acompa\u00f1arme<\/strong>. Hoy nadie est\u00e1 seguro en Cuba\u201d.<\/p>\n\n\n\n<h2 class=\"wp-block-heading\">En el interior de la isla todo es m\u00e1s rudimentario<\/h2>\n\n\n\n<p>En Col\u00f3n el panorama de desolaci\u00f3n cambia un poco. Como la poblaci\u00f3n cubana se acumula en las grandes ciudades y es en ellas donde se gestan con mayor facilidad las rutas migratorias que a la postre terminamos emprendiendo, la mayor\u00eda de la di\u00e1spora no proviene de entornos rurales. Por eso mi pueblo no luc\u00eda tan vac\u00edo como La Habana, aunque s\u00ed estaba igualmente desvencijado.&nbsp;<strong>En las calles hay un caos total a nivel de tr\u00e1fico: casi nadie usa casco en las motocicletas, los conductores doblan haci\u00e9ndose se\u00f1as o grit\u00e1ndose en las esquinas para no chocar&nbsp;<\/strong>y casi no hay l\u00edneas ni se\u00f1ales de tr\u00e1nsito.&nbsp;<\/p>\n\n\n\n<p>Mientras las autoridades miran para otro lado y aumenta la criminalidad o se naturaliza el desorden p\u00fablico,&nbsp;<strong>la Seguridad del Estado (polic\u00eda pol\u00edtica del r\u00e9gimen) sigue persiguiendo y acosando&nbsp;<\/strong>a quien se ha atrevido a plantarle cara.&nbsp;<strong>C\u00e9sar Adriam Delgado Correa<\/strong>, un joven de 31 a\u00f1os que pas\u00f3 cuatro y medio preso en una c\u00e1rcel de m\u00e1xima seguridad&nbsp;<a href=\"https:\/\/www.elconfidencial.com\/mundo\/2021-09-11\/dos-meses-despues-del-11-j-reconstruccion-del-dia-que-temblo-el-comunismo-cubano_3286098\/\">por protestar el 11 de julio de 2021<\/a>&nbsp;(11J), lamenta que no le han dejado trabajar a un a\u00f1o de haber sido excarcelado. Ni \u00e9l ni su esposa pueden buscar empleo en el pueblo, porque<strong>&nbsp;enseguida el r\u00e9gimen mueve ficha para que nadie les d\u00e9 trabajo<\/strong>.&nbsp;<\/p>\n\n\n\n<p>\u201cMi esposa y yo solo queremos buscar sustento y nos ha resultado imposible, porque&nbsp;<strong>los segurosos amenazan a quien decide contratarnos y luego estos nos echan por miedo<\/strong>\u201d, lamenta el joven condenado a cinco a\u00f1os de prisi\u00f3n por publicar un video de 14 segundos en Facebook mostrando su protesta el 11J. Pudo regresar a su casa en enero de 2025 gracias a la mediaci\u00f3n del Vaticano ante el r\u00e9gimen, pero todav\u00eda sigue imposibilitado de salir de la isla. \u201cHace poco fui por tercera vez a intentar sacarme el pasaporte y todav\u00eda sigo regulado. Me dijeron que ten\u00eda que esperar algunos meses a ver si ten\u00eda suerte y me quitaban pronto la regulaci\u00f3n, pero podr\u00eda tardar hasta cinco a\u00f1os.&nbsp;<strong>Me impiden conseguir trabajo y tampoco me dejan salir, su objetivo es hacernos tierra<\/strong>\u201d.<\/p>\n\n\n\n<figure class=\"wp-block-image size-large\"><img loading=\"lazy\" decoding=\"async\" width=\"1024\" height=\"768\" src=\"https:\/\/losperiodistas.com.mx\/portal\/wp-content\/uploads\/2026\/03\/f.elconfidencial.com_original_5ff_13f_a21_5ff13fa21651cc7bb780b0c5652ef550-1024x768.jpg\" alt=\"\" class=\"wp-image-118378\" srcset=\"https:\/\/losperiodistas.com.mx\/portal\/wp-content\/uploads\/2026\/03\/f.elconfidencial.com_original_5ff_13f_a21_5ff13fa21651cc7bb780b0c5652ef550-1024x768.jpg 1024w, https:\/\/losperiodistas.com.mx\/portal\/wp-content\/uploads\/2026\/03\/f.elconfidencial.com_original_5ff_13f_a21_5ff13fa21651cc7bb780b0c5652ef550-300x225.jpg 300w, https:\/\/losperiodistas.com.mx\/portal\/wp-content\/uploads\/2026\/03\/f.elconfidencial.com_original_5ff_13f_a21_5ff13fa21651cc7bb780b0c5652ef550-768x576.jpg 768w, https:\/\/losperiodistas.com.mx\/portal\/wp-content\/uploads\/2026\/03\/f.elconfidencial.com_original_5ff_13f_a21_5ff13fa21651cc7bb780b0c5652ef550.jpg 1440w\" sizes=\"(max-width: 1024px) 100vw, 1024px\" \/><figcaption class=\"wp-element-caption\">C\u00e9sar Adriam Delgado Correa y su esposa Roxana Garc\u00eda Pedraza. (A.H.S.)<\/figcaption><\/figure>\n\n\n\n<p>La pareja sobrevive en estos momentos gracias a la caridad familiar y a una habitaci\u00f3n que les prestaron. Quieren independizarse para una vivienda propia, pero eso tambi\u00e9n lo tienen complicado mientras no trabajen. Los alquileres pueden sobrepasar cualquier salario estatal promedio, incluso para viviendas en muy malas condiciones.&nbsp;<strong>En realidad todas&nbsp;<a href=\"https:\/\/www.cibercuba.com\/noticias\/2026-01-14-u1-e43231-s27061-nid318476-dos-derrumbes-menos-24-horas-habana-vieja-dejan\">las construcciones cubanas est\u00e1n languideciendo<\/a>&nbsp;desde hace d\u00e9cadas ante el perenne abandono y la falta de mantenimiento<\/strong>. De hecho, algunos de los edificios m\u00e1s grandes e importantes de mi pueblo han tenido que pasar a manos privadas porque al Gobierno local le resulta imposible sostenerlos.&nbsp;<\/p>\n\n\n\n<p>A pesar de que&nbsp;<a href=\"https:\/\/blogs.elconfidencial.com\/mundo\/tribuna-internacional\/2026-02-02\/fin-comunismo-cuba-crisis-1hms_4295024\/\">el r\u00e9gimen cubano<\/a>&nbsp;ha anunciado sucesivas aperturas econ\u00f3micas con la creaci\u00f3n de empresas, cooperativas y otro rosario de iniciativas para supuestamente incentivar la participaci\u00f3n privada en la econom\u00eda,&nbsp;<strong>no ha entregado a particulares la gesti\u00f3n de ning\u00fan sector importante<\/strong>. Excepto casi toda la gastronom\u00eda, casi nada de importancia ha pasado a manos de privados. Un empresario de Col\u00f3n que tiene varios puntos de venta de comida e insumos b\u00e1sicos ahora ha recibido el principal hotel del pueblo. El encargo que le dieron las autoridades locales consiste en lograr que funcione.&nbsp;<\/p>\n\n\n\n<p>\u201c<strong>Ya ellos no pueden con nada, a m\u00ed me dieron el hotel, pero me cuesta una fortuna ponerlo a punto&nbsp;<\/strong>y de momento solo he abierto el restaurante y la discoteca\u201d, explica el hombre a pie de calle mientras baja de un cami\u00f3n varios generadores el\u00e9ctricos para poder abrir el sitio en la noche. \u201cMe han entregado las 40 habitaciones de este edificio sin luces o enchufes, tengo que ponerlo todo desde cero y hacer una gran inversi\u00f3n\u201d.<\/p>\n\n\n\n<figure class=\"wp-block-image size-large\"><img loading=\"lazy\" decoding=\"async\" width=\"1024\" height=\"576\" src=\"https:\/\/losperiodistas.com.mx\/portal\/wp-content\/uploads\/2026\/03\/f.elconfidencial.com_original_de4_7fd_62c_de47fd62c1132a76ae5524da00f53d0b-1024x576.jpg\" alt=\"\" class=\"wp-image-118377\" srcset=\"https:\/\/losperiodistas.com.mx\/portal\/wp-content\/uploads\/2026\/03\/f.elconfidencial.com_original_de4_7fd_62c_de47fd62c1132a76ae5524da00f53d0b-1024x576.jpg 1024w, https:\/\/losperiodistas.com.mx\/portal\/wp-content\/uploads\/2026\/03\/f.elconfidencial.com_original_de4_7fd_62c_de47fd62c1132a76ae5524da00f53d0b-300x169.jpg 300w, https:\/\/losperiodistas.com.mx\/portal\/wp-content\/uploads\/2026\/03\/f.elconfidencial.com_original_de4_7fd_62c_de47fd62c1132a76ae5524da00f53d0b-768x432.jpg 768w, https:\/\/losperiodistas.com.mx\/portal\/wp-content\/uploads\/2026\/03\/f.elconfidencial.com_original_de4_7fd_62c_de47fd62c1132a76ae5524da00f53d0b.jpg 1440w\" sizes=\"(max-width: 1024px) 100vw, 1024px\" \/><figcaption class=\"wp-element-caption\">Interior de una boutique privada en el pueblo de Col\u00f3n. (A.H.S.)<\/figcaption><\/figure>\n\n\n\n<p>Las famosas MIPYMES (micro, peque\u00f1as y medianas empresas) que&nbsp;<a href=\"https:\/\/www.elconfidencial.com\/tecnologia\/2022-05-28\/startups-aparecen-cuba_3432211\/\">el r\u00e9gimen ha creado en los \u00faltimos a\u00f1os<\/a>&nbsp;siempre&nbsp;<strong>han trabajado al margen de cualquier impulso gubernamental y sin electricidad o materias primas de forma estable<\/strong>. Los expositores de estas MIPYMES, improvisados en portales de viviendas o en rec\u00f3nditas almacenes,&nbsp;<strong>muestran generalmente productos importados, porque en Cuba es muy dif\u00edcil producir algo<\/strong>.&nbsp;<\/p>\n\n\n\n<p>En el caso de uno de mis primos, por ejemplo,&nbsp;<strong>ahora tiene una panader\u00eda y utiliza miel de abejas en vez de az\u00facar<\/strong>. En una sociedad que se forj\u00f3 a partir del desarrollo de la industria del az\u00facar, que se independiz\u00f3 de Espa\u00f1a gracias al poder\u00edo econ\u00f3mico que hab\u00eda alcanzado la oligarqu\u00eda de ese sector, y que a escala global se convirti\u00f3 en una de las mayores potencias de ese producto durante los primeros 60 a\u00f1os del siglo XX,&nbsp;<strong>hoy en d\u00eda un panadero que hornea con le\u00f1a por la falta de electricidad utiliza miel porque le sale m\u00e1s barata que el az\u00facar<\/strong>. M\u00e1s parad\u00f3jico a\u00fan resulta que la miel tropical es un producto muy cotizado, considerado casi de lujo, pero hasta las escasas flores cubanas producen m\u00e1s que la&nbsp;<a href=\"https:\/\/www.bbc.com\/mundo\/articles\/c8vvp803j82o\">industria del az\u00facar arrasada por el r\u00e9gimen<\/a>.<\/p>\n\n\n\n<figure class=\"wp-block-image size-large\"><img loading=\"lazy\" decoding=\"async\" width=\"1024\" height=\"576\" src=\"https:\/\/losperiodistas.com.mx\/portal\/wp-content\/uploads\/2026\/03\/f.elconfidencial.com_original_496_0eb_563_4960eb563d1f08f3d6e50ba1e93bf0e2-1024x576.jpg\" alt=\"\" class=\"wp-image-118376\" srcset=\"https:\/\/losperiodistas.com.mx\/portal\/wp-content\/uploads\/2026\/03\/f.elconfidencial.com_original_496_0eb_563_4960eb563d1f08f3d6e50ba1e93bf0e2-1024x576.jpg 1024w, https:\/\/losperiodistas.com.mx\/portal\/wp-content\/uploads\/2026\/03\/f.elconfidencial.com_original_496_0eb_563_4960eb563d1f08f3d6e50ba1e93bf0e2-300x169.jpg 300w, https:\/\/losperiodistas.com.mx\/portal\/wp-content\/uploads\/2026\/03\/f.elconfidencial.com_original_496_0eb_563_4960eb563d1f08f3d6e50ba1e93bf0e2-768x432.jpg 768w, https:\/\/losperiodistas.com.mx\/portal\/wp-content\/uploads\/2026\/03\/f.elconfidencial.com_original_496_0eb_563_4960eb563d1f08f3d6e50ba1e93bf0e2.jpg 1440w\" sizes=\"(max-width: 1024px) 100vw, 1024px\" \/><figcaption class=\"wp-element-caption\">Se desata un incendio en una plantaci\u00f3n de ca\u00f1a de az\u00facar a las afueras del pueblo de Col\u00f3n. (A.H.S.)<\/figcaption><\/figure>\n\n\n\n<p>Este no fue el primer emprendimiento de mi primo.&nbsp;<strong>Cuando decidi\u00f3 abandonar su puesto como oftalm\u00f3logo en el principal hospital de la zona por su bajo salario (10 euros al cambio), mont\u00f3 una destiler\u00eda para producir ron<\/strong>&nbsp;(o algo parecido) de forma artesanal. Como la industria ronera cubana que monopoliza el r\u00e9gimen&nbsp;<a href=\"https:\/\/www.lavanguardia.com\/comer\/al-dia\/20250602\/10744066\/peor-cosecha-azucar-cana-125-anos-pone-peligro-produccion-ron-cuba.html\">se ha quedado sin materia prima<\/a>&nbsp;debido al colapso de la zafra azucarera y ha mermado sensiblemente su producci\u00f3n en los \u00faltimos a\u00f1os, existe una elevada demanda de ron barato y casero. Cuando arreciaron las crisis con los apagones, mi primo compr\u00f3 un generador para producir la electricidad que necesitaban sus destiladores rudimentarios, pero se vio obligado a cerrar su minindustria al empezar a escasear y a subir de precio el combustible.&nbsp;<strong>Entonces abri\u00f3 su actual panader\u00eda con un horno de le\u00f1a<\/strong>.&nbsp;<\/p>\n\n\n\n<p>Mi primo ni siquiera tiene acceso a agua potable de calidad para producir su pan. Como casi todas las estaciones de bombeo de la red de acueducto de Col\u00f3n casi nunca tienen electricidad,&nbsp;<strong>la mayor parte del pueblo no recibe agua potable de manera estable<\/strong>. Pueden pasar f\u00e1cilmente dos o tres semanas para que entre agua a la casa de una de mis t\u00edas, por eso ella debe comprar tanques que se transportan en carretones tirados por caballos. Desde que desapareci\u00f3 la Uni\u00f3n Sovi\u00e9tica la mayor parte del transporte p\u00fablico cubano en zonas rurales pas\u00f3 a ser de tracci\u00f3n animal, porque no hab\u00eda ni combustible ni medios para mover a los cubanos. En mi pueblo todos se mueven gracias a los \u201ccocheros\u201d que conducen los carretones. B\u00e1sicamente, son taxis tirados por caballos.&nbsp;<strong>La novedad es que ahora esos coches tambi\u00e9n se utilizan para cargar el agua hacia las casas<\/strong>. Un tanque de agua que alcanza para dos o tres d\u00edas en una casa de cuatro habitantes cuesta 2.000 pesos o casi cuatro euros al cambio.<\/p>\n\n\n\n<figure class=\"wp-block-image size-large\"><img loading=\"lazy\" decoding=\"async\" width=\"1024\" height=\"576\" src=\"https:\/\/losperiodistas.com.mx\/portal\/wp-content\/uploads\/2026\/03\/f.elconfidencial.com_original_f3c_e33_841_f3ce3384150854a35bf8ca9c34832cfd-1024x576.jpg\" alt=\"\" class=\"wp-image-118375\" srcset=\"https:\/\/losperiodistas.com.mx\/portal\/wp-content\/uploads\/2026\/03\/f.elconfidencial.com_original_f3c_e33_841_f3ce3384150854a35bf8ca9c34832cfd-1024x576.jpg 1024w, https:\/\/losperiodistas.com.mx\/portal\/wp-content\/uploads\/2026\/03\/f.elconfidencial.com_original_f3c_e33_841_f3ce3384150854a35bf8ca9c34832cfd-300x169.jpg 300w, https:\/\/losperiodistas.com.mx\/portal\/wp-content\/uploads\/2026\/03\/f.elconfidencial.com_original_f3c_e33_841_f3ce3384150854a35bf8ca9c34832cfd-768x432.jpg 768w, https:\/\/losperiodistas.com.mx\/portal\/wp-content\/uploads\/2026\/03\/f.elconfidencial.com_original_f3c_e33_841_f3ce3384150854a35bf8ca9c34832cfd.jpg 1440w\" sizes=\"(max-width: 1024px) 100vw, 1024px\" \/><figcaption class=\"wp-element-caption\">Tanque de agua sobre un carret\u00f3n tirado por un caballo en Col\u00f3n. (Cedida)<\/figcaption><\/figure>\n\n\n\n<h2 class=\"wp-block-heading\">La econom\u00eda est\u00e1 completamente colapsada<\/h2>\n\n\n\n<p>Los guajiros (campesinos cubanos) tienen problemas parecidos, con los animales y con el agua. Como no hay combustible ni&nbsp;<a href=\"https:\/\/www.elconfidencial.com\/tecnologia\/2022-05-24\/maquinaria-agricola-tractores-john-deere-software_3427344\/\">tractores<\/a>&nbsp;suficientes para roturar la tierra, deben emplear yuntas (parejas) de bueyes para hacer todas las labores.&nbsp;<strong>Ni siquiera las grandes empresas agr\u00edcolas del r\u00e9gimen tienen combustible&nbsp;<\/strong>y hace poco en televisi\u00f3n nacional anunciaron que necesitaban unas 8.000 yuntas para suplir a los tractores que salieron del campo. Apenas tiene trabajo un mec\u00e1nico de las avionetas agr\u00edcolas rusas que operan en un peque\u00f1o aeropuerto de mi pueblo.&nbsp;<strong>Las aeronaves ya casi nunca vuelan debido a la falta de combustible<\/strong>&nbsp;y \u00e9l ahora se dedica a vender implementos de pesca caseros.&nbsp;<\/p>\n\n\n\n<p>Aquellos&nbsp;<a href=\"https:\/\/www.elconfidencial.com\/mundo\/2015-02-27\/un-viaje-al-negro-futuro-del-socialismo-prospero-y-sostenible-de-cuba_718358\/\">campesinos<\/a>&nbsp;que buscan alternativas para labrar la tierra entre tanta precariedad, luego tienen el problema de que<strong>&nbsp;las empresas del r\u00e9gimen les compran sus productos al precio que ellas mismas determinen, y reciben los pagos meses o incluso a\u00f1os despu\u00e9s de acopiar las cosechas<\/strong>. En ese contexto, nadie quiere trabajar en el campo a pesar de la enorme fertilidad y versatilidad del suelo cubano para desarrollar la agricultura. Las pol\u00edticas de centralizaci\u00f3n aplicadas por el r\u00e9gimen durante 67 a\u00f1os han sumido en la m\u00e1s absoluta inestabilidad al sector agr\u00edcola.&nbsp;<strong>Al contrario de lo que se empe\u00f1a<\/strong><strong>&nbsp;en sostener el r\u00e9gimen, ning\u00fan embargo estadounidense provoca que en Cuba no haya ganado vacuno o az\u00facar<\/strong>, por solo mencionar dos alimentos que sobraban en la isla antes de la toma de poder de Fidel Castro.<\/p>\n\n\n\n<figure class=\"wp-block-image size-large\"><img loading=\"lazy\" decoding=\"async\" width=\"1024\" height=\"768\" src=\"https:\/\/losperiodistas.com.mx\/portal\/wp-content\/uploads\/2026\/03\/f.elconfidencial.com_original_37e_e1a_471_37ee1a47159df03b7d9a3b4e5f16d874-1024x768.jpg\" alt=\"\" class=\"wp-image-118374\" srcset=\"https:\/\/losperiodistas.com.mx\/portal\/wp-content\/uploads\/2026\/03\/f.elconfidencial.com_original_37e_e1a_471_37ee1a47159df03b7d9a3b4e5f16d874-1024x768.jpg 1024w, https:\/\/losperiodistas.com.mx\/portal\/wp-content\/uploads\/2026\/03\/f.elconfidencial.com_original_37e_e1a_471_37ee1a47159df03b7d9a3b4e5f16d874-300x225.jpg 300w, https:\/\/losperiodistas.com.mx\/portal\/wp-content\/uploads\/2026\/03\/f.elconfidencial.com_original_37e_e1a_471_37ee1a47159df03b7d9a3b4e5f16d874-768x576.jpg 768w, https:\/\/losperiodistas.com.mx\/portal\/wp-content\/uploads\/2026\/03\/f.elconfidencial.com_original_37e_e1a_471_37ee1a47159df03b7d9a3b4e5f16d874.jpg 1440w\" sizes=\"(max-width: 1024px) 100vw, 1024px\" \/><figcaption class=\"wp-element-caption\">Plantaci\u00f3n de yuca a las afueras de Col\u00f3n. (A.H.S.)<\/figcaption><\/figure>\n\n\n\n<p><strong>Los guajiros tambi\u00e9n tienen que lidiar con los robos de sus cultivos<\/strong>. Por eso mi padre y mi hermano solo siembran cosas que crecen bajo la tierra, como man\u00ed, yuca o&nbsp;<a href=\"https:\/\/www.vanitatis.elconfidencial.com\/vida-saludable\/2025-07-28\/boniato-sano-barato-rico-comer-incluir-cualquier-dieta-1qrt_4174717\/\">boniato<\/a>. Nuestra finca familiar queda a varios kil\u00f3metros de Banag\u00fcises, un pueblo de 3.000 habitantes donde la gente subsiste como puede. En estos meses del periodo seco cubano, como la tierra est\u00e1 agrietada y regarla demandar\u00eda carburante, apenas se puede trabajar en ella.&nbsp;<strong>De ah\u00ed que mi padre y mi hermano se dedican a hacer carb\u00f3n vegetal para luego venderlo a las familias del pueblo<\/strong>&nbsp;que no tienen electricidad ni gas para cocinar.&nbsp;<\/p>\n\n\n\n<p>Como nadie puede cuidar de la finca en la noche, cuando apuestan por otros cultivos, estos terminan en manos de la creciente delincuencia.&nbsp;<strong>Si alg\u00fan campesino cubano insiste en sembrar cosas muy demandadas debido a la perenne escasez de alimentos, tiene que montar vigilancia por las noches o pag\u00e1rsela a alguien<\/strong>. Uno de mis t\u00edos estaba cosechando tomates durante mi estancia en Col\u00f3n y en esos d\u00edas sufri\u00f3 varios robos, a pesar de que pagaba a un se\u00f1or que vigilaba su plantaci\u00f3n por la noche.<\/p>\n\n\n\n<figure class=\"wp-block-image size-large\"><img loading=\"lazy\" decoding=\"async\" width=\"1024\" height=\"576\" src=\"https:\/\/losperiodistas.com.mx\/portal\/wp-content\/uploads\/2026\/03\/f.elconfidencial.com_original_ea4_5f3_f3a_ea45f3f3a1d9a7b8c7099326bed84c6b-1024x576.jpg\" alt=\"\" class=\"wp-image-118373\" srcset=\"https:\/\/losperiodistas.com.mx\/portal\/wp-content\/uploads\/2026\/03\/f.elconfidencial.com_original_ea4_5f3_f3a_ea45f3f3a1d9a7b8c7099326bed84c6b-1024x576.jpg 1024w, https:\/\/losperiodistas.com.mx\/portal\/wp-content\/uploads\/2026\/03\/f.elconfidencial.com_original_ea4_5f3_f3a_ea45f3f3a1d9a7b8c7099326bed84c6b-300x169.jpg 300w, https:\/\/losperiodistas.com.mx\/portal\/wp-content\/uploads\/2026\/03\/f.elconfidencial.com_original_ea4_5f3_f3a_ea45f3f3a1d9a7b8c7099326bed84c6b-768x432.jpg 768w, https:\/\/losperiodistas.com.mx\/portal\/wp-content\/uploads\/2026\/03\/f.elconfidencial.com_original_ea4_5f3_f3a_ea45f3f3a1d9a7b8c7099326bed84c6b.jpg 1440w\" sizes=\"(max-width: 1024px) 100vw, 1024px\" \/><figcaption class=\"wp-element-caption\">Sede de una cooperativa agropecuaria de Banag\u00fcises donde conviven la propaganda del r\u00e9gimen y los ruinosos equipos para labrar la tierra. (A.H.S.)<\/figcaption><\/figure>\n\n\n\n<p>La paralizaci\u00f3n de la agricultura ha hecho que los campesinos aprovechen sus infraestructuras para otras cosas. Un vecino de mis padres tiene unos enormes almacenes donde antiguamente guardaba sus cultivos, pero ahora est\u00e1n llenos de&nbsp;<strong>equipos electrodom\u00e9sticos que importan las MIPYMES para revender<\/strong>. En los alrededores del almac\u00e9n hay un constante trasiego de mensajeros que reparten a domicilio lavadoras, televisores o los muy solicitados&nbsp;<em>ecoflow&nbsp;<\/em>(bater\u00edas o peque\u00f1as estaciones de energ\u00eda port\u00e1tiles, muy populares en la isla para paliar los apagones).&nbsp;<strong>Muchos negocios sobreviven gracias a esos ecoflow y a los&nbsp;<a href=\"https:\/\/www.economist.com\/the-americas\/2026\/02\/26\/donald-trumps-oil-embargo-reveals-a-solar-boom-in-cuba\" target=\"_blank\" rel=\"noreferrer noopener\">miles de paneles solares que han llegado desde China<\/a>.<\/strong>&nbsp;<\/p>\n\n\n\n<p>En este contexto, los&nbsp;<a href=\"https:\/\/www.elconfidencial.com\/tecnologia\/novaceno\/2025-04-30\/que-hubiera-pasado-si-no-se-hubiera-arreglado-el-apagon_4119110\/\">generadores el\u00e9ctricos caseros<\/a>&nbsp;a base de combustible est\u00e1n arrinconados.&nbsp;<strong>Dormir con luz una noche puede costar hasta 50 d\u00f3lares si se compra en el mercado negro el carburante que demandan esos generadores<\/strong>. Muchos de los mensajeros que cargan en los almacenes de mi vecino pagan el litro de gasolina a m\u00e1s de seis euros en el mercado negro, y ni as\u00ed pueden fiarse de que les sirva para algo, porque&nbsp;<strong>muchos revendedores de gasolina la mezclan y contaminan afectando su capacidad de combusti\u00f3n<\/strong>.&nbsp;<\/p>\n\n\n\n<p>Una de las afectadas ha sido una mujer de 35 a\u00f1os, odont\u00f3loga de profesi\u00f3n, que cuando no tiene trabajo en la cl\u00ednica estatal por falta de insumos y electricidad (cuatro d\u00edas de cinco laborables), reparte paquetes a domicilio en una&nbsp;<em>scooter&nbsp;<\/em>de gasolina que compr\u00f3 hace dos meses.&nbsp;<strong>Pues ni siquiera el carburante que compra en las gasolineras del Gobierno (las \u00fanicas que existen en la isla), es de calidad<\/strong>. \u201cAhora mi moto no quiere arrancar bien despu\u00e9s de que la semana pasada le echara los \u00faltimos dos litros que hab\u00eda conseguido comprar antes de que cerraran las estaciones de venta.&nbsp;<strong>Estaba muy negra esa gasolina y parece que me da\u00f1\u00f3 la moto<\/strong>\u201d.<\/p>\n\n\n\n<h2 class=\"wp-block-heading\">\u201cSin transporte no se puede trabajar\u201d<\/h2>\n\n\n\n<p>Como no hay transporte y el que todav\u00eda funciona es extremadamente caro,&nbsp;<strong>la desconexi\u00f3n se acrecienta en pueblos como Banag\u00fcises<\/strong>&nbsp;y aumentan los precios de los pocos alimentos que se contrabandean all\u00ed.&nbsp;<strong>Mucha gente busca alternativas cubriendo largas distancias en bicicleta&nbsp;<\/strong>y ese tipo de veh\u00edculo tambi\u00e9n ha comenzado a escasear y a subir de precio, como report\u00f3 hace poco&nbsp;<a href=\"https:\/\/www.reuters.com\/business\/energy\/havana-rides-bicycle-boom-us-chokes-off-fuel-cuba-2026-02-27\/\">la agencia Reuters<\/a>.<\/p>\n\n\n\n<figure class=\"wp-block-image size-large\"><img loading=\"lazy\" decoding=\"async\" width=\"1024\" height=\"576\" src=\"https:\/\/losperiodistas.com.mx\/portal\/wp-content\/uploads\/2026\/03\/f.elconfidencial.com_original_736_477_b46_736477b46bbe56cc2c982f54763dcb4f-1024x576.jpg\" alt=\"\" class=\"wp-image-118372\" srcset=\"https:\/\/losperiodistas.com.mx\/portal\/wp-content\/uploads\/2026\/03\/f.elconfidencial.com_original_736_477_b46_736477b46bbe56cc2c982f54763dcb4f-1024x576.jpg 1024w, https:\/\/losperiodistas.com.mx\/portal\/wp-content\/uploads\/2026\/03\/f.elconfidencial.com_original_736_477_b46_736477b46bbe56cc2c982f54763dcb4f-300x169.jpg 300w, https:\/\/losperiodistas.com.mx\/portal\/wp-content\/uploads\/2026\/03\/f.elconfidencial.com_original_736_477_b46_736477b46bbe56cc2c982f54763dcb4f-768x432.jpg 768w, https:\/\/losperiodistas.com.mx\/portal\/wp-content\/uploads\/2026\/03\/f.elconfidencial.com_original_736_477_b46_736477b46bbe56cc2c982f54763dcb4f.jpg 1440w\" sizes=\"(max-width: 1024px) 100vw, 1024px\" \/><figcaption class=\"wp-element-caption\">Parking de bicicletas en el pueblo de Col\u00f3n, Matanzas. (A.H.S.)<\/figcaption><\/figure>\n\n\n\n<p>Ni siquiera el&nbsp;<a href=\"https:\/\/www.elconfidencial.com\/mundo\/2017-04-17\/cuba-ejercito-dominio-economico_1364809\/\">Ej\u00e9rcito cubano<\/a>, a pesar de tener la mayor partida presupuestaria y administrar los mejores hoteles de la isla, tiene combustible para mover a sus miembros.&nbsp;<strong>Los trabajadores de varios hoteles de Varadero, por ejemplo, tienen que vivir en los propios hoteles y se rotan por turnos de una semana desde que estall\u00f3 la actual crisis<\/strong>. \u201cYo ni muerta me paso una semana metida en un hotel de esos ahora\u201d, explica una trabajadora del restaurante buffet de un hotel de Varadero que se neg\u00f3 a sumarse a este m\u00e9todo. \u201cA m\u00ed nadie despu\u00e9s me va a traer hasta mi casa despu\u00e9s.&nbsp;<strong>Sin transporte no se puede trabajar<\/strong>\u201d.&nbsp;<\/p>\n\n\n\n<p>Tampoco se salvan los propios&nbsp;<a href=\"https:\/\/www.elconfidencial.com\/mundo\/2017-01-02\/cuba-fuerzas-armadas-revolucionarias-60-aniversario_1311161\/\">miembros del Ej\u00e9rcito<\/a>. Un ch\u00f3fer que se desempe\u00f1a como trabajador civil de una de las unidades militares m\u00e1s grandes del pa\u00eds asegura que lleva meses acuartelado por la falta de carburante.&nbsp;<strong>Debe dormir en el mismo sitio que los oficiales que traslada en una furgoneta de 10 asientos cada d\u00eda<\/strong>, y va a su casa un par de veces a la semana.&nbsp;<strong>La situaci\u00f3n ha obligado al propio Ej\u00e9rcito a buscar alternativas el\u00e9ctricas de transporte<\/strong>, como los dos oficiales que se pueden ver en la siguiente foto transitando por La Habana en una moto el\u00e9ctrica militar.<\/p>\n\n\n\n<figure class=\"wp-block-image size-large\"><img loading=\"lazy\" decoding=\"async\" width=\"1024\" height=\"576\" src=\"https:\/\/losperiodistas.com.mx\/portal\/wp-content\/uploads\/2026\/03\/f.elconfidencial.com_original_f47_83d_c9e_f4783dc9eb85db9a56e2c3e8efea92b6-1024x576.jpg\" alt=\"\" class=\"wp-image-118371\" srcset=\"https:\/\/losperiodistas.com.mx\/portal\/wp-content\/uploads\/2026\/03\/f.elconfidencial.com_original_f47_83d_c9e_f4783dc9eb85db9a56e2c3e8efea92b6-1024x576.jpg 1024w, https:\/\/losperiodistas.com.mx\/portal\/wp-content\/uploads\/2026\/03\/f.elconfidencial.com_original_f47_83d_c9e_f4783dc9eb85db9a56e2c3e8efea92b6-300x169.jpg 300w, https:\/\/losperiodistas.com.mx\/portal\/wp-content\/uploads\/2026\/03\/f.elconfidencial.com_original_f47_83d_c9e_f4783dc9eb85db9a56e2c3e8efea92b6-768x432.jpg 768w, https:\/\/losperiodistas.com.mx\/portal\/wp-content\/uploads\/2026\/03\/f.elconfidencial.com_original_f47_83d_c9e_f4783dc9eb85db9a56e2c3e8efea92b6.jpg 1440w\" sizes=\"(max-width: 1024px) 100vw, 1024px\" \/><figcaption class=\"wp-element-caption\">Al centro, dos oficiales cubanos sobre una moto el\u00e9ctrica circulando por La Habana. (A.H.S.)<\/figcaption><\/figure>\n\n\n\n<p>Los<a href=\"https:\/\/www.elconfidencial.com\/mundo\/2017-08-14\/cuba-sanidad-problemas-medicamentos_1409085\/\">&nbsp;servicios de salud<\/a>&nbsp;tambi\u00e9n han sido notablemente afectados por la ausencia de transporte. \u201c<strong>Tardo una hora y 10 minutos caminando desde aqu\u00ed (calzada de Luyan\u00f3, La Habana) hasta mi hospital, y demoro una hora y 25 minutos en regresar porque es subiendo loma<\/strong>\u201d, explica un cardi\u00f3logo de 63 a\u00f1os mientras descansa los pies tras caminar seis kil\u00f3metros desde su trabajo. \u201cEl problema no es caminar tanto, sino hacerlo despu\u00e9s de una guardia de 24 horas. Mi salario (23 euros al cambio) se quedar\u00eda completamente en transporte si pago lo que hay para moverse aqu\u00ed ahora.&nbsp;<strong>De los 68 hospitales que funcionan en La Habana, tengo entendido que ninguno hace anal\u00edticas ahora mismo, a no ser que te tengan que operar de urgencia<\/strong>. Se han suspendido todas las consultas y solo se prestan servicios m\u00ednimos. Y en el dentista ni hablar. Por suerte un paciente m\u00edo me pag\u00f3 los 200 d\u00f3lares que costaron mis pr\u00f3tesis, porque yo no ten\u00eda ese dinero.&nbsp;<strong>Mientras todo esto pasa, lo m\u00e1s loco es que hay gente est\u00e1 haciendo mucho dinero ac\u00e1<\/strong>\u201d.&nbsp;<\/p>\n\n\n\n<p>El cardi\u00f3logo interrumpe para se\u00f1alar un enorme auto el\u00e9ctrico chino que pasa en ese momento frente a su casa con las ventanillas bajadas y una m\u00fasica estridente a todo volumen. \u201c<strong>Ese no es nada, aqu\u00ed al doblar la esquina vive un muchacho que trajo de EEUU un Hummer el\u00e9ctrico del 2025 blindado<\/strong>, y cerca de mi hospital vive un se\u00f1or italiano que tiene un Lamborghini\u201d, contin\u00faa el m\u00e9dico. Si bien no dejan de ser una minor\u00eda muy exclusiva, en todos los rincones de la isla hay personas haciendo mucho dinero con las MIPYMES, muchas de las cuales&nbsp;<a href=\"https:\/\/diariodecuba.com\/economia\/1697289757_50375.html\" target=\"_blank\" rel=\"noreferrer noopener\">est\u00e1n estrechamente vinculadas con el r\u00e9gimen<\/a>. Por eso luego aparecen estos altos contrastes, cuando la miseria m\u00e1s fuerte convive con peque\u00f1os destellos de bonanza, entre los que destacan los coches de lujo.<\/p>\n\n\n\n<h2 class=\"wp-block-heading\">\u201cGast\u00e9 3.000 d\u00f3lares para salvar a mi hija del c\u00e1ncer\u201d<\/h2>\n\n\n\n<p>La salud p\u00fablica es uno de los problemas que no pueden sortear ni siquiera quienes m\u00e1s dinero tienen en Cuba. A pesar de que las recientes presiones de EEUU han hecho que&nbsp;<a href=\"https:\/\/cnnespanol.cnn.com\/2026\/03\/10\/latinoamerica\/cuba-paises-fin-programa-medicos-cubanos-orix\">regresen a Cuba los m\u00e9dicos que el r\u00e9gimen ten\u00eda trabajando<\/a>&nbsp;en Guatemala, Honduras, Jamaica y Guyana, todav\u00eda<strong>&nbsp;siguen muy diezmados los equipos humanos de los centros sanitarios de la isla<\/strong>. El \u00e9xodo ha sido demasiado grande: entre 2021 y 2025 Cuba perdi\u00f3 30.767 m\u00e9dicos,<a href=\"https:\/\/diariodecuba.com\/cuba\/1760889682_63420.html\">&nbsp;seg\u00fan las propias cifras oficiales<\/a>. Un excompa\u00f1ero del instituto especialista en Medicina General Interna me explic\u00f3 que t<strong>en\u00eda todo arreglado para ir a Venezuela a trabajar para el r\u00e9gimen, pero despu\u00e9s de la captura de Maduro se suspendi\u00f3 el viaje<\/strong>. Ahora su padre, tambi\u00e9n doctor y que trabaja por su cuenta en M\u00e9xico, le est\u00e1 ayudando a encontrar un contrato de trabajo. A pesar de que acaba de ser padre, su prioridad es irse.&nbsp;<\/p>\n\n\n\n<p>Mientras tanto,&nbsp;<strong>ahora est\u00e1 enfrascado en conseguir un medicamento para su hermano epil\u00e9ptico, pero le ha costado importarlo<\/strong>. En Cuba jam\u00e1s se ha vendido y ni con sus contactos pudo conseguirlo. Por eso otro vecino de mis padres en Col\u00f3n se gast\u00f3 todos sus ahorros pagando el tratamiento oncol\u00f3gico de su hija. \u201cEntre regalos a los m\u00e9dicos, los medicamentos y los viajes a los hospitales<strong>&nbsp;se me han ido 3.000 d\u00f3lares en los \u00faltimos meses para intentar salvar a mi hija de c\u00e1ncer a sus 42 a\u00f1os<\/strong>\u201d, explica con los ojos aguados el hombre de casi 70 a\u00f1os. \u201cSi no le daba 100 o 200 d\u00f3lares a los m\u00e9dicos no me la atend\u00edan y&nbsp;<strong>tuve que mandar a comprar sueros y pastillas desde Espa\u00f1a y EEUU para que pudiera hacer su tratamiento<\/strong>\u201d.<\/p>\n\n\n\n<figure class=\"wp-block-image size-large\"><img loading=\"lazy\" decoding=\"async\" width=\"1024\" height=\"576\" src=\"https:\/\/losperiodistas.com.mx\/portal\/wp-content\/uploads\/2026\/03\/f.elconfidencial.com_original_11e_93d_a07_11e93da07befcdd4b70ea17216e9199c-1024x576.jpg\" alt=\"\" class=\"wp-image-118370\" srcset=\"https:\/\/losperiodistas.com.mx\/portal\/wp-content\/uploads\/2026\/03\/f.elconfidencial.com_original_11e_93d_a07_11e93da07befcdd4b70ea17216e9199c-1024x576.jpg 1024w, https:\/\/losperiodistas.com.mx\/portal\/wp-content\/uploads\/2026\/03\/f.elconfidencial.com_original_11e_93d_a07_11e93da07befcdd4b70ea17216e9199c-300x169.jpg 300w, https:\/\/losperiodistas.com.mx\/portal\/wp-content\/uploads\/2026\/03\/f.elconfidencial.com_original_11e_93d_a07_11e93da07befcdd4b70ea17216e9199c-768x432.jpg 768w, https:\/\/losperiodistas.com.mx\/portal\/wp-content\/uploads\/2026\/03\/f.elconfidencial.com_original_11e_93d_a07_11e93da07befcdd4b70ea17216e9199c.jpg 1440w\" sizes=\"(max-width: 1024px) 100vw, 1024px\" \/><figcaption class=\"wp-element-caption\">Hospital de Col\u00f3n rodeado de basura. (A.H.S.)<\/figcaption><\/figure>\n\n\n\n<p>Otro vecino de 38 a\u00f1os lleg\u00f3 un d\u00eda a la casa de mis padres tocando la puerta con insistencia.&nbsp;<strong>Ven\u00eda del hospital y un cardi\u00f3logo le hab\u00eda recetado un grupo de pastillas nuevas que no encontraba ni en los grupos de contrabando de Telegram<\/strong>. Necesitaba probar el cambio que le hab\u00edan hecho en el tratamiento para la&nbsp;<a href=\"https:\/\/www.elconfidencial.com\/bienestar\/2024-10-31\/infartos-jovenes-espana_3994623\/\">cardiopat\u00eda isqu\u00e9mica<\/a>&nbsp;que padece y crey\u00f3 que mi madre, por ser trabajadora de la salud, podr\u00eda ayudarlo a encontrar los medicamentos. Al final,&nbsp;<strong>una vecina nuestra le regal\u00f3 unas pastillas reci\u00e9n vencidas que quedaron de su marido difunto<\/strong>.&nbsp;<\/p>\n\n\n\n<p>Cuando alguien fallece en Cuba casi todo lo suyo se recicla. La familia se reparte la ropa, incluidos medias y calzoncillos, y&nbsp;<strong>siempre aparece alguien a quien \u201cle queden\u201d bien sus gafas de ver<\/strong>. As\u00ed se hizo en el caso de mi abuelo, fallecido recientemente. Para enterrarlo se lleg\u00f3 a un caso de reciclaje extremo. Cuando mi padre sac\u00f3 los restos de una parienta para desocupar un espacio en la b\u00f3veda familiar,&nbsp;<strong>el sepulturero le grit\u00f3 bien alto al ver una pr\u00f3tesis de cadera entre los huesos: \u201cNo me la toques que yo tengo un comprador para eso<\/strong>\u201d. Luego mi padre supo que alguien de Banag\u00fcises compr\u00f3 la pr\u00f3tesis en 90.000 pesos (160 euros).&nbsp;<\/p>\n\n\n\n<p>As\u00ed sobreviven los cubanos hoy, gracias a la picaresca que heredamos de los espa\u00f1oles y a la solidaridad.<strong>&nbsp;Algunas de mis t\u00edas, por ejemplo, reciclan tambi\u00e9n ciertas especias<\/strong>. Ellas son fan\u00e1ticas de hacer dulces caseros y&nbsp;<a href=\"https:\/\/www.elconfidencial.com\/gastronomia\/2024-01-26\/potaje-invierno-quince-minutos-garbanzos_3818574\/\">potajes<\/a>, pero como les cuesta encontrar an\u00eds, canela o laurel,&nbsp;<strong>se ven obligadas a reutilizar esas especias aprovechando que a veces las consiguen en formatos indisolubles<\/strong>.<\/p>\n\n\n\n<figure class=\"wp-block-image size-large\"><img loading=\"lazy\" decoding=\"async\" width=\"1024\" height=\"576\" src=\"https:\/\/losperiodistas.com.mx\/portal\/wp-content\/uploads\/2026\/03\/f.elconfidencial.com_original_e03_788_605_e03788605f7fe171476aa3ac2abaed78-1024x576.jpg\" alt=\"\" class=\"wp-image-118369\" srcset=\"https:\/\/losperiodistas.com.mx\/portal\/wp-content\/uploads\/2026\/03\/f.elconfidencial.com_original_e03_788_605_e03788605f7fe171476aa3ac2abaed78-1024x576.jpg 1024w, https:\/\/losperiodistas.com.mx\/portal\/wp-content\/uploads\/2026\/03\/f.elconfidencial.com_original_e03_788_605_e03788605f7fe171476aa3ac2abaed78-300x169.jpg 300w, https:\/\/losperiodistas.com.mx\/portal\/wp-content\/uploads\/2026\/03\/f.elconfidencial.com_original_e03_788_605_e03788605f7fe171476aa3ac2abaed78-768x432.jpg 768w, https:\/\/losperiodistas.com.mx\/portal\/wp-content\/uploads\/2026\/03\/f.elconfidencial.com_original_e03_788_605_e03788605f7fe171476aa3ac2abaed78.jpg 1440w\" sizes=\"(max-width: 1024px) 100vw, 1024px\" \/><figcaption class=\"wp-element-caption\">Aguas alba\u00f1ales inundan una calle de Col\u00f3n. (A.H.S)<\/figcaption><\/figure>\n\n\n\n<p>Las mujeres cubanas, al igual que otros colectivos vulnerables como los menores de edad y los ancianos, sufren particularmente las consecuencias de esta crisis econ\u00f3mica.&nbsp;<strong>Muchas llevan sobre sus hombros un enorme peso en el hogar<\/strong>. Lejos del&nbsp;<a href=\"https:\/\/noticias.cubitanow.com\/dazcanel-interrumpido-al-afirmar-que-mujeres-en-cuba-tienen-todos-los-derechos-video\">falso estado de bienestar que proclama el r\u00e9gimen&nbsp;<\/a>y sus sistema de instituciones y organizaciones,&nbsp;<strong>Cuba sigue siendo un pa\u00eds extremadamente machista<\/strong>. A nivel gubernamental, jam\u00e1s se le ha dado poder real a una mujer o se ha potenciado su protagonismo.&nbsp;<\/p>\n\n\n\n<p>Todas las mujeres del barrio de mis padres en Col\u00f3n<strong>&nbsp;se acostaban temprano porque no paraban de trabajar en las casas durante el d\u00eda<\/strong>, y sus maridos se quedaban conversando en la calle hasta altas horas de la noche. Sigue estando muy mal visto que los hombres se ocupen de quehaceres hogare\u00f1os tan elementales como cocinar. Se mantiene casi inalterable la vieja f\u00f3rmula de: ellos trabajan y buscan el sustento mientras ellas cuidan del hogar.&nbsp;<strong>El mejor gimnasio del pueblo es solo para mujeres, porque sus maridos les tienen prohibido entrenar donde haya hombres<\/strong>. La situaci\u00f3n explot\u00f3 despu\u00e9s de varias trifulcas entre maridos celosos y dos entrenadores.<\/p>\n\n\n\n<h2 class=\"wp-block-heading\">\u201cA Cuba no vuelvo m\u00e1s\u201d<\/h2>\n\n\n\n<p>El d\u00eda que deb\u00eda tomar el vuelo de regreso colaps\u00f3 por en\u00e9sima vez&nbsp;<a href=\"https:\/\/www.elconfidencial.com\/mundo\/2024-10-19\/cuba-en-la-oscuridad-tras-un-gran-apagon-en-todo-el-pais_3986553\/\">el sistema el\u00e9ctrico nacional.<\/a>&nbsp;Como hab\u00edan transcurrido varios d\u00edas desde que Trump anunciara que iba a permitir la venta de combustible al sector privado cubano,&nbsp;<strong>La Habana mostraba un poco m\u00e1s de tr\u00e1fico en sus avenidas ese 4 de marzo<\/strong>, pero con los sem\u00e1foros apagados por la falta de electricidad la circulaci\u00f3n vial era un aut\u00e9ntico caos. \u201cNadie sabe lo que va a pasar ma\u00f1ana, pero&nbsp;<strong>no creo que el Gobierno pueda aguantar mucho m\u00e1s en estas condiciones<\/strong>\u201d, repet\u00eda una y otra vez el ch\u00f3fer del auto que me regres\u00f3 a La Habana. \u201cEl pa\u00eds est\u00e1 paralizado completamente y si algo no pasa pronto nos iremos todos a la mierda\u201d.<\/p>\n\n\n\n<figure class=\"wp-block-image size-large\"><img loading=\"lazy\" decoding=\"async\" width=\"1024\" height=\"576\" src=\"https:\/\/losperiodistas.com.mx\/portal\/wp-content\/uploads\/2026\/03\/f.elconfidencial.com_original_781_a9c_ba9_781a9cba975b1fb078b942dabf12c118-1024x576.jpg\" alt=\"\" class=\"wp-image-118368\" srcset=\"https:\/\/losperiodistas.com.mx\/portal\/wp-content\/uploads\/2026\/03\/f.elconfidencial.com_original_781_a9c_ba9_781a9cba975b1fb078b942dabf12c118-1024x576.jpg 1024w, https:\/\/losperiodistas.com.mx\/portal\/wp-content\/uploads\/2026\/03\/f.elconfidencial.com_original_781_a9c_ba9_781a9cba975b1fb078b942dabf12c118-300x169.jpg 300w, https:\/\/losperiodistas.com.mx\/portal\/wp-content\/uploads\/2026\/03\/f.elconfidencial.com_original_781_a9c_ba9_781a9cba975b1fb078b942dabf12c118-768x432.jpg 768w, https:\/\/losperiodistas.com.mx\/portal\/wp-content\/uploads\/2026\/03\/f.elconfidencial.com_original_781_a9c_ba9_781a9cba975b1fb078b942dabf12c118.jpg 1440w\" sizes=\"(max-width: 1024px) 100vw, 1024px\" \/><figcaption class=\"wp-element-caption\">El apag\u00f3n que afect\u00f3 a gran parte de la isla tambi\u00e9n lleg\u00f3 a la terminal 3 del aeropuerto habanero. (A.H.S.)<\/figcaption><\/figure>\n\n\n\n<p>Con la luz yendo y viniendo cada pocos minutos en la terminal 3 del&nbsp;<a href=\"https:\/\/www.elconfidencial.com\/mundo\/2026-02-09\/cuba-comunica-a-las-aerolineas-que-en-24-horas-se-quedara-sin-combustible-para-los-aviones_4299730\/\">aeropuerto habanero<\/a>, los 350 pasajeros del vuelo de World2fly nos mir\u00e1bamos at\u00f3nitos en el mostrador de la aerol\u00ednea cuando se paralizaba la fila para hacer el&nbsp;<em>check-in.&nbsp;<\/em>Los cortes de luz generaban murmullos en la cola sobre si saldr\u00eda o no el vuelo,&nbsp;<strong>algunos especulaban con que hab\u00eda comenzado ya una invasi\u00f3n de tropas estadounidenses,&nbsp;<\/strong>y un turista espa\u00f1ol en chanclas repet\u00eda constantemente: \u201cA Cuba no vuelvo m\u00e1s, no tengo necesidad de pasar por esto\u201d.&nbsp;<\/p>\n\n\n\n<p>*<em>La mayor\u00eda de las fuentes consultadas para este reportaje pidieron mantener el anonimato por razones de seguridad. Tem\u00edan represalias por parte del r\u00e9gimen cubano.<\/em><\/p>\n\n\n\n<p>Fuente: <a href=\"https:\/\/www.elconfidencial.com\/mundo\/2026-03-13\/cuba-trump-pobreza-apagones_4319143\/\">https:\/\/www.elconfidencial.com\/mundo\/2026-03-13\/cuba-trump-pobreza-apagones_4319143\/<\/a><\/p>\n","protected":false},"excerpt":{"rendered":"<p>Este reportaje es el resumen de un viaje de dos semanas a Cuba. Entre la desinformaci\u00f3n, la ausencia de servicios [&hellip;]<\/p>\n","protected":false},"author":1,"featured_media":118367,"comment_status":"open","ping_status":"open","sticky":false,"template":"","format":"standard","meta":{"site-sidebar-layout":"default","site-content-layout":"","ast-site-content-layout":"default","site-content-style":"default","site-sidebar-style":"default","ast-global-header-display":"","ast-banner-title-visibility":"","ast-main-header-display":"","ast-hfb-above-header-display":"","ast-hfb-below-header-display":"","ast-hfb-mobile-header-display":"","site-post-title":"","ast-breadcrumbs-content":"","ast-featured-img":"","footer-sml-layout":"","theme-transparent-header-meta":"","adv-header-id-meta":"","stick-header-meta":"","header-above-stick-meta":"","header-main-stick-meta":"","header-below-stick-meta":"","astra-migrate-meta-layouts":"default","ast-page-background-enabled":"default","ast-page-background-meta":{"desktop":{"background-color":"var(--ast-global-color-4)","background-image":"","background-repeat":"repeat","background-position":"center center","background-size":"auto","background-attachment":"scroll","background-type":"","background-media":"","overlay-type":"","overlay-color":"","overlay-opacity":"","overlay-gradient":""},"tablet":{"background-color":"","background-image":"","background-repeat":"repeat","background-position":"center center","background-size":"auto","background-attachment":"scroll","background-type":"","background-media":"","overlay-type":"","overlay-color":"","overlay-opacity":"","overlay-gradient":""},"mobile":{"background-color":"","background-image":"","background-repeat":"repeat","background-position":"center center","background-size":"auto","background-attachment":"scroll","background-type":"","background-media":"","overlay-type":"","overlay-color":"","overlay-opacity":"","overlay-gradient":""}},"ast-content-background-meta":{"desktop":{"background-color":"var(--ast-global-color-5)","background-image":"","background-repeat":"repeat","background-position":"center center","background-size":"auto","background-attachment":"scroll","background-type":"","background-media":"","overlay-type":"","overlay-color":"","overlay-opacity":"","overlay-gradient":""},"tablet":{"background-color":"var(--ast-global-color-5)","background-image":"","background-repeat":"repeat","background-position":"center center","background-size":"auto","background-attachment":"scroll","background-type":"","background-media":"","overlay-type":"","overlay-color":"","overlay-opacity":"","overlay-gradient":""},"mobile":{"background-color":"var(--ast-global-color-5)","background-image":"","background-repeat":"repeat","background-position":"center center","background-size":"auto","background-attachment":"scroll","background-type":"","background-media":"","overlay-type":"","overlay-color":"","overlay-opacity":"","overlay-gradient":""}},"footnotes":""},"categories":[8],"tags":[2682,47128,47127],"class_list":["post-118366","post","type-post","status-publish","format-standard","has-post-thumbnail","hentry","category-noticias","tag-crisis-cuba","tag-trump-cuba","tag-ultimos-dias-de-cuba"],"_links":{"self":[{"href":"https:\/\/losperiodistas.com.mx\/portal\/wp-json\/wp\/v2\/posts\/118366","targetHints":{"allow":["GET"]}}],"collection":[{"href":"https:\/\/losperiodistas.com.mx\/portal\/wp-json\/wp\/v2\/posts"}],"about":[{"href":"https:\/\/losperiodistas.com.mx\/portal\/wp-json\/wp\/v2\/types\/post"}],"author":[{"embeddable":true,"href":"https:\/\/losperiodistas.com.mx\/portal\/wp-json\/wp\/v2\/users\/1"}],"replies":[{"embeddable":true,"href":"https:\/\/losperiodistas.com.mx\/portal\/wp-json\/wp\/v2\/comments?post=118366"}],"version-history":[{"count":1,"href":"https:\/\/losperiodistas.com.mx\/portal\/wp-json\/wp\/v2\/posts\/118366\/revisions"}],"predecessor-version":[{"id":118390,"href":"https:\/\/losperiodistas.com.mx\/portal\/wp-json\/wp\/v2\/posts\/118366\/revisions\/118390"}],"wp:featuredmedia":[{"embeddable":true,"href":"https:\/\/losperiodistas.com.mx\/portal\/wp-json\/wp\/v2\/media\/118367"}],"wp:attachment":[{"href":"https:\/\/losperiodistas.com.mx\/portal\/wp-json\/wp\/v2\/media?parent=118366"}],"wp:term":[{"taxonomy":"category","embeddable":true,"href":"https:\/\/losperiodistas.com.mx\/portal\/wp-json\/wp\/v2\/categories?post=118366"},{"taxonomy":"post_tag","embeddable":true,"href":"https:\/\/losperiodistas.com.mx\/portal\/wp-json\/wp\/v2\/tags?post=118366"}],"curies":[{"name":"wp","href":"https:\/\/api.w.org\/{rel}","templated":true}]}}