{"id":118353,"date":"2026-03-13T10:18:29","date_gmt":"2026-03-13T16:18:29","guid":{"rendered":"https:\/\/losperiodistas.com.mx\/portal\/?p=118353"},"modified":"2026-03-13T10:18:30","modified_gmt":"2026-03-13T16:18:30","slug":"rene-redzepi-del-estrellato-gastronomico-a-la-dimision-historia-del-escandalo-de-abusos-en-el-restaurante-noma-el-pais","status":"publish","type":"post","link":"https:\/\/losperiodistas.com.mx\/portal\/rene-redzepi-del-estrellato-gastronomico-a-la-dimision-historia-del-escandalo-de-abusos-en-el-restaurante-noma-el-pais\/","title":{"rendered":"Ren\u00e9 Redzepi, del estrellato gastron\u00f3mico a la dimisi\u00f3n: historia del esc\u00e1ndalo de abusos en el restaurante Noma  | El Pa\u00eds"},"content":{"rendered":"\n<p class=\"has-medium-font-size\">El cocinero dan\u00e9s dimiti\u00f3 el pasado mi\u00e9rcoles tras varias semanas de denuncias en redes sociales sobre el comportamiento abusivo que tuvo durante a\u00f1os hacia empleados y estudiantes que pasaron por su restaurante en Copenhague<\/p>\n\n\n\n<figure class=\"wp-block-image size-large\"><img fetchpriority=\"high\" decoding=\"async\" width=\"1024\" height=\"576\" src=\"https:\/\/losperiodistas.com.mx\/portal\/wp-content\/uploads\/2026\/03\/557ODNBJ25HWHBRR3UQBKJY4XI-1024x576.jpg\" alt=\"\" class=\"wp-image-118354\" srcset=\"https:\/\/losperiodistas.com.mx\/portal\/wp-content\/uploads\/2026\/03\/557ODNBJ25HWHBRR3UQBKJY4XI-1024x576.jpg 1024w, https:\/\/losperiodistas.com.mx\/portal\/wp-content\/uploads\/2026\/03\/557ODNBJ25HWHBRR3UQBKJY4XI-300x169.jpg 300w, https:\/\/losperiodistas.com.mx\/portal\/wp-content\/uploads\/2026\/03\/557ODNBJ25HWHBRR3UQBKJY4XI-768x432.jpg 768w, https:\/\/losperiodistas.com.mx\/portal\/wp-content\/uploads\/2026\/03\/557ODNBJ25HWHBRR3UQBKJY4XI.jpg 1200w\" sizes=\"(max-width: 1024px) 100vw, 1024px\" \/><figcaption class=\"wp-element-caption\">Ren\u00e9 Redzepi, jefe de cocina y fundador del c\u00e9lebre restaurante dan\u00e9s Noma, que ha anunciado su dimisi\u00f3n este mi\u00e9rcoles tras las denuncias de abusos aparecidas en los \u00faltimos d\u00edas. Robin van Lonkhuijsen (EFE)<\/figcaption><\/figure>\n\n\n\n<p class=\"has-vivid-red-color has-text-color has-link-color has-medium-font-size wp-elements-8e056202316bd48e7ba15b2a54545bc8\"><strong><a href=\"https:\/\/elpais.com\/autor\/maria-arranz-lopez\/#?rel=author_top\">Mar\u00eda Arranz<\/a> \/ El Pa\u00eds<\/strong><\/p>\n\n\n\n<p>La mecha la prendi\u00f3 una publicaci\u00f3n en redes sociales. A comienzos del mes de febrero, Jason Ignacio White, exjefe de fermentaci\u00f3n del restaurante Noma de Copenhague, comparti\u00f3 en su perfil de Instagram&nbsp;<a href=\"https:\/\/www.instagram.com\/p\/DUa8Bn-iL52\/\">un comentario<\/a>&nbsp;en el que explicaba una situaci\u00f3n que presenci\u00f3 mientras trabajaba en el multipremiado establecimiento dan\u00e9s. Seg\u00fan White, una estudiante en pr\u00e1cticas se quem\u00f3 la cara con vapor al abrir el horno y, en lugar de prestarle ayuda inmediatamente, parte del personal de Noma se rio de ella. A este testimonio le sigui\u00f3 una avalancha de historias de abuso sufridas por estudiantes y trabajadores del restaurante, protagonizadas, en su mayor\u00eda, por su jefe de cocina y propietario,&nbsp;<a href=\"https:\/\/elpais.com\/noticias\/rene-redzepi\/\">Ren\u00e9 Redzepi<\/a>&nbsp;(hay varios testimonios que apuntan a otros miembros de Noma que ocuparon puestos de responsabilidad y que tambi\u00e9n exhibieron comportamientos abusivos hacia el personal).<\/p>\n\n\n\n<p>Durante semanas, la cuenta de Instagram de Jason Ignacio White se convirti\u00f3 en el epicentro de las acusaciones contra Redzepi, ahora recogidas en una web:&nbsp;<a href=\"https:\/\/www.noma-abuse.com\/\">Noma Abuse<\/a>. Entre los testimonios hay relatos de violencia f\u00edsica, verbal y emocional. Se habla de golpes, empujones, pinchazos con un tenedor de barbacoa por debajo del mostrador de la cocina (para que los clientes no pudieran verlo desde el comedor), amenazas, insultos, humillaciones y castigos en p\u00fablico, de los que se derivaban alt\u00edsimos niveles de estr\u00e9s y ansiedad entre el personal. Otro de los temas m\u00e1s repetidos en estas denuncias ha sido el de las interminables jornadas de trabajo, que en el caso de los estudiantes en pr\u00e1cticas, ni siquiera eran remuneradas.<\/p>\n\n\n\n<p>Todo esto suced\u00eda en las semanas previas a que Noma inaugurara un restaurante ef\u00edmero en Los \u00c1ngeles, con un precio de 1.500 d\u00f3lares el cubierto (1.300 euros). Las reacciones se han precipitado en cadena a lo largo de esta semana a ra\u00edz de la publicaci\u00f3n, el pasado 7 de marzo, de&nbsp;<a href=\"https:\/\/www.nytimes.com\/2026\/03\/07\/dining\/rene-redzepi-noma-abuse-allegations.html\">un art\u00edculo en&nbsp;<em><u>The New York Times<\/u><\/em><\/a>&nbsp;en el que 35 exempleados de Noma relataban los abusos vividos en el restaurante durante m\u00e1s de una d\u00e9cada. \u201cIr a trabajar era como ir a la guerra\u201d, afirmaba una de las exempleadas en este art\u00edculo. Los testimonios que se recogen relatan hechos ocurridos entre 2009 y 2017, aunque varios de los entrevistados reconocen que otros chefs de alto rango de Noma mantuvieron esta cultura abusiva en la cocina despu\u00e9s de esa fecha, con la aprobaci\u00f3n t\u00e1cita de Redzepi.<\/p>\n\n\n\n<figure class=\"wp-block-image\"><img decoding=\"async\" src=\"https:\/\/imagenes.elpais.com\/resizer\/v2\/ISNEP2SYE5CCLJDFFC4QVHRI3Q.jpg?auth=95c830243a216dabfb7be36b49872653d2b2232fabd68acff7b9f09e9f166105&amp;width=1200&amp;height=675&amp;smart=true\" alt=\"\"\/><figcaption class=\"wp-element-caption\">El chef dan\u00e9s Ren\u00e9 Redzepi en San Sebasti\u00e1n, en 2023.Foto:&nbsp;Gari Garaialde (Getty)&nbsp;|&nbsp;V\u00eddeo:&nbsp;EPV<\/figcaption><\/figure>\n\n\n\n<p>Hasta la publicaci\u00f3n del art\u00edculo de&nbsp;<em>The New York Times<\/em>, el equipo del restaurante no se hab\u00eda pronunciado p\u00fablicamente sobre el tema que llevaba semanas circulando en las redes. Lo hizo al d\u00eda siguiente, el 8 de marzo, con dos comunicados: uno en el perfil de Instagram de Noma, donde afirmaban estar investigando las acusaciones e insist\u00edan en que estos testimonios \u201cno reflejan el entorno de trabajo actual de Noma\u201d, y&nbsp;<a href=\"https:\/\/www.instagram.com\/p\/DVl7WAPFAez\/\">otro en el perfil de Redzepi<\/a>, en el que el chef reconoc\u00eda verse reflejado en algunas de las acusaciones recogidas en el art\u00edculo, ped\u00eda perd\u00f3n y afirmaba haber \u201ctrabajado para cambiar\u201d.<\/p>\n\n\n\n<figure class=\"wp-block-image size-large\"><img decoding=\"async\" width=\"775\" height=\"1024\" src=\"https:\/\/losperiodistas.com.mx\/portal\/wp-content\/uploads\/2026\/03\/Captura-de-pantalla-2026-03-13-a-las-10.12.08-775x1024.png\" alt=\"\" class=\"wp-image-118355\" srcset=\"https:\/\/losperiodistas.com.mx\/portal\/wp-content\/uploads\/2026\/03\/Captura-de-pantalla-2026-03-13-a-las-10.12.08-775x1024.png 775w, https:\/\/losperiodistas.com.mx\/portal\/wp-content\/uploads\/2026\/03\/Captura-de-pantalla-2026-03-13-a-las-10.12.08-227x300.png 227w, https:\/\/losperiodistas.com.mx\/portal\/wp-content\/uploads\/2026\/03\/Captura-de-pantalla-2026-03-13-a-las-10.12.08-768x1015.png 768w, https:\/\/losperiodistas.com.mx\/portal\/wp-content\/uploads\/2026\/03\/Captura-de-pantalla-2026-03-13-a-las-10.12.08-1162x1536.png 1162w, https:\/\/losperiodistas.com.mx\/portal\/wp-content\/uploads\/2026\/03\/Captura-de-pantalla-2026-03-13-a-las-10.12.08.png 1338w\" sizes=\"(max-width: 775px) 100vw, 775px\" \/><figcaption class=\"wp-element-caption\"><strong><a href=\"https:\/\/www.instagram.com\/p\/DVl7HeHilBP\/?utm_source=ig_web_copy_link&amp;igsh=NTc4MTIwNjQ2YQ==\">VER EN INSTAGRAM<\/a><\/strong><\/figcaption><\/figure>\n\n\n\n<p><\/p>\n\n\n\n<p>Pero este art\u00edculo, seguido de la salida de American Express y Blackbird como patrocinadores del restaurante ef\u00edmero en Los \u00c1ngeles y de una protesta convocada por White a las puertas del mismo el pasado mi\u00e9rcoles, fecha en la que se inauguraba, ha acabado precipitando lo que parec\u00eda inevitable:&nbsp;<a href=\"https:\/\/elpais.com\/gastronomia\/2026-03-12\/dimite-rene-redzepi-chef-del-multipremiado-restaurante-noma-tras-un-escandalo-de-malos-tratos-a-su-personal.html\">la dimisi\u00f3n de Ren\u00e9 Redzepi al frente de Noma<\/a>. El cocinero deja tambi\u00e9n la direcci\u00f3n de la fundaci\u00f3n MAD, que cre\u00f3 en 2011 con el objetivo de fomentar la sostenibilidad en la gastronom\u00eda.<\/p>\n\n\n\n<h2 class=\"wp-block-heading\">M\u00e1s informaci\u00f3n<\/h2>\n\n\n\n<ul class=\"wp-block-list\">\n<li><img decoding=\"async\" height=\"311\" width=\"414\" src=\"https:\/\/imagenes.elpais.com\/resizer\/v2\/ISNEP2SYE5CCLJDFFC4QVHRI3Q.jpg?auth=95c830243a216dabfb7be36b49872653d2b2232fabd68acff7b9f09e9f166105&amp;width=414&amp;height=311&amp;smart=true\" alt=\"El chef dan\u00e9s Ren\u00e9 Redzepi\"><a href=\"https:\/\/elpais.com\/gastronomia\/2026-03-12\/dimite-rene-redzepi-chef-del-multipremiado-restaurante-noma-tras-un-escandalo-de-malos-tratos-a-su-personal.html#?rel=mas_sumario\">Dimite Ren\u00e9 Redzepi, chef del multipremiado restaurante Noma, tras un esc\u00e1ndalo de malos tratos a su personal<\/a><\/li>\n<\/ul>\n\n\n\n<p>Esta no es la primera vez que el comportamiento abusivo de Redzepi hacia sus empleados sale a relucir. El documental de 2008&nbsp;<a href=\"https:\/\/www.imdb.com\/es\/title\/tt2155349\"><em>Noma at Boiling Point<\/em><\/a>, dirigido por Christian Vorting, mostraba al cocinero gritando, insultando y amenazando a varios de los estudiantes y empleados de Noma. De hecho, fue el propio Redzepi el que reconoci\u00f3, en 2015, haber sido&nbsp;<a href=\"https:\/\/madfeed.co\/2015\/08\/19\/culture-of-the-kitchen-rene-redzepi\/\">un \u201c<em>bully<\/em>\u201d durante buena parte de su carrera<\/a>&nbsp;y haber \u201cgritado y empujado\u201d a gente que trabajaba en su restaurante. En 2022 asegur\u00f3 en un art\u00edculo que hab\u00eda ido a terapia&nbsp;<a href=\"https:\/\/www.the-independent.com\/life-style\/food-and-drink\/rene-redzepi-noma-bully-therapy-b2234367.html\">para lidiar con este comportamiento<\/a>. En la publicaci\u00f3n de&nbsp;<em>The New York Times<\/em>, sin embargo, los extrabajadores del restaurante afirman que, a pesar de las declaraciones que Redzepi ha realizado sobre este asunto en el pasado, nunca ha reconocido el alcance real de la violencia que, tal y como han detallado, habr\u00eda infligido durante a\u00f1os.<\/p>\n\n\n\n<p>El cocinero hizo p\u00fablica su decisi\u00f3n de dimitir a trav\u00e9s de un comunicado en las historias de su perfil de Instagram, donde reconoc\u00eda haber \u201ctrabajado para ser un l\u00edder mejor\u201d, aunque \u201cestos cambios no reparan el pasado. Una disculpa no es suficiente; asumo la responsabilidad de mis propios actos\u201d. A continuaci\u00f3n, Redzepi public\u00f3&nbsp;<a href=\"https:\/\/www.instagram.com\/p\/DVw9LxfCFTG\/\">un v\u00eddeo en el que se dirig\u00eda a sus empleados<\/a>&nbsp;y les ped\u00eda perd\u00f3n por ponerles en esta situaci\u00f3n e insist\u00eda en que los testimonios de las \u00faltimas semanas \u201cno son representativos\u201d de lo que Noma es hoy en d\u00eda. La grabaci\u00f3n muestra a Redzepi pas\u00e1ndole el testigo a sus trabajadores, ahora que \u00e9l da un paso atr\u00e1s, para que sean ellos quienes se hagan cargo del restaurante que acaba de abrir sus puertas en Los \u00c1ngeles y \u201cpeleen por \u00e9l\u201d.<\/p>\n\n\n\n<p>En el comunicado que acompa\u00f1aba al v\u00eddeo, Redzepi afirmaba: \u201cEste equipo seguir\u00e1 adelante con nuestra residencia en Los \u00c1ngeles, que ser\u00e1 un momento muy importante para ellos, en el que podr\u00e1n mostrar el fruto de su trabajo y dar la bienvenida a los invitados a algo realmente especial. La misi\u00f3n de Noma para el futuro es seguir explorando ideas, descubriendo nuevos sabores e imaginando en qu\u00e9 se convertir\u00e1 la comida dentro de unas d\u00e9cadas. Noma siempre ha sido m\u00e1s grande que cualquier persona. Y este pr\u00f3ximo paso honra esa creencia\u201d.<\/p>\n\n\n\n<figure class=\"wp-block-image\"><img decoding=\"async\" src=\"https:\/\/imagenes.elpais.com\/resizer\/v2\/K4CDEEPCIJDQDBKNJ5FJYV7SYM.jpg?auth=1b65f65301cca9cab92e5d4cdbd8d7d712c1509fc33d496b267636c00c5bbcae&amp;width=414\" alt=\"\"\/><figcaption class=\"wp-element-caption\">Jason Ignacio White junto a otros manifestantes en la protesta convocada a la entrada del &#8216;pop-up&#8217; de Noma en Los \u00c1ngeles el pasado mi\u00e9rcoles 11 de marzo.MediaNews Group\/Los Angeles Daily News via Getty Images (MediaNews Group via Getty Images)<\/figcaption><\/figure>\n\n\n\n<p>Tras conocer la noticia de la dimisi\u00f3n de Redzepi, Jason Ignacio White ha confirmado en sus redes sociales que las acciones de protesta contra Noma continuar\u00e1n y que \u201ca\u00fan queda mucho trabajo por hacer\u201d. La organizaci\u00f3n sin \u00e1nimo de lucro&nbsp;<a href=\"https:\/\/www.onefairwage.org\/\">One Fair Wage<\/a>, que lucha por salarios dignos en el sector de la restauraci\u00f3n en Estados Unidos, se ha sumado a las protestas para exigir al chef dan\u00e9s compensaciones para los trabajadores y cambios en las pol\u00edticas laborales de Noma. Seg\u00fan&nbsp;<em>The New York Times<\/em>, una portavoz del restaurante confirm\u00f3 al diario que, en los \u00faltimos a\u00f1os, han adoptado sistemas formales de recursos humanos \u2014los extrabajadores entrevistados contaron que, durante mucho tiempo, fue la suegra de Redzepi la \u00fanica persona al mando de este departamento\u2014 y ha mejorado los horarios de trabajo. En la&nbsp;<a href=\"https:\/\/noma.dk\/workplace-transparency-review\/\">web del restaurante<\/a>&nbsp;tambi\u00e9n se puede leer que, desde 2022, las pr\u00e1cticas son remuneradas.<\/p>\n\n\n\n<p>Las denuncias sobre lo que ocurr\u00eda en Noma han sido las \u00faltimas en salir a relucir, pero Redzepi no ha sido el \u00fanico cocinero dentro de la alta gastronom\u00eda que ha tenido que hacerse a un lado tras ser se\u00f1alado por su comportamiento abusivo. Aunque hoy en d\u00eda muchos y muchas chefs entienden la organizaci\u00f3n de una cocina profesional de forma m\u00e1s flexible y horizontal, numerosos restaurantes se siguen rigiendo por la jer\u00e1rquica brigada de cocina instaurada por Auguste Escoffier a finales del siglo XIX, inspirada en la disciplina militar, que algunos parecen tomarse al pie de la letra. La dureza y la exigencia de la profesi\u00f3n, sobre todo cuando se trata de restaurantes de \u00e9lite,&nbsp;<a href=\"https:\/\/elpais.com\/gastronomia\/2026-02-23\/abusos-laborales-en-la-cocina-a-mi-un-jefe-me-tiro-una-sarten-por-la-cabeza.html\">se puede acabar traduciendo en agresividad, gritos<\/a>&nbsp;y, tal y como hemos visto en el caso de Noma, incluso en violencia f\u00edsica.<\/p>\n\n\n\n<h2 class=\"wp-block-heading\">La figura de Redzepi<\/h2>\n\n\n\n<p>Ren\u00e9 Redzepi (Copenhague, 1977) ha sido uno de los chefs m\u00e1s influyentes de la gastronom\u00eda contempor\u00e1nea. Se form\u00f3 en algunas de las grandes cocinas de los noventa, como los triestrellados The French Laundry, de Thomas Keller, o elBulli de Ferran Adri\u00e0, hasta que en 2003 abri\u00f3 su propio restaurante, Noma, en Copenhague, junto al empresario Claus Meyer. Fue all\u00ed, desde su local en la capital de Dinamarca, donde consigui\u00f3 reconocimiento internacional y donde logr\u00f3 que el mundo entero pusiera los ojos en la cocina n\u00f3rdica. Con una propuesta basada en el territorio, el producto salvaje del entorno y la estacionalidad extrema, estableci\u00f3 los principios que acabar\u00edan siendo los pilares del manifiesto de la Nueva Cocina N\u00f3rdica.<\/p>\n\n\n\n<p>Noma fue elegido mejor restaurante del mundo,&nbsp;<a href=\"https:\/\/elpais.com\/gastronomia\/2025-06-19\/estos-son-los-50-mejores-restaurantes-del-mundo-en-2025.html\">seg\u00fan la lista 50 Best<\/a>, en cinco ocasiones \u20142010, 2011, 2012, 2014 y 2021\u2014, alcanz\u00f3 las tres estrellas Michelin en 2021 y, finalmente,&nbsp;<a href=\"https:\/\/elpais.com\/estilo-de-vida\/2023-01-09\/noma-considerado-uno-de-los-mejores-restaurantes-del-mundo-cierra-sus-puertas-en-2024.html\">cerr\u00f3 sus puertas en 2024<\/a>. Desde entonces, el restaurante ha adoptado el formato&nbsp;<em>pop-up<\/em>, abriendo temporalmente en distintos lugares del mundo, con precios accesibles solo para unos pocos. Durante las dos d\u00e9cadas que estuvo abierto, pasaron por sus cocinas chefs que se formaron y despu\u00e9s abrieron sus proyectos en otros pa\u00edses \u2014desde Daniel Burns con su restaurante Luksus, en Nueva York,a<a href=\"https:\/\/elpais.com\/gastronomia\/2025-09-14\/ruben-mosquero-en-noma-trabaja-17-horas-al-dia.html\">&nbsp;Rub\u00e9n Hern\u00e1ndez Mosquero, con Emi, una de las grandes aperturas de Madrid en 2025<\/a>\u2014. Y otros muchos se quedaron a vivir en Copenhague, montando sus propios negocios \u2014algunos con el propio Redzepi como inversor\u2014, convirtiendo as\u00ed la ciudad en un&nbsp;<a href=\"https:\/\/elpais.com\/elviajero\/2025-10-19\/copenhague-el-bienestar-hecho-ciudad.html\">destino para los amantes de las nuevas tendencias culinarias<\/a>. La hamburgueser\u00eda POPL, la taquer\u00eda Hija de S\u00e1nchez, el Bar Vitrine, Slurp Ramen, el gastron\u00f3mico Koan, el establecimiento de pollo frito Juju o las panader\u00edas Hart Bageri ejemplifican que no hay local de moda en la capital danesa hoy en d\u00eda que no est\u00e9 capitaneado por un antiguo trabajador de Noma.<\/p>\n\n\n\n<p>Adem\u00e1s,&nbsp;<a href=\"https:\/\/elpais.com\/gastronomia\/el-comidista\/2019\/11\/14\/articulo\/1573748809_211866.html\">su libro&nbsp;<em>La gu\u00eda de fermentaci\u00f3n de Noma<\/em><\/a><em>,<\/em>&nbsp;publicado en 2018 y coescrito junto a quien fuera el director del laboratorio de fermentaci\u00f3n de su restaurante, el cocinero David Zilber, se convirti\u00f3 en la biblia de la fermentaci\u00f3n y ha servido de inspiraci\u00f3n a una generaci\u00f3n de chefs a lo largo del mundo.<\/p>\n\n\n\n<p>Fuente: <a href=\"https:\/\/elpais.com\/gastronomia\/2026-03-13\/rene-redzepi-del-estrellato-gastronomico-a-la-dimision-cronologia-del-escandalo-de-abusos-en-el-restaurante-noma.html\">https:\/\/elpais.com\/gastronomia\/2026-03-13\/rene-redzepi-del-estrellato-gastronomico-a-la-dimision-cronologia-del-escandalo-de-abusos-en-el-restaurante-noma.html<\/a><\/p>\n","protected":false},"excerpt":{"rendered":"<p>El cocinero dan\u00e9s dimiti\u00f3 el pasado mi\u00e9rcoles tras varias semanas de denuncias en redes sociales sobre el comportamiento abusivo que [&hellip;]<\/p>\n","protected":false},"author":1,"featured_media":118354,"comment_status":"open","ping_status":"open","sticky":false,"template":"","format":"standard","meta":{"site-sidebar-layout":"default","site-content-layout":"","ast-site-content-layout":"default","site-content-style":"default","site-sidebar-style":"default","ast-global-header-display":"","ast-banner-title-visibility":"","ast-main-header-display":"","ast-hfb-above-header-display":"","ast-hfb-below-header-display":"","ast-hfb-mobile-header-display":"","site-post-title":"","ast-breadcrumbs-content":"","ast-featured-img":"","footer-sml-layout":"","theme-transparent-header-meta":"","adv-header-id-meta":"","stick-header-meta":"","header-above-stick-meta":"","header-main-stick-meta":"","header-below-stick-meta":"","astra-migrate-meta-layouts":"default","ast-page-background-enabled":"default","ast-page-background-meta":{"desktop":{"background-color":"var(--ast-global-color-4)","background-image":"","background-repeat":"repeat","background-position":"center center","background-size":"auto","background-attachment":"scroll","background-type":"","background-media":"","overlay-type":"","overlay-color":"","overlay-opacity":"","overlay-gradient":""},"tablet":{"background-color":"","background-image":"","background-repeat":"repeat","background-position":"center center","background-size":"auto","background-attachment":"scroll","background-type":"","background-media":"","overlay-type":"","overlay-color":"","overlay-opacity":"","overlay-gradient":""},"mobile":{"background-color":"","background-image":"","background-repeat":"repeat","background-position":"center center","background-size":"auto","background-attachment":"scroll","background-type":"","background-media":"","overlay-type":"","overlay-color":"","overlay-opacity":"","overlay-gradient":""}},"ast-content-background-meta":{"desktop":{"background-color":"var(--ast-global-color-5)","background-image":"","background-repeat":"repeat","background-position":"center center","background-size":"auto","background-attachment":"scroll","background-type":"","background-media":"","overlay-type":"","overlay-color":"","overlay-opacity":"","overlay-gradient":""},"tablet":{"background-color":"var(--ast-global-color-5)","background-image":"","background-repeat":"repeat","background-position":"center center","background-size":"auto","background-attachment":"scroll","background-type":"","background-media":"","overlay-type":"","overlay-color":"","overlay-opacity":"","overlay-gradient":""},"mobile":{"background-color":"var(--ast-global-color-5)","background-image":"","background-repeat":"repeat","background-position":"center center","background-size":"auto","background-attachment":"scroll","background-type":"","background-media":"","overlay-type":"","overlay-color":"","overlay-opacity":"","overlay-gradient":""}},"footnotes":""},"categories":[8],"tags":[47121,47120],"class_list":["post-118353","post","type-post","status-publish","format-standard","has-post-thumbnail","hentry","category-noticias","tag-abusos-chef-danes-rene-redzepi","tag-restaurante-danes-noma"],"_links":{"self":[{"href":"https:\/\/losperiodistas.com.mx\/portal\/wp-json\/wp\/v2\/posts\/118353","targetHints":{"allow":["GET"]}}],"collection":[{"href":"https:\/\/losperiodistas.com.mx\/portal\/wp-json\/wp\/v2\/posts"}],"about":[{"href":"https:\/\/losperiodistas.com.mx\/portal\/wp-json\/wp\/v2\/types\/post"}],"author":[{"embeddable":true,"href":"https:\/\/losperiodistas.com.mx\/portal\/wp-json\/wp\/v2\/users\/1"}],"replies":[{"embeddable":true,"href":"https:\/\/losperiodistas.com.mx\/portal\/wp-json\/wp\/v2\/comments?post=118353"}],"version-history":[{"count":1,"href":"https:\/\/losperiodistas.com.mx\/portal\/wp-json\/wp\/v2\/posts\/118353\/revisions"}],"predecessor-version":[{"id":118356,"href":"https:\/\/losperiodistas.com.mx\/portal\/wp-json\/wp\/v2\/posts\/118353\/revisions\/118356"}],"wp:featuredmedia":[{"embeddable":true,"href":"https:\/\/losperiodistas.com.mx\/portal\/wp-json\/wp\/v2\/media\/118354"}],"wp:attachment":[{"href":"https:\/\/losperiodistas.com.mx\/portal\/wp-json\/wp\/v2\/media?parent=118353"}],"wp:term":[{"taxonomy":"category","embeddable":true,"href":"https:\/\/losperiodistas.com.mx\/portal\/wp-json\/wp\/v2\/categories?post=118353"},{"taxonomy":"post_tag","embeddable":true,"href":"https:\/\/losperiodistas.com.mx\/portal\/wp-json\/wp\/v2\/tags?post=118353"}],"curies":[{"name":"wp","href":"https:\/\/api.w.org\/{rel}","templated":true}]}}