{"id":118337,"date":"2026-03-12T23:11:46","date_gmt":"2026-03-13T05:11:46","guid":{"rendered":"https:\/\/losperiodistas.com.mx\/portal\/?p=118337"},"modified":"2026-03-12T23:11:48","modified_gmt":"2026-03-13T05:11:48","slug":"detienen-en-puebla-a-ex-diputada-del-pri-acusada-de-retener-ilegalmente-a-su-nieta-la-jornada","status":"publish","type":"post","link":"https:\/\/losperiodistas.com.mx\/portal\/detienen-en-puebla-a-ex-diputada-del-pri-acusada-de-retener-ilegalmente-a-su-nieta-la-jornada\/","title":{"rendered":"Detienen en Puebla a ex diputada del PRI acusada de retener ilegalmente a su nieta | La Jornada"},"content":{"rendered":"\n<figure class=\"wp-block-image size-large\"><img fetchpriority=\"high\" decoding=\"async\" width=\"1024\" height=\"700\" src=\"https:\/\/losperiodistas.com.mx\/portal\/wp-content\/uploads\/2026\/03\/imagen-44-1024x700.png\" alt=\"\" class=\"wp-image-118338\" srcset=\"https:\/\/losperiodistas.com.mx\/portal\/wp-content\/uploads\/2026\/03\/imagen-44-1024x700.png 1024w, https:\/\/losperiodistas.com.mx\/portal\/wp-content\/uploads\/2026\/03\/imagen-44-300x205.png 300w, https:\/\/losperiodistas.com.mx\/portal\/wp-content\/uploads\/2026\/03\/imagen-44-768x525.png 768w, https:\/\/losperiodistas.com.mx\/portal\/wp-content\/uploads\/2026\/03\/imagen-44.png 1111w\" sizes=\"(max-width: 1024px) 100vw, 1024px\" \/><figcaption class=\"wp-element-caption\">La exdiputada permanece bajo custodia en los separos del C5 de Puebla. Foto La Jornada<\/figcaption><\/figure>\n\n\n\n<p class=\"has-vivid-red-color has-text-color has-link-color wp-elements-3fff76ae32d63674be9ce3c07846fe2c\">David Castellanos Ter\u00e1n \/ La Jornada<\/p>\n\n\n\n<p>La ex&nbsp;diputada federal del PRI &nbsp;Gabriela \u201cA\u201d, y ex&nbsp;directora del Instituto Municipal de la Mujer en Tuxpan, Veracruz,&nbsp;fue detenida en el estado de Puebla tras permanecer varios meses pr\u00f3fuga de la justicia, acusada de&nbsp;retener ilegalmente a su propia nieta, una ni\u00f1a de dos a\u00f1os cuya desaparici\u00f3n motiv\u00f3 la activaci\u00f3n de una&nbsp;Alerta Amber de alcance nacional.<\/p>\n\n\n\n<p>La orden de aprehensi\u00f3n fue solicitada por la&nbsp;Fiscal\u00eda General de Justicia de Tamaulipas&nbsp;dentro de la carpeta&nbsp;NUC 603\/2025, en la que se investiga el delito de&nbsp;retenci\u00f3n de menores, figura contemplada en el C\u00f3digo Penal estatal y sancionada con penas de hasta seis a\u00f1os de prisi\u00f3n.<\/p>\n\n\n\n<p>De acuerdo con la denuncia presentada por la madre de la menor, la ni\u00f1a \u2014identificada en el expediente como \u201cN\u201d\u2014 fue entregada el&nbsp;10 de mayo de 2025&nbsp;en&nbsp;Plaza Altama de Tampico&nbsp;para convivir con su abuela paterna,&nbsp;Gabriela \u201cA.G\u201d<\/p>\n\n\n\n<p>Sin embargo, despu\u00e9s de ese encuentro&nbsp;la menor no volvi\u00f3 al hogar materno.<\/p>\n\n\n\n<p>Seg\u00fan consta en la investigaci\u00f3n ministerial, la imputada&nbsp;se neg\u00f3 a devolver a la ni\u00f1a y posteriormente desapareci\u00f3 del domicilio donde se encontraba en Veracruz, dejando de responder llamadas y mensajes de la madre.<\/p>\n\n\n\n<p>La fiscal\u00eda sostiene adem\u00e1s que durante el proceso la exlegisladora&nbsp;habr\u00eda proporcionado informaci\u00f3n falsa sobre domicilios ante autoridades judiciales en Tuxpan, lo que complic\u00f3 su localizaci\u00f3n durante varios meses.<\/p>\n\n\n\n<p>Ante la imposibilidad de ubicar a la menor, las autoridades emitieron una&nbsp;Alerta Amber nacional, mecanismo de b\u00fasqueda inmediata para ni\u00f1as, ni\u00f1os y adolescentes en riesgo.<\/p>\n\n\n\n<p>Fuentes cercanas al caso se\u00f1alan que durante ese periodo la exfuncionaria&nbsp;promovi\u00f3 diversos recursos legales y juicios de amparo, presuntamente con el objetivo de frenar la ejecuci\u00f3n de la orden de aprehensi\u00f3n.<\/p>\n\n\n\n<p>Tras varios meses de b\u00fasqueda, la mujer fue&nbsp;ubicada y detenida en Puebla, donde tambi\u00e9n fue localizada la menor.<\/p>\n\n\n\n<p>De acuerdo con informaci\u00f3n preliminar, la exdiputada&nbsp;permanece bajo custodia en los separos del C5 de Puebla, en espera de ser trasladada a Tamaulipas para enfrentar el proceso penal correspondiente.<\/p>\n\n\n\n<p>La ni\u00f1a qued\u00f3&nbsp;bajo resguardo del Sistema DIF, instituci\u00f3n que determinar\u00e1 su situaci\u00f3n legal mientras contin\u00faan las diligencias ministeriales.<\/p>\n\n\n\n<p>Fuente: <a href=\"https:\/\/www.jornada.com.mx\/noticia\/2026\/03\/12\/estados\/detienen-en-puebla-a-exdiputada-del-pri-acusada-de-retener-ilegalmente-a-su-nieta\" target=\"_blank\" rel=\"noreferrer noopener\">La Jornada<\/a><\/p>\n","protected":false},"excerpt":{"rendered":"<p>David Castellanos Ter\u00e1n \/ La Jornada La ex&nbsp;diputada federal del PRI &nbsp;Gabriela \u201cA\u201d, y ex&nbsp;directora del Instituto Municipal de la [&hellip;]<\/p>\n","protected":false},"author":1,"featured_media":118338,"comment_status":"open","ping_status":"open","sticky":false,"template":"","format":"standard","meta":{"site-sidebar-layout":"default","site-content-layout":"","ast-site-content-layout":"default","site-content-style":"default","site-sidebar-style":"default","ast-global-header-display":"","ast-banner-title-visibility":"","ast-main-header-display":"","ast-hfb-above-header-display":"","ast-hfb-below-header-display":"","ast-hfb-mobile-header-display":"","site-post-title":"","ast-breadcrumbs-content":"","ast-featured-img":"","footer-sml-layout":"","theme-transparent-header-meta":"","adv-header-id-meta":"","stick-header-meta":"","header-above-stick-meta":"","header-main-stick-meta":"","header-below-stick-meta":"","astra-migrate-meta-layouts":"default","ast-page-background-enabled":"default","ast-page-background-meta":{"desktop":{"background-color":"var(--ast-global-color-4)","background-image":"","background-repeat":"repeat","background-position":"center center","background-size":"auto","background-attachment":"scroll","background-type":"","background-media":"","overlay-type":"","overlay-color":"","overlay-opacity":"","overlay-gradient":""},"tablet":{"background-color":"","background-image":"","background-repeat":"repeat","background-position":"center center","background-size":"auto","background-attachment":"scroll","background-type":"","background-media":"","overlay-type":"","overlay-color":"","overlay-opacity":"","overlay-gradient":""},"mobile":{"background-color":"","background-image":"","background-repeat":"repeat","background-position":"center center","background-size":"auto","background-attachment":"scroll","background-type":"","background-media":"","overlay-type":"","overlay-color":"","overlay-opacity":"","overlay-gradient":""}},"ast-content-background-meta":{"desktop":{"background-color":"var(--ast-global-color-5)","background-image":"","background-repeat":"repeat","background-position":"center center","background-size":"auto","background-attachment":"scroll","background-type":"","background-media":"","overlay-type":"","overlay-color":"","overlay-opacity":"","overlay-gradient":""},"tablet":{"background-color":"var(--ast-global-color-5)","background-image":"","background-repeat":"repeat","background-position":"center center","background-size":"auto","background-attachment":"scroll","background-type":"","background-media":"","overlay-type":"","overlay-color":"","overlay-opacity":"","overlay-gradient":""},"mobile":{"background-color":"var(--ast-global-color-5)","background-image":"","background-repeat":"repeat","background-position":"center center","background-size":"auto","background-attachment":"scroll","background-type":"","background-media":"","overlay-type":"","overlay-color":"","overlay-opacity":"","overlay-gradient":""}},"footnotes":""},"categories":[8],"tags":[47109,47106,47110,47108,47107],"class_list":["post-118337","post","type-post","status-publish","format-standard","has-post-thumbnail","hentry","category-noticias","tag-alerta-amber","tag-ex-diputada","tag-fiscalia-de-tamaulipas","tag-gabriela-a","tag-retencion-ilegal"],"_links":{"self":[{"href":"https:\/\/losperiodistas.com.mx\/portal\/wp-json\/wp\/v2\/posts\/118337","targetHints":{"allow":["GET"]}}],"collection":[{"href":"https:\/\/losperiodistas.com.mx\/portal\/wp-json\/wp\/v2\/posts"}],"about":[{"href":"https:\/\/losperiodistas.com.mx\/portal\/wp-json\/wp\/v2\/types\/post"}],"author":[{"embeddable":true,"href":"https:\/\/losperiodistas.com.mx\/portal\/wp-json\/wp\/v2\/users\/1"}],"replies":[{"embeddable":true,"href":"https:\/\/losperiodistas.com.mx\/portal\/wp-json\/wp\/v2\/comments?post=118337"}],"version-history":[{"count":1,"href":"https:\/\/losperiodistas.com.mx\/portal\/wp-json\/wp\/v2\/posts\/118337\/revisions"}],"predecessor-version":[{"id":118339,"href":"https:\/\/losperiodistas.com.mx\/portal\/wp-json\/wp\/v2\/posts\/118337\/revisions\/118339"}],"wp:featuredmedia":[{"embeddable":true,"href":"https:\/\/losperiodistas.com.mx\/portal\/wp-json\/wp\/v2\/media\/118338"}],"wp:attachment":[{"href":"https:\/\/losperiodistas.com.mx\/portal\/wp-json\/wp\/v2\/media?parent=118337"}],"wp:term":[{"taxonomy":"category","embeddable":true,"href":"https:\/\/losperiodistas.com.mx\/portal\/wp-json\/wp\/v2\/categories?post=118337"},{"taxonomy":"post_tag","embeddable":true,"href":"https:\/\/losperiodistas.com.mx\/portal\/wp-json\/wp\/v2\/tags?post=118337"}],"curies":[{"name":"wp","href":"https:\/\/api.w.org\/{rel}","templated":true}]}}