{"id":118225,"date":"2026-03-11T08:33:38","date_gmt":"2026-03-11T14:33:38","guid":{"rendered":"https:\/\/losperiodistas.com.mx\/portal\/?p=118225"},"modified":"2026-03-11T08:33:39","modified_gmt":"2026-03-11T14:33:39","slug":"en-sinaloa-algunos-ven-a-trump-como-ultima-opcion-contra-la-violencia-de-los-carteles-nyt","status":"publish","type":"post","link":"https:\/\/losperiodistas.com.mx\/portal\/en-sinaloa-algunos-ven-a-trump-como-ultima-opcion-contra-la-violencia-de-los-carteles-nyt\/","title":{"rendered":"En Sinaloa, algunos ven a Trump como \u00faltima opci\u00f3n contra la violencia de los c\u00e1rteles | NYT"},"content":{"rendered":"\n<p class=\"has-medium-font-size\">En Sinaloa, los residentes llevan unos 20 meses en una guerra que comenz\u00f3 cuando el c\u00e1rtel de Sinaloa se fractur\u00f3 en dos. Algunos consideran la intervenci\u00f3n extranjera como una \u00fanica salida a la violencia.<\/p>\n\n\n\n<figure class=\"wp-block-image size-large\"><img fetchpriority=\"high\" decoding=\"async\" width=\"1024\" height=\"683\" src=\"https:\/\/losperiodistas.com.mx\/portal\/wp-content\/uploads\/2026\/03\/int-mexico-trump-sinaloa-jhmg-superJumbo-1024x683.webp\" alt=\"\" class=\"wp-image-118226\" srcset=\"https:\/\/losperiodistas.com.mx\/portal\/wp-content\/uploads\/2026\/03\/int-mexico-trump-sinaloa-jhmg-superJumbo-1024x683.webp 1024w, https:\/\/losperiodistas.com.mx\/portal\/wp-content\/uploads\/2026\/03\/int-mexico-trump-sinaloa-jhmg-superJumbo-300x200.webp 300w, https:\/\/losperiodistas.com.mx\/portal\/wp-content\/uploads\/2026\/03\/int-mexico-trump-sinaloa-jhmg-superJumbo-768x512.webp 768w, https:\/\/losperiodistas.com.mx\/portal\/wp-content\/uploads\/2026\/03\/int-mexico-trump-sinaloa-jhmg-superJumbo-1536x1024.webp 1536w, https:\/\/losperiodistas.com.mx\/portal\/wp-content\/uploads\/2026\/03\/int-mexico-trump-sinaloa-jhmg-superJumbo.webp 2048w\" sizes=\"(max-width: 1024px) 100vw, 1024px\" \/><figcaption class=\"wp-element-caption\">Soldados de la Guardia Nacional el mes pasado en el estado mexicano de Sinaloa.Credit&#8230;<\/figcaption><\/figure>\n\n\n\n<p class=\"has-vivid-red-color has-text-color has-link-color has-medium-font-size wp-elements-4952a7fdf725f4d2428e1d7b386b040b\"><strong>Por\u00a0<a href=\"https:\/\/www.nytimes.com\/by\/paulina-villegas\">Paulina Villegas<\/a>\u00a0y\u00a0<a href=\"https:\/\/www.nytimes.com\/by\/jack-nicas\">Jack Nicas<\/a> \/ The New York Times<\/strong><\/p>\n\n\n\n<p>Fotograf\u00edas por&nbsp;<a href=\"https:\/\/www.nytimes.com\/by\/adriana-zehbrauskas\">Adriana Zehbrauskas<\/a><\/p>\n\n\n\n<p>Reportando desde Culiac\u00e1n, M\u00e9xico<\/p>\n\n\n\n<ul class=\"wp-block-list\">\n<li><\/li>\n<\/ul>\n\n\n\n<p><a href=\"https:\/\/www.nytimes.com\/2026\/03\/11\/world\/americas\/trump-sinaloa-cartels.html\">Read in English<\/a><\/p>\n\n\n\n<p>En general, los mexicanos no apoyan la propuesta del presidente Donald Trump de ataques militares estadounidenses contra los poderosos c\u00e1rteles del pa\u00eds. Casi ocho de cada 10 mexicanos dijeron que se opon\u00edan a la idea en una&nbsp;<a href=\"https:\/\/www.elfinanciero.com.mx\/nacional\/2025\/02\/06\/baja-el-respaldo-a-cooperacion-con-eu-encuesta-ef\/?utm_source=chatgpt.com\" rel=\"noreferrer noopener\" target=\"_blank\">encuesta nacional<\/a>&nbsp;realizada el mes pasado.<\/p>\n\n\n\n<p>Pero en un asediado rinc\u00f3n del noroeste de M\u00e9xico, donde los c\u00e1rteles han operado durante mucho tiempo, ese consenso est\u00e1 empezando a resquebrajarse.<\/p>\n\n\n\n<p><\/p>\n\n\n\n<p>En Sinaloa, un estado de tres millones de habitantes que ha sido basti\u00f3n del C\u00e1rtel de Sinaloa por d\u00e9cadas, los residentes llevan unos 20 meses en una guerra que comenz\u00f3 cuando el c\u00e1rtel&nbsp;<a href=\"https:\/\/www.nytimes.com\/es\/2025\/06\/30\/espanol\/america-latina\/cartel-sinaloa-mexico-guerra-interna.html\">se fractur\u00f3 en dos<\/a>.<\/p>\n\n\n\n<p><\/p>\n\n\n\n<p><\/p>\n\n\n\n<p>Las fuerzas de seguridad mexicanas ahora patrullan las calles. Hay negocios cerrados. Las familias huyeron. Muchos de sus habitantes dijeron que estaban desesperados por conseguir la paz, al costo que fuera, aunque ello supusiera una intervenci\u00f3n militar estadounidense.<\/p>\n\n\n\n<p>\u201cEs la \u00faltima opci\u00f3n que queda\u201d, dijo Oliver Zamora, vendedor de carne de 23 a\u00f1os. \u201cYa intentamos todo, y no ha servido nada, \u00bfqu\u00e9 m\u00e1s nos queda?\u201d.<\/p>\n\n\n\n<p>El mes pasado hablamos con m\u00e1s de dos decenas de personas en Sinaloa, y la mayor\u00eda expres\u00f3 una opini\u00f3n totalmente distinta del consenso nacional. Para ellos, el gobierno mexicano ha fracasado repetidamente en sus esfuerzos por controlar a los c\u00e1rteles, por lo que dijeron que estaban dispuestos a considerar un ataque estadounidense contra los grupos si ello les permit\u00eda vivir con seguridad.<\/p>\n\n\n\n<figure class=\"wp-block-image size-large\"><img decoding=\"async\" width=\"1024\" height=\"683\" src=\"https:\/\/losperiodistas.com.mx\/portal\/wp-content\/uploads\/2026\/03\/int-mexico-trump-sinaloa-twhm-superJumbo-1024x683.webp\" alt=\"\" class=\"wp-image-118231\" srcset=\"https:\/\/losperiodistas.com.mx\/portal\/wp-content\/uploads\/2026\/03\/int-mexico-trump-sinaloa-twhm-superJumbo-1024x683.webp 1024w, https:\/\/losperiodistas.com.mx\/portal\/wp-content\/uploads\/2026\/03\/int-mexico-trump-sinaloa-twhm-superJumbo-300x200.webp 300w, https:\/\/losperiodistas.com.mx\/portal\/wp-content\/uploads\/2026\/03\/int-mexico-trump-sinaloa-twhm-superJumbo-768x512.webp 768w, https:\/\/losperiodistas.com.mx\/portal\/wp-content\/uploads\/2026\/03\/int-mexico-trump-sinaloa-twhm-superJumbo-1536x1025.webp 1536w, https:\/\/losperiodistas.com.mx\/portal\/wp-content\/uploads\/2026\/03\/int-mexico-trump-sinaloa-twhm-superJumbo.webp 2048w\" sizes=\"(max-width: 1024px) 100vw, 1024px\" \/><figcaption class=\"wp-element-caption\">La vida cotidiana en Culiac\u00e1n, la capital de Sinaloa, se ha visto trastornada desde julio de 2024.<\/figcaption><\/figure>\n\n\n\n<p>Los sinaloenses no son los \u00fanicos que contemplan una intervenci\u00f3n estadounidense. En entrevistas realizadas el a\u00f1o pasado, miembros de algunas facciones del C\u00e1rtel de Sinaloa se burlaron de la idea de una acci\u00f3n militar estadounidense, al dudar que el gobierno de Trump fuera a hacer algo realmente. Pero el mes pasado, cuatro miembros del c\u00e1rtel dijeron que ahora se estaban tomando en serio la amenaza.<\/p>\n\n\n\n<p>Describieron el almacenamiento de armas y el refuerzo de las defensas como preparativos para un ataque estadounidense, incluida la instalaci\u00f3n de vig\u00edas que escanean el cielo y la compra de granadas propulsadas por cohetes y sistemas antidrones que podr\u00edan derribar un avi\u00f3n no tripulado estadounidense.<\/p>\n\n\n\n<p>Los cuatro miembros del c\u00e1rtel hablaron bajo condici\u00f3n de anonimato, por temor a represalias de sus jefes.<\/p>\n\n\n\n<p>Un coordinador regional de alto rango de una facci\u00f3n del C\u00e1rtel de Sinaloa llamada los Mayitos, que est\u00e1 alineada con uno de los fundadores del c\u00e1rtel, Ismael Zambada Garc\u00eda, conocido como el Mayo, dijo que hab\u00eda mucha paranoia y nerviosismo.<\/p>\n\n\n\n<figure class=\"wp-block-image size-large\"><img decoding=\"async\" width=\"1024\" height=\"683\" src=\"https:\/\/losperiodistas.com.mx\/portal\/wp-content\/uploads\/2026\/03\/int-mexico-trump-sinaloa-kzlp-superJumbo-1024x683.webp\" alt=\"\" class=\"wp-image-118230\" srcset=\"https:\/\/losperiodistas.com.mx\/portal\/wp-content\/uploads\/2026\/03\/int-mexico-trump-sinaloa-kzlp-superJumbo-1024x683.webp 1024w, https:\/\/losperiodistas.com.mx\/portal\/wp-content\/uploads\/2026\/03\/int-mexico-trump-sinaloa-kzlp-superJumbo-300x200.webp 300w, https:\/\/losperiodistas.com.mx\/portal\/wp-content\/uploads\/2026\/03\/int-mexico-trump-sinaloa-kzlp-superJumbo-768x512.webp 768w, https:\/\/losperiodistas.com.mx\/portal\/wp-content\/uploads\/2026\/03\/int-mexico-trump-sinaloa-kzlp-superJumbo-1536x1025.webp 1536w, https:\/\/losperiodistas.com.mx\/portal\/wp-content\/uploads\/2026\/03\/int-mexico-trump-sinaloa-kzlp-superJumbo.webp 2048w\" sizes=\"(max-width: 1024px) 100vw, 1024px\" \/><figcaption class=\"wp-element-caption\">Carteles de personas desaparecidas en el centro de Culiac\u00e1n.<\/figcaption><\/figure>\n\n\n\n<p>Recientemente, las autoridades mexicanas han mostrado algunos avances en su campa\u00f1a contra los grupos criminales. El mes pasado, las fuerzas de seguridad mataron a Rub\u00e9n Oseguera Cervantes, conocido como el Mencho, l\u00edder del C\u00e1rtel Jalisco Nueva Generaci\u00f3n, m\u00e1ximo rival del C\u00e1rtel de Sinaloa, lo que desencaden\u00f3 una&nbsp;<a href=\"https:\/\/www.nytimes.com\/es\/2026\/02\/22\/espanol\/america-latina\/matan-mencho-mexico-cjng.html\">oleada<\/a>&nbsp;de violencia en represalia en al menos 20 de los 32 estados del pa\u00eds.<\/p>\n\n\n\n<p>El s\u00e1bado, Trump arremed\u00f3 a la presidenta de M\u00e9xico, Claudia Sheinbaum, en un encuentro con 12 pa\u00edses latinoamericanos cuyo objetivo era discutir la derrota de los c\u00e1rteles y otros grupos delictivos en la regi\u00f3n, diciendo que se hab\u00eda negado a aceptar su ayuda. A la reuni\u00f3n no acudieron representantes del gobierno mexicano.<\/p>\n\n\n\n<p>\u201cQu\u00e9 bueno que el presidente Trump dice p\u00fablicamente que cuando nos ha propuesto que entre el ej\u00e9rcito de Estados Unidos a M\u00e9xico hemos dicho que no; porque es la verdad\u201d, dijo la presidenta el lunes en su conferencia matutina. Los operativos de aplicaci\u00f3n de la ley en el pa\u00eds, a\u00f1adi\u00f3 Sheinbaum, los llevan a cabo exclusivamente las fuerzas de seguridad de M\u00e9xico.<\/p>\n\n\n\n<p>La vida cotidiana en Culiac\u00e1n, la capital de Sinaloa, se ha visto trastocada desde julio de 2024. En ese momento, uno de los hijos del narcotraficante encarcelado Joaqu\u00edn Guzm\u00e1n Loera, conocido como el Chapo,&nbsp;<a href=\"https:\/\/www.nytimes.com\/es\/2024\/07\/27\/espanol\/el-mayo-zambada-arresto.html\">traicion\u00f3<\/a>&nbsp;al antiguo socio de su padre, el Mayo, lo que dividi\u00f3 al C\u00e1rtel de Sinaloa y desencaden\u00f3 un enfrentamiento feroz que contin\u00faa hasta hoy.<\/p>\n\n\n\n<p>En el punto&nbsp;<a href=\"https:\/\/www.nytimes.com\/es\/2024\/10\/08\/espanol\/america-latina\/culiacan-cartel-sinaloa.html\">\u00e1lgido de la violencia<\/a>, los habitantes de las afueras de la capital dijeron haberse atrincherado, a veces durante semanas, mientras los disparos se escuchaban en las calles. Se arrojaban cad\u00e1veres a lo largo de las carreteras, estallaban tiroteos en vecindarios de lujo y los remolques de tractores quemados bloqueaban las autopistas.<\/p>\n\n\n\n<p>La violencia persiste. Solamente en enero, dos legisladores fueron tiroteados tras salir del Congreso del Estado en el centro de Culiac\u00e1n. Diez trabajadores de una mina de oro de propiedad canadiense fueron secuestrados; m\u00e1s tarde se encontraron siete de sus cad\u00e1veres. Recientemente se encontr\u00f3 un cad\u00e1ver en un centro comercial con la cara arrancada.<\/p>\n\n\n\n<p>Agust\u00edn Coppel, director general de Coppel, una importante cadena de grandes almacenes, se\u00f1al\u00f3 el enorme costo econ\u00f3mico que la violencia ha tenido en el estado.<\/p>\n\n\n\n<p>\u201cNadie quiere salir en la noche\u201d, dijo. \u201cEn la noche est\u00e1 cerrado casi todo y casi nadie se mueve. Es como una huelga general hasta que no disminuyan los robos de autom\u00f3viles\u201d.<\/p>\n\n\n\n<p>El estado de Sinaloa perdi\u00f3 casi el 10 por ciento de su producto interno bruto en 2024 y 2025, seg\u00fan estimaciones de Coppel y otros l\u00edderes empresariales.<\/p>\n\n\n\n<figure class=\"wp-block-image size-large\"><img loading=\"lazy\" decoding=\"async\" width=\"1024\" height=\"683\" src=\"https:\/\/losperiodistas.com.mx\/portal\/wp-content\/uploads\/2026\/03\/int-mexico-trump-sinaloa-khbt-superJumbo-1024x683.webp\" alt=\"\" class=\"wp-image-118229\" srcset=\"https:\/\/losperiodistas.com.mx\/portal\/wp-content\/uploads\/2026\/03\/int-mexico-trump-sinaloa-khbt-superJumbo-1024x683.webp 1024w, https:\/\/losperiodistas.com.mx\/portal\/wp-content\/uploads\/2026\/03\/int-mexico-trump-sinaloa-khbt-superJumbo-300x200.webp 300w, https:\/\/losperiodistas.com.mx\/portal\/wp-content\/uploads\/2026\/03\/int-mexico-trump-sinaloa-khbt-superJumbo-768x512.webp 768w, https:\/\/losperiodistas.com.mx\/portal\/wp-content\/uploads\/2026\/03\/int-mexico-trump-sinaloa-khbt-superJumbo-1536x1025.webp 1536w, https:\/\/losperiodistas.com.mx\/portal\/wp-content\/uploads\/2026\/03\/int-mexico-trump-sinaloa-khbt-superJumbo.webp 2048w\" sizes=\"(max-width: 1024px) 100vw, 1024px\" \/><figcaption class=\"wp-element-caption\">Una tienda Coppel en el centro de Culiac\u00e1n. El director general de Coppel dijo que la cadena ha tenido una disminuci\u00f3n de 25 por ciento en sus ventas.<\/figcaption><\/figure>\n\n\n\n<p>\u201cEso quiere decir muchas empresas cerradas, muchos empleados desaparecidos\u201d, dijo Coppel. \u201cHablan de m\u00e1s de 2000 empresas cerradas. Y en ciertos sectores, como hoteler\u00eda, turismo, restaurantes, pues la ca\u00edda del 50 por ciento de las ventas\u201d, dijo. Incluso su propia cadena de tiendas Coppel en Culiac\u00e1n ha experimentado una ca\u00edda del 25 por ciento en las ventas, a\u00f1adi\u00f3.<\/p>\n\n\n\n<p><\/p>\n\n\n\n<p>Sheinbaum ha enviado m\u00e1s de 12.000 soldados, la mayor afluencia de fuerzas de seguridad a Sinaloa en a\u00f1os, si es que nunca, lo que ha llevado a la detenci\u00f3n de decenas de miembros de alto rango de los c\u00e1rteles y a la destrucci\u00f3n de muchos laboratorios de droga. \u201cLa estrategia es cerrar el cerco\u201d, dijo el general Guillermo Brise\u00f1o Lobera, comandante de la Guardia Nacional de M\u00e9xico, se\u00f1alando el reciente descenso de los homicidios en el estado como prueba de que la estrategia estaba funcionando. \u201cUstedes pueden andar en la calle con tranquilidad\u201d, dijo, y a\u00f1adi\u00f3: \u201cPero es evidente que a\u00fan es necesario realizar una acci\u00f3n final, una acci\u00f3n continuada del resto de las acciones de seguridad\u201d.<\/p>\n\n\n\n<p>Los residentes dijeron que la violencia hab\u00eda disminuido en cierta medida, pero que la sensaci\u00f3n de miedo segu\u00eda siendo generalizada y profunda.<\/p>\n\n\n\n<p>En Culiac\u00e1n, al menos dos veces por semana, las familias de los desaparecidos se re\u00fanen para peinar laderas y matorrales en busca de fosas comunes. Un d\u00eda entre semana reciente, una camioneta con integrantes de un equipo de b\u00fasqueda se dirigi\u00f3 dos horas fuera de la ciudad para realizar otra excavaci\u00f3n.<\/p>\n\n\n\n<p>Durante el trayecto, varias personas hablaron con cautela de la posibilidad de que Estados Unidos atacara. El gobierno mexicano, dijeron, no hab\u00eda logrado contener a los c\u00e1rteles: \u00bfqu\u00e9 se pod\u00eda perder?<\/p>\n\n\n\n<p><\/p>\n\n\n\n<p><\/p>\n\n\n\n<p>\u201cS\u00ed, la idea de Trump est\u00e1 medio loca, porque c\u00f3mo va a ser que entre un pa\u00eds extranjero a poner orden aqu\u00ed\u201d, dijo Mar\u00eda Isabel Cruz Bernal, quien dirige un colectivo de madres que buscan a sus hijos desaparecidos. \u201cPero creo que la gente aqu\u00ed lo pide porque no tenemos paz ni tranquilidad, no hay control\u201d.<\/p>\n\n\n\n<figure class=\"wp-block-image size-large\"><img loading=\"lazy\" decoding=\"async\" width=\"1024\" height=\"683\" src=\"https:\/\/losperiodistas.com.mx\/portal\/wp-content\/uploads\/2026\/03\/int-mexico-trump-sinaloa-cjlt-superJumbo-1024x683.webp\" alt=\"\" class=\"wp-image-118228\" srcset=\"https:\/\/losperiodistas.com.mx\/portal\/wp-content\/uploads\/2026\/03\/int-mexico-trump-sinaloa-cjlt-superJumbo-1024x683.webp 1024w, https:\/\/losperiodistas.com.mx\/portal\/wp-content\/uploads\/2026\/03\/int-mexico-trump-sinaloa-cjlt-superJumbo-300x200.webp 300w, https:\/\/losperiodistas.com.mx\/portal\/wp-content\/uploads\/2026\/03\/int-mexico-trump-sinaloa-cjlt-superJumbo-768x512.webp 768w, https:\/\/losperiodistas.com.mx\/portal\/wp-content\/uploads\/2026\/03\/int-mexico-trump-sinaloa-cjlt-superJumbo-1536x1025.webp 1536w, https:\/\/losperiodistas.com.mx\/portal\/wp-content\/uploads\/2026\/03\/int-mexico-trump-sinaloa-cjlt-superJumbo.webp 2048w\" sizes=\"(max-width: 1024px) 100vw, 1024px\" \/><figcaption class=\"wp-element-caption\">Integrantes de Sabuesos Guerreras, un grupo de mujeres que buscan a sus familiares desaparecidos, buscando restos en Guasave, ciudad del estado de Sinaloa.<\/figcaption><\/figure>\n\n\n\n<p>Seg\u00fan los registros del grupo, m\u00e1s de 18.000 personas han desaparecido en Sinaloa desde 2006. M\u00e1s de 5500 de esas personas desaparecieron en los \u00faltimos 20 meses.<\/p>\n\n\n\n<p>\u201cNo hay para d\u00f3nde voltear\u201d, dijo Mar\u00eda de los \u00c1ngeles Campos Sierra, madre de dos j\u00f3venes desaparecidos hace 14 a\u00f1os. En otras partes de M\u00e9xico, \u201cno hay mucha gente que est\u00e9 de acuerdo, pero creo que aqu\u00ed las v\u00edctimas pensamos diferente\u201d.<\/p>\n\n\n\n<p>Tres operativos del c\u00e1rtel dijeron que la idea de un ataque militar estadounidense en M\u00e9xico parec\u00eda mucho m\u00e1s plausible en enero, cuando se transmitieron im\u00e1genes en televisi\u00f3n de fuerzas estadounidenses abalanz\u00e1ndose en Venezuela para detener al presidente Nicol\u00e1s Maduro.<\/p>\n\n\n\n<p>Ahora la sospecha es profunda entre algunos de ellos. Algunos dijeron que tem\u00edan que sus propias filas hubieran sido infiltradas por informadores tanto del gobierno mexicano como del estadounidense. Las conversaciones se han vuelto cautelosas, los movimientos m\u00e1s calculados.<\/p>\n\n\n\n<p>\u201cTenemos que tener mucho cuidado. Todo tiene que ser con mucho c\u00e1lculo, milim\u00e9trico\u201d, dijo un operativo del c\u00e1rtel. \u201cTodo pr\u00e1cticamente quir\u00fargico, todo el movimiento, porque es muy peligroso ahorita como est\u00e1n las cosas\u201d.<\/p>\n\n\n\n<figure class=\"wp-block-image size-large\"><img loading=\"lazy\" decoding=\"async\" width=\"1024\" height=\"683\" src=\"https:\/\/losperiodistas.com.mx\/portal\/wp-content\/uploads\/2026\/03\/int-mexico-trump-sinaloa-whpt-superJumbo-1024x683.webp\" alt=\"\" class=\"wp-image-118227\" srcset=\"https:\/\/losperiodistas.com.mx\/portal\/wp-content\/uploads\/2026\/03\/int-mexico-trump-sinaloa-whpt-superJumbo-1024x683.webp 1024w, https:\/\/losperiodistas.com.mx\/portal\/wp-content\/uploads\/2026\/03\/int-mexico-trump-sinaloa-whpt-superJumbo-300x200.webp 300w, https:\/\/losperiodistas.com.mx\/portal\/wp-content\/uploads\/2026\/03\/int-mexico-trump-sinaloa-whpt-superJumbo-768x512.webp 768w, https:\/\/losperiodistas.com.mx\/portal\/wp-content\/uploads\/2026\/03\/int-mexico-trump-sinaloa-whpt-superJumbo-1536x1025.webp 1536w, https:\/\/losperiodistas.com.mx\/portal\/wp-content\/uploads\/2026\/03\/int-mexico-trump-sinaloa-whpt-superJumbo.webp 2048w\" sizes=\"(max-width: 1024px) 100vw, 1024px\" \/><figcaption class=\"wp-element-caption\">Un santuario a Jes\u00fas Malverde, ampliamente considerado el santo patr\u00f3n de los narcotraficantes, en Culiac\u00e1n.<\/figcaption><\/figure>\n\n\n\n<p>Preocupados por un ataque estadounidense, miembros de ambas facciones del c\u00e1rtel dijeron que las dos partes hab\u00edan reforzado las defensas en torno a los altos dirigentes y los laboratorios de fentanilo. Han ampliado su arsenal para incluir inhibidores de drones, que pueden costar hasta 40.000 d\u00f3lares cada uno, y pueden interrumpir las se\u00f1ales de las que dependen los drones para navegar, oblig\u00e1ndolos a aterrizar o estrellarse.<\/p>\n\n\n\n<p>Un cocinero de metanfetamina de 19 a\u00f1os alineado con la facci\u00f3n de los Mayitos dijo que se hab\u00edan enviado vig\u00edas o halcones reci\u00e9n contratados a la Sierra Madre, al este de Sinaloa, para que vigilaran el cielo en busca de aeronaves sospechosas.<\/p>\n\n\n\n<p>Dijo que esos vig\u00edas tambi\u00e9n paraban a los veh\u00edculos desconocidos e interrogaban a los conductores, incluso a los de los camiones de FedEx.<\/p>\n\n\n\n<p><\/p>\n\n\n\n<p><\/p>\n\n\n\n<p>Algunos residentes de Sinaloa se han preguntado qu\u00e9 se conseguir\u00eda con una intervenci\u00f3n estadounidense. Varios dijeron que tem\u00edan que, por el contrario, pudiera exacerbar la violencia.<\/p>\n\n\n\n<p>\u201cSer\u00eda feo que se pusiera m\u00e1s, m\u00e1s fuerte\u201d, Roc\u00edo Torres, estudiante de nutrici\u00f3n de 19 a\u00f1os. \u201cPorque hay mucha gente inocente\u201d.<\/p>\n\n\n\n<p>Otros dijeron que simplemente rechazaban la idea por principios. Estados Unidos, dijeron, deber\u00eda mantenerse al margen de M\u00e9xico.<\/p>\n\n\n\n<p>\u201cDeber\u00edan de atacar el problema desde dentro, no desde fuera\u201d, dijo Jos\u00e9 Valde Pino, de 66 a\u00f1os, profesor jubilado. \u201cNosotros no somos el problema. Tienen el mayor \u00edndice de drogadictos en todo el mundo\u201d.<\/p>\n\n\n\n<p><strong><a href=\"https:\/\/www.nytimes.com\/by\/paulina-villegas\">Paulina Villegas<\/a><\/strong>&nbsp;es reportera del Times en Ciudad de M\u00e9xico, donde cubre las organizaciones delictivas, el tr\u00e1fico de drogas y otras cuestiones que afectan a la regi\u00f3n.<\/p>\n\n\n\n<p><strong><a href=\"https:\/\/www.nytimes.com\/by\/jack-nicas\">Jack Nicas<\/a><\/strong>&nbsp;es el jefe de la oficina del Times en Ciudad de M\u00e9xico y dirige la cobertura de M\u00e9xico, Centroam\u00e9rica y el Caribe.<\/p>\n\n\n\n<p><\/p>\n\n\n\n<p>Fuente: <a href=\"https:\/\/www.nytimes.com\/es\/2026\/03\/11\/espanol\/america-latina\/sinaloa-intervencion-estadounidense-carteles.html\">https:\/\/www.nytimes.com\/es\/2026\/03\/11\/espanol\/america-latina\/sinaloa-intervencion-estadounidense-carteles.html<\/a><a href=\"https:\/\/www.nytimes.com\/es\/2026\/02\/24\/espanol\/america-latina\/mexico-carteles-narco-jalisco.html\"><\/a><\/p>\n\n\n\n<p><a href=\"https:\/\/www.nytimes.com\/es\/2026\/02\/24\/espanol\/america-latina\/mexico-carteles-narco-jalisco.html\"><\/a><\/p>\n","protected":false},"excerpt":{"rendered":"<p>En Sinaloa, los residentes llevan unos 20 meses en una guerra que comenz\u00f3 cuando el c\u00e1rtel de Sinaloa se fractur\u00f3 [&hellip;]<\/p>\n","protected":false},"author":1,"featured_media":118226,"comment_status":"open","ping_status":"open","sticky":false,"template":"","format":"standard","meta":{"site-sidebar-layout":"default","site-content-layout":"","ast-site-content-layout":"default","site-content-style":"default","site-sidebar-style":"default","ast-global-header-display":"","ast-banner-title-visibility":"","ast-main-header-display":"","ast-hfb-above-header-display":"","ast-hfb-below-header-display":"","ast-hfb-mobile-header-display":"","site-post-title":"","ast-breadcrumbs-content":"","ast-featured-img":"","footer-sml-layout":"","theme-transparent-header-meta":"","adv-header-id-meta":"","stick-header-meta":"","header-above-stick-meta":"","header-main-stick-meta":"","header-below-stick-meta":"","astra-migrate-meta-layouts":"default","ast-page-background-enabled":"default","ast-page-background-meta":{"desktop":{"background-color":"var(--ast-global-color-4)","background-image":"","background-repeat":"repeat","background-position":"center center","background-size":"auto","background-attachment":"scroll","background-type":"","background-media":"","overlay-type":"","overlay-color":"","overlay-opacity":"","overlay-gradient":""},"tablet":{"background-color":"","background-image":"","background-repeat":"repeat","background-position":"center center","background-size":"auto","background-attachment":"scroll","background-type":"","background-media":"","overlay-type":"","overlay-color":"","overlay-opacity":"","overlay-gradient":""},"mobile":{"background-color":"","background-image":"","background-repeat":"repeat","background-position":"center center","background-size":"auto","background-attachment":"scroll","background-type":"","background-media":"","overlay-type":"","overlay-color":"","overlay-opacity":"","overlay-gradient":""}},"ast-content-background-meta":{"desktop":{"background-color":"var(--ast-global-color-5)","background-image":"","background-repeat":"repeat","background-position":"center center","background-size":"auto","background-attachment":"scroll","background-type":"","background-media":"","overlay-type":"","overlay-color":"","overlay-opacity":"","overlay-gradient":""},"tablet":{"background-color":"var(--ast-global-color-5)","background-image":"","background-repeat":"repeat","background-position":"center center","background-size":"auto","background-attachment":"scroll","background-type":"","background-media":"","overlay-type":"","overlay-color":"","overlay-opacity":"","overlay-gradient":""},"mobile":{"background-color":"var(--ast-global-color-5)","background-image":"","background-repeat":"repeat","background-position":"center center","background-size":"auto","background-attachment":"scroll","background-type":"","background-media":"","overlay-type":"","overlay-color":"","overlay-opacity":"","overlay-gradient":""}},"footnotes":""},"categories":[8],"tags":[47051,47052,30135],"class_list":["post-118225","post","type-post","status-publish","format-standard","has-post-thumbnail","hentry","category-noticias","tag-sinaloa-carteles","tag-trump-sinaloa","tag-violencia-sinaloa"],"_links":{"self":[{"href":"https:\/\/losperiodistas.com.mx\/portal\/wp-json\/wp\/v2\/posts\/118225","targetHints":{"allow":["GET"]}}],"collection":[{"href":"https:\/\/losperiodistas.com.mx\/portal\/wp-json\/wp\/v2\/posts"}],"about":[{"href":"https:\/\/losperiodistas.com.mx\/portal\/wp-json\/wp\/v2\/types\/post"}],"author":[{"embeddable":true,"href":"https:\/\/losperiodistas.com.mx\/portal\/wp-json\/wp\/v2\/users\/1"}],"replies":[{"embeddable":true,"href":"https:\/\/losperiodistas.com.mx\/portal\/wp-json\/wp\/v2\/comments?post=118225"}],"version-history":[{"count":1,"href":"https:\/\/losperiodistas.com.mx\/portal\/wp-json\/wp\/v2\/posts\/118225\/revisions"}],"predecessor-version":[{"id":118232,"href":"https:\/\/losperiodistas.com.mx\/portal\/wp-json\/wp\/v2\/posts\/118225\/revisions\/118232"}],"wp:featuredmedia":[{"embeddable":true,"href":"https:\/\/losperiodistas.com.mx\/portal\/wp-json\/wp\/v2\/media\/118226"}],"wp:attachment":[{"href":"https:\/\/losperiodistas.com.mx\/portal\/wp-json\/wp\/v2\/media?parent=118225"}],"wp:term":[{"taxonomy":"category","embeddable":true,"href":"https:\/\/losperiodistas.com.mx\/portal\/wp-json\/wp\/v2\/categories?post=118225"},{"taxonomy":"post_tag","embeddable":true,"href":"https:\/\/losperiodistas.com.mx\/portal\/wp-json\/wp\/v2\/tags?post=118225"}],"curies":[{"name":"wp","href":"https:\/\/api.w.org\/{rel}","templated":true}]}}