{"id":118222,"date":"2026-03-11T08:25:58","date_gmt":"2026-03-11T14:25:58","guid":{"rendered":"https:\/\/losperiodistas.com.mx\/portal\/?p=118222"},"modified":"2026-03-11T08:26:00","modified_gmt":"2026-03-11T14:26:00","slug":"el-vaticano-saca-a-la-luz-un-redentor-inedito-de-el-greco-oculto-bajo-una-falsificacion-la-vanguardia","status":"publish","type":"post","link":"https:\/\/losperiodistas.com.mx\/portal\/el-vaticano-saca-a-la-luz-un-redentor-inedito-de-el-greco-oculto-bajo-una-falsificacion-la-vanguardia\/","title":{"rendered":"El Vaticano saca a la luz un &#8216;Redentor&#8217; in\u00e9dito de El Greco oculto bajo una falsificaci\u00f3n | La Vanguardia"},"content":{"rendered":"\n<p class=\"has-luminous-vivid-amber-background-color has-background has-medium-font-size\">Los Museos Vaticanos expondr\u00e1n el pr\u00f3ximo s\u00e1bado 14 de marzo la pintura dentro de la muestra &#8216;El Greco al espejo. Dos pinturas frente a frente&#8217;, que se podr\u00e1 ver en Castel Gandolfo<\/p>\n\n\n\n<figure class=\"wp-block-image size-full\"><img fetchpriority=\"high\" decoding=\"async\" width=\"936\" height=\"458\" src=\"https:\/\/losperiodistas.com.mx\/portal\/wp-content\/uploads\/2026\/03\/5fa2f859977c7.r_d.490-398-9435.jpeg\" alt=\"\" class=\"wp-image-118223\" srcset=\"https:\/\/losperiodistas.com.mx\/portal\/wp-content\/uploads\/2026\/03\/5fa2f859977c7.r_d.490-398-9435.jpeg 936w, https:\/\/losperiodistas.com.mx\/portal\/wp-content\/uploads\/2026\/03\/5fa2f859977c7.r_d.490-398-9435-300x147.jpeg 300w, https:\/\/losperiodistas.com.mx\/portal\/wp-content\/uploads\/2026\/03\/5fa2f859977c7.r_d.490-398-9435-768x376.jpeg 768w\" sizes=\"(max-width: 936px) 100vw, 936px\" \/><figcaption class=\"wp-element-caption\">Vista de la galer\u00eda Alejandro VII del Palacio Apost\u00f3lico de Castel Gandolfo, espacio en el que se ver\u00e1 al &#8216;Redentor&#8217; de El Greco por primera vez | EFE<\/figcaption><\/figure>\n\n\n\n<p class=\"has-vivid-red-color has-text-color has-link-color has-medium-font-size wp-elements-2f9fcd07f20beceb8a2a2bb4cdc4b6f4\"><strong>Agencias \/ La Vanguardia<\/strong><\/p>\n\n\n\n<p>Los Museos Vaticanos expondr\u00e1n el pr\u00f3ximo s\u00e1bado 14 de marzo un&nbsp;<em>Redentor&nbsp;<\/em>in\u00e9dito de El Greco que hab\u00eda permanecido oculto durante d\u00e9cadas bajo una falsificaci\u00f3n. La pintura se podr\u00e1 ver en el Palacio Papal de Castel Gandolfo dentro de la muestra<em>&nbsp;El Greco al espejo. Dos pinturas frente a frente<\/em>.<\/p>\n\n\n\n<p>Seg\u00fan han informado los Museos Vaticanos en un comunicado, la exposici\u00f3n, comisariada por Fabrizio Biferali, presenta este peque\u00f1o \u00f3leo sobre tabla (45 x 29 cm), realizado hacia 1590-1595 y conservado en la Sala de los Embajadores del Apartamento Pontificio de Audiencias del Palacio Apost\u00f3lico Vaticano.<\/p>\n\n\n\n<h2 class=\"wp-block-heading\"><\/h2>\n\n\n\n<h3 class=\"wp-block-heading\">Un falsificador ocult\u00f3 las capas originales redibujando la imagen de Cristo<\/h3>\n\n\n\n<p>La obra proced\u00eda de la colecci\u00f3n del intelectual y pol\u00edtico cat\u00f3lico espa\u00f1ol Jos\u00e9 S\u00e1nchez de Muni\u00e1in, que la don\u00f3 a Pablo VI en 1967, pero su falta de estudios y su car\u00e1cter inacabado favorecieron que sufriera un importante deterioro y que en los a\u00f1os sesenta del siglo XX fuera repintada por un falsificador, que ocult\u00f3 las capas originales al redibujar de forma somera la imagen de Cristo.<\/p>\n\n\n\n<figure class=\"wp-block-image\"><img decoding=\"async\" src=\"https:\/\/www.lavanguardia.com\/files\/content_image_mobile_filter\/uploads\/2025\/07\/18\/687a6fe393e94.jpeg\" alt=\"Vista exterior del Palacio Apost\u00f3lico Vaticano\"\/><figcaption class=\"wp-element-caption\">Vista exterior del Palacio Apost\u00f3lico VaticanoTiziana Fabi \/ Ap-LaPresse<\/figcaption><\/figure>\n\n\n\n<p>El&nbsp;<em>Redentor<\/em>&nbsp;ha sido restaurado recientemente en el Laboratorio de Restauraci\u00f3n de Pintura y Materiales Lignarios de los Museos Vaticanos, dirigido por Paolo Violini, en una intervenci\u00f3n realizada por la restauradora Alessandra Zarelli y acompa\u00f1ada de an\u00e1lisis cient\u00edficos del Gabinete de Investigaciones Cient\u00edficas, a cargo de Fabio Morresi.<\/p>\n\n\n\n<h2 class=\"wp-block-heading\"><\/h2>\n\n\n\n<h3 class=\"wp-block-heading\">La exposici\u00f3n de las dos pinturas pretende ser un homenaje al Pont\u00edfice Le\u00f3n XIV<\/h3>\n\n\n\n<p>Estos trabajos han permitido descubrir bajo la superficie un aut\u00e9ntico palimpsesto pict\u00f3rico, con dos estratos subyacentes que contienen esbozos de otras dos obras de El Greco, y recuperar cuidadosamente las capas originales, confirmando la plena autor\u00eda del maestro cretense.<\/p>\n\n\n\n<p>En Castel Gandolfo, el&nbsp;<em>Redentor&nbsp;<\/em>se mostrar\u00e1 junto a una peque\u00f1a t\u00e9mpera sobre tabla (28 x 20 cm) con San Francisco, procedente de la Fundaci\u00f3n A. y M.A. Pagliara de la Universidad Suor Orsola Benincasa, un capolavoro juvenil de alrededor de 1570, cuando El Greco ya hab\u00eda pasado por los talleres venecianos de Tiziano y Tintoretto.<\/p>\n\n\n\n<figure class=\"wp-block-image\"><img decoding=\"async\" src=\"https:\/\/www.lavanguardia.com\/files\/image_80_83\/files\/fp\/uploads\/2025\/09\/16\/68c96240531d9.r_d.1920-1280.jpeg\" alt=\"Lecciones del Renacimiento para el siglo XXI\"\/><\/figure>\n\n\n\n<p>Lee tambi\u00e9n<\/p>\n\n\n\n<h2 class=\"wp-block-heading\"><a href=\"https:\/\/www.lavanguardia.com\/participacion\/red-lectores\/20260130\/11451552\/lecciones-renacimiento-siglo-xxi.html\">Lecciones del Renacimiento para el siglo XXI<\/a><\/h2>\n\n\n\n<p>Joaqu\u00edn Callabed<\/p>\n\n\n\n<p>La exposici\u00f3n de las dos pinturas pretende ser un homenaje al pont\u00edfice Le\u00f3n XIV, en el a\u00f1o del octavo centenario de la muerte de San Francisco de As\u00eds. Al t\u00e9rmino de la inauguraci\u00f3n tendr\u00e1 lugar el primer concierto de la temporada 2026 del ciclo&nbsp;<em>M\u00fasica en los Museos<\/em>.<\/p>\n\n\n\n<p>Fuente: <a href=\"https:\/\/www.lavanguardia.com\/cultura\/20260310\/11486434\/vaticano-saca-luz-redentor-inedito-greco-oculto-falsificacion.html\">https:\/\/www.lavanguardia.com\/cultura\/20260310\/11486434\/vaticano-saca-luz-redentor-inedito-greco-oculto-falsificacion.html<\/a><\/p>\n","protected":false},"excerpt":{"rendered":"<p>Los Museos Vaticanos expondr\u00e1n el pr\u00f3ximo s\u00e1bado 14 de marzo la pintura dentro de la muestra &#8216;El Greco al espejo. [&hellip;]<\/p>\n","protected":false},"author":1,"featured_media":118223,"comment_status":"open","ping_status":"open","sticky":false,"template":"","format":"standard","meta":{"site-sidebar-layout":"default","site-content-layout":"","ast-site-content-layout":"default","site-content-style":"default","site-sidebar-style":"default","ast-global-header-display":"","ast-banner-title-visibility":"","ast-main-header-display":"","ast-hfb-above-header-display":"","ast-hfb-below-header-display":"","ast-hfb-mobile-header-display":"","site-post-title":"","ast-breadcrumbs-content":"","ast-featured-img":"","footer-sml-layout":"","theme-transparent-header-meta":"","adv-header-id-meta":"","stick-header-meta":"","header-above-stick-meta":"","header-main-stick-meta":"","header-below-stick-meta":"","astra-migrate-meta-layouts":"default","ast-page-background-enabled":"default","ast-page-background-meta":{"desktop":{"background-color":"var(--ast-global-color-4)","background-image":"","background-repeat":"repeat","background-position":"center center","background-size":"auto","background-attachment":"scroll","background-type":"","background-media":"","overlay-type":"","overlay-color":"","overlay-opacity":"","overlay-gradient":""},"tablet":{"background-color":"","background-image":"","background-repeat":"repeat","background-position":"center center","background-size":"auto","background-attachment":"scroll","background-type":"","background-media":"","overlay-type":"","overlay-color":"","overlay-opacity":"","overlay-gradient":""},"mobile":{"background-color":"","background-image":"","background-repeat":"repeat","background-position":"center center","background-size":"auto","background-attachment":"scroll","background-type":"","background-media":"","overlay-type":"","overlay-color":"","overlay-opacity":"","overlay-gradient":""}},"ast-content-background-meta":{"desktop":{"background-color":"var(--ast-global-color-5)","background-image":"","background-repeat":"repeat","background-position":"center center","background-size":"auto","background-attachment":"scroll","background-type":"","background-media":"","overlay-type":"","overlay-color":"","overlay-opacity":"","overlay-gradient":""},"tablet":{"background-color":"var(--ast-global-color-5)","background-image":"","background-repeat":"repeat","background-position":"center center","background-size":"auto","background-attachment":"scroll","background-type":"","background-media":"","overlay-type":"","overlay-color":"","overlay-opacity":"","overlay-gradient":""},"mobile":{"background-color":"var(--ast-global-color-5)","background-image":"","background-repeat":"repeat","background-position":"center center","background-size":"auto","background-attachment":"scroll","background-type":"","background-media":"","overlay-type":"","overlay-color":"","overlay-opacity":"","overlay-gradient":""}},"footnotes":""},"categories":[8],"tags":[47050,47048,47049,2370],"class_list":["post-118222","post","type-post","status-publish","format-standard","has-post-thumbnail","hentry","category-noticias","tag-redentor-inedito-de-el-greco","tag-galeria-alejandro-vii","tag-palacio-apostolico-de-castel-gandolfo","tag-vaticano"],"_links":{"self":[{"href":"https:\/\/losperiodistas.com.mx\/portal\/wp-json\/wp\/v2\/posts\/118222","targetHints":{"allow":["GET"]}}],"collection":[{"href":"https:\/\/losperiodistas.com.mx\/portal\/wp-json\/wp\/v2\/posts"}],"about":[{"href":"https:\/\/losperiodistas.com.mx\/portal\/wp-json\/wp\/v2\/types\/post"}],"author":[{"embeddable":true,"href":"https:\/\/losperiodistas.com.mx\/portal\/wp-json\/wp\/v2\/users\/1"}],"replies":[{"embeddable":true,"href":"https:\/\/losperiodistas.com.mx\/portal\/wp-json\/wp\/v2\/comments?post=118222"}],"version-history":[{"count":1,"href":"https:\/\/losperiodistas.com.mx\/portal\/wp-json\/wp\/v2\/posts\/118222\/revisions"}],"predecessor-version":[{"id":118224,"href":"https:\/\/losperiodistas.com.mx\/portal\/wp-json\/wp\/v2\/posts\/118222\/revisions\/118224"}],"wp:featuredmedia":[{"embeddable":true,"href":"https:\/\/losperiodistas.com.mx\/portal\/wp-json\/wp\/v2\/media\/118223"}],"wp:attachment":[{"href":"https:\/\/losperiodistas.com.mx\/portal\/wp-json\/wp\/v2\/media?parent=118222"}],"wp:term":[{"taxonomy":"category","embeddable":true,"href":"https:\/\/losperiodistas.com.mx\/portal\/wp-json\/wp\/v2\/categories?post=118222"},{"taxonomy":"post_tag","embeddable":true,"href":"https:\/\/losperiodistas.com.mx\/portal\/wp-json\/wp\/v2\/tags?post=118222"}],"curies":[{"name":"wp","href":"https:\/\/api.w.org\/{rel}","templated":true}]}}