{"id":11821,"date":"2021-08-19T08:26:10","date_gmt":"2021-08-19T13:26:10","guid":{"rendered":"http:\/\/losperiodistas.com.mx\/portal\/?p=11821"},"modified":"2021-08-19T08:26:11","modified_gmt":"2021-08-19T13:26:11","slug":"la-olvidada-lucha-feminista-de-la-ultima-reina-de-afganistan-asi-ayudo-a-que-el-velo-dejara-de-ser-obligatorio-vanity-fair","status":"publish","type":"post","link":"https:\/\/losperiodistas.com.mx\/portal\/la-olvidada-lucha-feminista-de-la-ultima-reina-de-afganistan-asi-ayudo-a-que-el-velo-dejara-de-ser-obligatorio-vanity-fair\/","title":{"rendered":"La olvidada lucha feminista de la \u00faltima reina de Afganist\u00e1n: as\u00ed ayud\u00f3 a que el velo dejara de ser obligatorio | Vanity Fair"},"content":{"rendered":"\n<p style=\"font-size:18px\"><em>En agosto de 1959, los afganos fueron testigos de una escena muy distinta de la que se vive estos d\u00edas en Kabul: la reina Humaira apareci\u00f3 en p\u00fablico sin chador.<\/em><\/p>\n\n\n\n<figure class=\"wp-block-image size-large\"><img fetchpriority=\"high\" decoding=\"async\" width=\"1019\" height=\"1024\" src=\"https:\/\/losperiodistas.com.mx\/portal\/wp-content\/uploads\/2021\/08\/Captura-de-Pantalla-2021-08-19-a-las-8.20.09-1019x1024.jpg\" alt=\"\" class=\"wp-image-11822\" srcset=\"https:\/\/losperiodistas.com.mx\/portal\/wp-content\/uploads\/2021\/08\/Captura-de-Pantalla-2021-08-19-a-las-8.20.09-1019x1024.jpg 1019w, https:\/\/losperiodistas.com.mx\/portal\/wp-content\/uploads\/2021\/08\/Captura-de-Pantalla-2021-08-19-a-las-8.20.09-300x300.jpg 300w, https:\/\/losperiodistas.com.mx\/portal\/wp-content\/uploads\/2021\/08\/Captura-de-Pantalla-2021-08-19-a-las-8.20.09-150x150.jpg 150w, https:\/\/losperiodistas.com.mx\/portal\/wp-content\/uploads\/2021\/08\/Captura-de-Pantalla-2021-08-19-a-las-8.20.09-768x772.jpg 768w, https:\/\/losperiodistas.com.mx\/portal\/wp-content\/uploads\/2021\/08\/Captura-de-Pantalla-2021-08-19-a-las-8.20.09.jpg 1308w\" sizes=\"(max-width: 1019px) 100vw, 1019px\" \/><figcaption><em>Zahir Shah, \u00faltimo rey de Afghanistan, con su mujer, la reina Humaira, su hija, la princesa Bilqis, y su perro en su palacio de Kabul. 1972<\/em>. GETTY<\/figcaption><\/figure>\n\n\n\n<p class=\"has-vivid-cyan-blue-color has-text-color has-medium-font-size\">G.P. \/ VANITY FAIR<\/p>\n\n\n\n<p>En Afganist\u00e1n el progreso se parece a una flor prensada entre las p\u00e1ginas de un libro de historia. Especialmente para las mujeres, el futuro no siempre est\u00e1 a la vuelta de la esquina, sino que puede resultar algo tan antiguo y polvoriento como el recuerdo de un d\u00eda de hace ya m\u00e1s de 60 a\u00f1os. Un d\u00eda ya casi olvidado del que, aunque tengamos que hablar en pasado, parece m\u00e1s acorde con estos tiempos que los vividos esta semana tras la vuelta al poder de los talibanes y la previsible p\u00e9rdida de derechos para las mujeres afganas que acarrear\u00e1 su regreso.<\/p>\n\n\n\n<p>Ocurri\u00f3 un d\u00eda como hoy en agosto de 1959, durante las celebraciones del D\u00eda de la Independencia de Afganist\u00e1n. Al levantar la vista hacia el palco de honor, los asistentes al tradicional desfile militar se encontraron como siempre a los miembros de la familia real afgana. Sin embargo, hab\u00eda una importante diferencia respecto a los a\u00f1os anteriores. Para la sorpresa de todos, ni la\u00a0<strong>reina consorte Humaira<\/strong>\u00a0ni su hija mayor, la\u00a0<strong>princesa Bilqis<\/strong>, iban envueltas en un chador. Una impactante escena que el escritor afgano Tamim Ansary compara en uno de sus libros con la posibilidad de que una primera dama occidental asistiera en\u00a0<em>topless<\/em>\u00a0a la toma de posesi\u00f3n de su marido, y que hoy podr\u00eda considerarse el reverso hist\u00f3rico de esa foto de los talibanes borrando a las modelos de los escaparates de las tiendas de Kabul que ha dado la vuelta al mundo esta semana, pues a partir de entonces muchas mujeres siguieron el ejemplo de su reina y empezaron a ir sin velo por las calles de la capital afgana.<\/p>\n\n\n\n<p>No era la primera muestra del feminismo de la reina Humaira. Apartada de los actos oficiales como su predecesora durante los primeros a\u00f1os del reinado de su marido, la consorte del \u00faltimo rey de Afganist\u00e1n,&nbsp;<strong>Zahir Shah<\/strong>, hab\u00eda empezado a ganar relevancia en la vida p\u00fablica a raiz de los intentos de modernizar el pa\u00eds tras el final de la Segunda Guerra Mundial, asumiendo en 1946 la presidencia de honor de la Asociaci\u00f3n para el Bienestar de la Mujer, una especie de Instituto de la Mujer dedicado a mejorar los derechos de las mujeres del pa\u00eds y su nivel de participaci\u00f3n en la nueva sociedad afgana. Sin embargo, fue tras la llegada al poder en 1953 del&nbsp;<strong>primer ministro Mohammed Daud<\/strong>, primo y cu\u00f1ado del rey Zahir Shah, cuando la reina consorte Humaira adquiri\u00f3 un papel decisivo para la emancipaci\u00f3n femenina.<\/p>\n\n\n\n<p>Al contrario que los m\u00e1s musulmanes m\u00e1s conservadores, Mohammed Daud consideraba que ni el velo ni el\u00a0<em>purdah<\/em>\u00a0(en definitiva, ocultar a las mujeres de los hombres que no son sus parientes) estaban exigidos por el Cor\u00e1n, y convencido de esta idea empez\u00f3 a combatir la obligatoriedad de estas pr\u00e1cticas para las mujeres. Lo hizo con cautelas, impulsando primero la presencia de algunas cantantes y presentadoras en la radio p\u00fablica de Kabul o permitiendo que un grupo de mujeres (con chador) empezara a trabajar en la f\u00e1brica estatal de cer\u00e1micas.<\/p>\n\n\n\n<p>M\u00e1s tarde, al comprobar que estas t\u00edmidas medidas no suscitaban revueltas por parte de los radicales, Daud ide\u00f3 una manera de poner fin a la obligaci\u00f3n de llevar chador sin prohibirlo.<\/p>\n\n\n\n<p>Con la l\u00f3gica de que el ejemplo de la reina Humaira cundir\u00eda entre muchas mujeres afganas, en agosto de 1959 el primer ministro dispuso que tanto la consorte como el resto de mujeres de la familia real de afganist\u00e1n asistieran al desfile del D\u00eda de la Independencia con el rostro descubierto. Tal y como explica Ansary en el libro\u00a0<em>Games without Rules: The Often-Interrupted History of Afghanistan<\/em>, ni el gobierno ni la familia real hab\u00edan anunciado este cambio en la vestimenta de las mujeres antes del desfile, y de ah\u00ed la sorpresa may\u00fascula del p\u00fablico al ver por primera vez con el rostro descubierto a la reina y a la princesa Bilqis, as\u00ed como las posteriores quejas de un grupo de cl\u00e9rigos conservadores, que le enviaron una carta al primer ministro record\u00e1ndole que la ley sharia obligaba a las mujeres vestir el chador.<\/p>\n\n\n\n<p>Mohammed Daud, sin embargo, hizo caso omiso de sus protestas. El primer ministro de Afganist\u00e1n anunci\u00f3 que, si bien cada mujer era libre de hacer lo que quisiera y decidir si ponerse o no el chador, las mujeres de la familia real no usar\u00edan nunca m\u00e1s esta prenda.<\/p>\n\n\n\n<figure class=\"wp-block-image size-large\"><img decoding=\"async\" width=\"797\" height=\"1024\" src=\"https:\/\/losperiodistas.com.mx\/portal\/wp-content\/uploads\/2021\/08\/Captura-de-Pantalla-2021-08-19-a-las-8.22.48-797x1024.jpg\" alt=\"\" class=\"wp-image-11823\" srcset=\"https:\/\/losperiodistas.com.mx\/portal\/wp-content\/uploads\/2021\/08\/Captura-de-Pantalla-2021-08-19-a-las-8.22.48-797x1024.jpg 797w, https:\/\/losperiodistas.com.mx\/portal\/wp-content\/uploads\/2021\/08\/Captura-de-Pantalla-2021-08-19-a-las-8.22.48-234x300.jpg 234w, https:\/\/losperiodistas.com.mx\/portal\/wp-content\/uploads\/2021\/08\/Captura-de-Pantalla-2021-08-19-a-las-8.22.48-768x986.jpg 768w, https:\/\/losperiodistas.com.mx\/portal\/wp-content\/uploads\/2021\/08\/Captura-de-Pantalla-2021-08-19-a-las-8.22.48-1196x1536.jpg 1196w, https:\/\/losperiodistas.com.mx\/portal\/wp-content\/uploads\/2021\/08\/Captura-de-Pantalla-2021-08-19-a-las-8.22.48.jpg 1350w\" sizes=\"(max-width: 797px) 100vw, 797px\" \/><\/figure>\n\n\n\n<p>Las fotograf\u00edas de la \u00e9poca muestran a la reina conosrte Humaira con la cabeza descubierta, vestida con ropa normal mientras acompa\u00f1a al rey en sus encuentros con mandatarios extranjeros como&nbsp;<strong>J.F. Kennedy<\/strong>&nbsp;o&nbsp;<strong>Charles de Gaulle<\/strong>&nbsp;as\u00ed como en otros actos oficiales.<\/p>\n\n\n\n<p>Tal y como hab\u00eda previsto el primer ministro afgano, enseguida muchas mujeres siguieron su ejemplo y dejaron de usar el chador, pase\u00e1ndose con la melena al aire libre por las calles.<\/p>\n\n\n\n<p>La emancipaci\u00f3n femenina fue aceler\u00e1ndose a partir de entonces, y, seg\u00fan explica Ansary en su libro, en los siguientes cinco a\u00f1os los derechos de las mujeres de Afganist\u00e1n experimentaron cinco siglos de evoluci\u00f3n. Las afganas empezaron a ir a la universidad, a trabajar como m\u00e9dicos o profesoras, y a vestir prendas ajustadas al cuerpo. En 1964, la nueva Constituci\u00f3n de Afganist\u00e1n les reconoci\u00f3 los mismos derechos que a los hombres y el sufragio universal, pudiendo postularse a partir de entonces a un cargo con representaci\u00f3n pol\u00edtica.<\/p>\n\n\n\n<figure class=\"wp-block-image\"><img decoding=\"async\" src=\"https:\/\/aws.revistavanityfair.es\/prod\/designs\/v1\/assets\/655x609\/254415.jpg\" alt=\"La reina Humaira durante una visita a Alemania en 1963\" title=\"La reina Humaira durante una visita a Alemania en 1963\"\/><\/figure>\n\n\n\n<p><em>La reina Humaira durante una visita a Alemania en 1963<\/em> GETTY<\/p>\n\n\n\n<p>En 1973, Mohamed Daud dio un golpe de Estado y derroc\u00f3 a su primo el rey para proclamar la rep\u00fablica en Afganist\u00e1n. La familia real tuvo que exiliarse entonces a Italia, pero la marcha de la reina Humaira a este pa\u00eds no detuvo la emancipaci\u00f3n de las mujeres afganas. De esos a\u00f1os de rep\u00fablica datan por ejemplo unas conocidas fotograf\u00edas en las que puede verse en minifalda y zapatos de tac\u00f3n a muchas estudiantes afganas, quienes sin embargo tuvieron que volver al chador tras la toma de Kabul por los talibanes a mediados de los a\u00f1os 90.<\/p>\n\n\n\n<p>Hoy, muchas de esas j\u00f3venes afganas que iban a la Universidad son abuelas con un pasado m\u00e1s progresista que el futuro que por desgracia tienen por delante sus nietas.<\/p>\n\n\n\n<p>Fuente: https:\/\/www.revistavanityfair.es\/realeza\/articulos\/afganistan-ultima-reina-feminismo\/51054<\/p>\n","protected":false},"excerpt":{"rendered":"<p>En agosto de 1959, los afganos fueron testigos de una escena muy distinta de la que se vive estos d\u00edas [&hellip;]<\/p>\n","protected":false},"author":1,"featured_media":11823,"comment_status":"open","ping_status":"open","sticky":false,"template":"","format":"standard","meta":{"site-sidebar-layout":"default","site-content-layout":"","ast-site-content-layout":"default","site-content-style":"default","site-sidebar-style":"default","ast-global-header-display":"","ast-banner-title-visibility":"","ast-main-header-display":"","ast-hfb-above-header-display":"","ast-hfb-below-header-display":"","ast-hfb-mobile-header-display":"","site-post-title":"","ast-breadcrumbs-content":"","ast-featured-img":"","footer-sml-layout":"","theme-transparent-header-meta":"","adv-header-id-meta":"","stick-header-meta":"","header-above-stick-meta":"","header-main-stick-meta":"","header-below-stick-meta":"","astra-migrate-meta-layouts":"default","ast-page-background-enabled":"default","ast-page-background-meta":{"desktop":{"background-color":"var(--ast-global-color-4)","background-image":"","background-repeat":"repeat","background-position":"center center","background-size":"auto","background-attachment":"scroll","background-type":"","background-media":"","overlay-type":"","overlay-color":"","overlay-opacity":"","overlay-gradient":""},"tablet":{"background-color":"","background-image":"","background-repeat":"repeat","background-position":"center center","background-size":"auto","background-attachment":"scroll","background-type":"","background-media":"","overlay-type":"","overlay-color":"","overlay-opacity":"","overlay-gradient":""},"mobile":{"background-color":"","background-image":"","background-repeat":"repeat","background-position":"center center","background-size":"auto","background-attachment":"scroll","background-type":"","background-media":"","overlay-type":"","overlay-color":"","overlay-opacity":"","overlay-gradient":""}},"ast-content-background-meta":{"desktop":{"background-color":"var(--ast-global-color-5)","background-image":"","background-repeat":"repeat","background-position":"center center","background-size":"auto","background-attachment":"scroll","background-type":"","background-media":"","overlay-type":"","overlay-color":"","overlay-opacity":"","overlay-gradient":""},"tablet":{"background-color":"var(--ast-global-color-5)","background-image":"","background-repeat":"repeat","background-position":"center center","background-size":"auto","background-attachment":"scroll","background-type":"","background-media":"","overlay-type":"","overlay-color":"","overlay-opacity":"","overlay-gradient":""},"mobile":{"background-color":"var(--ast-global-color-5)","background-image":"","background-repeat":"repeat","background-position":"center center","background-size":"auto","background-attachment":"scroll","background-type":"","background-media":"","overlay-type":"","overlay-color":"","overlay-opacity":"","overlay-gradient":""}},"footnotes":""},"categories":[8],"tags":[3228,3369,3370],"class_list":["post-11821","post","type-post","status-publish","format-standard","has-post-thumbnail","hentry","category-noticias","tag-afganistan","tag-reina-consorte-humaira","tag-zahir-shah"],"_links":{"self":[{"href":"https:\/\/losperiodistas.com.mx\/portal\/wp-json\/wp\/v2\/posts\/11821","targetHints":{"allow":["GET"]}}],"collection":[{"href":"https:\/\/losperiodistas.com.mx\/portal\/wp-json\/wp\/v2\/posts"}],"about":[{"href":"https:\/\/losperiodistas.com.mx\/portal\/wp-json\/wp\/v2\/types\/post"}],"author":[{"embeddable":true,"href":"https:\/\/losperiodistas.com.mx\/portal\/wp-json\/wp\/v2\/users\/1"}],"replies":[{"embeddable":true,"href":"https:\/\/losperiodistas.com.mx\/portal\/wp-json\/wp\/v2\/comments?post=11821"}],"version-history":[{"count":1,"href":"https:\/\/losperiodistas.com.mx\/portal\/wp-json\/wp\/v2\/posts\/11821\/revisions"}],"predecessor-version":[{"id":11824,"href":"https:\/\/losperiodistas.com.mx\/portal\/wp-json\/wp\/v2\/posts\/11821\/revisions\/11824"}],"wp:featuredmedia":[{"embeddable":true,"href":"https:\/\/losperiodistas.com.mx\/portal\/wp-json\/wp\/v2\/media\/11823"}],"wp:attachment":[{"href":"https:\/\/losperiodistas.com.mx\/portal\/wp-json\/wp\/v2\/media?parent=11821"}],"wp:term":[{"taxonomy":"category","embeddable":true,"href":"https:\/\/losperiodistas.com.mx\/portal\/wp-json\/wp\/v2\/categories?post=11821"},{"taxonomy":"post_tag","embeddable":true,"href":"https:\/\/losperiodistas.com.mx\/portal\/wp-json\/wp\/v2\/tags?post=11821"}],"curies":[{"name":"wp","href":"https:\/\/api.w.org\/{rel}","templated":true}]}}