{"id":11807,"date":"2021-08-19T05:23:15","date_gmt":"2021-08-19T10:23:15","guid":{"rendered":"http:\/\/losperiodistas.com.mx\/portal\/?p=11807"},"modified":"2021-08-19T05:23:17","modified_gmt":"2021-08-19T10:23:17","slug":"lopez-obrador-tendra-un-descanso-de-sus-giras-por-estados-este-fin-de-semana-forbes","status":"publish","type":"post","link":"https:\/\/losperiodistas.com.mx\/portal\/lopez-obrador-tendra-un-descanso-de-sus-giras-por-estados-este-fin-de-semana-forbes\/","title":{"rendered":"L\u00f3pez Obrador tendr\u00e1 un \u2018descanso\u2019 de sus giras por estados este fin de semana | Forbes"},"content":{"rendered":"\n<p style=\"font-size:18px\"><em>Sin explicar el motivo, el presidente Andr\u00e9s Manuel L\u00f3pez Obrador no realizar\u00e1 su habitual gira por los estados del pa\u00eds este fin de semana.<\/em><\/p>\n\n\n\n<figure class=\"wp-block-image size-large\"><img fetchpriority=\"high\" decoding=\"async\" width=\"1024\" height=\"575\" src=\"https:\/\/losperiodistas.com.mx\/portal\/wp-content\/uploads\/2021\/08\/Captura-de-Pantalla-2021-08-19-a-las-5.20.40-1024x575.jpg\" alt=\"\" class=\"wp-image-11808\" srcset=\"https:\/\/losperiodistas.com.mx\/portal\/wp-content\/uploads\/2021\/08\/Captura-de-Pantalla-2021-08-19-a-las-5.20.40-1024x575.jpg 1024w, https:\/\/losperiodistas.com.mx\/portal\/wp-content\/uploads\/2021\/08\/Captura-de-Pantalla-2021-08-19-a-las-5.20.40-300x168.jpg 300w, https:\/\/losperiodistas.com.mx\/portal\/wp-content\/uploads\/2021\/08\/Captura-de-Pantalla-2021-08-19-a-las-5.20.40-768x431.jpg 768w, https:\/\/losperiodistas.com.mx\/portal\/wp-content\/uploads\/2021\/08\/Captura-de-Pantalla-2021-08-19-a-las-5.20.40-1536x863.jpg 1536w, https:\/\/losperiodistas.com.mx\/portal\/wp-content\/uploads\/2021\/08\/Captura-de-Pantalla-2021-08-19-a-las-5.20.40.jpg 1720w\" sizes=\"(max-width: 1024px) 100vw, 1024px\" \/><\/figure>\n\n\n\n<p class=\"has-vivid-cyan-blue-color has-text-color has-medium-font-size\">EMMANUEL CARRILLO \/ FORBES<\/p>\n\n\n\n<p>Sin que haya un motivo, el presidente Andr\u00e9s Manuel L\u00f3pez Obrador no tendr\u00e1 actividades oficiales por los estados del pa\u00eds este fin de semana.<\/p>\n\n\n\n<p>De acuerdo con la agenda difundida por la Coordinaci\u00f3n de Giras Presidenciales, el mandatario federal no tendr\u00e1 ning\u00fan viaje el s\u00e1bado 21 de agosto ni el domingo 22 de agosto.<\/p>\n\n\n\n<p>Se trata de la primera vez, en lo que va del sexenio, que el mandatario federal decide no recorrer el pa\u00eds sin tener una raz\u00f3n en especifico.<\/p>\n\n\n\n<p>Desde que inici\u00f3 su mandato, el primer mandatario de M\u00e9xico afirm\u00f3 que sus jornadas de trabajo ser\u00edan de 16 horas diarias y todos los d\u00edas de la semana.<\/p>\n\n\n\n<p>Esto, ya que, justific\u00f3, de trabajar 8 horas diarias y cinco d\u00edas a la semana ser\u00edan insuficientes para concretar la Cuarta Transformaci\u00f3n.<\/p>\n\n\n\n<p>Cabe se\u00f1alar, que el jefe del Ejecutivo federal s\u00f3lo ha suspendido sus giras al interior del pa\u00eds y sus conferencias matutinas durante los d\u00edas santos, navidad y a\u00f1o nuevo o cuando emitir\u00e1 un mensaje a la naci\u00f3n con motivo de sus informes al pueblo.<\/p>\n\n\n\n<p>De acuerdo con fuentes consultadas por&nbsp;<strong><em>Forbes M\u00e9xico&nbsp;<\/em><\/strong>al interior de la Presidencia de la Rep\u00fablica refieren que el tabasque\u00f1o decidi\u00f3 descansar este fin de semana luego de poco m\u00e1s de un mes de giras \u201cextenuantes\u201d.<\/p>\n\n\n\n<p>Por ejemplo, hace un m\u00e1s de un mes, el presidente de la Rep\u00fablica comenz\u00f3 un nuevo programa dentro de sus giras en las que una vez por semana, generalmente los lunes, realizar\u00eda una conferencia de prensa desde el interior de la Rep\u00fablica.<\/p>\n\n\n\n<p>La primera gira de este tipo fue la de la semana del 9 al 12 de julio donde el mandatario federal visit\u00f3 Quintana Roo, Yucat\u00e1n, Campeche, Chiapas, Tabasco.<\/p>\n\n\n\n<p>El lunes 12 de julio donde encabez\u00f3 la reuni\u00f3n de seguridad de su gabinete y rueda de prensa desde Villahermosa, Tabasco.<\/p>\n\n\n\n<p>El siguiente fin de semana, que comprendi\u00f3 del 16 de julio al 19 de julio, el jefe del Ejecutivo federal visit\u00f3 diversos municipios de Guerrero donde evalu\u00f3 avances de obras, conmemor\u00f3 el aniversario luctuoso de Benito Ju\u00e1rez y los programas del bienestar.<\/p>\n\n\n\n<p>Tambi\u00e9n, se reuni\u00f3 con Evelyn Salgado, quien es la gobernadora electa de Guerrero.<\/p>\n\n\n\n<p>La conferencia de prensa matutina se llev\u00f3 a cabo el lunes 19 de julio desde Acapulco.<\/p>\n\n\n\n<p>Una de las m\u00e1s complicadas por su itinerario fue la programada del 30 de julio al 2 de agosto, en plena consulta popular, donde L\u00f3pez Obrador tuvo reuni\u00f3n de gabinete de seguridad y conferencia de prensa en Culiac\u00e1n, Sinaloa y despu\u00e9s visit\u00f3 Tamazula, en Durango.<\/p>\n\n\n\n<p><em><a href=\"http:\/\/bit.ly\/2smr5VR\" target=\"_blank\" rel=\"noreferrer noopener\">S\u00edguenos en Google Noticias para mantenerte siempre informado<\/a><\/em><\/p>\n\n\n\n<p>Durante el s\u00e1bado y domingo, el mandatario federal visit\u00f3 municipios de Sinaloa y Nayarit para evaluar avances de obras e inaugurar cuarteles de la Guardia Nacional para despu\u00e9s viajar a Puerto Vallarta, Jalisco, para encabezar su conferencia matutina el 2 de agosto.<\/p>\n\n\n\n<p>La siguiente semana del 6 al 8 de agosto, el tabasque\u00f1o tuvo actividades desde San Jos\u00e9 del Cabo en Baja California Sur, Colima y Chihuahua.<\/p>\n\n\n\n<p>El fin de semana pasado, el mandatario federal s\u00f3lo visit\u00f3 Jalisco, para negociar la puesta en marcha de la presa \u201cEl Zapotillo\u201d y Torre\u00f3n, Coahuila, para evaluar el programa \u201cAgua saludable para la Laguna\u201d.<\/p>\n\n\n\n<p>El lunes, durante su conferencia de prensa en Palacio Nacional, L\u00f3pez Obrador hizo alusi\u00f3n a una fotograf\u00eda que le fue tomada en Torre\u00f3n donde se le ve con semblante cansando.<\/p>\n\n\n\n<p>Al respecto, el mandatario federal afirm\u00f3 que \u201cest\u00e1 chocheando\u201d por lo que es ocioso pensar que buscar\u00eda la reelecci\u00f3n.<\/p>\n\n\n\n<p>\u201cAh, tambi\u00e9n, si la gente dice que yo me quede, entonces mal\u00e9volamente estoy pensando en la reelecci\u00f3n, que entonces voy a salir fortalecido y me voy a reelegir. \u00bfQu\u00e9 no vieron una foto que public\u00f3 ayer L\u00f3pez-D\u00f3riga donde ya estoy as\u00ed, \u2018chocheando\u2019?, \u00bfc\u00f3mo voy a estar pensando en la reelecci\u00f3n? Primero mis principios, mis ideales, no soy como ellos. El conservadurismo es autoritario, fascistoides, en todos lados\u201d, declar\u00f3 L\u00f3pez Obrador.<\/p>\n\n\n\n<p>Fuente: https:\/\/www.forbes.com.mx\/lopez-obrador-tendra-un-descanso-de-sus-giras-por-estados-este-fin-de-semana\/<\/p>\n","protected":false},"excerpt":{"rendered":"<p>Sin explicar el motivo, el presidente Andr\u00e9s Manuel L\u00f3pez Obrador no realizar\u00e1 su habitual gira por los estados del pa\u00eds [&hellip;]<\/p>\n","protected":false},"author":1,"featured_media":11808,"comment_status":"open","ping_status":"open","sticky":false,"template":"","format":"standard","meta":{"site-sidebar-layout":"default","site-content-layout":"","ast-site-content-layout":"default","site-content-style":"default","site-sidebar-style":"default","ast-global-header-display":"","ast-banner-title-visibility":"","ast-main-header-display":"","ast-hfb-above-header-display":"","ast-hfb-below-header-display":"","ast-hfb-mobile-header-display":"","site-post-title":"","ast-breadcrumbs-content":"","ast-featured-img":"","footer-sml-layout":"","theme-transparent-header-meta":"","adv-header-id-meta":"","stick-header-meta":"","header-above-stick-meta":"","header-main-stick-meta":"","header-below-stick-meta":"","astra-migrate-meta-layouts":"default","ast-page-background-enabled":"default","ast-page-background-meta":{"desktop":{"background-color":"var(--ast-global-color-4)","background-image":"","background-repeat":"repeat","background-position":"center center","background-size":"auto","background-attachment":"scroll","background-type":"","background-media":"","overlay-type":"","overlay-color":"","overlay-opacity":"","overlay-gradient":""},"tablet":{"background-color":"","background-image":"","background-repeat":"repeat","background-position":"center center","background-size":"auto","background-attachment":"scroll","background-type":"","background-media":"","overlay-type":"","overlay-color":"","overlay-opacity":"","overlay-gradient":""},"mobile":{"background-color":"","background-image":"","background-repeat":"repeat","background-position":"center center","background-size":"auto","background-attachment":"scroll","background-type":"","background-media":"","overlay-type":"","overlay-color":"","overlay-opacity":"","overlay-gradient":""}},"ast-content-background-meta":{"desktop":{"background-color":"var(--ast-global-color-5)","background-image":"","background-repeat":"repeat","background-position":"center center","background-size":"auto","background-attachment":"scroll","background-type":"","background-media":"","overlay-type":"","overlay-color":"","overlay-opacity":"","overlay-gradient":""},"tablet":{"background-color":"var(--ast-global-color-5)","background-image":"","background-repeat":"repeat","background-position":"center center","background-size":"auto","background-attachment":"scroll","background-type":"","background-media":"","overlay-type":"","overlay-color":"","overlay-opacity":"","overlay-gradient":""},"mobile":{"background-color":"var(--ast-global-color-5)","background-image":"","background-repeat":"repeat","background-position":"center center","background-size":"auto","background-attachment":"scroll","background-type":"","background-media":"","overlay-type":"","overlay-color":"","overlay-opacity":"","overlay-gradient":""}},"footnotes":""},"categories":[8],"tags":[199,3365],"class_list":["post-11807","post","type-post","status-publish","format-standard","has-post-thumbnail","hentry","category-noticias","tag-amlo","tag-giras-presidenciales"],"_links":{"self":[{"href":"https:\/\/losperiodistas.com.mx\/portal\/wp-json\/wp\/v2\/posts\/11807","targetHints":{"allow":["GET"]}}],"collection":[{"href":"https:\/\/losperiodistas.com.mx\/portal\/wp-json\/wp\/v2\/posts"}],"about":[{"href":"https:\/\/losperiodistas.com.mx\/portal\/wp-json\/wp\/v2\/types\/post"}],"author":[{"embeddable":true,"href":"https:\/\/losperiodistas.com.mx\/portal\/wp-json\/wp\/v2\/users\/1"}],"replies":[{"embeddable":true,"href":"https:\/\/losperiodistas.com.mx\/portal\/wp-json\/wp\/v2\/comments?post=11807"}],"version-history":[{"count":1,"href":"https:\/\/losperiodistas.com.mx\/portal\/wp-json\/wp\/v2\/posts\/11807\/revisions"}],"predecessor-version":[{"id":11809,"href":"https:\/\/losperiodistas.com.mx\/portal\/wp-json\/wp\/v2\/posts\/11807\/revisions\/11809"}],"wp:featuredmedia":[{"embeddable":true,"href":"https:\/\/losperiodistas.com.mx\/portal\/wp-json\/wp\/v2\/media\/11808"}],"wp:attachment":[{"href":"https:\/\/losperiodistas.com.mx\/portal\/wp-json\/wp\/v2\/media?parent=11807"}],"wp:term":[{"taxonomy":"category","embeddable":true,"href":"https:\/\/losperiodistas.com.mx\/portal\/wp-json\/wp\/v2\/categories?post=11807"},{"taxonomy":"post_tag","embeddable":true,"href":"https:\/\/losperiodistas.com.mx\/portal\/wp-json\/wp\/v2\/tags?post=11807"}],"curies":[{"name":"wp","href":"https:\/\/api.w.org\/{rel}","templated":true}]}}