{"id":11803,"date":"2021-08-19T05:17:36","date_gmt":"2021-08-19T10:17:36","guid":{"rendered":"http:\/\/losperiodistas.com.mx\/portal\/?p=11803"},"modified":"2021-08-19T05:17:38","modified_gmt":"2021-08-19T10:17:38","slug":"ops-recomienda-regreso-a-clases-presenciales-bajo-analisis-regional-en-mexico-el-economista","status":"publish","type":"post","link":"https:\/\/losperiodistas.com.mx\/portal\/ops-recomienda-regreso-a-clases-presenciales-bajo-analisis-regional-en-mexico-el-economista\/","title":{"rendered":"OPS recomienda regreso a clases presenciales bajo an\u00e1lisis regional en M\u00e9xico | El Economista"},"content":{"rendered":"\n<p style=\"font-size:18px\"><em>Las autoridades federales han llamado a que el pr\u00f3ximo nuevo ciclo escolar, que dar\u00e1 inicio de pr\u00f3ximo 30 de agosto, sea de manera presencial y voluntario, luego de a\u00f1o y medio de llevar a cabo clases a distancia.<\/em><\/p>\n\n\n\n<figure class=\"wp-block-image size-large\"><img fetchpriority=\"high\" decoding=\"async\" width=\"1024\" height=\"577\" src=\"https:\/\/losperiodistas.com.mx\/portal\/wp-content\/uploads\/2021\/08\/Captura-de-Pantalla-2021-08-19-a-las-5.16.42-1024x577.jpg\" alt=\"\" class=\"wp-image-11805\" srcset=\"https:\/\/losperiodistas.com.mx\/portal\/wp-content\/uploads\/2021\/08\/Captura-de-Pantalla-2021-08-19-a-las-5.16.42-1024x577.jpg 1024w, https:\/\/losperiodistas.com.mx\/portal\/wp-content\/uploads\/2021\/08\/Captura-de-Pantalla-2021-08-19-a-las-5.16.42-300x169.jpg 300w, https:\/\/losperiodistas.com.mx\/portal\/wp-content\/uploads\/2021\/08\/Captura-de-Pantalla-2021-08-19-a-las-5.16.42-768x432.jpg 768w, https:\/\/losperiodistas.com.mx\/portal\/wp-content\/uploads\/2021\/08\/Captura-de-Pantalla-2021-08-19-a-las-5.16.42.jpg 1524w\" sizes=\"(max-width: 1024px) 100vw, 1024px\" \/><\/figure>\n\n\n\n<p class=\"has-vivid-cyan-blue-color has-text-color has-medium-font-size\">MARITZA P\u00c9REZ \/ EL ECONOMISTA<\/p>\n\n\n\n<p>La&nbsp;<strong>Organizaci\u00f3n Panamericana de la Salud&nbsp;<\/strong>(OPS) recomend\u00f3 a M\u00e9xico que&nbsp;<a href=\"https:\/\/www.eleconomista.com.mx\/politica\/Es-el-peor-momento-para-regresar-a-clases-presenciales-advierten-exsecretarios-de-Salud-20210818-0103.html\" target=\"_blank\" rel=\"noreferrer noopener\">el pr\u00f3ximo&nbsp;<strong>regreso a clases presenciales<\/strong><\/a>&nbsp;sea bajo un an\u00e1lisis regional, considerando la situaci\u00f3n de cada escuela, m\u00e1s no generalizado, ello para evitar riesgos de contagios en las aulas.<\/p>\n\n\n\n<p>\u201cLa reapertura de escuelas no puede ser una reapertura generalizada. Debe estar basada en una evaluaci\u00f3n de riesgo local, la situaci\u00f3n epidemiol\u00f3gica, la capacidad de respuesta, la disponibilidad de los servicios de salud y las condiciones propias de los centros educativos en todos los niveles\u201d, advirti\u00f3&nbsp;<strong>Ciro Ugarte<\/strong>, director de&nbsp;<strong>Emergencias en Salud<\/strong>&nbsp;de la organizaci\u00f3n.<\/p>\n\n\n\n<p>El directivo de la OPS destac\u00f3, en conferencia de prensa sobre la situaci\u00f3n de la<strong>&nbsp;Covid-19<\/strong>, que tambi\u00e9n se debe tomar en cuenta diversas circunstancias de los estudiantes, las cuales pueden ser focos de infecci\u00f3n del virus, como \u201cel lugar de residencia de los estudiantes y considerando los medios de transporte para llegar a los centros educativos y retornar a sus domicilios\u201d, declar\u00f3.<\/p>\n\n\n\n<p>Asimismo, subray\u00f3 que es muy importante implementar mecanismos eficientes o mejorar los mecanismos para la notificaci\u00f3n inmediata de los s\u00edntomas, que pudieran aparecer en los centros educativos, al tiempo que agreg\u00f3 que a pesar de que la vacunaci\u00f3n en M\u00e9xico ha tenido un importante avance, no hay una protecci\u00f3n suficiente para reducir la transmisi\u00f3n del virus.<\/p>\n\n\n\n<p>Adem\u00e1s, destac\u00f3 que en M\u00e9xico la propagaci\u00f3n de la&nbsp;<strong>variante Delta<\/strong>&nbsp;es alta, representando m\u00e1s del 92% de las cepas circulantes en el pa\u00eds y que a pesar de que el gobierno de nuestro pa\u00eds no ha informado sobre alguna fecha para comenzar a vacunar a los menores de edad, ya se est\u00e1 analizando el tema, y la decisi\u00f3n ser\u00eda tomada pronto.<\/p>\n\n\n\n<p>\u00abActualmente la variante Delta representa m\u00e1s del 92% de las cepas circulantes en el pa\u00eds y esta variante de preocupaci\u00f3n se caracteriza por mayor transmisibilidad y afecta tambi\u00e9n a categor\u00edas de grupos poblacionales m\u00e1s j\u00f3venes; incluyendo&nbsp;<a href=\"https:\/\/www.eleconomista.com.mx\/politica\/No-existe-riesgo-cero-de-contagio-expertos-20210817-0011.html\" target=\"_blank\" rel=\"noreferrer noopener\">adultos j\u00f3venes, adolescentes y ni\u00f1os en proporciones m\u00e1s elevadas que las otras variantes<\/a>\u00ab, alert\u00f3 Ciro Ugarte.<\/p>\n\n\n\n<p>Sobre el tema,&nbsp;<strong>Carissa F. Etienne<\/strong>, directora de la OPS, detall\u00f3 que m\u00e1s de la mitad de M\u00e9xico presenta un alto contagio del virus, impulsado por la variante Delta, aunado a que m\u00e1s de dos terceras partes de los estados presentan un alto riesgo o cr\u00edtico a medida que los hospitales se llenan con pacientes que sufren de Covid-19.<\/p>\n\n\n\n<p>Cabe se\u00f1ar que las autoridades federales han llamado a que el pr\u00f3ximo nuevo ciclo escolar, que dar\u00e1 inicio de pr\u00f3ximo 30 de agosto, sea de manera presencial y voluntario, luego de a\u00f1o y medio de llevar a cabo clases a distancia.<\/p>\n\n\n\n<h2 class=\"wp-block-heading\">SEP y Unicef plantean protocolos para el regreso a las escuelas<\/h2>\n\n\n\n<p>La titular de la&nbsp;<strong>Secretar\u00eda de Educaci\u00f3n P\u00fablica<\/strong>&nbsp;(<strong>SEP<\/strong>),&nbsp;<strong>Delfina G\u00f3mez \u00c1lvarez<\/strong>, y el representante del&nbsp;<strong>Fondo de las Naciones Unidas para la Infancia<\/strong>&nbsp;(<strong>Unicef<\/strong>),&nbsp;<strong>Luis Fernando Carrera Castro<\/strong>, acordaron establecer un equipo de trabajo para fortalecer protocolos y lineamientos del sector para el regreso a las actividades escolares presenciales del Ciclo Escolar 2021-2022.<\/p>\n\n\n\n<p>Se dijo que el equipo de trabajo evaluar\u00e1 aspectos t\u00e9cnicos pedag\u00f3gicos, revisar\u00e1 protocolos sanitarios, desarrollar\u00e1 un modelo de comunicaci\u00f3n intersectorial y establecer\u00e1 un sistema de informaci\u00f3n.<\/p>\n\n\n\n<p>\u201cEste proceso, coincidieron los representantes de la SEP y Unicef, dar\u00e1 certidumbre a la poblaci\u00f3n sobre la viabilidad del regreso a los planteles escolares, y la seguridad de estudiantes, docentes, madres, padres de familia y tutores durante el proceso\u201d, se\u00f1al\u00f3 la SEP.<\/p>\n\n\n\n<p>Mientras que el representante de Unicef alert\u00f3 sobre la urgencia de regresar a las escuelas y atender a toda una generaci\u00f3n de estudiantes que est\u00e1 en riesgo de perder un proceso de desarrollo personal y educativo, pues asegur\u00f3 que alumnas y alumnos necesitan dar continuidad a sus aprendizajes y recuperar un espacio de socializaci\u00f3n, juego y convivencia.<\/p>\n\n\n\n<p>Fuente: https:\/\/www.eleconomista.com.mx\/politica\/OPS-recomienda-regreso-a-clases-presenciales-bajo-analisis-regional-en-Mexico-20210818-0109.html<\/p>\n","protected":false},"excerpt":{"rendered":"<p>Las autoridades federales han llamado a que el pr\u00f3ximo nuevo ciclo escolar, que dar\u00e1 inicio de pr\u00f3ximo 30 de agosto, [&hellip;]<\/p>\n","protected":false},"author":1,"featured_media":11805,"comment_status":"open","ping_status":"open","sticky":false,"template":"","format":"standard","meta":{"site-sidebar-layout":"default","site-content-layout":"","ast-site-content-layout":"default","site-content-style":"default","site-sidebar-style":"default","ast-global-header-display":"","ast-banner-title-visibility":"","ast-main-header-display":"","ast-hfb-above-header-display":"","ast-hfb-below-header-display":"","ast-hfb-mobile-header-display":"","site-post-title":"","ast-breadcrumbs-content":"","ast-featured-img":"","footer-sml-layout":"","theme-transparent-header-meta":"","adv-header-id-meta":"","stick-header-meta":"","header-above-stick-meta":"","header-main-stick-meta":"","header-below-stick-meta":"","astra-migrate-meta-layouts":"default","ast-page-background-enabled":"default","ast-page-background-meta":{"desktop":{"background-color":"var(--ast-global-color-4)","background-image":"","background-repeat":"repeat","background-position":"center center","background-size":"auto","background-attachment":"scroll","background-type":"","background-media":"","overlay-type":"","overlay-color":"","overlay-opacity":"","overlay-gradient":""},"tablet":{"background-color":"","background-image":"","background-repeat":"repeat","background-position":"center center","background-size":"auto","background-attachment":"scroll","background-type":"","background-media":"","overlay-type":"","overlay-color":"","overlay-opacity":"","overlay-gradient":""},"mobile":{"background-color":"","background-image":"","background-repeat":"repeat","background-position":"center center","background-size":"auto","background-attachment":"scroll","background-type":"","background-media":"","overlay-type":"","overlay-color":"","overlay-opacity":"","overlay-gradient":""}},"ast-content-background-meta":{"desktop":{"background-color":"var(--ast-global-color-5)","background-image":"","background-repeat":"repeat","background-position":"center center","background-size":"auto","background-attachment":"scroll","background-type":"","background-media":"","overlay-type":"","overlay-color":"","overlay-opacity":"","overlay-gradient":""},"tablet":{"background-color":"var(--ast-global-color-5)","background-image":"","background-repeat":"repeat","background-position":"center center","background-size":"auto","background-attachment":"scroll","background-type":"","background-media":"","overlay-type":"","overlay-color":"","overlay-opacity":"","overlay-gradient":""},"mobile":{"background-color":"var(--ast-global-color-5)","background-image":"","background-repeat":"repeat","background-position":"center center","background-size":"auto","background-attachment":"scroll","background-type":"","background-media":"","overlay-type":"","overlay-color":"","overlay-opacity":"","overlay-gradient":""}},"footnotes":""},"categories":[8],"tags":[3363,3364],"class_list":["post-11803","post","type-post","status-publish","format-standard","has-post-thumbnail","hentry","category-noticias","tag-ops","tag-regreso-a-clases-mexico"],"_links":{"self":[{"href":"https:\/\/losperiodistas.com.mx\/portal\/wp-json\/wp\/v2\/posts\/11803","targetHints":{"allow":["GET"]}}],"collection":[{"href":"https:\/\/losperiodistas.com.mx\/portal\/wp-json\/wp\/v2\/posts"}],"about":[{"href":"https:\/\/losperiodistas.com.mx\/portal\/wp-json\/wp\/v2\/types\/post"}],"author":[{"embeddable":true,"href":"https:\/\/losperiodistas.com.mx\/portal\/wp-json\/wp\/v2\/users\/1"}],"replies":[{"embeddable":true,"href":"https:\/\/losperiodistas.com.mx\/portal\/wp-json\/wp\/v2\/comments?post=11803"}],"version-history":[{"count":1,"href":"https:\/\/losperiodistas.com.mx\/portal\/wp-json\/wp\/v2\/posts\/11803\/revisions"}],"predecessor-version":[{"id":11806,"href":"https:\/\/losperiodistas.com.mx\/portal\/wp-json\/wp\/v2\/posts\/11803\/revisions\/11806"}],"wp:featuredmedia":[{"embeddable":true,"href":"https:\/\/losperiodistas.com.mx\/portal\/wp-json\/wp\/v2\/media\/11805"}],"wp:attachment":[{"href":"https:\/\/losperiodistas.com.mx\/portal\/wp-json\/wp\/v2\/media?parent=11803"}],"wp:term":[{"taxonomy":"category","embeddable":true,"href":"https:\/\/losperiodistas.com.mx\/portal\/wp-json\/wp\/v2\/categories?post=11803"},{"taxonomy":"post_tag","embeddable":true,"href":"https:\/\/losperiodistas.com.mx\/portal\/wp-json\/wp\/v2\/tags?post=11803"}],"curies":[{"name":"wp","href":"https:\/\/api.w.org\/{rel}","templated":true}]}}