{"id":11800,"date":"2021-08-19T04:54:46","date_gmt":"2021-08-19T09:54:46","guid":{"rendered":"http:\/\/losperiodistas.com.mx\/portal\/?p=11800"},"modified":"2021-08-19T04:54:47","modified_gmt":"2021-08-19T09:54:47","slug":"coco-chanel-la-moda-era-ella-rtve","status":"publish","type":"post","link":"https:\/\/losperiodistas.com.mx\/portal\/coco-chanel-la-moda-era-ella-rtve\/","title":{"rendered":"Coco Chanel, la moda era ella | RTVE"},"content":{"rendered":"\n<p>El 19 de agosto de 1883 nac\u00eda la dise\u00f1adora\u00a0de moda m\u00e1s influyente de todos los tiempos<\/p>\n\n\n\n<figure class=\"wp-block-image size-large\"><img fetchpriority=\"high\" decoding=\"async\" width=\"1024\" height=\"575\" src=\"https:\/\/losperiodistas.com.mx\/portal\/wp-content\/uploads\/2021\/08\/Captura-de-Pantalla-2021-08-19-a-las-4.48.49-1024x575.jpg\" alt=\"\" class=\"wp-image-11801\" srcset=\"https:\/\/losperiodistas.com.mx\/portal\/wp-content\/uploads\/2021\/08\/Captura-de-Pantalla-2021-08-19-a-las-4.48.49-1024x575.jpg 1024w, https:\/\/losperiodistas.com.mx\/portal\/wp-content\/uploads\/2021\/08\/Captura-de-Pantalla-2021-08-19-a-las-4.48.49-300x168.jpg 300w, https:\/\/losperiodistas.com.mx\/portal\/wp-content\/uploads\/2021\/08\/Captura-de-Pantalla-2021-08-19-a-las-4.48.49-768x431.jpg 768w, https:\/\/losperiodistas.com.mx\/portal\/wp-content\/uploads\/2021\/08\/Captura-de-Pantalla-2021-08-19-a-las-4.48.49-1536x862.jpg 1536w, https:\/\/losperiodistas.com.mx\/portal\/wp-content\/uploads\/2021\/08\/Captura-de-Pantalla-2021-08-19-a-las-4.48.49-2048x1150.jpg 2048w\" sizes=\"(max-width: 1024px) 100vw, 1024px\" \/><\/figure>\n\n\n\n<p class=\"has-vivid-cyan-blue-color has-text-color has-medium-font-size\">RUB\u00c9N VIDAL \/ RTVE<\/p>\n\n\n\n<p>\u00ab<strong>Yo no hago la moda, yo soy la moda<\/strong>\u00ab, proclam\u00f3 en una ocasi\u00f3n la dise\u00f1adora de alta costura m\u00e1s influyente de todos los tiempos, la francesa&nbsp;<strong>Gabrielle Chanel<\/strong>, que ha pasado a la historia como&nbsp;<strong><em>Coco<\/em>&nbsp;Chanel<\/strong>. Su&nbsp;<strong>traje de&nbsp;<em>tweed<\/em><\/strong>y el&nbsp;<strong>perfume Chanel N\u00ba 5<\/strong>,&nbsp;sus creaciones m\u00e1s c\u00e9lebres, la convirtieron&nbsp;en un referente para las generaciones posteriores, que han mantenido la vigencia de su legado.<\/p>\n\n\n\n<p><strong>Nacida el 19 de agosto de 1883<\/strong>&nbsp;en el seno de una familia humilde, su determinaci\u00f3n y su capacidad emprendedora la llevaron pronto al \u00e9xito.&nbsp;<strong>Comenz\u00f3 a crear sombreros<\/strong>, pero sus faldas, chaquetas y bolsos,&nbsp;de&nbsp;<strong>dise\u00f1os atrevidos e innovadores<\/strong>, la consagraron en el mundo de la moda.<\/p>\n\n\n\n<p>La relaci\u00f3n de Chanel con los artistas de las vanguardias europeas, como\u00a0<strong>Dal\u00ed, Stravinsky, Jean Cocteau y Sergei Diaghilev<\/strong>, se dej\u00f3 notar en sus colecciones\u00a0y acapar\u00f3 la atenci\u00f3n de la alta sociedad, tal como subrayaba\u00a0<strong>Pedro P\u00e9rez Castro<\/strong>, director de la Casa Lis, el Museo Art Nouveau y Art D\u00e9co de Salamanca, en\u00a0<a href=\"https:\/\/www.rtve.es\/alacarta\/audios\/hoy-empieza-todo-con-marta-echeverria\/hoy-empieza-todo-marta-echeverria-coco-chanel-amigos-08-07-15\/3205920\/\"><em>Hoy empieza todo con Marta Echevarr\u00eda<\/em><\/a>\u00a0de\u00a0<a href=\"https:\/\/www.rtve.es\/radio\/radio3\/\">Radio 3<\/a>.<img decoding=\"async\" src=\"https:\/\/img2.rtve.es\/a\/3205920?w=800&amp;preview=1597747409298.jpg\" alt=\"Hoy empieza todo con Marta Echeverr\u00eda - Coco Chanel y sus amigos - 08\/07\/15 - escuchar ahora  \"><\/p>\n\n\n\n<p><a href=\"https:\/\/www.rtve.es\/play\/audios\/hoy-empieza-todo-con-marta-echeverria\/hoy-empieza-todo-marta-echeverria-coco-chanel-amigos-08-07-15\/3205920\/\">08.11 min<\/a> Hoy empieza todo con Marta Echeverr\u00eda &#8211; Coco Chanel y sus amigos &#8211; 08\/07\/15 <\/p>\n\n\n\n<p><a href=\"https:\/\/www.rtve.es\/play\/audios\/hoy-empieza-todo-con-marta-echeverria\/hoy-empieza-todo-marta-echeverria-coco-chanel-amigos-08-07-15\/3205920\/\">https:\/\/www.rtve.es\/play\/audios\/hoy-empieza-todo-con-marta-echeverria\/hoy-empieza-todo-marta-echeverria-coco-chanel-amigos-08-07-15\/3205920\/<\/a><\/p>\n\n\n\n<p>\u00abLa vida de Grabrielle Chanel cambia bastante a partir de que toma contacto con los grandes artistas de la vanguardia europea, sobre todo de los a\u00f1os 20. En una cena conoce a&nbsp;<strong>Misia y Jos\u00e9 Mar\u00eda Sert<\/strong>, la cogen del brazo a Chanel y le dicen: te vamos a presentar a nuestros amigos los artistas y vamos a ver museos. Y desde ese momento cambia totalmente su trayectoria profesional\u00bb.<\/p>\n\n\n\n<p><strong>Picasso&nbsp;<\/strong>fue sin dudael artista que m\u00e1s influy\u00f3 en la modista. \u00ab<strong>Ella siempre dec\u00eda que para triunfar en el mundo de la moda hab\u00eda que ser diferente a los dem\u00e1s<\/strong>&nbsp;-explica P\u00e9rez Castro-. Picasso le marca esta trayectoria, pero tambi\u00e9n de forma est\u00e9tica, sobre todo en el tratamiento de los colores y el tratamiento de las composiciones cubistas. Picasso tiene una gran influencia en Chanel\u00bb.<\/p>\n\n\n\n<h3 class=\"wp-block-heading\"><strong>Una vida fascinante convertida en musical<\/strong><\/h3>\n\n\n\n<p><a href=\"https:\/\/www.rtve.es\/alacarta\/audios\/afectos-en-la-noche\/afectos-noche-glamour-coco-chanel\/522623\/\"><em>Afectos en la noche<\/em><\/a>, con\u00a0<strong>Silvia Tarragona<\/strong>, nos invitaba en 2009 a recorrer la fascinante vida de la dise\u00f1adora de moda con motivo del estreno de la pel\u00edcula\u00a0<strong><em>Coco, de la rebeld\u00eda a la leyenda de Chanel<\/em><\/strong>, dirigida por\u00a0<strong>Anne Fontaine<\/strong>\u00a0y con\u00a0<strong>Audrey Tautou<\/strong>\u00a0como actriz protagonista.<img decoding=\"async\" src=\"https:\/\/img2.rtve.es\/a\/522623?w=800&amp;preview=1597746693752.jpg\" alt=\"Afectos en la noche - El glamour de Coco Chanel - Escuchar ahora\"><a href=\"https:\/\/www.rtve.es\/play\/audios\/afectos-en-la-noche\/afectos-noche-glamour-coco-chanel\/522623\/\">00.00 min<\/a> Afectos en la noche &#8211; El glamour de Coco Chanel <\/p>\n\n\n\n<p><a href=\"https:\/\/www.rtve.es\/play\/audios\/afectos-en-la-noche\/afectos-noche-glamour-coco-chanel\/522623\/\">https:\/\/www.rtve.es\/play\/audios\/afectos-en-la-noche\/afectos-noche-glamour-coco-chanel\/522623\/<\/a><\/p>\n\n\n\n<p><strong>Pablo Vilaboy<\/strong>, el encargado de hablarnos de la cinta, aprovechaba la&nbsp;ocasi\u00f3n para recordar que el 18 de diciembre de 1969 ten\u00eda lugar en Broadway la&nbsp;<em>premi\u00e8re&nbsp;<\/em>del musical sobre la vida de Coco Chanel, a quien dio vida&nbsp;<strong>Katharine Hepburn<\/strong>, que lleg\u00f3&nbsp;a conocer a la modista&nbsp;y visit\u00f3 su famosa casa de los Campos El\u00edseos, en Par\u00eds.<\/p>\n\n\n\n<p>La elecci\u00f3n de la estrella de&nbsp;Hollywood&nbsp;para interpretar el papel de Chanel es muy curiosa, dada la&nbsp;escasa importancia que Hepburn daba a su vestuario. De hecho,&nbsp;<strong>en los a\u00f1os 30 se le acus\u00f3 de ser lesbiana<\/strong>&nbsp;por llevar pantalones en su vida diaria. \u00abUna vez se encontr\u00f3 en una fiesta con&nbsp;<strong>Judy Garland<\/strong>&nbsp;y le espet\u00f3: mira, ambas vamos igual de mal de vestidas, lo que pasa es que yo he tardado cinco minutos en arreglarme y t\u00fa dos horas\u00bb, cuenta Pablo Vilaboy.<\/p>\n\n\n\n<h3 class=\"wp-block-heading\"><strong>La \u00abextraordinaria\u00bb personalidad de Coco Chanel<\/strong><\/h3>\n\n\n\n<p>\u00ab<strong>Una se\u00f1ora con una dosis de personalidad extraordinaria<\/strong>\u00ab. As\u00ed defin\u00eda\u00a0<strong>Lil\u00ed \u00c1lvarez<\/strong>\u00a0a la dise\u00f1adora de moda\u00a0en el programa\u00a0<a href=\"https:\/\/www.rtve.es\/alacarta\/audios\/audios-para-recordar\/audio-para-recordar-coco-chanel-lili-alvarez-11-01-16\/3440517\/\"><em>Toda una vida<\/em>, con \u00c1ngeles Caso, en 1991<\/a>.<img decoding=\"async\" src=\"https:\/\/img2.rtve.es\/a\/3440517?w=800&amp;preview=1597747143342.jpg\" alt=\"Audio para recordar - Coco Chanel y Lil\u00ed \u00c1lvarez - 11\/01\/16 - escuchar ahora\"><a href=\"https:\/\/www.rtve.es\/play\/audios\/audios-para-recordar\/audio-para-recordar-coco-chanel-lili-alvarez-11-01-16\/3440517\/\">06.03 min<\/a> udio para recordar &#8211; Coco Chanel y Lil\u00ed \u00c1lvarez &#8211; 11\/01\/16 <\/p>\n\n\n\n<p><a href=\"https:\/\/www.rtve.es\/play\/audios\/audios-para-recordar\/audio-para-recordar-coco-chanel-lili-alvarez-11-01-16\/3440517\/\">https:\/\/www.rtve.es\/play\/audios\/audios-para-recordar\/audio-para-recordar-coco-chanel-lili-alvarez-11-01-16\/3440517\/<\/a><\/p>\n\n\n\n<p>Con motivo del 20\u00ba aniversario de la muerte de la modista francesa, la polifac\u00e9tica deportista espa\u00f1ola&nbsp;<strong>recordaba a la que fue su amiga y cuyos vestidos luci\u00f3 durante muchos a\u00f1os<\/strong>.&nbsp;<\/p>\n\n\n\n<p>\u00abEs la gran inventora no de la moda de esta temporada, sino como yo digo la moda de la \u00e9poca actual, de la \u00e9poca moderna. Hizo las faldas cortas, no tan cortas como se llevan hoy, pero ella empez\u00f3 con las faldas cortas\u00bb, destacaba.<\/p>\n\n\n\n<h3 class=\"wp-block-heading\"><strong>Un cuento en verso sobre una mujer revolucionaria<\/strong><\/h3>\n\n\n\n<p>Los m\u00e1s peque\u00f1os de la casa pueden acercarse a la figura de Coco Chanel a trav\u00e9s del libro de&nbsp;<strong>Isabel S\u00e1nchez Vergara<\/strong>&nbsp;con dibujos de&nbsp;<strong>Ana Albero V\u00e1zquez<\/strong>.<\/p>\n\n\n\n<p>Se trata de \u00abun cuento en verso sobre una mujer que hizo historia y revolucion\u00f3 el mundo de la moda\u00bb, tal como se\u00f1ala\u00a0<strong>Cristina Hermoso de Mendoza<\/strong>\u00a0en\u00a0<a href=\"https:\/\/www.rtve.es\/alacarta\/audios\/la-estacion-azul-de-los-ninos\/141018-estacion-ninos-pal-24-04-2014-10-16t11-15-10593\/2811408\/\"><em>La estaci\u00f3n azul de los ni\u00f1os<\/em><\/a>.<img decoding=\"async\" src=\"https:\/\/img2.rtve.es\/a\/2811408?w=800&amp;preview=1597745781591.jpg\" alt=\"La estaci\u00f3n azul de los ni\u00f1os - Cuentos de Coco Chanel y Ruben Dar\u00edo - 18\/10\/14 - escuchar ahora\"><a href=\"https:\/\/www.rtve.es\/play\/audios\/la-estacion-azul-de-los-ninos\/cuentos-coco-chanel-ruben-dario-estacion-azul-ninos\/2811408\/\">25.37 min<\/a>La estaci\u00f3n azul de los ni\u00f1os &#8211; Cuentos de Coco Chanel y Ruben Dar\u00edo &#8211; 18\/10\/14 &#8211;<\/p>\n\n\n\n<p><a href=\"https:\/\/www.rtve.es\/play\/audios\/la-estacion-azul-de-los-ninos\/cuentos-coco-chanel-ruben-dario-estacion-azul-ninos\/2811408\/\">https:\/\/www.rtve.es\/play\/audios\/la-estacion-azul-de-los-ninos\/cuentos-coco-chanel-ruben-dario-estacion-azul-ninos\/2811408\/<\/a><\/p>\n\n\n\n<p>El volumen est\u00e1 publicado por la&nbsp;<strong>editorial Alba<\/strong>&nbsp;en su colecci\u00f3n&nbsp;<strong><em>Peque\u00f1a y grande<\/em><\/strong>.<\/p>\n\n\n\n<h3 class=\"wp-block-heading\"><strong>La sencillez como base de la elegancia<\/strong><\/h3>\n\n\n\n<p>\u00abCreo que las mujeres siempre van demasiado vestidas, pero nunca est\u00e1n lo suficientemente elegantes\u00bb, afirmaba Coco Chanel, para quien&nbsp;<strong>la sencillez era la base de la elegancia<\/strong>.<\/p>\n\n\n\n<p>A estrellas del Hollywood dorado como&nbsp;<strong>Audrey Hepburn&nbsp;<\/strong>y<strong>&nbsp;Cary Grant<\/strong>&nbsp;se les considera&nbsp;elegantes pero, \u00bfa qu\u00e9 nos referimos exactamente con tal palabra? \u00bfEn qu\u00e9 consiste la elegancia?<\/p>\n\n\n\n<p>El dise\u00f1ador de moda\u00a0<strong>Juan Duyos<\/strong>, la escritora\u00a0<strong>Carme Riera<\/strong>\u00a0y el dibujante\u00a0<strong>Puebla\u00a0<\/strong>debat\u00edan\u00a0sobre la elegancia hace tres a\u00f1os en\u00a0<em><a href=\"https:\/\/www.rtve.es\/alacarta\/audios\/las-mananas-de-rne-con-alfredo-menendez\/mananas-rne-elegancia-se-tiene-se-puede-conseguir\/4564212\/\">Las ma\u00f1anas de RNE con Alfredo Men\u00e9ndez<\/a>\u00a0<\/em>y estas fueron sus conclusiones.<\/p>\n\n\n\n<p>Fuente: https:\/\/www.rtve.es\/television\/20210819\/coco-chanel-moda-era-ella\/2040442.shtml<\/p>\n","protected":false},"excerpt":{"rendered":"<p>El 19 de agosto de 1883 nac\u00eda la dise\u00f1adora\u00a0de moda m\u00e1s influyente de todos los tiempos RUB\u00c9N VIDAL \/ RTVE [&hellip;]<\/p>\n","protected":false},"author":1,"featured_media":11801,"comment_status":"open","ping_status":"open","sticky":false,"template":"","format":"standard","meta":{"site-sidebar-layout":"default","site-content-layout":"","ast-site-content-layout":"default","site-content-style":"default","site-sidebar-style":"default","ast-global-header-display":"","ast-banner-title-visibility":"","ast-main-header-display":"","ast-hfb-above-header-display":"","ast-hfb-below-header-display":"","ast-hfb-mobile-header-display":"","site-post-title":"","ast-breadcrumbs-content":"","ast-featured-img":"","footer-sml-layout":"","theme-transparent-header-meta":"","adv-header-id-meta":"","stick-header-meta":"","header-above-stick-meta":"","header-main-stick-meta":"","header-below-stick-meta":"","astra-migrate-meta-layouts":"default","ast-page-background-enabled":"default","ast-page-background-meta":{"desktop":{"background-color":"var(--ast-global-color-4)","background-image":"","background-repeat":"repeat","background-position":"center center","background-size":"auto","background-attachment":"scroll","background-type":"","background-media":"","overlay-type":"","overlay-color":"","overlay-opacity":"","overlay-gradient":""},"tablet":{"background-color":"","background-image":"","background-repeat":"repeat","background-position":"center center","background-size":"auto","background-attachment":"scroll","background-type":"","background-media":"","overlay-type":"","overlay-color":"","overlay-opacity":"","overlay-gradient":""},"mobile":{"background-color":"","background-image":"","background-repeat":"repeat","background-position":"center center","background-size":"auto","background-attachment":"scroll","background-type":"","background-media":"","overlay-type":"","overlay-color":"","overlay-opacity":"","overlay-gradient":""}},"ast-content-background-meta":{"desktop":{"background-color":"var(--ast-global-color-5)","background-image":"","background-repeat":"repeat","background-position":"center center","background-size":"auto","background-attachment":"scroll","background-type":"","background-media":"","overlay-type":"","overlay-color":"","overlay-opacity":"","overlay-gradient":""},"tablet":{"background-color":"var(--ast-global-color-5)","background-image":"","background-repeat":"repeat","background-position":"center center","background-size":"auto","background-attachment":"scroll","background-type":"","background-media":"","overlay-type":"","overlay-color":"","overlay-opacity":"","overlay-gradient":""},"mobile":{"background-color":"var(--ast-global-color-5)","background-image":"","background-repeat":"repeat","background-position":"center center","background-size":"auto","background-attachment":"scroll","background-type":"","background-media":"","overlay-type":"","overlay-color":"","overlay-opacity":"","overlay-gradient":""}},"footnotes":""},"categories":[1],"tags":[873,3362,3361],"class_list":["post-11800","post","type-post","status-publish","format-standard","has-post-thumbnail","hentry","category-sin-categoria","tag-coco-chanel","tag-la-moda-soy-yo","tag-yo-no-hago-la-moda"],"_links":{"self":[{"href":"https:\/\/losperiodistas.com.mx\/portal\/wp-json\/wp\/v2\/posts\/11800","targetHints":{"allow":["GET"]}}],"collection":[{"href":"https:\/\/losperiodistas.com.mx\/portal\/wp-json\/wp\/v2\/posts"}],"about":[{"href":"https:\/\/losperiodistas.com.mx\/portal\/wp-json\/wp\/v2\/types\/post"}],"author":[{"embeddable":true,"href":"https:\/\/losperiodistas.com.mx\/portal\/wp-json\/wp\/v2\/users\/1"}],"replies":[{"embeddable":true,"href":"https:\/\/losperiodistas.com.mx\/portal\/wp-json\/wp\/v2\/comments?post=11800"}],"version-history":[{"count":1,"href":"https:\/\/losperiodistas.com.mx\/portal\/wp-json\/wp\/v2\/posts\/11800\/revisions"}],"predecessor-version":[{"id":11802,"href":"https:\/\/losperiodistas.com.mx\/portal\/wp-json\/wp\/v2\/posts\/11800\/revisions\/11802"}],"wp:featuredmedia":[{"embeddable":true,"href":"https:\/\/losperiodistas.com.mx\/portal\/wp-json\/wp\/v2\/media\/11801"}],"wp:attachment":[{"href":"https:\/\/losperiodistas.com.mx\/portal\/wp-json\/wp\/v2\/media?parent=11800"}],"wp:term":[{"taxonomy":"category","embeddable":true,"href":"https:\/\/losperiodistas.com.mx\/portal\/wp-json\/wp\/v2\/categories?post=11800"},{"taxonomy":"post_tag","embeddable":true,"href":"https:\/\/losperiodistas.com.mx\/portal\/wp-json\/wp\/v2\/tags?post=11800"}],"curies":[{"name":"wp","href":"https:\/\/api.w.org\/{rel}","templated":true}]}}