{"id":11797,"date":"2021-08-19T04:44:45","date_gmt":"2021-08-19T09:44:45","guid":{"rendered":"http:\/\/losperiodistas.com.mx\/portal\/?p=11797"},"modified":"2021-08-19T04:44:47","modified_gmt":"2021-08-19T09:44:47","slug":"detienen-al-diputado-sin-fuero-saul-huerta-en-la-cdmx-excelsior","status":"publish","type":"post","link":"https:\/\/losperiodistas.com.mx\/portal\/detienen-al-diputado-sin-fuero-saul-huerta-en-la-cdmx-excelsior\/","title":{"rendered":"Detienen al diputado sin fuero Sa\u00fal Huerta en la CDMX | Excelsior"},"content":{"rendered":"\n<p style=\"font-size:18px\"><em>El legislador de Morena fue localizado en un domicilio de la colonia Roma<\/em><\/p>\n\n\n\n<figure class=\"wp-block-image size-large\"><img fetchpriority=\"high\" decoding=\"async\" width=\"1024\" height=\"769\" src=\"https:\/\/losperiodistas.com.mx\/portal\/wp-content\/uploads\/2021\/08\/Captura-de-Pantalla-2021-08-19-a-las-4.37.17-1024x769.jpg\" alt=\"\" class=\"wp-image-11798\" srcset=\"https:\/\/losperiodistas.com.mx\/portal\/wp-content\/uploads\/2021\/08\/Captura-de-Pantalla-2021-08-19-a-las-4.37.17-1024x769.jpg 1024w, https:\/\/losperiodistas.com.mx\/portal\/wp-content\/uploads\/2021\/08\/Captura-de-Pantalla-2021-08-19-a-las-4.37.17-300x225.jpg 300w, https:\/\/losperiodistas.com.mx\/portal\/wp-content\/uploads\/2021\/08\/Captura-de-Pantalla-2021-08-19-a-las-4.37.17-768x577.jpg 768w, https:\/\/losperiodistas.com.mx\/portal\/wp-content\/uploads\/2021\/08\/Captura-de-Pantalla-2021-08-19-a-las-4.37.17.jpg 1536w\" sizes=\"(max-width: 1024px) 100vw, 1024px\" \/><figcaption>Detienen al diputado sin fuero Sa\u00fal Huerta en la CDMX<br>El legislador de Morena fue localizado en un domicilio de la colonia Roma<\/figcaption><\/figure>\n\n\n\n<p class=\"has-vivid-cyan-blue-color has-text-color has-medium-font-size\">WENDY ROA \/ EXCELSIOR<\/p>\n\n\n\n<p>CIUDAD DE M\u00c9XICO.<\/p>\n\n\n\n<p>La madrugada de este jueves fue detenido Sa\u00fal Huerta, diputado federal de Morena sin fuero, acusado de violaci\u00f3n equiparada y abuso sexual en contra de un menor de edad por la Fiscal\u00eda General de Justicia de la Ciudad de M\u00e9xico.<\/p>\n\n\n\n<p>Agentes de la Polic\u00eda de Investigaci\u00f3n (PDI) localizaron a Huerta, quien se encontraba pr\u00f3fugo de la justicia, en un domicilio en las calles de Monterrey y Baja California, en la colonia Roma, en la alcald\u00eda de Cuauht\u00e9moc.<\/p>\n\n\n\n<p>Tras su aprehensi\u00f3n, el legislador fue trasladado a la Agencia 50 del Ministerio P\u00fablico, a bordo de una camioneta Grand Cherokee gris, escoltada por dos camionetas de la PDI. Posteriormente, poco antes de las 2:00 horas se lo llevaron al Reclusorio Oriente en donde es requerido por un juez de control.<\/p>\n\n\n\n<p>Sa\u00fal Huerta fue desaforado el pasado 11 de agosto y desde entonces se desconoc\u00eda su paradero.<\/p>\n\n\n\n<figure class=\"wp-block-embed is-type-rich is-provider-twitter wp-block-embed-twitter\"><div class=\"wp-block-embed__wrapper\">\nhttps:\/\/twitter.com\/c4jimenez\/status\/1428238523753193473?ref_src=twsrc%5Etfw%7Ctwcamp%5Etweetembed%7Ctwterm%5E1428238523753193473%7Ctwgr%5E%7Ctwcon%5Es1_c10&#038;ref_url=https%3A%2F%2Fwww.excelsior.com.mx%2Fcomunidad%2Fdetienen-al-diputado-sin-fuero-saul-huerta-en-la-cdmx%2F1466818\n<\/div><\/figure>\n\n\n\n<p>El pasado 12 de agosto, en una entrevista concedida a Ciro G\u00f3mez Leyva para&nbsp;<strong>Imagen Noticias<\/strong>, el diputado sin fuero&nbsp; asegur\u00f3 estar en M\u00e9xico y disponible para el momento en que fuera requerido por un juez de control.<\/p>\n\n\n\n<blockquote class=\"wp-block-quote is-layout-flow wp-block-quote-is-layout-flow\"><p>\u201cYo soy el m\u00e1s interesado en que esto se aclare, un inocente no huye. S\u00e9 que me vincular\u00e1n a proceso, s\u00e9 que ir\u00e9 a una prisi\u00f3n preventiva oficiosa, pero es la \u00fanica manera institucional de enfrentar este tema. Al final saldr\u00e9 avante, saldr\u00e9 adelante por una sencilla raz\u00f3n: soy inocente\u201d, asever\u00f3 en ese entonces.<\/p><\/blockquote>\n\n\n\n<p>Un d\u00eda despu\u00e9s, la Polic\u00eda de Investigaci\u00f3n cumpliment\u00f3 una orden de cateo en el departamento del abogado defensor del diputado desaforado, sin hallar al acusado.<\/p>\n\n\n\n<figure class=\"wp-block-embed is-type-rich is-provider-twitter wp-block-embed-twitter\"><div class=\"wp-block-embed__wrapper\">\nhttps:\/\/twitter.com\/c4jimenez\/status\/1428247295921999876?ref_src=twsrc%5Etfw%7Ctwcamp%5Etweetembed%7Ctwterm%5E1428247295921999876%7Ctwgr%5E%7Ctwcon%5Es1_c10&#038;ref_url=https%3A%2F%2Fwww.excelsior.com.mx%2Fcomunidad%2Fdetienen-al-diputado-sin-fuero-saul-huerta-en-la-cdmx%2F1466818\n<\/div><\/figure>\n\n\n\n<p>Los elementos llegaron al inmueble, ubicado en la calle Palenque n\u00famero 4, colonia Narvarte, alcald\u00eda Benito Ju\u00e1rez, y con ayuda de un ariete rompieron los cristales y la herrer\u00eda de la puerta de acceso del edificio, as\u00ed como una puerta de seguridad del departamento del abogado penalista.<\/p>\n\n\n\n<p>Rafael Inti Castillo, abogado del legislador, inform\u00f3 que la puerta que da\u00f1aron de su domicilio es de seguridad y cuesta alrededor de 50 mil pesos, m\u00e1s la herrer\u00eda y los vidrios de la puerta del edificio, de aproximadamente 10 mil pesos.<\/p>\n\n\n\n<p>\u201cLa FGJCDMX absorber\u00e1 los gastos por los posibles da\u00f1os que hayan resultado en el cumplimiento legal de esta diligencia\u201d, inform\u00f3 la Fiscal\u00eda de Justicia de la CDMX en ese entonces.<\/p>\n\n\n\n<figure class=\"wp-block-embed is-type-rich is-provider-twitter wp-block-embed-twitter\"><div class=\"wp-block-embed__wrapper\">\n<blockquote class=\"twitter-tweet\" data-width=\"500\" data-dnt=\"true\"><p lang=\"es\" dir=\"ltr\">LA LLEGADA de SA\u00daL HUERTA a <a href=\"https:\/\/twitter.com\/FiscaliaCDMX?ref_src=twsrc%5Etfw\">@FiscaliaCDMX<\/a><br>As\u00ed fue la movilizaci\u00f3n de unidades de <a href=\"https:\/\/twitter.com\/PDI_FGJCDMX?ref_src=twsrc%5Etfw\">@PDI_FGJCDMX<\/a> q llevaron al diputado de <a href=\"https:\/\/twitter.com\/PartidoMorenaMx?ref_src=twsrc%5Etfw\">@PartidoMorenaMx<\/a> a su revisi\u00f3n m\u00e9dica.<br>Estar\u00e1 adentro unos minutos, y ser\u00e1 trasladado al Reclusorio Oriente.<br>Est\u00e1 acusado de violaci\u00f3n y abuso Vs menores. <a href=\"https:\/\/t.co\/wEsT7kwF8R\">pic.twitter.com\/wEsT7kwF8R<\/a><\/p>&mdash; Carlos Jim\u00e9nez (@c4jimenez) <a href=\"https:\/\/twitter.com\/c4jimenez\/status\/1428244279357497345?ref_src=twsrc%5Etfw\">August 19, 2021<\/a><\/blockquote><script async src=\"https:\/\/platform.twitter.com\/widgets.js\" charset=\"utf-8\"><\/script>\n<\/div><\/figure>\n\n\n\n<figure class=\"wp-block-embed is-type-rich is-provider-twitter wp-block-embed-twitter\"><div class=\"wp-block-embed__wrapper\">\n<blockquote class=\"twitter-tweet\" data-width=\"500\" data-dnt=\"true\"><p lang=\"es\" dir=\"ltr\">El diputado Sa\u00fal Huerta se entreg\u00f3 a la 1:08 hrs a agentes de la <a href=\"https:\/\/twitter.com\/FiscaliaCDMX?ref_src=twsrc%5Etfw\">@FiscaliaCDMX<\/a>, en las calles de Monterrey y Baja California, en la colonia Roma. Fue trasladado a las instalaciones de la Fiscal\u00eda de la <a href=\"https:\/\/twitter.com\/hashtag\/CDMX?src=hash&amp;ref_src=twsrc%5Etfw\">#CDMX<\/a> para ser certificado por un m\u00e9dico legisla <a href=\"https:\/\/t.co\/BXi3YBLEXr\">pic.twitter.com\/BXi3YBLEXr<\/a><\/p>&mdash; Ciro G\u00f3mez Leyva (@CiroGomezL) <a href=\"https:\/\/twitter.com\/CiroGomezL\/status\/1428244801137295363?ref_src=twsrc%5Etfw\">August 19, 2021<\/a><\/blockquote><script async src=\"https:\/\/platform.twitter.com\/widgets.js\" charset=\"utf-8\"><\/script>\n<\/div><\/figure>\n\n\n\n<p>Fuente: https:\/\/www.excelsior.com.mx\/comunidad\/detienen-al-diputado-sin-fuero-saul-huerta-en-la-cdmx\/1466818<\/p>\n","protected":false},"excerpt":{"rendered":"<p>El legislador de Morena fue localizado en un domicilio de la colonia Roma WENDY ROA \/ EXCELSIOR CIUDAD DE M\u00c9XICO. [&hellip;]<\/p>\n","protected":false},"author":1,"featured_media":11798,"comment_status":"open","ping_status":"open","sticky":false,"template":"","format":"standard","meta":{"site-sidebar-layout":"default","site-content-layout":"","ast-site-content-layout":"default","site-content-style":"default","site-sidebar-style":"default","ast-global-header-display":"","ast-banner-title-visibility":"","ast-main-header-display":"","ast-hfb-above-header-display":"","ast-hfb-below-header-display":"","ast-hfb-mobile-header-display":"","site-post-title":"","ast-breadcrumbs-content":"","ast-featured-img":"","footer-sml-layout":"","theme-transparent-header-meta":"","adv-header-id-meta":"","stick-header-meta":"","header-above-stick-meta":"","header-main-stick-meta":"","header-below-stick-meta":"","astra-migrate-meta-layouts":"default","ast-page-background-enabled":"default","ast-page-background-meta":{"desktop":{"background-color":"var(--ast-global-color-4)","background-image":"","background-repeat":"repeat","background-position":"center center","background-size":"auto","background-attachment":"scroll","background-type":"","background-media":"","overlay-type":"","overlay-color":"","overlay-opacity":"","overlay-gradient":""},"tablet":{"background-color":"","background-image":"","background-repeat":"repeat","background-position":"center center","background-size":"auto","background-attachment":"scroll","background-type":"","background-media":"","overlay-type":"","overlay-color":"","overlay-opacity":"","overlay-gradient":""},"mobile":{"background-color":"","background-image":"","background-repeat":"repeat","background-position":"center center","background-size":"auto","background-attachment":"scroll","background-type":"","background-media":"","overlay-type":"","overlay-color":"","overlay-opacity":"","overlay-gradient":""}},"ast-content-background-meta":{"desktop":{"background-color":"var(--ast-global-color-5)","background-image":"","background-repeat":"repeat","background-position":"center center","background-size":"auto","background-attachment":"scroll","background-type":"","background-media":"","overlay-type":"","overlay-color":"","overlay-opacity":"","overlay-gradient":""},"tablet":{"background-color":"var(--ast-global-color-5)","background-image":"","background-repeat":"repeat","background-position":"center center","background-size":"auto","background-attachment":"scroll","background-type":"","background-media":"","overlay-type":"","overlay-color":"","overlay-opacity":"","overlay-gradient":""},"mobile":{"background-color":"var(--ast-global-color-5)","background-image":"","background-repeat":"repeat","background-position":"center center","background-size":"auto","background-attachment":"scroll","background-type":"","background-media":"","overlay-type":"","overlay-color":"","overlay-opacity":"","overlay-gradient":""}},"footnotes":""},"categories":[8],"tags":[3360],"class_list":["post-11797","post","type-post","status-publish","format-standard","has-post-thumbnail","hentry","category-noticias","tag-detenido-saul-huerta-corona"],"_links":{"self":[{"href":"https:\/\/losperiodistas.com.mx\/portal\/wp-json\/wp\/v2\/posts\/11797","targetHints":{"allow":["GET"]}}],"collection":[{"href":"https:\/\/losperiodistas.com.mx\/portal\/wp-json\/wp\/v2\/posts"}],"about":[{"href":"https:\/\/losperiodistas.com.mx\/portal\/wp-json\/wp\/v2\/types\/post"}],"author":[{"embeddable":true,"href":"https:\/\/losperiodistas.com.mx\/portal\/wp-json\/wp\/v2\/users\/1"}],"replies":[{"embeddable":true,"href":"https:\/\/losperiodistas.com.mx\/portal\/wp-json\/wp\/v2\/comments?post=11797"}],"version-history":[{"count":1,"href":"https:\/\/losperiodistas.com.mx\/portal\/wp-json\/wp\/v2\/posts\/11797\/revisions"}],"predecessor-version":[{"id":11799,"href":"https:\/\/losperiodistas.com.mx\/portal\/wp-json\/wp\/v2\/posts\/11797\/revisions\/11799"}],"wp:featuredmedia":[{"embeddable":true,"href":"https:\/\/losperiodistas.com.mx\/portal\/wp-json\/wp\/v2\/media\/11798"}],"wp:attachment":[{"href":"https:\/\/losperiodistas.com.mx\/portal\/wp-json\/wp\/v2\/media?parent=11797"}],"wp:term":[{"taxonomy":"category","embeddable":true,"href":"https:\/\/losperiodistas.com.mx\/portal\/wp-json\/wp\/v2\/categories?post=11797"},{"taxonomy":"post_tag","embeddable":true,"href":"https:\/\/losperiodistas.com.mx\/portal\/wp-json\/wp\/v2\/tags?post=11797"}],"curies":[{"name":"wp","href":"https:\/\/api.w.org\/{rel}","templated":true}]}}