{"id":117945,"date":"2026-03-06T22:51:23","date_gmt":"2026-03-07T04:51:23","guid":{"rendered":"https:\/\/losperiodistas.com.mx\/portal\/?p=117945"},"modified":"2026-03-06T22:52:15","modified_gmt":"2026-03-07T04:52:15","slug":"checo-perez-y-cadillac-otra-vez-se-quedan-relegados-en-el-gp-de-australia-espn","status":"publish","type":"post","link":"https:\/\/losperiodistas.com.mx\/portal\/checo-perez-y-cadillac-otra-vez-se-quedan-relegados-en-el-gp-de-australia-espn\/","title":{"rendered":"Checo P\u00e9rez y Cadillac otra vez se quedan relegados en el GP de Australia | ESPN"},"content":{"rendered":"\n<figure class=\"wp-block-image size-large\"><img fetchpriority=\"high\" decoding=\"async\" width=\"1024\" height=\"576\" src=\"https:\/\/losperiodistas.com.mx\/portal\/wp-content\/uploads\/2026\/03\/ChecoP_Australia-1024x576.png\" alt=\"\" class=\"wp-image-117947\" srcset=\"https:\/\/losperiodistas.com.mx\/portal\/wp-content\/uploads\/2026\/03\/ChecoP_Australia-1024x576.png 1024w, https:\/\/losperiodistas.com.mx\/portal\/wp-content\/uploads\/2026\/03\/ChecoP_Australia-300x169.png 300w, https:\/\/losperiodistas.com.mx\/portal\/wp-content\/uploads\/2026\/03\/ChecoP_Australia-768x432.png 768w, https:\/\/losperiodistas.com.mx\/portal\/wp-content\/uploads\/2026\/03\/ChecoP_Australia.png 1425w\" sizes=\"(max-width: 1024px) 100vw, 1024px\" \/><figcaption class=\"wp-element-caption\">Checo P\u00e9rez no pudo pr\u00e1cticas en la segunda tanda de entrenamientos en Australia, primera cita de la F1 en 2026. Kym Illman\/Getty Images<\/figcaption><\/figure>\n\n\n\n<p class=\"has-vivid-red-color has-text-color has-link-color wp-elements-6e7288d27872b3335e03345ca4026336\">Redacci\u00f3n \/ ESPN<\/p>\n\n\n\n<p>Finalmente, <strong>el piloto mexicano Sergio P\u00e9rez<\/strong> volvi\u00f3 al asfalto en las pr\u00e1cticas libres del <strong>Gran Premio de Australia<\/strong> y luego de hacer una buen P1, <strong>Checo <\/strong>ya no pudo finalizar la P2 por fallas en su motor.<\/p>\n\n\n\n<p><strong>Sergio P\u00e9rez <\/strong>volvi\u00f3 a la <strong>F\u00f3rmula 1<\/strong> con su nueva escuder\u00eda, <strong>Cadillac<\/strong>, quienes siguen afinado el Mac-26 ya que previo al <strong>GP de Australia <\/strong>el mexicano solo pudo realizar dos vueltas en las P2 antes de que su monoplaza presentara fallas.<\/p>\n\n\n\n<p>\u00abDesafortunadamente, tuvimos demasiados problemas. No pudimos hacer tandas largas, lo cual era importante. Eso fue lo principal hoy, no rodar lo suficiente. Ojal\u00e1 ma\u00f1ana sea m\u00e1s sencillo; ojal\u00e1 podamos probar los neum\u00e1ticos y ver qu\u00e9 tal estamos\u201d, declar\u00f3 el piloto mexicano.<\/p>\n\n\n\n<p>\u00abNo s\u00e9 qu\u00e9 pas\u00f3 al final [con el coche]; parece un problema con el motor, as\u00ed que espero que eso no nos complique demasiado para ma\u00f1ana y podamos tener una FP3 limpia, porque realmente necesitamos algunos datos para ma\u00f1ana\u201d, a\u00f1adi\u00f3 <strong>Checo.<\/strong><\/p>\n\n\n\n<figure class=\"wp-block-image size-large\"><img decoding=\"async\" width=\"1024\" height=\"575\" src=\"https:\/\/losperiodistas.com.mx\/portal\/wp-content\/uploads\/2026\/03\/imagen-24-1024x575.png\" alt=\"\" class=\"wp-image-117946\" srcset=\"https:\/\/losperiodistas.com.mx\/portal\/wp-content\/uploads\/2026\/03\/imagen-24-1024x575.png 1024w, https:\/\/losperiodistas.com.mx\/portal\/wp-content\/uploads\/2026\/03\/imagen-24-300x168.png 300w, https:\/\/losperiodistas.com.mx\/portal\/wp-content\/uploads\/2026\/03\/imagen-24-768x431.png 768w, https:\/\/losperiodistas.com.mx\/portal\/wp-content\/uploads\/2026\/03\/imagen-24.png 1140w\" sizes=\"(max-width: 1024px) 100vw, 1024px\" \/><figcaption class=\"wp-element-caption\">Sergio P\u00e9rez volvi\u00f3 al asfalto en las pr\u00e1cticas libres del Gran Premio de Australia. Getty Images<\/figcaption><\/figure>\n\n\n\n<p>Por su cuenta, <strong>Grame Lawdon<\/strong>, director de <strong>Cadillac <\/strong>se mostr\u00f3 sensato y consciente de que este tipo de fallas son normales por tratarse de un proyecto nuevo, pero est\u00e1 seguro de que son situaciones con soluci\u00f3n en mano.<\/p>\n\n\n\n<p>\u201cHasta ahora, todo el proyecto ha sido una serie de novedades, y hoy fue otra de ellas. Pero si nos centramos en el trabajo realizado, hicimos algunas mejoras, repasamos un programa y tuvimos un par de problemas durante la sesi\u00f3n, lo cual no creo que sea inusual.<\/p>\n\n\n\n<p>\u201cPerdimos un par de retrovisores, pero este es el tipo de problemas que podemos solucionar y en los que podemos trabajar\u201d, a\u00f1adi\u00f3<strong> Lawdon<\/strong>.<\/p>\n\n\n\n<p>\u201cObviamente, es nuestro p<strong>rimer Gran Premio para Cadillac Formula 1 Team<\/strong>, as\u00ed que este no es nuestro objetivo. Nuestro objetivo es empezar a competir, y eso es lo que sent\u00ed\u201d, afirm\u00f3 el director de<strong>Cadillac.<\/strong><\/p>\n\n\n\n<p>Fuente: <a href=\"https:\/\/www.espn.com.mx\/deporte-motor\/f1\/nota\/_\/id\/16396521\/checo-perez-tuvimos-demasiado-problemas-gran-premio-australia\" target=\"_blank\" rel=\"noreferrer noopener\">ESPN<\/a><\/p>\n","protected":false},"excerpt":{"rendered":"<p>Redacci\u00f3n \/ ESPN Finalmente, el piloto mexicano Sergio P\u00e9rez volvi\u00f3 al asfalto en las pr\u00e1cticas libres del Gran Premio de [&hellip;]<\/p>\n","protected":false},"author":1,"featured_media":117947,"comment_status":"open","ping_status":"open","sticky":false,"template":"","format":"standard","meta":{"site-sidebar-layout":"default","site-content-layout":"","ast-site-content-layout":"default","site-content-style":"default","site-sidebar-style":"default","ast-global-header-display":"","ast-banner-title-visibility":"","ast-main-header-display":"","ast-hfb-above-header-display":"","ast-hfb-below-header-display":"","ast-hfb-mobile-header-display":"","site-post-title":"","ast-breadcrumbs-content":"","ast-featured-img":"","footer-sml-layout":"","theme-transparent-header-meta":"","adv-header-id-meta":"","stick-header-meta":"","header-above-stick-meta":"","header-main-stick-meta":"","header-below-stick-meta":"","astra-migrate-meta-layouts":"default","ast-page-background-enabled":"default","ast-page-background-meta":{"desktop":{"background-color":"var(--ast-global-color-4)","background-image":"","background-repeat":"repeat","background-position":"center center","background-size":"auto","background-attachment":"scroll","background-type":"","background-media":"","overlay-type":"","overlay-color":"","overlay-opacity":"","overlay-gradient":""},"tablet":{"background-color":"","background-image":"","background-repeat":"repeat","background-position":"center center","background-size":"auto","background-attachment":"scroll","background-type":"","background-media":"","overlay-type":"","overlay-color":"","overlay-opacity":"","overlay-gradient":""},"mobile":{"background-color":"","background-image":"","background-repeat":"repeat","background-position":"center center","background-size":"auto","background-attachment":"scroll","background-type":"","background-media":"","overlay-type":"","overlay-color":"","overlay-opacity":"","overlay-gradient":""}},"ast-content-background-meta":{"desktop":{"background-color":"var(--ast-global-color-5)","background-image":"","background-repeat":"repeat","background-position":"center center","background-size":"auto","background-attachment":"scroll","background-type":"","background-media":"","overlay-type":"","overlay-color":"","overlay-opacity":"","overlay-gradient":""},"tablet":{"background-color":"var(--ast-global-color-5)","background-image":"","background-repeat":"repeat","background-position":"center center","background-size":"auto","background-attachment":"scroll","background-type":"","background-media":"","overlay-type":"","overlay-color":"","overlay-opacity":"","overlay-gradient":""},"mobile":{"background-color":"var(--ast-global-color-5)","background-image":"","background-repeat":"repeat","background-position":"center center","background-size":"auto","background-attachment":"scroll","background-type":"","background-media":"","overlay-type":"","overlay-color":"","overlay-opacity":"","overlay-gradient":""}},"footnotes":""},"categories":[8],"tags":[38088,276,46907,46908],"class_list":["post-117945","post","type-post","status-publish","format-standard","has-post-thumbnail","hentry","category-noticias","tag-cadillac","tag-checo-perez","tag-gp-de-australia","tag-mac-26"],"_links":{"self":[{"href":"https:\/\/losperiodistas.com.mx\/portal\/wp-json\/wp\/v2\/posts\/117945","targetHints":{"allow":["GET"]}}],"collection":[{"href":"https:\/\/losperiodistas.com.mx\/portal\/wp-json\/wp\/v2\/posts"}],"about":[{"href":"https:\/\/losperiodistas.com.mx\/portal\/wp-json\/wp\/v2\/types\/post"}],"author":[{"embeddable":true,"href":"https:\/\/losperiodistas.com.mx\/portal\/wp-json\/wp\/v2\/users\/1"}],"replies":[{"embeddable":true,"href":"https:\/\/losperiodistas.com.mx\/portal\/wp-json\/wp\/v2\/comments?post=117945"}],"version-history":[{"count":2,"href":"https:\/\/losperiodistas.com.mx\/portal\/wp-json\/wp\/v2\/posts\/117945\/revisions"}],"predecessor-version":[{"id":117950,"href":"https:\/\/losperiodistas.com.mx\/portal\/wp-json\/wp\/v2\/posts\/117945\/revisions\/117950"}],"wp:featuredmedia":[{"embeddable":true,"href":"https:\/\/losperiodistas.com.mx\/portal\/wp-json\/wp\/v2\/media\/117947"}],"wp:attachment":[{"href":"https:\/\/losperiodistas.com.mx\/portal\/wp-json\/wp\/v2\/media?parent=117945"}],"wp:term":[{"taxonomy":"category","embeddable":true,"href":"https:\/\/losperiodistas.com.mx\/portal\/wp-json\/wp\/v2\/categories?post=117945"},{"taxonomy":"post_tag","embeddable":true,"href":"https:\/\/losperiodistas.com.mx\/portal\/wp-json\/wp\/v2\/tags?post=117945"}],"curies":[{"name":"wp","href":"https:\/\/api.w.org\/{rel}","templated":true}]}}