{"id":117942,"date":"2026-03-06T21:34:49","date_gmt":"2026-03-07T03:34:49","guid":{"rendered":"https:\/\/losperiodistas.com.mx\/portal\/?p=117942"},"modified":"2026-03-06T21:34:51","modified_gmt":"2026-03-07T03:34:51","slug":"israel-ejecuta-otro-ataque-a-gran-escala-sobre-teheran-dw","status":"publish","type":"post","link":"https:\/\/losperiodistas.com.mx\/portal\/israel-ejecuta-otro-ataque-a-gran-escala-sobre-teheran-dw\/","title":{"rendered":"Israel ejecuta otro \u00abataque a gran escala\u00bb sobre Teher\u00e1n | DW"},"content":{"rendered":"\n<p>La nueva ofensiva lleg\u00f3 justo despu\u00e9s de otra andanada de misiles iran\u00edes dirigida hacia territorio israel\u00ed.<\/p>\n\n\n\n<figure class=\"wp-block-image size-large\"><img fetchpriority=\"high\" decoding=\"async\" width=\"1024\" height=\"583\" src=\"https:\/\/losperiodistas.com.mx\/portal\/wp-content\/uploads\/2026\/03\/Teheran-1024x583.png\" alt=\"\" class=\"wp-image-117943\" srcset=\"https:\/\/losperiodistas.com.mx\/portal\/wp-content\/uploads\/2026\/03\/Teheran-1024x583.png 1024w, https:\/\/losperiodistas.com.mx\/portal\/wp-content\/uploads\/2026\/03\/Teheran-300x171.png 300w, https:\/\/losperiodistas.com.mx\/portal\/wp-content\/uploads\/2026\/03\/Teheran-768x438.png 768w, https:\/\/losperiodistas.com.mx\/portal\/wp-content\/uploads\/2026\/03\/Teheran.png 1255w\" sizes=\"(max-width: 1024px) 100vw, 1024px\" \/><figcaption class=\"wp-element-caption\">Humo y fuego se elevan desde el lugar de los ataques a\u00e9reos en el Aeropuerto Internacional de Mehrabad, Teher\u00e1n. (07.03.2026)<\/figcaption><\/figure>\n\n\n\n<p class=\"has-vivid-red-color has-text-color has-link-color wp-elements-b353f099e52a59452ef59849fe0503a0\">Redacci\u00f3n \/ DW<\/p>\n\n\n\n<p>El ej\u00e9rcito de Israel\u00a0anunci\u00f3 el s\u00e1bado (07.03.2026) que inici\u00f3 una nueva oleada de \u00abataques a gran escala\u00bb contra infraestructuras gubernamentales en Teher\u00e1n, la capital de Ir\u00e1n, mientras la radiotelevisi\u00f3n estatal iran\u00ed inform\u00f3 de una explosi\u00f3n en la zona oeste de la ciudad.<\/p>\n\n\n\n<p>\u00abLas fuerzas israel\u00edes han comenzado una ola de ataques a gran escala\u00bb contra objetivos gubernamentales en la capital iran\u00ed, se\u00f1al\u00f3 un comunicado militar israel\u00ed.<\/p>\n\n\n\n<p>El anuncio de la nueva ofensiva lleg\u00f3 justo despu\u00e9s de que el ej\u00e9rcito dijera que hab\u00eda detectado otra andanada de misiles iran\u00edes dirigida hacia Israel.<\/p>\n\n\n\n<p>Se escuch\u00f3 una serie de explosiones en Tel Aviv despu\u00e9s de estos disparos iran\u00edes, aparentemente procedentes de la interceptaci\u00f3n de los misiles por parte de las defensas israel\u00edes.<\/p>\n\n\n\n<p>El servicio de emergencias israel\u00ed, el Magen David Adom, declar\u00f3 no tener informaci\u00f3n sobre v\u00edctimas.<\/p>\n\n\n\n<p>El ej\u00e9rcito public\u00f3 despu\u00e9s un comunicado en el que se\u00f1alaba que los habitantes pod\u00edan abandonar sus refugios \u00aben todas las regiones del pa\u00eds\u00bb.<\/p>\n\n\n\n<p>Fuente: <a href=\"https:\/\/www.dw.com\/es\/israel-ejecuta-otro-ataque-a-gran-escala-sobre-teher%C3%A1n\/a-76256386\" target=\"_blank\" rel=\"noreferrer noopener\">DW<\/a><\/p>\n","protected":false},"excerpt":{"rendered":"<p>La nueva ofensiva lleg\u00f3 justo despu\u00e9s de otra andanada de misiles iran\u00edes dirigida hacia territorio israel\u00ed.<\/p>\n","protected":false},"author":1,"featured_media":117943,"comment_status":"open","ping_status":"open","sticky":false,"template":"","format":"standard","meta":{"site-sidebar-layout":"default","site-content-layout":"","ast-site-content-layout":"default","site-content-style":"default","site-sidebar-style":"default","ast-global-header-display":"","ast-banner-title-visibility":"","ast-main-header-display":"","ast-hfb-above-header-display":"","ast-hfb-below-header-display":"","ast-hfb-mobile-header-display":"","site-post-title":"","ast-breadcrumbs-content":"","ast-featured-img":"","footer-sml-layout":"","theme-transparent-header-meta":"","adv-header-id-meta":"","stick-header-meta":"","header-above-stick-meta":"","header-main-stick-meta":"","header-below-stick-meta":"","astra-migrate-meta-layouts":"default","ast-page-background-enabled":"default","ast-page-background-meta":{"desktop":{"background-color":"var(--ast-global-color-4)","background-image":"","background-repeat":"repeat","background-position":"center center","background-size":"auto","background-attachment":"scroll","background-type":"","background-media":"","overlay-type":"","overlay-color":"","overlay-opacity":"","overlay-gradient":""},"tablet":{"background-color":"","background-image":"","background-repeat":"repeat","background-position":"center center","background-size":"auto","background-attachment":"scroll","background-type":"","background-media":"","overlay-type":"","overlay-color":"","overlay-opacity":"","overlay-gradient":""},"mobile":{"background-color":"","background-image":"","background-repeat":"repeat","background-position":"center center","background-size":"auto","background-attachment":"scroll","background-type":"","background-media":"","overlay-type":"","overlay-color":"","overlay-opacity":"","overlay-gradient":""}},"ast-content-background-meta":{"desktop":{"background-color":"var(--ast-global-color-5)","background-image":"","background-repeat":"repeat","background-position":"center center","background-size":"auto","background-attachment":"scroll","background-type":"","background-media":"","overlay-type":"","overlay-color":"","overlay-opacity":"","overlay-gradient":""},"tablet":{"background-color":"var(--ast-global-color-5)","background-image":"","background-repeat":"repeat","background-position":"center center","background-size":"auto","background-attachment":"scroll","background-type":"","background-media":"","overlay-type":"","overlay-color":"","overlay-opacity":"","overlay-gradient":""},"mobile":{"background-color":"var(--ast-global-color-5)","background-image":"","background-repeat":"repeat","background-position":"center center","background-size":"auto","background-attachment":"scroll","background-type":"","background-media":"","overlay-type":"","overlay-color":"","overlay-opacity":"","overlay-gradient":""}},"footnotes":""},"categories":[8],"tags":[46905,12671,1582,46906,11114,26441],"class_list":["post-117942","post","type-post","status-publish","format-standard","has-post-thumbnail","hentry","category-noticias","tag-ataques-aereos-2","tag-iran","tag-israel","tag-magen-david-adom","tag-teheran","tag-tel-aviv"],"_links":{"self":[{"href":"https:\/\/losperiodistas.com.mx\/portal\/wp-json\/wp\/v2\/posts\/117942","targetHints":{"allow":["GET"]}}],"collection":[{"href":"https:\/\/losperiodistas.com.mx\/portal\/wp-json\/wp\/v2\/posts"}],"about":[{"href":"https:\/\/losperiodistas.com.mx\/portal\/wp-json\/wp\/v2\/types\/post"}],"author":[{"embeddable":true,"href":"https:\/\/losperiodistas.com.mx\/portal\/wp-json\/wp\/v2\/users\/1"}],"replies":[{"embeddable":true,"href":"https:\/\/losperiodistas.com.mx\/portal\/wp-json\/wp\/v2\/comments?post=117942"}],"version-history":[{"count":1,"href":"https:\/\/losperiodistas.com.mx\/portal\/wp-json\/wp\/v2\/posts\/117942\/revisions"}],"predecessor-version":[{"id":117944,"href":"https:\/\/losperiodistas.com.mx\/portal\/wp-json\/wp\/v2\/posts\/117942\/revisions\/117944"}],"wp:featuredmedia":[{"embeddable":true,"href":"https:\/\/losperiodistas.com.mx\/portal\/wp-json\/wp\/v2\/media\/117943"}],"wp:attachment":[{"href":"https:\/\/losperiodistas.com.mx\/portal\/wp-json\/wp\/v2\/media?parent=117942"}],"wp:term":[{"taxonomy":"category","embeddable":true,"href":"https:\/\/losperiodistas.com.mx\/portal\/wp-json\/wp\/v2\/categories?post=117942"},{"taxonomy":"post_tag","embeddable":true,"href":"https:\/\/losperiodistas.com.mx\/portal\/wp-json\/wp\/v2\/tags?post=117942"}],"curies":[{"name":"wp","href":"https:\/\/api.w.org\/{rel}","templated":true}]}}