{"id":117939,"date":"2026-03-06T21:30:17","date_gmt":"2026-03-07T03:30:17","guid":{"rendered":"https:\/\/losperiodistas.com.mx\/portal\/?p=117939"},"modified":"2026-03-06T21:30:18","modified_gmt":"2026-03-07T03:30:18","slug":"mujeres-en-la-economia-37-6-trabaja-en-condiciones-criticas-de-ocupacion-en-puebla-milenio","status":"publish","type":"post","link":"https:\/\/losperiodistas.com.mx\/portal\/mujeres-en-la-economia-37-6-trabaja-en-condiciones-criticas-de-ocupacion-en-puebla-milenio\/","title":{"rendered":"Mujeres en la econom\u00eda: 37.6% trabaja en condiciones cr\u00edticas de ocupaci\u00f3n en Puebla | Milenio"},"content":{"rendered":"\n<p>De acuerdo con el Inegi, al cuarto trimestre de 2025, la poblaci\u00f3n femenina en Puebla fue de 3.5 millones de mujeres, de las que 1.3 millones estaban ocupadas en diferentes sectores.<\/p>\n\n\n\n<figure class=\"wp-block-image size-large\"><img fetchpriority=\"high\" decoding=\"async\" width=\"1024\" height=\"579\" src=\"https:\/\/losperiodistas.com.mx\/portal\/wp-content\/uploads\/2026\/03\/puebla-brecha-laboral-1024x579.png\" alt=\"\" class=\"wp-image-117940\" srcset=\"https:\/\/losperiodistas.com.mx\/portal\/wp-content\/uploads\/2026\/03\/puebla-brecha-laboral-1024x579.png 1024w, https:\/\/losperiodistas.com.mx\/portal\/wp-content\/uploads\/2026\/03\/puebla-brecha-laboral-300x169.png 300w, https:\/\/losperiodistas.com.mx\/portal\/wp-content\/uploads\/2026\/03\/puebla-brecha-laboral-768x434.png 768w, https:\/\/losperiodistas.com.mx\/portal\/wp-content\/uploads\/2026\/03\/puebla-brecha-laboral.png 1177w\" sizes=\"(max-width: 1024px) 100vw, 1024px\" \/><figcaption class=\"wp-element-caption\">Mujeres en la econom\u00eda: 37.6% trabaja en condiciones cr\u00edticas de ocupaci\u00f3n en Puebla | Melanie Torres<\/figcaption><\/figure>\n\n\n\n<p class=\"has-vivid-red-color has-text-color has-link-color wp-elements-2a0c6ff26bf57d9da1a42d1ec8850a48\">Ver\u00f3nica L\u00f3pez \/ Milenio<\/p>\n\n\n\n<p>En Puebla, 37.6 por ciento de las mujeres que trabaja lo hace en condiciones cr\u00edticas, es decir, labora en jornadas extenuantes hasta por 48 horas semanales, percibiendo ingresos hasta por un salario m\u00ednimo.<\/p>\n\n\n\n<p>De acuerdo con la Encuesta Nacional de Ocupaci\u00f3n y Empleo (ENOE) del Instituto Nacional de Estad\u00edstica y Geograf\u00eda (Inegi), al cuarto trimestre de 2025, la poblaci\u00f3n femenina en la entidad poblana fue de 3.5 millones de mujeres, de las que 1.3 millones estaban ocupadas en diferentes sectores de la econom\u00eda.<\/p>\n\n\n\n<p>A pesar de que representan casi la mitad de la fuerza de trabajo, las poblanas contin\u00faan enfrent\u00e1ndose a situaciones de informalidad laboral, adem\u00e1s que los salarios que perciben resultan insuficientes para el sost\u00e9n de sus hogares y las hace m\u00e1s propensas a depender de terceros como familiares o programas sociales.<\/p>\n\n\n\n<p>De las mujeres ocupadas, 55.2 por ciento, es decir, 719 mil 227 trabajadoras, tuvo un ingreso de hasta un salario m\u00ednimo mientras que 12.3 por ciento, que se traduce en 160 mil 148, no recib\u00eda alg\u00fan tipo de pago por su trabajo.<\/p>\n\n\n\n<h2 class=\"wp-block-heading\">Con empleo informal 7 de cada 10 mujeres<\/h2>\n\n\n\n<p>La realidad laboral para las mujeres se agrava al considerar que 73.3 por ciento est\u00e1 en condiciones de informalidad, una situaci\u00f3n que se caracteriza por la ausencia de contratos formales y la carencia a prestaciones de ley como pago de aguinaldos, vacaciones, acceso a cr\u00e9ditos para la compra de vivienda.<\/p>\n\n\n\n<p>A su vez, de 1.3 millones de mujeres en el mercado laboral, 76.4 por ciento no cuenta con acceso a instituciones de salud, lo que las deja vulnerables ante emergencia m\u00e9dica, mientras que 21.4 por ciento trabaja m\u00e1s de 48 horas semanales.<\/p>\n\n\n\n<h2 class=\"wp-block-heading\">\u00bfEn qu\u00e9 trabajan las poblanas?<\/h2>\n\n\n\n<p>La fuerza laboral femenina tiene mayor presencia en sectores como el comercio y los servicios.<\/p>\n\n\n\n<p>Seg\u00fan la ENOE, 29.4 por ciento de las mujeres ocupadas se desempe\u00f1a en actividades de comercio, 15.8 por ciento en la industria manufacturera y 10.4 por ciento en restaurantes y servicios de alojamiento.<\/p>\n\n\n\n<p>Adem\u00e1s, 344 mil 721 mujeres trabajan por cuenta propia y poco m\u00e1s de 38 mil son empleadoras.<\/p>\n\n\n\n<p>Fuente: <a href=\"https:\/\/www.milenio.com\/negocios\/mas-de-37-por-ciento-de-poblanas-trabajan-en-condiciones-criticas\" target=\"_blank\" rel=\"noreferrer noopener\">Milenio<\/a><\/p>\n","protected":false},"excerpt":{"rendered":"<p>De acuerdo con el Inegi, al cuarto trimestre de 2025, la poblaci\u00f3n femenina en Puebla fue de 3.5 millones de mujeres, de las que 1.3 millones estaban ocupadas en diferentes sectores.<\/p>\n","protected":false},"author":1,"featured_media":117940,"comment_status":"open","ping_status":"open","sticky":false,"template":"","format":"standard","meta":{"site-sidebar-layout":"default","site-content-layout":"","ast-site-content-layout":"default","site-content-style":"default","site-sidebar-style":"default","ast-global-header-display":"","ast-banner-title-visibility":"","ast-main-header-display":"","ast-hfb-above-header-display":"","ast-hfb-below-header-display":"","ast-hfb-mobile-header-display":"","site-post-title":"","ast-breadcrumbs-content":"","ast-featured-img":"","footer-sml-layout":"","theme-transparent-header-meta":"","adv-header-id-meta":"","stick-header-meta":"","header-above-stick-meta":"","header-main-stick-meta":"","header-below-stick-meta":"","astra-migrate-meta-layouts":"default","ast-page-background-enabled":"default","ast-page-background-meta":{"desktop":{"background-color":"var(--ast-global-color-4)","background-image":"","background-repeat":"repeat","background-position":"center center","background-size":"auto","background-attachment":"scroll","background-type":"","background-media":"","overlay-type":"","overlay-color":"","overlay-opacity":"","overlay-gradient":""},"tablet":{"background-color":"","background-image":"","background-repeat":"repeat","background-position":"center center","background-size":"auto","background-attachment":"scroll","background-type":"","background-media":"","overlay-type":"","overlay-color":"","overlay-opacity":"","overlay-gradient":""},"mobile":{"background-color":"","background-image":"","background-repeat":"repeat","background-position":"center center","background-size":"auto","background-attachment":"scroll","background-type":"","background-media":"","overlay-type":"","overlay-color":"","overlay-opacity":"","overlay-gradient":""}},"ast-content-background-meta":{"desktop":{"background-color":"var(--ast-global-color-5)","background-image":"","background-repeat":"repeat","background-position":"center center","background-size":"auto","background-attachment":"scroll","background-type":"","background-media":"","overlay-type":"","overlay-color":"","overlay-opacity":"","overlay-gradient":""},"tablet":{"background-color":"var(--ast-global-color-5)","background-image":"","background-repeat":"repeat","background-position":"center center","background-size":"auto","background-attachment":"scroll","background-type":"","background-media":"","overlay-type":"","overlay-color":"","overlay-opacity":"","overlay-gradient":""},"mobile":{"background-color":"var(--ast-global-color-5)","background-image":"","background-repeat":"repeat","background-position":"center center","background-size":"auto","background-attachment":"scroll","background-type":"","background-media":"","overlay-type":"","overlay-color":"","overlay-opacity":"","overlay-gradient":""}},"footnotes":""},"categories":[8],"tags":[46902,653,46903,46901,46904],"class_list":["post-117939","post","type-post","status-publish","format-standard","has-post-thumbnail","hentry","category-noticias","tag-enoe","tag-inegi","tag-informalidad-laboral","tag-mujeres-en-la-economia","tag-sueldos-bajos"],"_links":{"self":[{"href":"https:\/\/losperiodistas.com.mx\/portal\/wp-json\/wp\/v2\/posts\/117939","targetHints":{"allow":["GET"]}}],"collection":[{"href":"https:\/\/losperiodistas.com.mx\/portal\/wp-json\/wp\/v2\/posts"}],"about":[{"href":"https:\/\/losperiodistas.com.mx\/portal\/wp-json\/wp\/v2\/types\/post"}],"author":[{"embeddable":true,"href":"https:\/\/losperiodistas.com.mx\/portal\/wp-json\/wp\/v2\/users\/1"}],"replies":[{"embeddable":true,"href":"https:\/\/losperiodistas.com.mx\/portal\/wp-json\/wp\/v2\/comments?post=117939"}],"version-history":[{"count":1,"href":"https:\/\/losperiodistas.com.mx\/portal\/wp-json\/wp\/v2\/posts\/117939\/revisions"}],"predecessor-version":[{"id":117941,"href":"https:\/\/losperiodistas.com.mx\/portal\/wp-json\/wp\/v2\/posts\/117939\/revisions\/117941"}],"wp:featuredmedia":[{"embeddable":true,"href":"https:\/\/losperiodistas.com.mx\/portal\/wp-json\/wp\/v2\/media\/117940"}],"wp:attachment":[{"href":"https:\/\/losperiodistas.com.mx\/portal\/wp-json\/wp\/v2\/media?parent=117939"}],"wp:term":[{"taxonomy":"category","embeddable":true,"href":"https:\/\/losperiodistas.com.mx\/portal\/wp-json\/wp\/v2\/categories?post=117939"},{"taxonomy":"post_tag","embeddable":true,"href":"https:\/\/losperiodistas.com.mx\/portal\/wp-json\/wp\/v2\/tags?post=117939"}],"curies":[{"name":"wp","href":"https:\/\/api.w.org\/{rel}","templated":true}]}}