{"id":117936,"date":"2026-03-06T21:14:36","date_gmt":"2026-03-07T03:14:36","guid":{"rendered":"https:\/\/losperiodistas.com.mx\/portal\/?p=117936"},"modified":"2026-03-06T21:14:37","modified_gmt":"2026-03-07T03:14:37","slug":"embajador-de-iran-en-la-onu-rechaza-la-injerencia-de-estados-unidos-en-la-sucesion-de-jamenei-el-economista","status":"publish","type":"post","link":"https:\/\/losperiodistas.com.mx\/portal\/embajador-de-iran-en-la-onu-rechaza-la-injerencia-de-estados-unidos-en-la-sucesion-de-jamenei-el-economista\/","title":{"rendered":"Embajador de Ir\u00e1n en la ONU rechaza la \u00abinjerencia\u00bb de Estados Unidos en la sucesi\u00f3n de Jamenei | El Economista"},"content":{"rendered":"\n<p>El diplom\u00e1tico iran\u00ed reiter\u00f3 que la respuesta de su pa\u00eds a los ataques israel-estadounidenses es \u00ablegal, necesaria y proporcionada\u00bb.<\/p>\n\n\n\n<figure class=\"wp-block-image size-large\"><img fetchpriority=\"high\" decoding=\"async\" width=\"1024\" height=\"599\" src=\"https:\/\/losperiodistas.com.mx\/portal\/wp-content\/uploads\/2026\/03\/AmirSaeid-1024x599.png\" alt=\"\" class=\"wp-image-117937\" srcset=\"https:\/\/losperiodistas.com.mx\/portal\/wp-content\/uploads\/2026\/03\/AmirSaeid-1024x599.png 1024w, https:\/\/losperiodistas.com.mx\/portal\/wp-content\/uploads\/2026\/03\/AmirSaeid-300x176.png 300w, https:\/\/losperiodistas.com.mx\/portal\/wp-content\/uploads\/2026\/03\/AmirSaeid-768x450.png 768w, https:\/\/losperiodistas.com.mx\/portal\/wp-content\/uploads\/2026\/03\/AmirSaeid.png 1387w\" sizes=\"(max-width: 1024px) 100vw, 1024px\" \/><figcaption class=\"wp-element-caption\">Amir Saeid Iravani, embajador de Ir\u00e1n ante la ONU. AFP<\/figcaption><\/figure>\n\n\n\n<p class=\"has-vivid-red-color has-text-color has-link-color wp-elements-3c4ff8638175c9d3a6ea8b163c9a905b\">Redacci\u00f3n \/ El Economista<\/p>\n\n\n\n<p>El embajador de Ir\u00e1n ante la <strong>ONU<\/strong> rechaz\u00f3 el viernes la \u00abinjerencia\u00bb de Estados Unidos en los asuntos internos de su pa\u00eds, despu\u00e9s de que el presidente Donald Trump afirmara que deb\u00eda estar \u00abimplicado\u00bb en la elecci\u00f3n del sucesor del l\u00edder supremo iran\u00ed.<\/p>\n\n\n\n<p>\u00abLa presunta declaraci\u00f3n del presidente de Estados Unidos sobre la elecci\u00f3n de un nuevo l\u00edder supremo en Ir\u00e1n constituye una clara violaci\u00f3n de los principios de no injerencia en los asuntos internos de los Estados, consagrados en la Carta de las Naciones Unidas\u00bb, declar\u00f3 a la prensa el diplom\u00e1tico iran\u00ed Amir Saeid Iravani en la sede de la ONU en Nueva York.<\/p>\n\n\n\n<p>\u00abIr\u00e1n es un Estado soberano e independiente. No acepta ni aceptar\u00e1 jam\u00e1s que ninguna potencia extranjera interfiera en sus asuntos internos\u00bb, a\u00f1adi\u00f3.<\/p>\n\n\n\n<p>Trump exigi\u00f3 el jueves que \u00abdeb\u00eda estar implicado\u00bb en la elecci\u00f3n del sucesor de Jamenei, quien muri\u00f3 el s\u00e1bado pasado en un ataque al comienzo de la guerra que lanzaron Estados Unidos e Israel sobre Ir\u00e1n.<\/p>\n\n\n\n<p>De otro lado, el embajador iran\u00ed reiter\u00f3 que la respuesta de su pa\u00eds a los ataques israel-estadounidenses es \u00ablegal, necesaria y proporcionada\u00bb.<\/p>\n\n\n\n<p>Adem\u00e1s asegur\u00f3 que Ir\u00e1n, que ha lanzado ataques sobre varios pa\u00edses del Golfo, solo apunta contra \u00abobjetivos militares de los agresores\u00bb.<\/p>\n\n\n\n<p>Fuente: <a href=\"https:\/\/www.eleconomista.com.mx\/internacionales\/embajador-iran-onu-rechaza-injerencia-estados-unidos-sucesion-jamenei-20260306-803091.html\" target=\"_blank\" rel=\"noreferrer noopener\">El Economista<\/a><\/p>\n","protected":false},"excerpt":{"rendered":"<p>El diplom\u00e1tico iran\u00ed reiter\u00f3 que la respuesta de su pa\u00eds a los ataques israel-estadounidenses es \u00ablegal, necesaria y proporcionada\u00bb.<\/p>\n","protected":false},"author":1,"featured_media":117937,"comment_status":"open","ping_status":"open","sticky":false,"template":"","format":"standard","meta":{"site-sidebar-layout":"default","site-content-layout":"","ast-site-content-layout":"default","site-content-style":"default","site-sidebar-style":"default","ast-global-header-display":"","ast-banner-title-visibility":"","ast-main-header-display":"","ast-hfb-above-header-display":"","ast-hfb-below-header-display":"","ast-hfb-mobile-header-display":"","site-post-title":"","ast-breadcrumbs-content":"","ast-featured-img":"","footer-sml-layout":"","theme-transparent-header-meta":"","adv-header-id-meta":"","stick-header-meta":"","header-above-stick-meta":"","header-main-stick-meta":"","header-below-stick-meta":"","astra-migrate-meta-layouts":"default","ast-page-background-enabled":"default","ast-page-background-meta":{"desktop":{"background-color":"var(--ast-global-color-4)","background-image":"","background-repeat":"repeat","background-position":"center center","background-size":"auto","background-attachment":"scroll","background-type":"","background-media":"","overlay-type":"","overlay-color":"","overlay-opacity":"","overlay-gradient":""},"tablet":{"background-color":"","background-image":"","background-repeat":"repeat","background-position":"center center","background-size":"auto","background-attachment":"scroll","background-type":"","background-media":"","overlay-type":"","overlay-color":"","overlay-opacity":"","overlay-gradient":""},"mobile":{"background-color":"","background-image":"","background-repeat":"repeat","background-position":"center center","background-size":"auto","background-attachment":"scroll","background-type":"","background-media":"","overlay-type":"","overlay-color":"","overlay-opacity":"","overlay-gradient":""}},"ast-content-background-meta":{"desktop":{"background-color":"var(--ast-global-color-5)","background-image":"","background-repeat":"repeat","background-position":"center center","background-size":"auto","background-attachment":"scroll","background-type":"","background-media":"","overlay-type":"","overlay-color":"","overlay-opacity":"","overlay-gradient":""},"tablet":{"background-color":"var(--ast-global-color-5)","background-image":"","background-repeat":"repeat","background-position":"center center","background-size":"auto","background-attachment":"scroll","background-type":"","background-media":"","overlay-type":"","overlay-color":"","overlay-opacity":"","overlay-gradient":""},"mobile":{"background-color":"var(--ast-global-color-5)","background-image":"","background-repeat":"repeat","background-position":"center center","background-size":"auto","background-attachment":"scroll","background-type":"","background-media":"","overlay-type":"","overlay-color":"","overlay-opacity":"","overlay-gradient":""}},"footnotes":""},"categories":[8],"tags":[46900,46897,46898,177,46899,10989],"class_list":["post-117936","post","type-post","status-publish","format-standard","has-post-thumbnail","hentry","category-noticias","tag-amir-saeid-iravani","tag-embajador-de-iran","tag-injerencia-de-eu","tag-onu","tag-sucesion-de-jamenei","tag-trump"],"_links":{"self":[{"href":"https:\/\/losperiodistas.com.mx\/portal\/wp-json\/wp\/v2\/posts\/117936","targetHints":{"allow":["GET"]}}],"collection":[{"href":"https:\/\/losperiodistas.com.mx\/portal\/wp-json\/wp\/v2\/posts"}],"about":[{"href":"https:\/\/losperiodistas.com.mx\/portal\/wp-json\/wp\/v2\/types\/post"}],"author":[{"embeddable":true,"href":"https:\/\/losperiodistas.com.mx\/portal\/wp-json\/wp\/v2\/users\/1"}],"replies":[{"embeddable":true,"href":"https:\/\/losperiodistas.com.mx\/portal\/wp-json\/wp\/v2\/comments?post=117936"}],"version-history":[{"count":1,"href":"https:\/\/losperiodistas.com.mx\/portal\/wp-json\/wp\/v2\/posts\/117936\/revisions"}],"predecessor-version":[{"id":117938,"href":"https:\/\/losperiodistas.com.mx\/portal\/wp-json\/wp\/v2\/posts\/117936\/revisions\/117938"}],"wp:featuredmedia":[{"embeddable":true,"href":"https:\/\/losperiodistas.com.mx\/portal\/wp-json\/wp\/v2\/media\/117937"}],"wp:attachment":[{"href":"https:\/\/losperiodistas.com.mx\/portal\/wp-json\/wp\/v2\/media?parent=117936"}],"wp:term":[{"taxonomy":"category","embeddable":true,"href":"https:\/\/losperiodistas.com.mx\/portal\/wp-json\/wp\/v2\/categories?post=117936"},{"taxonomy":"post_tag","embeddable":true,"href":"https:\/\/losperiodistas.com.mx\/portal\/wp-json\/wp\/v2\/tags?post=117936"}],"curies":[{"name":"wp","href":"https:\/\/api.w.org\/{rel}","templated":true}]}}