{"id":11788,"date":"2021-08-18T19:51:11","date_gmt":"2021-08-19T00:51:11","guid":{"rendered":"http:\/\/losperiodistas.com.mx\/portal\/?p=11788"},"modified":"2021-08-18T19:51:13","modified_gmt":"2021-08-19T00:51:13","slug":"giran-orden-de-aprehension-contra-luis-ernesto-derbez-el-norte","status":"publish","type":"post","link":"https:\/\/losperiodistas.com.mx\/portal\/giran-orden-de-aprehension-contra-luis-ernesto-derbez-el-norte\/","title":{"rendered":"Giran orden de aprehensi\u00f3n contra Luis Ernesto Derbez | El Norte"},"content":{"rendered":"\n<figure class=\"wp-block-image size-large\"><img fetchpriority=\"high\" decoding=\"async\" width=\"954\" height=\"640\" src=\"https:\/\/losperiodistas.com.mx\/portal\/wp-content\/uploads\/2021\/08\/Captura-de-Pantalla-2021-08-18-a-las-19.49.16.jpg\" alt=\"\" class=\"wp-image-11791\" srcset=\"https:\/\/losperiodistas.com.mx\/portal\/wp-content\/uploads\/2021\/08\/Captura-de-Pantalla-2021-08-18-a-las-19.49.16.jpg 954w, https:\/\/losperiodistas.com.mx\/portal\/wp-content\/uploads\/2021\/08\/Captura-de-Pantalla-2021-08-18-a-las-19.49.16-300x201.jpg 300w, https:\/\/losperiodistas.com.mx\/portal\/wp-content\/uploads\/2021\/08\/Captura-de-Pantalla-2021-08-18-a-las-19.49.16-768x515.jpg 768w\" sizes=\"(max-width: 954px) 100vw, 954px\" \/><\/figure>\n\n\n\n<p class=\"has-vivid-cyan-blue-color has-text-color has-medium-font-size\">GRUPO REFORMA \/ EL NORTE<\/p>\n\n\n\n<p><strong>Cd. de M\u00e9xico&nbsp;(18 agosto 2021).-&nbsp;<\/strong><\/p>\n\n\n\n<h2 class=\"wp-block-heading\">Notas Relacionadas<\/h2>\n\n\n\n<figure class=\"wp-block-image\"><img decoding=\"async\" src=\"https:\/\/img.gruporeforma.com\/imagenes\/elementorelacionado\/10\/574\/9573800.jpg\" alt=\"\"\/><\/figure>\n\n\n\n<p><a href=\"https:\/\/www.elnorte.com\/exigen-maestros-estabilidad-en-udlap\/ar2228829\">Exigen maestros estabilidad en UDLAP<\/a><\/p>\n\n\n\n<figure class=\"wp-block-image\"><img decoding=\"async\" src=\"https:\/\/img.gruporeforma.com\/imagenes\/elementorelacionado\/10\/574\/9573800.jpg\" alt=\"\"\/><\/figure>\n\n\n\n<p><a href=\"https:\/\/www.elnorte.com\/deja-pleito-de-udlap-sin-pago-a-empleados\/ar2225151\">Deja pleito de UDLAP sin pago a empleados<\/a><\/p>\n\n\n\n<figure class=\"wp-block-image\"><img decoding=\"async\" src=\"https:\/\/img.gruporeforma.com\/imagenes\/elementorelacionado\/10\/574\/9573800.jpg\" alt=\"\"\/><\/figure>\n\n\n\n<p><a href=\"https:\/\/www.elnorte.com\/defiende-rios-piter-su-designacion-como-rector-de-udlap\/ar2222668\">Defiende R\u00edos Piter su designaci\u00f3n como Rector de UDLAP<\/a>Un Juez del Estado de Puebla gir\u00f3 una orden de aprehensi\u00f3n en contra Luis Ernesto Derbez, ex Rector de la Universidad de la Am\u00e9ricas Puebla (UDLAP), e integrantes del cuerpo directivo de dicha casa de estudios, por el delito de fraude espec\u00edfico.<\/p>\n\n\n\n<p>El mandato de captura es para M\u00f3nica Ru\u00edz Huerta Puebla, ex Vicerrectora Administrativa; Mario Vallejo P\u00e9rez, ex Vicerrector de Finanzas y Desarrollo Institucional; Jes\u00fas Salvador Mijangos Pati\u00f1o, ex Director General de Asuntos Jur\u00eddicos; as\u00ed como en contra de los abogados de la familia Jenkins Landa, Virgilio Rinc\u00f3n Salas y Alejandro Gonz\u00e1lez Mu\u00f1oz.<\/p>\n\n\n\n<p>Los hechos que se les imputan a los acusados consisten en que en 2016, Derbez y los otros directivos, presuntamente crearon una serie de empresas, entre las que se encuentra la sociedad denominada ULAP Jenkins Graduate School, de la que son socios y a la que habr\u00edan desviado alrededor de 100 millones de pesos que eran propiedad de la Fundaci\u00f3n Mary Street Jenkins.<\/p>\n\n\n\n<p>En el caso de los abogados Rinc\u00f3n Salas y Gonz\u00e1lez Mu\u00f1oz, con este mandamiento suman ya tres \u00f3rdenes de aprehensi\u00f3n, que son giradas en su contra por lavado de dinero, fraude espec\u00edfico y administraci\u00f3n fraudulenta, por el desfalco y desv\u00edo de recursos que suman m\u00e1s de quince mil millones de pesos.<\/p>\n\n\n\n<p>Presuntamente, los litigantes dise\u00f1aron una estructura que permiti\u00f3 mover los fondos a Panam\u00e1 y robar de esta manera la totalidad de los activos de la Fundaci\u00f3n.<\/p>\n\n\n\n<p>Por esta estructura delictiva, Rinc\u00f3n Salas y Gonz\u00e1lez Mu\u00f1oz habr\u00edan recibido a cambio m\u00e1s de cien millones de d\u00f3lares, de manos de la familia Jenkins Landa con recursos de la propia Fundaci\u00f3n.<\/p>\n\n\n\n<p>Las \u00f3rdenes de aprehensi\u00f3n han sido libradas dentro del pleito penal y civil que Guillermo Jenkins de Landa y el resto de su familia sostienen entre ellos por el control de la Fundaci\u00f3n y sus bienes, entre ellos la UDLAP.<\/p>\n\n\n\n<p>Fuente: https:\/\/www.elnorte.com\/giran-orden-de-aprehension-contra-luis-ernesto-derbez\/ar2242363?referer=&#8211;7d616165662f3a3a6262623b727a7a7279703b767a783a&#8211;<\/p>\n","protected":false},"excerpt":{"rendered":"<p>GRUPO REFORMA \/ EL NORTE Cd. de M\u00e9xico&nbsp;(18 agosto 2021).-&nbsp; Notas Relacionadas Exigen maestros estabilidad en UDLAP Deja pleito de [&hellip;]<\/p>\n","protected":false},"author":1,"featured_media":11791,"comment_status":"open","ping_status":"open","sticky":false,"template":"","format":"standard","meta":{"site-sidebar-layout":"default","site-content-layout":"","ast-site-content-layout":"default","site-content-style":"default","site-sidebar-style":"default","ast-global-header-display":"","ast-banner-title-visibility":"","ast-main-header-display":"","ast-hfb-above-header-display":"","ast-hfb-below-header-display":"","ast-hfb-mobile-header-display":"","site-post-title":"","ast-breadcrumbs-content":"","ast-featured-img":"","footer-sml-layout":"","theme-transparent-header-meta":"","adv-header-id-meta":"","stick-header-meta":"","header-above-stick-meta":"","header-main-stick-meta":"","header-below-stick-meta":"","astra-migrate-meta-layouts":"default","ast-page-background-enabled":"default","ast-page-background-meta":{"desktop":{"background-color":"var(--ast-global-color-4)","background-image":"","background-repeat":"repeat","background-position":"center center","background-size":"auto","background-attachment":"scroll","background-type":"","background-media":"","overlay-type":"","overlay-color":"","overlay-opacity":"","overlay-gradient":""},"tablet":{"background-color":"","background-image":"","background-repeat":"repeat","background-position":"center center","background-size":"auto","background-attachment":"scroll","background-type":"","background-media":"","overlay-type":"","overlay-color":"","overlay-opacity":"","overlay-gradient":""},"mobile":{"background-color":"","background-image":"","background-repeat":"repeat","background-position":"center center","background-size":"auto","background-attachment":"scroll","background-type":"","background-media":"","overlay-type":"","overlay-color":"","overlay-opacity":"","overlay-gradient":""}},"ast-content-background-meta":{"desktop":{"background-color":"var(--ast-global-color-5)","background-image":"","background-repeat":"repeat","background-position":"center center","background-size":"auto","background-attachment":"scroll","background-type":"","background-media":"","overlay-type":"","overlay-color":"","overlay-opacity":"","overlay-gradient":""},"tablet":{"background-color":"var(--ast-global-color-5)","background-image":"","background-repeat":"repeat","background-position":"center center","background-size":"auto","background-attachment":"scroll","background-type":"","background-media":"","overlay-type":"","overlay-color":"","overlay-opacity":"","overlay-gradient":""},"mobile":{"background-color":"var(--ast-global-color-5)","background-image":"","background-repeat":"repeat","background-position":"center center","background-size":"auto","background-attachment":"scroll","background-type":"","background-media":"","overlay-type":"","overlay-color":"","overlay-opacity":"","overlay-gradient":""}},"footnotes":""},"categories":[8],"tags":[2175,2561,3359,2379],"class_list":["post-11788","post","type-post","status-publish","format-standard","has-post-thumbnail","hentry","category-noticias","tag-fundacion-jenkins","tag-luis-ernesto-derbez","tag-orden-de-aprehension-derbez","tag-udlap"],"_links":{"self":[{"href":"https:\/\/losperiodistas.com.mx\/portal\/wp-json\/wp\/v2\/posts\/11788","targetHints":{"allow":["GET"]}}],"collection":[{"href":"https:\/\/losperiodistas.com.mx\/portal\/wp-json\/wp\/v2\/posts"}],"about":[{"href":"https:\/\/losperiodistas.com.mx\/portal\/wp-json\/wp\/v2\/types\/post"}],"author":[{"embeddable":true,"href":"https:\/\/losperiodistas.com.mx\/portal\/wp-json\/wp\/v2\/users\/1"}],"replies":[{"embeddable":true,"href":"https:\/\/losperiodistas.com.mx\/portal\/wp-json\/wp\/v2\/comments?post=11788"}],"version-history":[{"count":1,"href":"https:\/\/losperiodistas.com.mx\/portal\/wp-json\/wp\/v2\/posts\/11788\/revisions"}],"predecessor-version":[{"id":11792,"href":"https:\/\/losperiodistas.com.mx\/portal\/wp-json\/wp\/v2\/posts\/11788\/revisions\/11792"}],"wp:featuredmedia":[{"embeddable":true,"href":"https:\/\/losperiodistas.com.mx\/portal\/wp-json\/wp\/v2\/media\/11791"}],"wp:attachment":[{"href":"https:\/\/losperiodistas.com.mx\/portal\/wp-json\/wp\/v2\/media?parent=11788"}],"wp:term":[{"taxonomy":"category","embeddable":true,"href":"https:\/\/losperiodistas.com.mx\/portal\/wp-json\/wp\/v2\/categories?post=11788"},{"taxonomy":"post_tag","embeddable":true,"href":"https:\/\/losperiodistas.com.mx\/portal\/wp-json\/wp\/v2\/tags?post=11788"}],"curies":[{"name":"wp","href":"https:\/\/api.w.org\/{rel}","templated":true}]}}