{"id":117791,"date":"2026-03-04T09:57:12","date_gmt":"2026-03-04T15:57:12","guid":{"rendered":"https:\/\/losperiodistas.com.mx\/portal\/?p=117791"},"modified":"2026-03-04T09:57:13","modified_gmt":"2026-03-04T15:57:13","slug":"cardenal-arizmendi-en-que-hemos-fallado-exaudi","status":"publish","type":"post","link":"https:\/\/losperiodistas.com.mx\/portal\/cardenal-arizmendi-en-que-hemos-fallado-exaudi\/","title":{"rendered":"Cardenal Arizmendi: \u00bfEn qu\u00e9 hemos fallado? | Exaudi"},"content":{"rendered":"\n<p class=\"has-medium-font-size\"> La educaci\u00f3n es en todo tiempo y en toda circunstancia<\/p>\n\n\n\n<figure class=\"wp-block-image size-full\"><img fetchpriority=\"high\" decoding=\"async\" width=\"1024\" height=\"576\" src=\"https:\/\/losperiodistas.com.mx\/portal\/wp-content\/uploads\/2026\/03\/c62fb19a-3d93-43a1-a987-7c603b1d3a4f-1024x576-1.webp\" alt=\"\" class=\"wp-image-117792\" srcset=\"https:\/\/losperiodistas.com.mx\/portal\/wp-content\/uploads\/2026\/03\/c62fb19a-3d93-43a1-a987-7c603b1d3a4f-1024x576-1.webp 1024w, https:\/\/losperiodistas.com.mx\/portal\/wp-content\/uploads\/2026\/03\/c62fb19a-3d93-43a1-a987-7c603b1d3a4f-1024x576-1-300x169.webp 300w, https:\/\/losperiodistas.com.mx\/portal\/wp-content\/uploads\/2026\/03\/c62fb19a-3d93-43a1-a987-7c603b1d3a4f-1024x576-1-768x432.webp 768w\" sizes=\"(max-width: 1024px) 100vw, 1024px\" \/><\/figure>\n\n\n\n<p><\/p>\n\n\n\n<p class=\"has-medium-font-size\"><strong>EXAUDI<\/strong><\/p>\n\n\n\n<p>El&nbsp;<a href=\"https:\/\/exaudi.org\/es\/author\/felipearizmendi\/\" target=\"_blank\" rel=\"noreferrer noopener\">cardenal Felipe Arizmendi<\/a>, obispo em\u00e9rito de San Crist\u00f3bal de Las Casas y responsable de la Doctrina de la Fe en la&nbsp;<a href=\"https:\/\/www.cem.org.mx\/\" target=\"_blank\" rel=\"noreferrer noopener\">Conferencia del Episcopado Mexicano (CEM)<\/a>, ofrece a los lectores de Exaudi su art\u00edculo semanal.<\/p>\n\n\n\n<figure class=\"wp-block-embed is-type-rich is-provider-spotify wp-block-embed-spotify wp-embed-aspect-21-9 wp-has-aspect-ratio\"><div class=\"wp-block-embed__wrapper\">\n<iframe title=\"Spotify Embed: Cardenal Arizmendi: \u00bfEn qu\u00e9 hemos fallado?\" style=\"border-radius: 12px\" width=\"100%\" height=\"152\" frameborder=\"0\" allowfullscreen allow=\"autoplay; clipboard-write; encrypted-media; fullscreen; picture-in-picture\" loading=\"lazy\" src=\"https:\/\/open.spotify.com\/embed\/episode\/73alwMp9xCGHqR6RtcuKrD?si=N9TNeQWuRYS3OZxMCv-VRw&amp;utm_source=oembed\"><\/iframe>\n<\/div><\/figure>\n\n\n\n<h3 class=\"wp-block-heading\"><strong>HECHOS<\/strong><\/h3>\n\n\n\n<p>En la casa que ocupaba Nemesio Oseguera Cervantes, \u201cEl Mencho\u201d, m\u00e1ximo l\u00edder del&nbsp;<em>C\u00e1rtel Jalisco Nueva Generaci\u00f3n,&nbsp;<\/em>cuando fue capturado y abatido por el gobierno federal, se encontr\u00f3 que ten\u00eda un altar con unas im\u00e1genes de la Virgen de Guadalupe, de San Judas Tadeo y de otros santos, con sus veladoras, y un salmo escrito a mano. En julio de 2022, public\u00f3 un video en el que exhortaba a los c\u00e1rteles a respetar a sacerdotes, pastores evang\u00e9licos, m\u00e9dicos y maestros. Se consideraba muy cat\u00f3lico y devoto, pero era un asesino, narcotraficante y extorsionador, que no se tocaba la conciencia cuando se trataba de proteger su&nbsp;<em>negocio&nbsp;<\/em>y los intereses de su organizaci\u00f3n. \u00bfEn qu\u00e9 fall\u00f3 su educaci\u00f3n cat\u00f3lica?<\/p>\n\n\n\n<p>Un sacerdote de esa regi\u00f3n escribi\u00f3 una carta sobre Rub\u00e9n Oseguera Gonz\u00e1lez, hijo de \u201cEl Mecho\u201d, de quien afirma que \u201cproviene de una familia cat\u00f3lica muy practicante\u201d. \u00bfEsa familia es en verdad cat\u00f3lica y muy practicante? Quiz\u00e1 algunos de esa familia lo sean, pero afirmarlo de toda la familia es una afirmaci\u00f3n contradictoria con sus hechos. Ser cat\u00f3lico practicante es amar a Dios y al pr\u00f3jimo, no es s\u00f3lo rezar y tener algunas devociones religiosas. \u00bfEn qu\u00e9 hemos fallado en la instrucci\u00f3n religiosa, en las catequesis y homil\u00edas, en nuestros grupos parroquiales, para que algunos consideren compatible su fe cat\u00f3lica con unas pr\u00e1cticas totalmente contrarias a esta fe?<\/p>\n\n\n\n<p>La mayor\u00eda de los miembros de estos grupos, tanto de la delincuencia com\u00fan como de la organizada, se consideran cat\u00f3licos porque fueron bautizados, quiz\u00e1 hicieron la Primera Comuni\u00f3n y recibieron la Confirmaci\u00f3n; probablemente tienen sus devociones, llevan al cuello un escapulario, un crucifijo o una imagen de la Virgen; sin embargo, su vida contradice por completo lo que proclama nuestra fe. Es muy probable que no participen en la Misa dominical; pero son hijos de la Iglesia. \u00bfEn qu\u00e9 hemos fallado nosotros? Es la misma pregunta que se hacen algunos pap\u00e1s cuando los hijos se portan mal.<\/p>\n\n\n\n<p>En este tiempo de Cuaresma, es oportuno examinar nuestra conciencia y nuestra pr\u00e1ctica pastoral para analizar nuestras deficiencias. El gobierno desde hace tiempo deber\u00eda haber hecho mucho m\u00e1s para impedir que esos grupos criminales crecieran y se afianzaran; pero no todo es culpa del gobierno; tambi\u00e9n nosotros debemos reconocer nuestras fallas.<\/p>\n\n\n\n<h3 class=\"wp-block-heading\"><strong>ILUMINACION<\/strong><\/h3>\n\n\n\n<p>Los obispos mexicanos, en un documento del a\u00f1o 2009, titulado&nbsp;<em>\u201cQue en Cristo, nuestra Paz, M\u00e9xico tenga vida digna\u201d,&nbsp;<\/em>decimos.<\/p>\n\n\n\n<p><em>\u201cHoy percibimos una evangelizaci\u00f3n con poco ardor y sin nuevos m\u00e9todos y expresiones, un \u00e9nfasis en el ritualismo sin el conveniente itinerario formativo; movimientos y grupos religiosos que se olvidan de la dimensi\u00f3n social de la fe, una espiritualidad individualista; una mentalidad relativista en lo \u00e9tico; en la pastoral persisten lenguajes poco significativos para la cultura actual. Y con relaci\u00f3n a la inseguridad y violencia, reconocemos con tristeza que entre los involucrados en el crimen organizado hay mujeres y hombres bautizados, que con sus acciones se alejan de Dios y de la Iglesia. Tambi\u00e9n se han descuidado espacios relacionados con estas situaciones como son la pastoral penitenciaria, la pastoral a menores infractores y en situaciones de riesgo y el acompa\u00f1amiento a v\u00edctimas inocentes\u201d&nbsp;<\/em>(95).<\/p>\n\n\n\n<p><em>\u201cLa evangelizaci\u00f3n tiene que transformar desde la ra\u00edz a las personas para que sean fermento de la paz en el mundo. Tenemos que reconocer con humildad que muchas de las personas involucradas en la delincuencia organizada, est\u00e1n bautizadas en la Iglesia, pero carecen de una formaci\u00f3n viva en la fe. Debemos asumir esa responsabilidad\u201d<\/em>&nbsp;(252).<\/p>\n\n\n\n<p><em>\u201cQueremos hacer un llamamiento a quienes practican la violencia. Les pedimos que abandonen los medios violentos para lograr sus metas. Nunca ser\u00e1 justificable la muerte, ni los ataques a inocentes. Los caminos de la violencia no pueden conducir a la verdadera justicia ni para ustedes ni para los dem\u00e1s. Todav\u00eda pueden cambiar si quieren. Pueden profesar sus sentimientos de humanidad y reconocer la solidaridad humana\u201d&nbsp;<\/em>(254).<\/p>\n\n\n\n<p><em>\u201cNos dirigimos a quienes, por cualquier raz\u00f3n, se han involucrado en las diversas formas de crimen organizado. Dios los llama a la conversi\u00f3n y su perd\u00f3n est\u00e1 siempre dispuesto, pero deben arrepentirse. Piensen en el mal que est\u00e1n provoc\u00e1ndoles a una multitud de j\u00f3venes y de adultos de todos los segmentos de la sociedad. La dignidad humana no puede ser pisoteada de esta manera. El mal provocado recibe la misma reprobaci\u00f3n hecha por Jes\u00fas a los que escandalizaban a los \u2018peque\u00f1itos\u2019, los preferidos de Dios\u201d&nbsp;<\/em>(255).<\/p>\n\n\n\n<p><em>\u201cHacemos un llamado vehemente a quienes producen la droga y la transportan, a los que se prestan al comercio del narcomenudeo, a los que la consumen, a los sicarios y a todos los implicados en este nefasto negocio: \u00a1arrepi\u00e9ntanse y cambien de vida!. Busquen la vida y no la muerte. Dios est\u00e1 siempre dispuesto a perdonarles; s\u00f3lo les pide que reconozcan sus errores; que se arrepientan de ellos y no lo ofendan m\u00e1s agraviando a sus hijos; que reparen los da\u00f1os y se retiren de esta actividad de muerte\u201d&nbsp;<\/em>(256).<\/p>\n\n\n\n<h3 class=\"wp-block-heading\"><strong>ACCIONES<\/strong><\/h3>\n\n\n\n<p>Los agentes de pastoral reconozcamos nuestras deficiencias en la pr\u00e1ctica parroquial y atendamos m\u00e1s no s\u00f3lo las celebraciones, sino tambi\u00e9n a los padres de familia, a los ni\u00f1os y a los j\u00f3venes. Que los pap\u00e1s eduquen mejor a sus hijos en la fe; que no se contenten con mandarlos a la catequesis y a la Misa; la educaci\u00f3n es en todo tiempo y en toda circunstancia.<\/p>\n\n\n\n<figure class=\"wp-block-embed is-type-video is-provider-youtube wp-block-embed-youtube wp-embed-aspect-16-9 wp-has-aspect-ratio\"><div class=\"wp-block-embed__wrapper\">\n<iframe title=\"Cardenal Arizmendi: \u00bfEn qu\u00e9 hemos fallado?\" width=\"500\" height=\"281\" src=\"https:\/\/www.youtube.com\/embed\/_HlNf9fzS-8?feature=oembed\" frameborder=\"0\" allow=\"accelerometer; autoplay; clipboard-write; encrypted-media; gyroscope; picture-in-picture; web-share\" referrerpolicy=\"strict-origin-when-cross-origin\" allowfullscreen><\/iframe>\n<\/div><\/figure>\n\n\n\n<p><a href=\"mailto:felipearizmendi@exaudi.org\" target=\"_blank\" rel=\"noreferrer noopener\"><\/a><\/p>\n\n\n\n<p>Fuente: <a href=\"https:\/\/exaudi.org\/es\/cardenal-arizmendi-en-que-hemos-fallado\/\">https:\/\/exaudi.org\/es\/cardenal-arizmendi-en-que-hemos-fallado\/<\/a><\/p>\n","protected":false},"excerpt":{"rendered":"<p>La educaci\u00f3n es en todo tiempo y en toda circunstancia EXAUDI El&nbsp;cardenal Felipe Arizmendi, obispo em\u00e9rito de San Crist\u00f3bal de [&hellip;]<\/p>\n","protected":false},"author":1,"featured_media":117794,"comment_status":"open","ping_status":"open","sticky":false,"template":"","format":"standard","meta":{"site-sidebar-layout":"default","site-content-layout":"","ast-site-content-layout":"default","site-content-style":"default","site-sidebar-style":"default","ast-global-header-display":"","ast-banner-title-visibility":"","ast-main-header-display":"","ast-hfb-above-header-display":"","ast-hfb-below-header-display":"","ast-hfb-mobile-header-display":"","site-post-title":"","ast-breadcrumbs-content":"","ast-featured-img":"","footer-sml-layout":"","theme-transparent-header-meta":"","adv-header-id-meta":"","stick-header-meta":"","header-above-stick-meta":"","header-main-stick-meta":"","header-below-stick-meta":"","astra-migrate-meta-layouts":"default","ast-page-background-enabled":"default","ast-page-background-meta":{"desktop":{"background-color":"var(--ast-global-color-4)","background-image":"","background-repeat":"repeat","background-position":"center center","background-size":"auto","background-attachment":"scroll","background-type":"","background-media":"","overlay-type":"","overlay-color":"","overlay-opacity":"","overlay-gradient":""},"tablet":{"background-color":"","background-image":"","background-repeat":"repeat","background-position":"center center","background-size":"auto","background-attachment":"scroll","background-type":"","background-media":"","overlay-type":"","overlay-color":"","overlay-opacity":"","overlay-gradient":""},"mobile":{"background-color":"","background-image":"","background-repeat":"repeat","background-position":"center center","background-size":"auto","background-attachment":"scroll","background-type":"","background-media":"","overlay-type":"","overlay-color":"","overlay-opacity":"","overlay-gradient":""}},"ast-content-background-meta":{"desktop":{"background-color":"var(--ast-global-color-5)","background-image":"","background-repeat":"repeat","background-position":"center center","background-size":"auto","background-attachment":"scroll","background-type":"","background-media":"","overlay-type":"","overlay-color":"","overlay-opacity":"","overlay-gradient":""},"tablet":{"background-color":"var(--ast-global-color-5)","background-image":"","background-repeat":"repeat","background-position":"center center","background-size":"auto","background-attachment":"scroll","background-type":"","background-media":"","overlay-type":"","overlay-color":"","overlay-opacity":"","overlay-gradient":""},"mobile":{"background-color":"var(--ast-global-color-5)","background-image":"","background-repeat":"repeat","background-position":"center center","background-size":"auto","background-attachment":"scroll","background-type":"","background-media":"","overlay-type":"","overlay-color":"","overlay-opacity":"","overlay-gradient":""}},"footnotes":""},"categories":[8],"tags":[36879,892,28359,1762],"class_list":["post-117791","post","type-post","status-publish","format-standard","has-post-thumbnail","hentry","category-noticias","tag-cardenal-arizmendi","tag-el-mencho","tag-san-judas-tadeo","tag-virgen-de-guadalupe"],"_links":{"self":[{"href":"https:\/\/losperiodistas.com.mx\/portal\/wp-json\/wp\/v2\/posts\/117791","targetHints":{"allow":["GET"]}}],"collection":[{"href":"https:\/\/losperiodistas.com.mx\/portal\/wp-json\/wp\/v2\/posts"}],"about":[{"href":"https:\/\/losperiodistas.com.mx\/portal\/wp-json\/wp\/v2\/types\/post"}],"author":[{"embeddable":true,"href":"https:\/\/losperiodistas.com.mx\/portal\/wp-json\/wp\/v2\/users\/1"}],"replies":[{"embeddable":true,"href":"https:\/\/losperiodistas.com.mx\/portal\/wp-json\/wp\/v2\/comments?post=117791"}],"version-history":[{"count":1,"href":"https:\/\/losperiodistas.com.mx\/portal\/wp-json\/wp\/v2\/posts\/117791\/revisions"}],"predecessor-version":[{"id":117795,"href":"https:\/\/losperiodistas.com.mx\/portal\/wp-json\/wp\/v2\/posts\/117791\/revisions\/117795"}],"wp:featuredmedia":[{"embeddable":true,"href":"https:\/\/losperiodistas.com.mx\/portal\/wp-json\/wp\/v2\/media\/117794"}],"wp:attachment":[{"href":"https:\/\/losperiodistas.com.mx\/portal\/wp-json\/wp\/v2\/media?parent=117791"}],"wp:term":[{"taxonomy":"category","embeddable":true,"href":"https:\/\/losperiodistas.com.mx\/portal\/wp-json\/wp\/v2\/categories?post=117791"},{"taxonomy":"post_tag","embeddable":true,"href":"https:\/\/losperiodistas.com.mx\/portal\/wp-json\/wp\/v2\/tags?post=117791"}],"curies":[{"name":"wp","href":"https:\/\/api.w.org\/{rel}","templated":true}]}}