{"id":117788,"date":"2026-03-04T09:38:10","date_gmt":"2026-03-04T15:38:10","guid":{"rendered":"https:\/\/losperiodistas.com.mx\/portal\/?p=117788"},"modified":"2026-03-05T00:56:22","modified_gmt":"2026-03-05T06:56:22","slug":"sheinbaum-dice-que-tiene-plan-b-si-no-aprueban-su-reforma-electoral-lanza-decalogo-por-la-democracia-el-economista","status":"publish","type":"post","link":"https:\/\/losperiodistas.com.mx\/portal\/sheinbaum-dice-que-tiene-plan-b-si-no-aprueban-su-reforma-electoral-lanza-decalogo-por-la-democracia-el-economista\/","title":{"rendered":"Sheinbaum dice que tiene \u00abplan B\u00bb si no aprueban su reforma electoral: Lanza \u00abDec\u00e1logo por la Democracia\u00bb | El Economista"},"content":{"rendered":"\n<p class=\"has-medium-font-size\">La presidenta Claudia Sheinbaum asegur\u00f3 que cuenta con un \u201cplan B\u201d en caso de que el Congreso no apruebe su propuesta de reforma electoral, aunque evit\u00f3 adelantar en qu\u00e9 consistir\u00eda y si implicar\u00eda modificaciones a leyes secundarias.<\/p>\n\n\n\n<figure class=\"wp-block-image\"><img decoding=\"async\" src=\"https:\/\/imagenes.eleconomista.com.mx\/files\/webp_768_448\/uploads\/2026\/03\/04\/69a841886e0a1.png\" alt=\"main image\"\/><figcaption class=\"wp-element-caption\">.<\/figcaption><\/figure>\n\n\n\n<p class=\"has-medium-font-size\">Por:\u00a0<strong><a href=\"https:\/\/www.eleconomista.com.mx\/autor\/arturo.rojas\">Arturo Rojas<\/a> \/ El Economista<\/strong><\/p>\n\n\n\n<p><\/p>\n\n\n\n<p>La presidenta&nbsp;<strong>Claudia Sheinbaum<\/strong>&nbsp;asegur\u00f3 este mi\u00e9rcoles que cuenta con un&nbsp;<strong>\u201cplan B\u201d<\/strong>&nbsp;en caso de que el Congreso no apruebe su&nbsp;<a href=\"https:\/\/www.eleconomista.com.mx\/politica\/sheinbaum-explica-aplazo-envio-reforma-electoral-ajustes-finales-20260303-802448.html\">propuesta de reforma electoral<\/a>, aunque evit\u00f3 adelantar en qu\u00e9 consistir\u00eda y si implicar\u00eda modificaciones a leyes secundarias.<\/p>\n\n\n\n<p>Al preguntarle sobre que ocurrir\u00eda si no alcanza la&nbsp;<strong>mayor\u00eda calificada&nbsp;<\/strong>en el Congreso, respondi\u00f3 escuetamente: \u201cS\u00ed, pero ya ser\u00eda despu\u00e9s\u201d, y rechaz\u00f3 profundizar sobre si la alternativa ser\u00eda por la v\u00eda de leyes secundarias. \u201cNo nos adelantemos tampoco a eso\u201d, se\u00f1al\u00f3.<\/p>\n\n\n\n<h2 class=\"wp-block-heading\">Te puede interesar<\/h2>\n\n\n\n<ul class=\"wp-block-list\">\n<li><img decoding=\"async\" width=\"128\" height=\"72\" src=\"https:\/\/imagenes.eleconomista.com.mx\/files\/webp_128_72\/uploads\/2026\/03\/03\/69a7a75eaf10c.jpeg\" alt=\"El Economista\"><a href=\"https:\/\/www.eleconomista.com.mx\/politica\">Pol\u00edtica<\/a><a href=\"https:\/\/www.eleconomista.com.mx\/politica\/pt-reforma-electoral-sheinbaum-monreal-admite-negociaciones-han-puesto-dificiles-20260303-802591.html\">PT no va con reforma electoral de Sheinbaum; Monreal admite que negociaciones se han puesto dif\u00edciles<\/a><\/li>\n\n\n\n<li><img decoding=\"async\" width=\"128\" height=\"72\" src=\"https:\/\/imagenes.eleconomista.com.mx\/files\/webp_128_72\/uploads\/2026\/03\/03\/69a7c843b3349.jpeg\" alt=\"El Economista\"><a href=\"https:\/\/www.eleconomista.com.mx\/politica\">Pol\u00edtica<\/a><a href=\"https:\/\/www.eleconomista.com.mx\/politica\/dejan-fuera-homologar-fechas-revocacion-comicios-judiciales-20260303-802613.html\">Dejan fuera homologar fechas de revocaci\u00f3n y comicios judiciales<\/a><\/li>\n<\/ul>\n\n\n\n<p>Sheinbaum Pardo sostuvo que presentar la reforma no representa un riesgo pol\u00edtico personal. \u201cPara m\u00ed es una victoria porque estoy presentando una propuesta que me pidi\u00f3 la gente\u201d, afirm\u00f3, al se\u00f1alar que corresponder\u00e1 a diputados y senadores decidir si la aprueban.<\/p>\n\n\n\n<p>\u201cQuien no la quiera aprobar ser\u00e1 visto por la gente\u201d, advirti\u00f3 la presidenta de M\u00e9xico.<\/p>\n\n\n\n<p>Adem\u00e1s, durante su conferencia de prensa ma\u00f1anera, llam\u00f3 a la propuesta como&nbsp;<strong>\u201cDec\u00e1logo por la Democracia\u201d<\/strong>&nbsp;y reiter\u00f3 que se trata de una reforma constitucional integrada por diez puntos que, dijo, responden a compromisos adquiridos con la ciudadan\u00eda, particularmente en lo referente a las listas plurinominales y al costo de las elecciones.<\/p>\n\n\n\n<figure class=\"wp-block-image\"><img decoding=\"async\" src=\"https:\/\/imagenes.eleconomista.com.mx\/files\/webp_768_768\/uploads\/2026\/03\/04\/69a84187795cb.png\" alt=\"image\"\/><figcaption class=\"wp-element-caption\">.<\/figcaption><\/figure>\n\n\n\n<p>La titular del Ejecutivo federal subray\u00f3 que no se elimina la&nbsp;<strong>representaci\u00f3n proporcional<\/strong>&nbsp;como principio, sino que se modifica el mecanismo para que los legisladores no dependan de las c\u00fapulas partidistas. \u201cEstamos reconociendo la diversidad pol\u00edtica de M\u00e9xico\u201d, afirm\u00f3.<\/p>\n\n\n\n<p>Otro punto es la regulaci\u00f3n del&nbsp;<strong>uso de inteligencia artificial en propaganda electoral<\/strong>. Los anuncios elaborados con esta tecnolog\u00eda deber\u00e1n incluir un aviso visible que indique que fueron hechos con inteligencia artificial, con el objetivo de evitar desinformaci\u00f3n. \u201cNo es censura\u201d, aclar\u00f3, sino una medida de transparencia.<\/p>\n\n\n\n<h2 class=\"wp-block-heading\">Te puede interesar<\/h2>\n\n\n\n<ul class=\"wp-block-list\">\n<li><img decoding=\"async\" width=\"128\" height=\"72\" src=\"https:\/\/imagenes.eleconomista.com.mx\/files\/webp_128_72\/uploads\/2026\/02\/25\/699efe8a9e6f1.png\" alt=\"El Economista\"><a href=\"https:\/\/www.eleconomista.com.mx\/politica\">Pol\u00edtica<\/a><a href=\"https:\/\/www.eleconomista.com.mx\/politica\/reforma-electoral-sheinbaum-propone-prohibir-bots-regular-ia-campanas-20260225-801591.html\">Reforma electoral: Sheinbaum propone prohibir bots y regular el uso de IA en campa\u00f1as<\/a><\/li>\n<\/ul>\n\n\n\n<p>Tambi\u00e9n, mencion\u00f3 que se propone fortalecer la fiscalizaci\u00f3n mediante una mayor coordinaci\u00f3n entre el Instituto Nacional Electoral (INE) y la Unidad de Inteligencia Financiera (UIF), a fin de detectar recursos de procedencia indebida y vigilar el cumplimiento de topes de campa\u00f1a.<\/p>\n\n\n\n<p>Por otro lado, la iniciativa presidencial incluye&nbsp;<strong>adelantar el inicio de los c\u00f3mputos distritales<\/strong>&nbsp;para que comiencen el mismo d\u00eda de la elecci\u00f3n, y no hasta el mi\u00e9rcoles siguiente, como ocurre actualmente.<\/p>\n\n\n\n<h2 class=\"wp-block-heading\">Te puede interesar<\/h2>\n\n\n\n<ul class=\"wp-block-list\">\n<li><img loading=\"lazy\" decoding=\"async\" width=\"128\" height=\"72\" src=\"https:\/\/imagenes.eleconomista.com.mx\/files\/webp_128_72\/uploads\/2026\/02\/25\/699f557cd599b.jpeg\" alt=\"El Economista\"><a href=\"https:\/\/www.eleconomista.com.mx\/politica\">Pol\u00edtica<\/a><a href=\"https:\/\/www.eleconomista.com.mx\/politica\/reforma-electoral-10-claves-iniciativa-enviara-sheinbaum-congreso-lunes-20260228-802061.html\">Reforma electoral: 10 claves de la iniciativa que enviar\u00e1 Sheinbaum al Congreso este lunes<\/a><\/li>\n<\/ul>\n\n\n\n<p>Adem\u00e1s, propone fortalecer la&nbsp;<strong>democracia participativa<\/strong>, permitiendo que con el respaldo del 2% de la lista nominal puedan solicitarse consultas ciudadanas en municipios y estados sobre temas de relevancia local, con restricciones en ciertas materias.<\/p>\n\n\n\n<p><a href=\"https:\/\/twitter.com\/i\/broadcasts\/1AJEmOvyLWlJL\">https:\/\/twitter.com\/i\/broadcasts\/1AJEmOvyLWlJL<\/a><\/p>\n\n\n\n<p>Fuente: <a href=\"https:\/\/www.eleconomista.com.mx\/politica\/sheinbaum-dice-plan-b-aprueban-reforma-electoral-lanza-decalogo-democracia-20260304-802659.html\">https:\/\/www.eleconomista.com.mx\/politica\/sheinbaum-dice-plan-b-aprueban-reforma-electoral-lanza-decalogo-democracia-20260304-802659.html<\/a><\/p>\n\n\n\n<p><\/p>\n","protected":false},"excerpt":{"rendered":"<p>La presidenta Claudia Sheinbaum asegur\u00f3 que cuenta con un \u201cplan B\u201d en caso de que el Congreso no apruebe su [&hellip;]<\/p>\n","protected":false},"author":1,"featured_media":117789,"comment_status":"open","ping_status":"open","sticky":false,"template":"","format":"standard","meta":{"site-sidebar-layout":"default","site-content-layout":"","ast-site-content-layout":"default","site-content-style":"default","site-sidebar-style":"default","ast-global-header-display":"","ast-banner-title-visibility":"","ast-main-header-display":"","ast-hfb-above-header-display":"","ast-hfb-below-header-display":"","ast-hfb-mobile-header-display":"","site-post-title":"","ast-breadcrumbs-content":"","ast-featured-img":"","footer-sml-layout":"","theme-transparent-header-meta":"","adv-header-id-meta":"","stick-header-meta":"","header-above-stick-meta":"","header-main-stick-meta":"","header-below-stick-meta":"","astra-migrate-meta-layouts":"default","ast-page-background-enabled":"default","ast-page-background-meta":{"desktop":{"background-color":"var(--ast-global-color-4)","background-image":"","background-repeat":"repeat","background-position":"center center","background-size":"auto","background-attachment":"scroll","background-type":"","background-media":"","overlay-type":"","overlay-color":"","overlay-opacity":"","overlay-gradient":""},"tablet":{"background-color":"","background-image":"","background-repeat":"repeat","background-position":"center center","background-size":"auto","background-attachment":"scroll","background-type":"","background-media":"","overlay-type":"","overlay-color":"","overlay-opacity":"","overlay-gradient":""},"mobile":{"background-color":"","background-image":"","background-repeat":"repeat","background-position":"center center","background-size":"auto","background-attachment":"scroll","background-type":"","background-media":"","overlay-type":"","overlay-color":"","overlay-opacity":"","overlay-gradient":""}},"ast-content-background-meta":{"desktop":{"background-color":"var(--ast-global-color-5)","background-image":"","background-repeat":"repeat","background-position":"center center","background-size":"auto","background-attachment":"scroll","background-type":"","background-media":"","overlay-type":"","overlay-color":"","overlay-opacity":"","overlay-gradient":""},"tablet":{"background-color":"var(--ast-global-color-5)","background-image":"","background-repeat":"repeat","background-position":"center center","background-size":"auto","background-attachment":"scroll","background-type":"","background-media":"","overlay-type":"","overlay-color":"","overlay-opacity":"","overlay-gradient":""},"mobile":{"background-color":"var(--ast-global-color-5)","background-image":"","background-repeat":"repeat","background-position":"center center","background-size":"auto","background-attachment":"scroll","background-type":"","background-media":"","overlay-type":"","overlay-color":"","overlay-opacity":"","overlay-gradient":""}},"footnotes":""},"categories":[1],"tags":[46816,46815],"class_list":["post-117788","post","type-post","status-publish","format-standard","has-post-thumbnail","hentry","category-sin-categoria","tag-decalogo-de-la-democracia-sheinbaum","tag-reforma-electoral-mexicoi"],"_links":{"self":[{"href":"https:\/\/losperiodistas.com.mx\/portal\/wp-json\/wp\/v2\/posts\/117788","targetHints":{"allow":["GET"]}}],"collection":[{"href":"https:\/\/losperiodistas.com.mx\/portal\/wp-json\/wp\/v2\/posts"}],"about":[{"href":"https:\/\/losperiodistas.com.mx\/portal\/wp-json\/wp\/v2\/types\/post"}],"author":[{"embeddable":true,"href":"https:\/\/losperiodistas.com.mx\/portal\/wp-json\/wp\/v2\/users\/1"}],"replies":[{"embeddable":true,"href":"https:\/\/losperiodistas.com.mx\/portal\/wp-json\/wp\/v2\/comments?post=117788"}],"version-history":[{"count":1,"href":"https:\/\/losperiodistas.com.mx\/portal\/wp-json\/wp\/v2\/posts\/117788\/revisions"}],"predecessor-version":[{"id":117790,"href":"https:\/\/losperiodistas.com.mx\/portal\/wp-json\/wp\/v2\/posts\/117788\/revisions\/117790"}],"wp:featuredmedia":[{"embeddable":true,"href":"https:\/\/losperiodistas.com.mx\/portal\/wp-json\/wp\/v2\/media\/117789"}],"wp:attachment":[{"href":"https:\/\/losperiodistas.com.mx\/portal\/wp-json\/wp\/v2\/media?parent=117788"}],"wp:term":[{"taxonomy":"category","embeddable":true,"href":"https:\/\/losperiodistas.com.mx\/portal\/wp-json\/wp\/v2\/categories?post=117788"},{"taxonomy":"post_tag","embeddable":true,"href":"https:\/\/losperiodistas.com.mx\/portal\/wp-json\/wp\/v2\/tags?post=117788"}],"curies":[{"name":"wp","href":"https:\/\/api.w.org\/{rel}","templated":true}]}}