{"id":117782,"date":"2026-03-04T08:12:25","date_gmt":"2026-03-04T14:12:25","guid":{"rendered":"https:\/\/losperiodistas.com.mx\/portal\/?p=117782"},"modified":"2026-03-04T08:12:27","modified_gmt":"2026-03-04T14:12:27","slug":"parolin-las-guerras-preventivas-corren-el-riesgo-de-incendiar-el-mundo-vatican-news","status":"publish","type":"post","link":"https:\/\/losperiodistas.com.mx\/portal\/parolin-las-guerras-preventivas-corren-el-riesgo-de-incendiar-el-mundo-vatican-news\/","title":{"rendered":"Parolin: las guerras preventivas corren el riesgo de incendiar el mundo | Vatican News"},"content":{"rendered":"\n<p class=\"has-luminous-vivid-amber-background-color has-background has-medium-font-size\">Entrevista con el cardenal Secretario de Estado sobre lo que est\u00e1 ocurriendo en Oriente Medio: es peligroso el avance de un multipolarismo caracterizado por el primado de la fuerza.<\/p>\n\n\n\n<figure class=\"wp-block-image size-large\"><img fetchpriority=\"high\" decoding=\"async\" width=\"1024\" height=\"675\" src=\"https:\/\/losperiodistas.com.mx\/portal\/wp-content\/uploads\/2026\/03\/cq5dam.thumbnail.cropped.1500.844-1-1024x675.jpeg\" alt=\"\" class=\"wp-image-117783\" srcset=\"https:\/\/losperiodistas.com.mx\/portal\/wp-content\/uploads\/2026\/03\/cq5dam.thumbnail.cropped.1500.844-1-1024x675.jpeg 1024w, https:\/\/losperiodistas.com.mx\/portal\/wp-content\/uploads\/2026\/03\/cq5dam.thumbnail.cropped.1500.844-1-300x198.jpeg 300w, https:\/\/losperiodistas.com.mx\/portal\/wp-content\/uploads\/2026\/03\/cq5dam.thumbnail.cropped.1500.844-1-768x506.jpeg 768w, https:\/\/losperiodistas.com.mx\/portal\/wp-content\/uploads\/2026\/03\/cq5dam.thumbnail.cropped.1500.844-1.jpeg 1280w\" sizes=\"(max-width: 1024px) 100vw, 1024px\" \/><figcaption class=\"wp-element-caption\">Explosiones en Teher\u00e1n<\/figcaption><\/figure>\n\n\n\n<p class=\"has-medium-font-size\"><strong>Andrea Tornielli \/ Vatican News<\/strong><\/p>\n\n\n\n<p>\u00abEs realmente preocupante este debilitamiento del derecho internacional: a la justicia la ha sustituido la fuerza\u00bb. El cardenal Pietro Parolin, Secretario de Estado de la Santa Sede, habla con los medios vaticanos sobre la guerra en curso en Oriente Medio y observa con inquietud que \u00abse est\u00e1 afirmando peligrosamente un multipolarismo caracterizado por el primado de la fuerza y la autorreferencialidad\u00bb.<\/p>\n\n\n\n<p><strong>Eminencia, \u00bfc\u00f3mo est\u00e1 viviendo estas horas dram\u00e1ticas?<\/strong><\/p>\n\n\n\n<p>Con gran dolor, porque los pueblos de Oriente Medio, incluidas las ya fr\u00e1giles comunidades cristianas, han vuelto a caer en el horror de la guerra, que quiebra brutalmente vidas humanas, produce destrucci\u00f3n y arrastra a naciones enteras a espirales de violencia de desenlace incierto. El domingo pasado, en el \u00c1ngelus,&nbsp;<a href=\"https:\/\/www.vatican.va\/content\/leo-xiv\/es\/angelus\/2026\/documents\/20260301-angelus.html\">el Papa habl\u00f3 de una \u00abtragedia de proporciones enormes\u00bb<\/a>&nbsp;y del riesgo de un \u00ababismo irreparable\u00bb. Son palabras m\u00e1s que elocuentes para describir el momento que estamos atravesando.<\/p>\n\n\n\n<p><a href=\"https:\/\/www.vaticannews.va\/es\/papa\/news\/2026-03\/iran-el-papa-la-paz-no-se-construye-con-amenazas-armas.html\"><\/a><\/p>\n\n\n\n<figure class=\"wp-block-image\"><a href=\"https:\/\/www.vaticannews.va\/es\/papa\/news\/2026-03\/iran-el-papa-la-paz-no-se-construye-con-amenazas-armas.html\"><img decoding=\"async\" src=\"https:\/\/www.vaticannews.va\/content\/dam\/vaticannews\/agenzie\/images\/reuters\/2026\/03\/01\/10\/1772357166695.JPG\/_jcr_content\/renditions\/cq5dam.thumbnail.cropped.500.281.jpeg\" alt=\"Ir\u00e1n. El Papa: la paz no se construye con amenazas mutuas ni con armas\"\/><\/a><\/figure>\n\n\n\n<p>01\/03\/2026<\/p>\n\n\n\n<h2 class=\"wp-block-heading\"><a href=\"https:\/\/www.vaticannews.va\/es\/papa\/news\/2026-03\/iran-el-papa-la-paz-no-se-construye-con-amenazas-armas.html\">Ir\u00e1n. El Papa: la paz no se construye con amenazas mutuas ni con armas<\/a><\/h2>\n\n\n\n<p>Le\u00f3n XIV, en sus saludos tras el \u00c1ngelus, expresa su preocupaci\u00f3n por lo que est\u00e1 sucediendo en Oriente Medio y pide que se evite un \u00ababismo irreparable\u00bb actuando con diplomacia y &#8230;<\/p>\n\n\n\n<p><strong>\u00bfQu\u00e9 piensa del ataque estadounidense e israel\u00ed contra Ir\u00e1n?<\/strong><\/p>\n\n\n\n<p>Considero que la paz y la seguridad deben cultivarse y buscarse a trav\u00e9s de las posibilidades que ofrece la diplomacia, especialmente la ejercida en los organismos multilaterales, donde los Estados pueden resolver los conflictos de manera incruenta y m\u00e1s justa. Tras la Segunda Guerra Mundial, que caus\u00f3 alrededor de 60 millones de muertos, los padres fundadores, con la creaci\u00f3n de la Organizaci\u00f3n de las Naciones Unidas, quisieron ahorrar a sus hijos los horrores que ellos mismos hab\u00edan vivido. Por eso, en la Carta de la ONU establecieron indicaciones precisas sobre la gesti\u00f3n de los conflictos.<\/p>\n\n\n\n<p>Hoy, esos esfuerzos parecen haberse desvanecido. M\u00e1s a\u00fan,&nbsp;<a href=\"https:\/\/www.vatican.va\/content\/leo-xiv\/es\/speeches\/2026\/january\/documents\/20260109-corpo-diplomatico.html\">como record\u00f3 el Papa al Cuerpo Diplom\u00e1tico a comienzos de a\u00f1o<\/a>, \u00aba una diplomacia que promueve el di\u00e1logo y busca el consenso de todos, se est\u00e1 sustituyendo una diplomacia de la fuerza, de individuos o de grupos de aliados\u00bb, y se piensa que la paz puede perseguirse \u00abmediante las armas\u00bb.<\/p>\n\n\n\n<p>Cuando se habla de las causas de una guerra, es complejo determinar qui\u00e9n tiene raz\u00f3n y qui\u00e9n no. Lo que s\u00ed es seguro es que siempre producir\u00e1 v\u00edctimas y destrucci\u00f3n, adem\u00e1s de efectos devastadores sobre la poblaci\u00f3n civil. Por eso, la Santa Sede prefiere insistir en la necesidad de utilizar todos los instrumentos que ofrece la diplomacia para resolver las disputas entre los Estados. La historia ya nos ha ense\u00f1ado que solo la pol\u00edtica, con el esfuerzo de la negociaci\u00f3n y la atenci\u00f3n al equilibrio de intereses, puede aumentar la confianza entre los pueblos, promover el desarrollo y preservar la paz.<\/p>\n\n\n\n<p><a href=\"https:\/\/www.vaticannews.va\/es\/vaticano\/news\/2026-03\/parolin-misa-paz-promover-san-pablo-extramuros.html\"><\/a><\/p>\n\n\n\n<figure class=\"wp-block-image\"><a href=\"https:\/\/www.vaticannews.va\/es\/vaticano\/news\/2026-03\/parolin-misa-paz-promover-san-pablo-extramuros.html\"><img decoding=\"async\" src=\"https:\/\/www.vaticannews.va\/content\/dam\/vaticannews\/agenzie\/images\/srv\/2026\/03\/03\/2026-03-03-card--parolin-100--anniversario-ordinariato-militare\/1772539272041.JPG\/_jcr_content\/renditions\/cq5dam.thumbnail.cropped.500.281.jpeg\" alt=\"Parolin: que el Se\u00f1or haga callar las armas y que los hombres se reconcilien\"\/><\/a><\/figure>\n\n\n\n<p>03\/03\/2026<\/p>\n\n\n\n<h2 class=\"wp-block-heading\"><a href=\"https:\/\/www.vaticannews.va\/es\/vaticano\/news\/2026-03\/parolin-misa-paz-promover-san-pablo-extramuros.html\">Parolin: que el Se\u00f1or haga callar las armas y que los hombres se reconcilien<\/a><\/h2>\n\n\n\n<p>El secretario de Estado presidi\u00f3, este martes 3 de marzo de 2026, una Misa en la Bas\u00edlica de San Pablo Extramuros con motivo del centenario del Ordinariato Militar en Italia, &#8230;<\/p>\n\n\n\n<p><strong>La justificaci\u00f3n del ataque ha sido impedir la fabricaci\u00f3n de nuevos misiles, en definitiva, una \u201cguerra preventiva\u201d\u2026<\/strong><\/p>\n\n\n\n<p>Como establece&nbsp;<a href=\"https:\/\/www.un.org\/es\/about-us\/un-charter\" rel=\"noreferrer noopener\" target=\"_blank\">la Carta de la ONU<\/a>, el recurso a la fuerza debe considerarse \u00fanicamente como \u00faltima y grav\u00edsima instancia, despu\u00e9s de haber utilizado todos los instrumentos del di\u00e1logo pol\u00edtico y diplom\u00e1tico, tras evaluar cuidadosamente los l\u00edmites de la necesidad y la proporcionalidad, sobre la base de verificaciones rigurosas y motivaciones fundadas, y siempre en el marco de una gobernanza multilateral.<\/p>\n\n\n\n<p>Si se reconociera a los Estados el derecho a la \u00abguerra preventiva\u00bb, seg\u00fan criterios propios y sin un marco jur\u00eddico supranacional, el mundo entero correr\u00eda el riesgo de verse envuelto en llamas. Es realmente preocupante este debilitamiento del derecho internacional: a la justicia la ha sustituido la fuerza; a la fuerza del derecho la ha reemplazado el derecho de la fuerza, con la convicci\u00f3n de que la paz solo puede nacer despu\u00e9s de que el enemigo haya sido aniquilado.<\/p>\n\n\n\n<p><strong>\u00bfQu\u00e9 peso tienen las masivas manifestaciones de las \u00faltimas semanas en Ir\u00e1n, sofocadas en sangre? \u00bfPueden olvidarse?<\/strong><\/p>\n\n\n\n<p>Ciertamente no; tambi\u00e9n esto ha sido motivo de profunda preocupaci\u00f3n. Las aspiraciones de los pueblos deben ser tomadas en consideraci\u00f3n y garantizadas dentro de un marco legal que permita a todos expresar libre y p\u00fablicamente sus ideas, y esto vale tambi\u00e9n para el querido pueblo iran\u00ed. Al mismo tiempo, nos podemos preguntar si realmente se piensa que la soluci\u00f3n puede llegar mediante el lanzamiento de misiles y bombas.<\/p>\n\n\n\n<p><strong>\u00bfPor qu\u00e9 el derecho internacional y la diplomacia atraviesan hoy este punto de declive?<\/strong><\/p>\n\n\n\n<p>Se ha debilitado la conciencia de que el bien com\u00fan beneficia verdaderamente a todos, es decir, que el bien del otro es tambi\u00e9n un bien para m\u00ed; por tanto, la justicia, la prosperidad y la seguridad se realizan en la medida en que todos puedan beneficiarse de ellas. Este principio est\u00e1 en la base de la creaci\u00f3n del sistema multilateral o de un proyecto audaz como el de la Uni\u00f3n Europea. Esa conciencia se ha atenuado, dando lugar a un mayor apetito por los propios intereses.<\/p>\n\n\n\n<p>Esto tiene otra consecuencia: el sistema de la diplomacia multilateral en las relaciones entre los Estados vive una crisis profunda, entre otras cosas por la desconfianza que estos sienten hacia los v\u00ednculos jur\u00eddicos que limitan su acci\u00f3n. Esta actitud representa la otra cara de la voluntad de poder: el deseo de actuar libremente, de imponer a otros el propio orden, evitando el dram\u00e1tico pero noble esfuerzo de la pol\u00edtica, hecho de discusiones, negociaciones, ventajas para uno mismo y concesiones a los dem\u00e1s.<\/p>\n\n\n\n<p>Se est\u00e1 afirmando peligrosamente un multipolarismo caracterizado por el primado de la fuerza y la autorreferencialidad. Lamentablemente, se vuelven a cuestionar principios como la autodeterminaci\u00f3n de los pueblos, la soberan\u00eda territorial y las normas que regulan la propia guerra&nbsp;<em>(ius in bello<\/em>). Se pone en tela de juicio y se va dejando de lado todo el aparato construido por el derecho internacional en \u00e1mbitos como el desarme, la cooperaci\u00f3n al desarrollo, el respeto de los derechos fundamentales, la propiedad intelectual y los intercambios y tr\u00e1nsitos comerciales.<\/p>\n\n\n\n<p>Y sobre todo parece haberse perdido la conciencia de lo que ya escribi\u00f3 Immanuel Kant en 1795: \u00abLa violaci\u00f3n del derecho en un punto de la Tierra se siente en todos los dem\u00e1s\u00bb. A\u00fan m\u00e1s grave, en ciertos aspectos, es invocar el derecho internacional seg\u00fan la propia conveniencia.<\/p>\n\n\n\n<p><strong>\u00bfA qu\u00e9 se refiere?<\/strong><\/p>\n\n\n\n<p>Me refiero a que hay casos en los que la comunidad internacional se indigna y se moviliza, y otros en los que no lo hace o lo hace con mucha m\u00e1s tibieza, dando la impresi\u00f3n de que existen violaciones del derecho que deben sancionarse y otras que pueden tolerarse; v\u00edctimas civiles que deben deplorarse y otras que pueden considerarse como \u00abda\u00f1os colaterales\u00bb.<\/p>\n\n\n\n<p>No hay muertos de primera y de segunda categor\u00eda, ni personas que tengan m\u00e1s derecho a vivir que otras solo por haber nacido en un continente u otro o en un determinado pa\u00eds. Quisiera subrayar la importancia del derecho internacional humanitario, cuyo respeto no puede depender de las circunstancias ni de intereses militares o estrat\u00e9gicos.<\/p>\n\n\n\n<p>La Santa Sede reitera con firmeza su condena de toda forma de implicaci\u00f3n de civiles y de estructuras civiles -como residencias, escuelas, hospitales y lugares de culto- en operaciones militares, y pide que se proteja siempre el principio de la inviolabilidad de la dignidad humana y de la sacralidad de la vida.<\/p>\n\n\n\n<p><strong>\u00bfQu\u00e9 perspectivas a corto plazo ve para esta nueva crisis?<\/strong><\/p>\n\n\n\n<p>Espero y rezo para que el llamamiento a la responsabilidad que el Papa Le\u00f3n XIV dirigi\u00f3 el domingo pasado sea acogido y logre tocar el coraz\u00f3n de quienes toman las decisiones. Deseo que cese pronto el estruendo de las armas y se vuelva a la negociaci\u00f3n. No se debe vaciar de sentido el proceso negociador: es fundamental conceder el tiempo necesario para que pueda llegar a resultados concretos, actuando con paciencia y determinaci\u00f3n.<\/p>\n\n\n\n<p>Adem\u00e1s, debemos reconocer que el orden internacional ha cambiado profundamente respecto al dise\u00f1ado hace ochenta a\u00f1os con la creaci\u00f3n de la ONU. Sin nostalgias del pasado, es necesario contrarrestar toda deslegitimaci\u00f3n de las instituciones internacionales y promover el fortalecimiento de normas supranacionales que ayuden a los Estados a resolver pac\u00edficamente sus disputas, mediante la diplomacia y la pol\u00edtica.<\/p>\n\n\n\n<p><strong>\u00bfQu\u00e9 esperanza hay ante todo esto?<\/strong><\/p>\n\n\n\n<p>Los cristianos esperan porque conf\u00edan en el Dios hecho Hombre, que en Getseman\u00ed orden\u00f3 a Pedro envainar la espada y que en la Cruz vivi\u00f3 en primera persona el horror de la violencia ciega e insensata. Esperan tambi\u00e9n porque, a pesar de las guerras, las destrucciones, las incertidumbres y un extendido sentimiento de desconcierto, desde muchas partes del mundo siguen elev\u00e1ndose voces que reclaman paz y justicia.<\/p>\n\n\n\n<p>\u00a1Nuestros pueblos piden paz! Este clamor deber\u00eda sacudir a los gobernantes y a quienes act\u00faan en el \u00e1mbito de las relaciones internacionales, impuls\u00e1ndolos a multiplicar los esfuerzos por la paz.<\/p>\n\n\n\n<p>Fuente: <a href=\"https:\/\/www.vaticannews.va\/es\/vaticano\/news\/2026-03\/parolin-santa-sede-guerra-diplomacia-medio-oriente-iran.html\">https:\/\/www.vaticannews.va\/es\/vaticano\/news\/2026-03\/parolin-santa-sede-guerra-diplomacia-medio-oriente-iran.html<\/a><\/p>\n","protected":false},"excerpt":{"rendered":"<p>Entrevista con el cardenal Secretario de Estado sobre lo que est\u00e1 ocurriendo en Oriente Medio: es peligroso el avance de [&hellip;]<\/p>\n","protected":false},"author":1,"featured_media":117783,"comment_status":"open","ping_status":"open","sticky":false,"template":"","format":"standard","meta":{"site-sidebar-layout":"default","site-content-layout":"","ast-site-content-layout":"default","site-content-style":"default","site-sidebar-style":"default","ast-global-header-display":"","ast-banner-title-visibility":"","ast-main-header-display":"","ast-hfb-above-header-display":"","ast-hfb-below-header-display":"","ast-hfb-mobile-header-display":"","site-post-title":"","ast-breadcrumbs-content":"","ast-featured-img":"","footer-sml-layout":"","theme-transparent-header-meta":"","adv-header-id-meta":"","stick-header-meta":"","header-above-stick-meta":"","header-main-stick-meta":"","header-below-stick-meta":"","astra-migrate-meta-layouts":"default","ast-page-background-enabled":"default","ast-page-background-meta":{"desktop":{"background-color":"var(--ast-global-color-4)","background-image":"","background-repeat":"repeat","background-position":"center center","background-size":"auto","background-attachment":"scroll","background-type":"","background-media":"","overlay-type":"","overlay-color":"","overlay-opacity":"","overlay-gradient":""},"tablet":{"background-color":"","background-image":"","background-repeat":"repeat","background-position":"center center","background-size":"auto","background-attachment":"scroll","background-type":"","background-media":"","overlay-type":"","overlay-color":"","overlay-opacity":"","overlay-gradient":""},"mobile":{"background-color":"","background-image":"","background-repeat":"repeat","background-position":"center center","background-size":"auto","background-attachment":"scroll","background-type":"","background-media":"","overlay-type":"","overlay-color":"","overlay-opacity":"","overlay-gradient":""}},"ast-content-background-meta":{"desktop":{"background-color":"var(--ast-global-color-5)","background-image":"","background-repeat":"repeat","background-position":"center center","background-size":"auto","background-attachment":"scroll","background-type":"","background-media":"","overlay-type":"","overlay-color":"","overlay-opacity":"","overlay-gradient":""},"tablet":{"background-color":"var(--ast-global-color-5)","background-image":"","background-repeat":"repeat","background-position":"center center","background-size":"auto","background-attachment":"scroll","background-type":"","background-media":"","overlay-type":"","overlay-color":"","overlay-opacity":"","overlay-gradient":""},"mobile":{"background-color":"var(--ast-global-color-5)","background-image":"","background-repeat":"repeat","background-position":"center center","background-size":"auto","background-attachment":"scroll","background-type":"","background-media":"","overlay-type":"","overlay-color":"","overlay-opacity":"","overlay-gradient":""}},"footnotes":""},"categories":[8],"tags":[37983,24117,46814],"class_list":["post-117782","post","type-post","status-publish","format-standard","has-post-thumbnail","hentry","category-noticias","tag-cardenal-parolin-2","tag-guerra-oriente-medio","tag-multipolarismo"],"_links":{"self":[{"href":"https:\/\/losperiodistas.com.mx\/portal\/wp-json\/wp\/v2\/posts\/117782","targetHints":{"allow":["GET"]}}],"collection":[{"href":"https:\/\/losperiodistas.com.mx\/portal\/wp-json\/wp\/v2\/posts"}],"about":[{"href":"https:\/\/losperiodistas.com.mx\/portal\/wp-json\/wp\/v2\/types\/post"}],"author":[{"embeddable":true,"href":"https:\/\/losperiodistas.com.mx\/portal\/wp-json\/wp\/v2\/users\/1"}],"replies":[{"embeddable":true,"href":"https:\/\/losperiodistas.com.mx\/portal\/wp-json\/wp\/v2\/comments?post=117782"}],"version-history":[{"count":1,"href":"https:\/\/losperiodistas.com.mx\/portal\/wp-json\/wp\/v2\/posts\/117782\/revisions"}],"predecessor-version":[{"id":117784,"href":"https:\/\/losperiodistas.com.mx\/portal\/wp-json\/wp\/v2\/posts\/117782\/revisions\/117784"}],"wp:featuredmedia":[{"embeddable":true,"href":"https:\/\/losperiodistas.com.mx\/portal\/wp-json\/wp\/v2\/media\/117783"}],"wp:attachment":[{"href":"https:\/\/losperiodistas.com.mx\/portal\/wp-json\/wp\/v2\/media?parent=117782"}],"wp:term":[{"taxonomy":"category","embeddable":true,"href":"https:\/\/losperiodistas.com.mx\/portal\/wp-json\/wp\/v2\/categories?post=117782"},{"taxonomy":"post_tag","embeddable":true,"href":"https:\/\/losperiodistas.com.mx\/portal\/wp-json\/wp\/v2\/tags?post=117782"}],"curies":[{"name":"wp","href":"https:\/\/api.w.org\/{rel}","templated":true}]}}