{"id":11778,"date":"2021-08-18T18:31:42","date_gmt":"2021-08-18T23:31:42","guid":{"rendered":"http:\/\/losperiodistas.com.mx\/portal\/?p=11778"},"modified":"2021-08-18T18:32:09","modified_gmt":"2021-08-18T23:32:09","slug":"legisladores-rechazan-periodo-extraordinario-para-revocacion-de-mandato-proceso","status":"publish","type":"post","link":"https:\/\/losperiodistas.com.mx\/portal\/legisladores-rechazan-periodo-extraordinario-para-revocacion-de-mandato-proceso\/","title":{"rendered":"Legisladores rechazan periodo extraordinario para revocaci\u00f3n de mandato | Proceso"},"content":{"rendered":"\n<p style=\"font-size:18px\"><em>Olga S\u00e1nchez Cordero se reuni\u00f3 con diputados y senadores de Morena y los partidos del Trabajo, Verde Ecologista de M\u00e9xico y Encuentro Solidario, para hablar sobre la urgencia de convocar a un extraordinario para avalar la ley reglamentaria de revocaci\u00f3n de mandato.&nbsp;<\/em><\/p>\n\n\n\n<figure class=\"wp-block-image size-large\"><img fetchpriority=\"high\" decoding=\"async\" width=\"1024\" height=\"575\" src=\"https:\/\/losperiodistas.com.mx\/portal\/wp-content\/uploads\/2021\/08\/Captura-de-Pantalla-2021-08-18-a-las-18.27.45-1024x575.jpg\" alt=\"\" class=\"wp-image-11779\" srcset=\"https:\/\/losperiodistas.com.mx\/portal\/wp-content\/uploads\/2021\/08\/Captura-de-Pantalla-2021-08-18-a-las-18.27.45-1024x575.jpg 1024w, https:\/\/losperiodistas.com.mx\/portal\/wp-content\/uploads\/2021\/08\/Captura-de-Pantalla-2021-08-18-a-las-18.27.45-300x168.jpg 300w, https:\/\/losperiodistas.com.mx\/portal\/wp-content\/uploads\/2021\/08\/Captura-de-Pantalla-2021-08-18-a-las-18.27.45-768x431.jpg 768w, https:\/\/losperiodistas.com.mx\/portal\/wp-content\/uploads\/2021\/08\/Captura-de-Pantalla-2021-08-18-a-las-18.27.45.jpg 1482w\" sizes=\"(max-width: 1024px) 100vw, 1024px\" \/><\/figure>\n\n\n\n<p class=\"has-vivid-cyan-blue-color has-text-color has-medium-font-size\">NELDY SAN MARTIN \/ REVISTA PROCESO<\/p>\n\n\n\n<p>CIUDAD DE M\u00c9XICO (apro).- Con todo y el cabildeo de la secretaria de Gobernaci\u00f3n, Olga S\u00e1nchez Cordero, la Comisi\u00f3n Permanente no logr\u00f3 los votos para un periodo extraordinario de sesiones para debatir la ley reglamentaria de revocaci\u00f3n de mandato.<\/p>\n\n\n\n<p>Con 23 votos a favor y 12 en contra, Morena y aliados no consiguieron las dos terceras partes necesarias, es decir 24 votos, para que la Permanente discutiera abrir un periodo extraordinario para abordar la ley reglamentaria sobre revocaci\u00f3n de mandato, la ley de juicio pol\u00edtico y la ley org\u00e1nica de la Armada de M\u00e9xico.<\/p>\n\n\n\n<p>El presidente de la Permanente, senador Eduardo Ram\u00edrez, declar\u00f3 un receso en busca del voto que requer\u00eda la mayor\u00eda, luego de los reclamos de legisladores de su partido por no abrir el dictamen a discusi\u00f3n, sino someter a votaci\u00f3n si se consideraba urgente un extraordinario sin tener que pasar por comisiones.<\/p>\n\n\n\n<p>Tras el breve receso se reanud\u00f3 la sesi\u00f3n, pero sin los votos todav\u00eda, y Eduardo Ram\u00edrez anunci\u00f3 que la propuesta se turnar\u00eda a comisiones para su an\u00e1lisis.&nbsp;<\/p>\n\n\n\n<p>Rub\u00e9n Cayetano, diputado de Morena, acus\u00f3 intereses oscuros detr\u00e1s de la decisi\u00f3n de poner primero a discusi\u00f3n si era de urgente resoluci\u00f3n.&nbsp;<\/p>\n\n\n\n<p>Los diputados morenistas Sergio Guti\u00e9rrez y Mar\u00eda de los \u00c1ngeles Huerta reclamaron que las dos terceras partes ser\u00edan 23.1 votos, por lo que deber\u00eda considerarse que se consigui\u00f3 la mayor\u00eda calificada.&nbsp;<\/p>\n\n\n\n<p>Antes, Olga S\u00e1nchez Cordero se reuni\u00f3 con diputados y senadores de Morena y los partidos del Trabajo (PT), Verde Ecologista de M\u00e9xico (PVEM) y Encuentro Solidario (PES), para hablar sobre la urgencia de convocar a un extraordinario para avalar la ley reglamentaria de revocaci\u00f3n de mandato.&nbsp;<\/p>\n\n\n\n<p>\u201cAgradezco a las y los legisladores de Morena, PT, PVEM y PES, en las C\u00e1maras de Diputados y Senadores, que me hayan compartido su decisi\u00f3n firme de lograr a la brevedad una legislaci\u00f3n que regule la revocaci\u00f3n de mandato en el pa\u00eds\u201d, escribi\u00f3 la funcionaria federal en redes sociales.<\/p>\n\n\n\n<p>Mientras que Ignacio Mier, coordinador de Morena en la C\u00e1mara de Diputados, se\u00f1al\u00f3 que la mayor\u00eda parlamentaria se comprometi\u00f3 con S\u00e1nchez Cordero \u201ccon el mandato constitucional de crear las leyes secundarias de la revocaci\u00f3n de mandato.<\/p>\n\n\n\n<p>\u201cNuestro bloque va en unidad para concluir este pendiente Legislativo\u201d, indic\u00f3.&nbsp;<\/p>\n\n\n\n<figure class=\"wp-block-embed is-type-rich is-provider-twitter wp-block-embed-twitter\"><div class=\"wp-block-embed__wrapper\">\n<blockquote class=\"twitter-tweet\" data-width=\"500\" data-dnt=\"true\"><p lang=\"es\" dir=\"ltr\">Agradezco a las y los legisladores de Morena, PT, PVEM y PES, en las C\u00e1maras de Diputados y Senadores, que me hayan compartido su decisi\u00f3n firme de lograr a la brevedad una legislaci\u00f3n que regule la revocaci\u00f3n de mandato en el pa\u00eds. <a href=\"https:\/\/t.co\/G6OoqnRbli\">https:\/\/t.co\/G6OoqnRbli<\/a><\/p>&mdash; Olga S\u00e1nchez Cordero (@M_OlgaSCordero) <a href=\"https:\/\/twitter.com\/M_OlgaSCordero\/status\/1428048318840590343?ref_src=twsrc%5Etfw\">August 18, 2021<\/a><\/blockquote><script async src=\"https:\/\/platform.twitter.com\/widgets.js\" charset=\"utf-8\"><\/script>\n<\/div><\/figure>\n\n\n\n<p>La priista Dulce Mar\u00eda Sauri, presidenta de la Mesa Directiva de la C\u00e1mara de Diputados, celebr\u00f3 que Gobernaci\u00f3n usara su facultad de enlace con el legislativo.<\/p>\n\n\n\n<p>Sin embargo, el llamado bloque de contenci\u00f3n desair\u00f3 la reuni\u00f3n con la secretaria de Gobernaci\u00f3n y se neg\u00f3 a avalar un extraordinario por \u201ccapricho del presidente\u201d.&nbsp;<\/p>\n\n\n\n<p>Tambi\u00e9n advirtieron que no aprobar\u00edan una ley de revocaci\u00f3n de mandato que no ha escuchado las voces de la oposici\u00f3n.<\/p>\n\n\n\n<p>El presidente de la Permanente anunci\u00f3 en conferencia de prensa que este mi\u00e9rcoles se podr\u00eda convocar a la&nbsp;Primera Comisi\u00f3n para que avale un extraordinario y se genere un dictamen, y el pleno de la Permanente podr\u00eda sesionar esta misma semana para aprobarlo.<\/p>\n\n\n\n<p>Fuente: https:\/\/www.proceso.com.mx\/nacional\/2021\/8\/18\/legisladores-rechazan-periodo-extraordinario-para-revocacion-de-mandato-270113.html<\/p>\n","protected":false},"excerpt":{"rendered":"<p>Olga S\u00e1nchez Cordero se reuni\u00f3 con diputados y senadores de Morena y los partidos del Trabajo, Verde Ecologista de M\u00e9xico [&hellip;]<\/p>\n","protected":false},"author":1,"featured_media":11779,"comment_status":"open","ping_status":"open","sticky":false,"template":"","format":"standard","meta":{"site-sidebar-layout":"default","site-content-layout":"","ast-site-content-layout":"default","site-content-style":"default","site-sidebar-style":"default","ast-global-header-display":"","ast-banner-title-visibility":"","ast-main-header-display":"","ast-hfb-above-header-display":"","ast-hfb-below-header-display":"","ast-hfb-mobile-header-display":"","site-post-title":"","ast-breadcrumbs-content":"","ast-featured-img":"","footer-sml-layout":"","theme-transparent-header-meta":"","adv-header-id-meta":"","stick-header-meta":"","header-above-stick-meta":"","header-main-stick-meta":"","header-below-stick-meta":"","astra-migrate-meta-layouts":"default","ast-page-background-enabled":"default","ast-page-background-meta":{"desktop":{"background-color":"var(--ast-global-color-4)","background-image":"","background-repeat":"repeat","background-position":"center center","background-size":"auto","background-attachment":"scroll","background-type":"","background-media":"","overlay-type":"","overlay-color":"","overlay-opacity":"","overlay-gradient":""},"tablet":{"background-color":"","background-image":"","background-repeat":"repeat","background-position":"center center","background-size":"auto","background-attachment":"scroll","background-type":"","background-media":"","overlay-type":"","overlay-color":"","overlay-opacity":"","overlay-gradient":""},"mobile":{"background-color":"","background-image":"","background-repeat":"repeat","background-position":"center center","background-size":"auto","background-attachment":"scroll","background-type":"","background-media":"","overlay-type":"","overlay-color":"","overlay-opacity":"","overlay-gradient":""}},"ast-content-background-meta":{"desktop":{"background-color":"var(--ast-global-color-5)","background-image":"","background-repeat":"repeat","background-position":"center center","background-size":"auto","background-attachment":"scroll","background-type":"","background-media":"","overlay-type":"","overlay-color":"","overlay-opacity":"","overlay-gradient":""},"tablet":{"background-color":"var(--ast-global-color-5)","background-image":"","background-repeat":"repeat","background-position":"center center","background-size":"auto","background-attachment":"scroll","background-type":"","background-media":"","overlay-type":"","overlay-color":"","overlay-opacity":"","overlay-gradient":""},"mobile":{"background-color":"var(--ast-global-color-5)","background-image":"","background-repeat":"repeat","background-position":"center center","background-size":"auto","background-attachment":"scroll","background-type":"","background-media":"","overlay-type":"","overlay-color":"","overlay-opacity":"","overlay-gradient":""}},"footnotes":""},"categories":[8],"tags":[3355,3354,2316],"class_list":["post-11778","post","type-post","status-publish","format-standard","has-post-thumbnail","hentry","category-noticias","tag-comision-permanente-congreso-de-la-union","tag-olga-sanchez-cordero","tag-revocacion-mandato-presidencial"],"_links":{"self":[{"href":"https:\/\/losperiodistas.com.mx\/portal\/wp-json\/wp\/v2\/posts\/11778","targetHints":{"allow":["GET"]}}],"collection":[{"href":"https:\/\/losperiodistas.com.mx\/portal\/wp-json\/wp\/v2\/posts"}],"about":[{"href":"https:\/\/losperiodistas.com.mx\/portal\/wp-json\/wp\/v2\/types\/post"}],"author":[{"embeddable":true,"href":"https:\/\/losperiodistas.com.mx\/portal\/wp-json\/wp\/v2\/users\/1"}],"replies":[{"embeddable":true,"href":"https:\/\/losperiodistas.com.mx\/portal\/wp-json\/wp\/v2\/comments?post=11778"}],"version-history":[{"count":2,"href":"https:\/\/losperiodistas.com.mx\/portal\/wp-json\/wp\/v2\/posts\/11778\/revisions"}],"predecessor-version":[{"id":11781,"href":"https:\/\/losperiodistas.com.mx\/portal\/wp-json\/wp\/v2\/posts\/11778\/revisions\/11781"}],"wp:featuredmedia":[{"embeddable":true,"href":"https:\/\/losperiodistas.com.mx\/portal\/wp-json\/wp\/v2\/media\/11779"}],"wp:attachment":[{"href":"https:\/\/losperiodistas.com.mx\/portal\/wp-json\/wp\/v2\/media?parent=11778"}],"wp:term":[{"taxonomy":"category","embeddable":true,"href":"https:\/\/losperiodistas.com.mx\/portal\/wp-json\/wp\/v2\/categories?post=11778"},{"taxonomy":"post_tag","embeddable":true,"href":"https:\/\/losperiodistas.com.mx\/portal\/wp-json\/wp\/v2\/tags?post=11778"}],"curies":[{"name":"wp","href":"https:\/\/api.w.org\/{rel}","templated":true}]}}