{"id":117765,"date":"2026-03-04T07:25:23","date_gmt":"2026-03-04T13:25:23","guid":{"rendered":"https:\/\/losperiodistas.com.mx\/portal\/?p=117765"},"modified":"2026-03-04T07:25:25","modified_gmt":"2026-03-04T13:25:25","slug":"a-100-dias-del-mundial-surgen-nuevos-retos-por-la-guerra-en-iran-y-la-violencia-en-mexico-ap","status":"publish","type":"post","link":"https:\/\/losperiodistas.com.mx\/portal\/a-100-dias-del-mundial-surgen-nuevos-retos-por-la-guerra-en-iran-y-la-violencia-en-mexico-ap\/","title":{"rendered":"A 100 d\u00edas del Mundial, surgen nuevos retos por la guerra en Ir\u00e1n y la violencia en M\u00e9xico | AP"},"content":{"rendered":"\n<figure class=\"wp-block-image size-full\"><img fetchpriority=\"high\" decoding=\"async\" width=\"980\" height=\"653\" src=\"https:\/\/losperiodistas.com.mx\/portal\/wp-content\/uploads\/2026\/03\/descarga.webp\" alt=\"\" class=\"wp-image-117766\" srcset=\"https:\/\/losperiodistas.com.mx\/portal\/wp-content\/uploads\/2026\/03\/descarga.webp 980w, https:\/\/losperiodistas.com.mx\/portal\/wp-content\/uploads\/2026\/03\/descarga-300x200.webp 300w, https:\/\/losperiodistas.com.mx\/portal\/wp-content\/uploads\/2026\/03\/descarga-768x512.webp 768w\" sizes=\"(max-width: 980px) 100vw, 980px\" \/><figcaption class=\"wp-element-caption\">Un ciclista pasa junto a un promocional de la Copa Mundial 2026 en Guadalajara, M\u00e9xico, el 25 de febrero de 2026. (AP Foto \/Marco Ugarte)<\/figcaption><\/figure>\n\n\n\n<p><\/p>\n\n\n\n<p class=\"has-vivid-red-color has-text-color has-link-color has-medium-font-size wp-elements-fe7646512d825f57b76c81debe5298a7\"><a href=\"https:\/\/apnews.com\/author\/graham-dunbar\"><\/a><strong>POR\u00a0\u00a0<a href=\"https:\/\/apnews.com\/author\/graham-dunbar\">GRAHAM DUNBAR<\/a> \/ AP <\/strong><\/p>\n\n\n\n<p><a href=\"https:\/\/apnews.com\/article\/world-cup-iran-us-mexico-canada-c5a3ea55d97e69729b314d9d67623f25\">Read in English<\/a><\/p>\n\n\n\n<p>GINEBRA (AP) \u2014 A 100 d\u00edas de que inicie el Mundial, la guerra en Ir\u00e1n ha a\u00f1adido una nueva complicaci\u00f3n potencial al torneo que coorganizan Estados Unidos, M\u00e9xico y Canad\u00e1.<\/p>\n\n\n\n<p>La forma en que el conflicto podr\u00eda afectar al evento deportivo m\u00e1s visto del mundo es el problema m\u00e1s reciente que enfrentan los organizadores, que ya estaban lidiando con&nbsp;<a href=\"https:\/\/apnews.com\/article\/mexico-jalisco-mencho-cartel-mundial-violencia-6511d20479a455a988c16e59325dcb69\">la violencia de los c\u00e1rteles en una de las ciudades sede de M\u00e9xico<\/a>, adem\u00e1s de la reducci\u00f3n de los&nbsp;<a href=\"https:\/\/apnews.com\/article\/copa-mundial-2026-fanfest-nueva-jersey-nueva-york-89d9fbe85570a93c56051e742f5fdbdd\">festivales de aficionados en Estados Unidos<\/a>&nbsp;y&nbsp;<a href=\"https:\/\/apnews.com\/article\/fifa-mundial-2026-entradas-baratas-743767f3e2d80c6185982e4dcfe51435\">las cr\u00edticas de los hinchas<\/a>&nbsp;por el fuerte aumento de los precios de las entradas.<\/p>\n\n\n\n<p>Directivos de las selecciones clasificadas se reunir\u00e1n esta semana con personal de la FIFA en Atlanta. El torneo comienza el 11 de junio, cuando M\u00e9xico enfrente a Sud\u00e1frica en la Ciudad de M\u00e9xico. Ser\u00e1 el Mundial m\u00e1s grande de la historia, con 48 selecciones participantes, frente a las 32 del torneo anterior en Qatar.<\/p>\n\n\n\n<p>A continuaci\u00f3n, un vistazo a algunos de los temas que captan la atenci\u00f3n en el momento en que ha comenzado la cuenta regresiva de 100 d\u00edas.<\/p>\n\n\n\n<h2 class=\"wp-block-heading\">Tensi\u00f3n geopol\u00edtica como tel\u00f3n de fondo<\/h2>\n\n\n\n<p>No es inusual que la pol\u00edtica internacional opaque a un evento deportivo global como la Copa del Mundo \u2014al menos en las primeras etapas\u2014 antes de que la acci\u00f3n del f\u00fatbol se adue\u00f1e de los titulares.<\/p>\n\n\n\n<p>En 2022, el trato de Qatar a los trabajadores migrantes y a la comunidad LGBTQ+ acapar\u00f3 los titulares extracancha. Los derechos LGBTQ+, la anexi\u00f3n de Crimea y el envenenamiento de un esp\u00eda en Gran Breta\u00f1a estuvieron en el centro de atenci\u00f3n en 2018, cuando Rusia organiz\u00f3 el torneo.<\/p>\n\n\n\n<p>En Brasil 2014 y en Sud\u00e1frica 2010 hubo preocupaciones por el crimen y la seguridad.<a><\/a><\/p>\n\n\n\n<p class=\"has-ast-global-color-4-background-color has-background\">Related Stories<\/p>\n\n\n\n<figure class=\"wp-block-image\"><img decoding=\"async\" src=\"https:\/\/dims.apnews.com\/dims4\/default\/9fd1578\/2147483647\/strip\/false\/crop\/7079x4719+0+0\/resize\/980x653!\/quality\/90\/?url=https%3A%2F%2Fassets.apnews.com%2F89%2Fe5%2F9476f7698de89b305564c333d32f%2F0148c1f18bf144c3a93b7ec408eb7960\" alt=\"Conflicto en Oriente Medio pone en duda la presencia de Ir\u00e1n al Mundial en Estados Unidos\"\/><\/figure>\n\n\n\n<p><a href=\"https:\/\/apnews.com\/article\/mundial-iran-aee973d5b41dfc0cf9f7f3388cd7cf3e\"><\/a><\/p>\n\n\n\n<p><a href=\"https:\/\/apnews.com\/article\/mundial-iran-aee973d5b41dfc0cf9f7f3388cd7cf3e\">Conflicto en Oriente Medio pone en duda la presencia de Ir\u00e1n al Mundial en Estados Unidos<\/a><\/p>\n\n\n\n<figure class=\"wp-block-image\"><img decoding=\"async\" src=\"https:\/\/dims.apnews.com\/dims4\/default\/c7269a8\/2147483647\/strip\/false\/crop\/2582x1713+0+0\/resize\/980x650!\/quality\/90\/?url=https%3A%2F%2Fassets.apnews.com%2F5d%2F14%2Fd2c4ebf3ffe12e05cbed24cffa55%2F9f310cefaad8415bbdada88101d2a467\" alt=\"Federaci\u00f3n alemana de f\u00fatbol descarta boicot al Mundial pese a llamados a oponerse a Trump\"\/><\/figure>\n\n\n\n<p><a href=\"https:\/\/apnews.com\/article\/alemania-boicot-trump-dfb-c0b6fc12f137a108fd509408df09ba0a\"><\/a><\/p>\n\n\n\n<p><a href=\"https:\/\/apnews.com\/article\/alemania-boicot-trump-dfb-c0b6fc12f137a108fd509408df09ba0a\">Federaci\u00f3n alemana de f\u00fatbol descarta boicot al Mundial pese a llamados a oponerse a Trump<\/a><\/p>\n\n\n\n<figure class=\"wp-block-image\"><img decoding=\"async\" src=\"https:\/\/dims.apnews.com\/dims4\/default\/60cacaf\/2147483647\/strip\/false\/crop\/2476x1651+0+0\/resize\/980x653!\/quality\/90\/?url=https%3A%2F%2Fassets.apnews.com%2Ff5%2Fe9%2F7925d19b6b66a38417e4629002a6%2F801ac191debc4c888c3557307246585b\" alt=\"Mauricio Pochettino desestima cr\u00edticas de Tim Weah sobre precios de entradas del Mundial\"\/><\/figure>\n\n\n\n<p><a href=\"https:\/\/apnews.com\/article\/mundial-pochettino-weah-entradas-precios-b83b77eca5e2ed4c863b408a4355608e\"><\/a><\/p>\n\n\n\n<p><a href=\"https:\/\/apnews.com\/article\/mundial-pochettino-weah-entradas-precios-b83b77eca5e2ed4c863b408a4355608e\">Mauricio Pochettino desestima cr\u00edticas de Tim Weah sobre precios de entradas del Mundial<\/a><\/p>\n\n\n\n<p>El torneo de 2026 parece listo para arrancar en medio de las tensiones pol\u00edticas que involucran a Estados Unidos y otras naciones participantes.<\/p>\n\n\n\n<p>Muchas de esas naciones han sido golpeadas por aranceles. Algunas enfrentan restricciones de viaje. Dinamarca, que a\u00fan puede clasificarse a trav\u00e9s de un repechaje en marzo, se ha visto sacudida por los llamados del presidente Donald Trump para que Estados Unidos tome el&nbsp;<a href=\"https:\/\/apnews.com\/article\/dinamarca-groenlandia-trump-arctico-seguridad-otan-c765b9c0ed1933fef5d2e0a615d1b385\">control de Groenlandia<\/a>. Y a 100 d\u00edas del torneo, Estados Unidos lanz\u00f3 un conflicto militar con Ir\u00e1n, que se clasific\u00f3 hace tiempo.<\/p>\n\n\n\n<h2 class=\"wp-block-heading\">Estatus incierto para Ir\u00e1n<\/h2>\n\n\n\n<p>Est\u00e1 previsto que Ir\u00e1n dispute dos partidos de la fase de grupos en Inglewood, California, y uno en Seattle.<\/p>\n\n\n\n<p>Sin embargo,&nbsp;<a href=\"https:\/\/apnews.com\/article\/mundial-iran-aee973d5b41dfc0cf9f7f3388cd7cf3e\">no est\u00e1 claro<\/a>&nbsp;si la selecci\u00f3n iran\u00ed podr\u00e1 viajar a Estados Unidos.<\/p>\n\n\n\n<p>\u201cLo que es seguro es que, despu\u00e9s de este ataque, no se puede esperar que miremos hacia el Mundial con esperanza\u201d, advirti\u00f3 el fin de semana Mehdi Taj, el principal dirigente del f\u00fatbol iran\u00ed, mientras Estados Unidos e Israel lanzaban ataques coordinados que&nbsp;<a href=\"https:\/\/apnews.com\/article\/jamenei-iran-ayatola-muerte-obituario-israel-eeuu-f11b5215cf9665c3f807099a619a3a84\">mataron al l\u00edder supremo, el ayatol\u00e1 Ali Jamenei<\/a>, y a decenas de otros funcionarios prominentes.<\/p>\n\n\n\n<p>Aun as\u00ed, Ir\u00e1n no ha dicho que se retirar\u00e1 del torneo, algo que ninguna selecci\u00f3n clasificada ha hecho en los \u00faltimos 75 a\u00f1os. Ir\u00e1n, el segundo equipo de Asia mejor ubicado en el ranking, qued\u00f3 encuadrado en un grupo con B\u00e9lgica, Egipto y Nueva Zelanda.<\/p>\n\n\n\n<p>La FIFA no respondi\u00f3 de inmediato a una pregunta sobre si funcionarios de la federaci\u00f3n iran\u00ed asistieron al taller en Atlanta.<\/p>\n\n\n\n<h2 class=\"wp-block-heading\">Se reducen los festivales de aficionados<\/h2>\n\n\n\n<p>Los festivales de aficionados han sido una parte clave de la experiencia del Mundial en las \u00faltimas dos d\u00e9cadas. Ofrecen la oportunidad de que miles de hinchas sin entradas para los partidos participen del ambiente mundialista reuni\u00e9ndose para ver los encuentros en una pantalla gigante.<\/p>\n\n\n\n<p>Algunos de esos planes ahora se est\u00e1n recortando en Estados Unidos.<\/p>\n\n\n\n<p>Nueva York\/Nueva Jersey elimin\u00f3 su Fan Fest en Jersey City, aunque ya hab\u00eda comenzado a vender entradas para el evento que se extender\u00eda durante todo el torneo.<\/p>\n\n\n\n<p>Que fuera un evento de paga es algo sin precedentes, pues desde su lanzamiento en Alemania 2006, el Fan Fest hab\u00eda sido gratuito.<\/p>\n\n\n\n<p>Seattle redujo su plan original y lo reprogram\u00f3 para sedes m\u00e1s peque\u00f1as, y Boston recort\u00f3 su evento a 16 d\u00edas.<\/p>\n\n\n\n<p>El director de operaciones del comit\u00e9 anfitri\u00f3n del Mundial de la FIFA en Miami dijo el 24 de febrero, durante una audiencia en el Congreso, que podr\u00eda cancelar su evento si no recib\u00eda financiaci\u00f3n federal en un plazo de 30 d\u00edas. El subjefe de polic\u00eda de Kansas City, Missouri, Joseph Maybin, se\u00f1al\u00f3 que la ciudad ten\u00eda una necesidad inmediata de fondos federales para preparar la seguridad.<\/p>\n\n\n\n<p>Los republicanos de la C\u00e1mara de Representantes dijeron que el dinero federal podr\u00eda quedar retenido por el cierre parcial del gobierno en el Departamento de Seguridad Nacional, provocado por la insistencia de los dem\u00f3cratas en que se impongan restricciones a los agentes del Servicio de Inmigraci\u00f3n y Control de Aduanas (ICE).<\/p>\n\n\n\n<h2 class=\"wp-block-heading\">En riesgo, partidos en Foxborough<\/h2>\n\n\n\n<p>El estadio de los Patriots de Nueva Inglaterra en Foxborough, Massachusetts, albergar\u00eda siete partidos del Mundial, comenzando con el duelo de Hait\u00ed-Escocia el 13 de junio y terminando con un encuentro de cuartos de final el 9 de julio. As\u00ed lo determin\u00f3 la FIFA.<\/p>\n\n\n\n<p>Pero la junta municipal de Foxborough se ha negado a emitir un permiso para los partidos del Mundial en el estadio y fij\u00f3 como fecha l\u00edmite el 17 de marzo para recibir 7,8 millones de d\u00f3lares, lo que la localidad estima que costar\u00e1n el despliegue policial y otros gastos. Foxborough dijo que no formaba parte del acuerdo de sede de la FIFA con Boston.<\/p>\n\n\n\n<h2 class=\"wp-block-heading\">Rechazo a los precios de los boletos<\/h2>\n\n\n\n<p>La FIFA tiene que llenar cerca de 7 millones de asientos para los partidos del Mundial y el mes pasado indic\u00f3 que hab\u00eda recibido&nbsp;<a href=\"https:\/\/apnews.com\/article\/fifa-mundial-2026-entradas-mexico-colombia-argentina-74fe76ce59cfc27e4d7ca31c26382e0d\">500 millones de solicitudes de entradas<\/a>. El presidente de la FIFA, Gianni Infantino, ha proclamado que los 104 partidos tienen localidades agotadas y, sin embargo, algunos aficionados recibieron correos electr\u00f3nicos la semana pasada ofreciendo un plazo adicional de 48 horas para la venta de entradas.<\/p>\n\n\n\n<p>Los precios de la FIFA en diciembre llegaron hasta 8.680 d\u00f3lares por entrada. Debido a las cr\u00edticas, la FIFA inform\u00f3 que ofrecer\u00e1 a las federaciones que participar\u00e1n en el torneo cientos de&nbsp;<a href=\"https:\/\/apnews.com\/article\/fifa-mundial-2026-entradas-baratas-743767f3e2d80c6185982e4dcfe51435\">entradas a 60 d\u00f3lares<\/a>&nbsp;para cada partido. Esas federaciones decidir\u00e1n c\u00f3mo distribuirlas entre sus aficionados m\u00e1s fieles, que asistieron a partidos anteriores.<\/p>\n\n\n\n<p>La mayor\u00eda de los asientos en la plataforma de reventa de entradas de la FIFA \u2014que busca eliminar el mercado secundario y generar para la FIFA comisiones adicionales del 15% a compradores y vendedores\u2014 est\u00e1n muy por encima de la marca de 1.000 d\u00f3lares.<\/p>\n\n\n\n<h2 class=\"wp-block-heading\">Violencia de c\u00e1rteles en M\u00e9xico<\/h2>\n\n\n\n<p>La capacidad de M\u00e9xico para coorganizar el Mundial ha generado dudas tras un repunte de violencia la semana pasada en el estado occidental de Jalisco. El Ej\u00e9rcito mat\u00f3 ah\u00ed a Nemesio Oseguera Cervantes, alias \u201cEl Mencho\u201d, l\u00edder del poderoso Cartel Jalisco Nueva Generaci\u00f3n.<\/p>\n\n\n\n<p>La capital del estado, Guadalajara, albergar\u00e1 cuatro partidos durante la fase de grupos.<\/p>\n\n\n\n<p>El gobierno de M\u00e9xico insiste en que el Mundial no se ver\u00e1 afectado y la presidenta Claudia Sheinbaum dijo que no hay riesgo para los aficionados que viajen al torneo.<\/p>\n\n\n\n<p>Infantino le dijo a Sheinbaum que&nbsp;<a href=\"https:\/\/apnews.com\/article\/clavados-mexico-cancelacion-613df46f34a10c015b2846af5f0de9a9\">conf\u00eda plenamente en M\u00e9xico<\/a>&nbsp;como sede del Mundial.<\/p>\n\n\n\n<p>El dirigente de la FIFA ha prometido repetidamente que el Mundial de 2026 ser\u00e1 el m\u00e1s grande y el m\u00e1s inclusivo.<\/p>\n\n\n\n<p>___<\/p>\n\n\n\n<p>Los periodistas deportivos de AP Ronald Blum, en Nueva York, y Tim Reynolds, en Miami, contribuyeron a este informe.<\/p>\n\n\n\n<p>Fuente: <a href=\"https:\/\/apnews.com\/article\/copa-mundial-2026-mexico-estados-unidos-canada-violencia-iran-ac8a8b7966bb378ced26ae6b1e3c5391\">https:\/\/apnews.com\/article\/copa-mundial-2026-mexico-estados-unidos-canada-violencia-iran-ac8a8b7966bb378ced26ae6b1e3c5391<\/a><\/p>\n","protected":false},"excerpt":{"rendered":"<p>POR\u00a0\u00a0GRAHAM DUNBAR \/ AP Read in English GINEBRA (AP) \u2014 A 100 d\u00edas de que inicie el Mundial, la guerra [&hellip;]<\/p>\n","protected":false},"author":1,"featured_media":117766,"comment_status":"open","ping_status":"open","sticky":false,"template":"","format":"standard","meta":{"site-sidebar-layout":"default","site-content-layout":"","ast-site-content-layout":"default","site-content-style":"default","site-sidebar-style":"default","ast-global-header-display":"","ast-banner-title-visibility":"","ast-main-header-display":"","ast-hfb-above-header-display":"","ast-hfb-below-header-display":"","ast-hfb-mobile-header-display":"","site-post-title":"","ast-breadcrumbs-content":"","ast-featured-img":"","footer-sml-layout":"","theme-transparent-header-meta":"","adv-header-id-meta":"","stick-header-meta":"","header-above-stick-meta":"","header-main-stick-meta":"","header-below-stick-meta":"","astra-migrate-meta-layouts":"default","ast-page-background-enabled":"default","ast-page-background-meta":{"desktop":{"background-color":"var(--ast-global-color-4)","background-image":"","background-repeat":"repeat","background-position":"center center","background-size":"auto","background-attachment":"scroll","background-type":"","background-media":"","overlay-type":"","overlay-color":"","overlay-opacity":"","overlay-gradient":""},"tablet":{"background-color":"","background-image":"","background-repeat":"repeat","background-position":"center center","background-size":"auto","background-attachment":"scroll","background-type":"","background-media":"","overlay-type":"","overlay-color":"","overlay-opacity":"","overlay-gradient":""},"mobile":{"background-color":"","background-image":"","background-repeat":"repeat","background-position":"center center","background-size":"auto","background-attachment":"scroll","background-type":"","background-media":"","overlay-type":"","overlay-color":"","overlay-opacity":"","overlay-gradient":""}},"ast-content-background-meta":{"desktop":{"background-color":"var(--ast-global-color-5)","background-image":"","background-repeat":"repeat","background-position":"center center","background-size":"auto","background-attachment":"scroll","background-type":"","background-media":"","overlay-type":"","overlay-color":"","overlay-opacity":"","overlay-gradient":""},"tablet":{"background-color":"var(--ast-global-color-5)","background-image":"","background-repeat":"repeat","background-position":"center center","background-size":"auto","background-attachment":"scroll","background-type":"","background-media":"","overlay-type":"","overlay-color":"","overlay-opacity":"","overlay-gradient":""},"mobile":{"background-color":"var(--ast-global-color-5)","background-image":"","background-repeat":"repeat","background-position":"center center","background-size":"auto","background-attachment":"scroll","background-type":"","background-media":"","overlay-type":"","overlay-color":"","overlay-opacity":"","overlay-gradient":""}},"footnotes":""},"categories":[8],"tags":[46813,1106,28580],"class_list":["post-117765","post","type-post","status-publish","format-standard","has-post-thumbnail","hentry","category-noticias","tag-crisis-iran","tag-fifa","tag-guadalajara"],"_links":{"self":[{"href":"https:\/\/losperiodistas.com.mx\/portal\/wp-json\/wp\/v2\/posts\/117765","targetHints":{"allow":["GET"]}}],"collection":[{"href":"https:\/\/losperiodistas.com.mx\/portal\/wp-json\/wp\/v2\/posts"}],"about":[{"href":"https:\/\/losperiodistas.com.mx\/portal\/wp-json\/wp\/v2\/types\/post"}],"author":[{"embeddable":true,"href":"https:\/\/losperiodistas.com.mx\/portal\/wp-json\/wp\/v2\/users\/1"}],"replies":[{"embeddable":true,"href":"https:\/\/losperiodistas.com.mx\/portal\/wp-json\/wp\/v2\/comments?post=117765"}],"version-history":[{"count":1,"href":"https:\/\/losperiodistas.com.mx\/portal\/wp-json\/wp\/v2\/posts\/117765\/revisions"}],"predecessor-version":[{"id":117767,"href":"https:\/\/losperiodistas.com.mx\/portal\/wp-json\/wp\/v2\/posts\/117765\/revisions\/117767"}],"wp:featuredmedia":[{"embeddable":true,"href":"https:\/\/losperiodistas.com.mx\/portal\/wp-json\/wp\/v2\/media\/117766"}],"wp:attachment":[{"href":"https:\/\/losperiodistas.com.mx\/portal\/wp-json\/wp\/v2\/media?parent=117765"}],"wp:term":[{"taxonomy":"category","embeddable":true,"href":"https:\/\/losperiodistas.com.mx\/portal\/wp-json\/wp\/v2\/categories?post=117765"},{"taxonomy":"post_tag","embeddable":true,"href":"https:\/\/losperiodistas.com.mx\/portal\/wp-json\/wp\/v2\/tags?post=117765"}],"curies":[{"name":"wp","href":"https:\/\/api.w.org\/{rel}","templated":true}]}}