{"id":117760,"date":"2026-03-03T22:15:11","date_gmt":"2026-03-04T04:15:11","guid":{"rendered":"https:\/\/losperiodistas.com.mx\/portal\/?p=117760"},"modified":"2026-03-03T22:15:12","modified_gmt":"2026-03-04T04:15:12","slug":"el-proyecto-del-cablebus-en-puebla-abre-debate-ambiental-mn","status":"publish","type":"post","link":"https:\/\/losperiodistas.com.mx\/portal\/el-proyecto-del-cablebus-en-puebla-abre-debate-ambiental-mn\/","title":{"rendered":"El proyecto del Cableb\u00fas en Puebla abre debate ambiental | MN"},"content":{"rendered":"\n<figure class=\"wp-block-embed is-type-video is-provider-youtube wp-block-embed-youtube wp-embed-aspect-16-9 wp-has-aspect-ratio\"><div class=\"wp-block-embed__wrapper\">\n<iframe title=\"El proyecto del Cableb\u00fas en Puebla abre debate ambiental\" width=\"500\" height=\"281\" src=\"https:\/\/www.youtube.com\/embed\/2yUIvFcmoJo?feature=oembed\" frameborder=\"0\" allow=\"accelerometer; autoplay; clipboard-write; encrypted-media; gyroscope; picture-in-picture; web-share\" referrerpolicy=\"strict-origin-when-cross-origin\" allowfullscreen><\/iframe>\n<\/div><\/figure>\n\n\n\n<p class=\"has-vivid-red-color has-text-color has-link-color wp-elements-8b8a12660fee78c6affc3a414b3aeb33\">Enrique Gonz\u00e1lez \/ Mega Noticias<\/p>\n\n\n\n<p>El proyecto del Cableb\u00fas en Puebla arranca con una cifra que marca el debate: hasta 980 \u00e1rboles afectados en el pol\u00edgono de estaciones y torres, dentro de una obra que supera los 1,515 millones de pesos este 2026, con 9 estaciones y m\u00e1s de 11 kil\u00f3metros de recorrido. La autoridad sostiene que no habr\u00e1 tala indiscriminada, pero los n\u00fameros, y la ciencia forestal, abre otra discusi\u00f3n.<\/p>\n\n\n\n<p>De acuerdo con el coordinador de Gabinete, Jos\u00e9 Luis Garc\u00eda Parra, 746 \u00e1rboles ser\u00e1n removidos y reubicados, y solo 33 talados por estar enfermos o muertos, el compromiso oficial es plantar 10 mil nuevos ejemplares, alrededor de 1,100 por estaci\u00f3n, de 2 metros de altura promedio Las zonas intervenidas incluyen el<\/p>\n\n\n\n<ul class=\"wp-block-list\">\n<li><strong>PARQUE JU\u00c1REZ 116 EJEMPLARES AFECTADOS<br>EL PARQUE ECOL\u00d3GICO CON 110,<br>XONACA, AMALUCAN\u00a0<br>EL ENTORNO DEL CIS,\u00a0<\/strong><\/li>\n<\/ul>\n\n\n\n<p>Pero la discusi\u00f3n t\u00e9cnica va m\u00e1s all\u00e1 del t\u00e9rmino \u00abremoci\u00f3n\u00bb, estudios de la UNAM advierten que el trasplante de \u00e1rboles adultos en zonas urbanas puede tener tasas de supervivencia menores al 30%, debido a la p\u00e9rdida de hasta 90% de ra\u00edces finas y al estr\u00e9s h\u00eddrico posterior.<\/p>\n\n\n\n<p>Organismos como la ONU se\u00f1alan que sustituir \u00e1rboles maduros por ejemplares j\u00f3venes no compensa de inmediato servicios ambientales como sombra, captura de carbono o regulaci\u00f3n t\u00e9rmica. Un \u00e1rbol adulto puede reducir entre 2 y 8 grados la temperatura local.<\/p>\n\n\n\n<p>A esto se suma la fragmentaci\u00f3n de h\u00e1bitat, el ruido de obra y la compactaci\u00f3n del suelo por cimentaciones profundas, fen\u00f3meno conocido como sellamiento urbano.<\/p>\n\n\n\n<p>Ambientalistas y acad\u00e9micos cuestionan la falta de una Manifestaci\u00f3n de Impacto Ambiental p\u00fablica y detallada. La autoridad responde que hay estudios t\u00e9cnicos y seguimiento garantizado.<\/p>\n\n\n\n<p>El Cableb\u00fas avanza con calendario y presupuesto, lo que sigue abierto es el balance ambiental real: si los trasplantes fracasan y los nuevos \u00e1rboles no sobreviven, no habr\u00e1 cifra que compense la p\u00e9rdida inmediata de sombra, biodiversidad y regulaci\u00f3n t\u00e9rmica.&nbsp;<\/p>\n\n\n\n<p>Fuente: <a href=\"https:\/\/www.meganoticias.mx\/puebla\/noticia\/el-proyecto-del-cablebus-en-puebla-abre-debate-ambiental\/713899\" target=\"_blank\" rel=\"noreferrer noopener\">Mega Noticias<\/a><\/p>\n","protected":false},"excerpt":{"rendered":"<p>Enrique Gonz\u00e1lez \/ Mega Noticias El proyecto del Cableb\u00fas en Puebla arranca con una cifra que marca el debate: hasta [&hellip;]<\/p>\n","protected":false},"author":1,"featured_media":117761,"comment_status":"open","ping_status":"open","sticky":false,"template":"","format":"standard","meta":{"site-sidebar-layout":"default","site-content-layout":"","ast-site-content-layout":"default","site-content-style":"default","site-sidebar-style":"default","ast-global-header-display":"","ast-banner-title-visibility":"","ast-main-header-display":"","ast-hfb-above-header-display":"","ast-hfb-below-header-display":"","ast-hfb-mobile-header-display":"","site-post-title":"","ast-breadcrumbs-content":"","ast-featured-img":"","footer-sml-layout":"","theme-transparent-header-meta":"","adv-header-id-meta":"","stick-header-meta":"","header-above-stick-meta":"","header-main-stick-meta":"","header-below-stick-meta":"","astra-migrate-meta-layouts":"default","ast-page-background-enabled":"default","ast-page-background-meta":{"desktop":{"background-color":"var(--ast-global-color-4)","background-image":"","background-repeat":"repeat","background-position":"center center","background-size":"auto","background-attachment":"scroll","background-type":"","background-media":"","overlay-type":"","overlay-color":"","overlay-opacity":"","overlay-gradient":""},"tablet":{"background-color":"","background-image":"","background-repeat":"repeat","background-position":"center center","background-size":"auto","background-attachment":"scroll","background-type":"","background-media":"","overlay-type":"","overlay-color":"","overlay-opacity":"","overlay-gradient":""},"mobile":{"background-color":"","background-image":"","background-repeat":"repeat","background-position":"center center","background-size":"auto","background-attachment":"scroll","background-type":"","background-media":"","overlay-type":"","overlay-color":"","overlay-opacity":"","overlay-gradient":""}},"ast-content-background-meta":{"desktop":{"background-color":"var(--ast-global-color-5)","background-image":"","background-repeat":"repeat","background-position":"center center","background-size":"auto","background-attachment":"scroll","background-type":"","background-media":"","overlay-type":"","overlay-color":"","overlay-opacity":"","overlay-gradient":""},"tablet":{"background-color":"var(--ast-global-color-5)","background-image":"","background-repeat":"repeat","background-position":"center center","background-size":"auto","background-attachment":"scroll","background-type":"","background-media":"","overlay-type":"","overlay-color":"","overlay-opacity":"","overlay-gradient":""},"mobile":{"background-color":"var(--ast-global-color-5)","background-image":"","background-repeat":"repeat","background-position":"center center","background-size":"auto","background-attachment":"scroll","background-type":"","background-media":"","overlay-type":"","overlay-color":"","overlay-opacity":"","overlay-gradient":""}},"footnotes":""},"categories":[8],"tags":[46808,46811,46810,46809],"class_list":["post-117760","post","type-post","status-publish","format-standard","has-post-thumbnail","hentry","category-noticias","tag-cablebus","tag-debate-ambiental","tag-ejemplares-afectados","tag-parque-juarez"],"_links":{"self":[{"href":"https:\/\/losperiodistas.com.mx\/portal\/wp-json\/wp\/v2\/posts\/117760","targetHints":{"allow":["GET"]}}],"collection":[{"href":"https:\/\/losperiodistas.com.mx\/portal\/wp-json\/wp\/v2\/posts"}],"about":[{"href":"https:\/\/losperiodistas.com.mx\/portal\/wp-json\/wp\/v2\/types\/post"}],"author":[{"embeddable":true,"href":"https:\/\/losperiodistas.com.mx\/portal\/wp-json\/wp\/v2\/users\/1"}],"replies":[{"embeddable":true,"href":"https:\/\/losperiodistas.com.mx\/portal\/wp-json\/wp\/v2\/comments?post=117760"}],"version-history":[{"count":1,"href":"https:\/\/losperiodistas.com.mx\/portal\/wp-json\/wp\/v2\/posts\/117760\/revisions"}],"predecessor-version":[{"id":117762,"href":"https:\/\/losperiodistas.com.mx\/portal\/wp-json\/wp\/v2\/posts\/117760\/revisions\/117762"}],"wp:featuredmedia":[{"embeddable":true,"href":"https:\/\/losperiodistas.com.mx\/portal\/wp-json\/wp\/v2\/media\/117761"}],"wp:attachment":[{"href":"https:\/\/losperiodistas.com.mx\/portal\/wp-json\/wp\/v2\/media?parent=117760"}],"wp:term":[{"taxonomy":"category","embeddable":true,"href":"https:\/\/losperiodistas.com.mx\/portal\/wp-json\/wp\/v2\/categories?post=117760"},{"taxonomy":"post_tag","embeddable":true,"href":"https:\/\/losperiodistas.com.mx\/portal\/wp-json\/wp\/v2\/tags?post=117760"}],"curies":[{"name":"wp","href":"https:\/\/api.w.org\/{rel}","templated":true}]}}