{"id":117754,"date":"2026-03-03T21:32:19","date_gmt":"2026-03-04T03:32:19","guid":{"rendered":"https:\/\/losperiodistas.com.mx\/portal\/?p=117754"},"modified":"2026-03-03T21:32:20","modified_gmt":"2026-03-04T03:32:20","slug":"alejandro-armenta-ofrece-apoyo-a-36-mexicanos-varados-en-jerusalen-reporte-indigo","status":"publish","type":"post","link":"https:\/\/losperiodistas.com.mx\/portal\/alejandro-armenta-ofrece-apoyo-a-36-mexicanos-varados-en-jerusalen-reporte-indigo\/","title":{"rendered":"Alejandro Armenta ofrece apoyo a 36 mexicanos varados en Jerusal\u00e9n | Reporte \u00cdndigo"},"content":{"rendered":"\n<p>La administraci\u00f3n del gobernador poblano mantiene coordinaci\u00f3n con la Arquidi\u00f3cesis de Puebla y la Secretar\u00eda de Relaciones Exteriores<\/p>\n\n\n\n<figure class=\"wp-block-image size-large\"><img fetchpriority=\"high\" decoding=\"async\" width=\"1024\" height=\"614\" src=\"https:\/\/losperiodistas.com.mx\/portal\/wp-content\/uploads\/2026\/03\/ArmentaArzobispo-1024x614.png\" alt=\"\" class=\"wp-image-117755\" srcset=\"https:\/\/losperiodistas.com.mx\/portal\/wp-content\/uploads\/2026\/03\/ArmentaArzobispo-1024x614.png 1024w, https:\/\/losperiodistas.com.mx\/portal\/wp-content\/uploads\/2026\/03\/ArmentaArzobispo-300x180.png 300w, https:\/\/losperiodistas.com.mx\/portal\/wp-content\/uploads\/2026\/03\/ArmentaArzobispo-768x460.png 768w, https:\/\/losperiodistas.com.mx\/portal\/wp-content\/uploads\/2026\/03\/ArmentaArzobispo.png 1275w\" sizes=\"(max-width: 1024px) 100vw, 1024px\" \/><figcaption class=\"wp-element-caption\">Autoridades de Puebla coordinan apoyo a mexicanos en Jerusal\u00e9n. Foto: Gobierno de Puebla.<\/figcaption><\/figure>\n\n\n\n<p class=\"has-vivid-red-color has-text-color has-link-color wp-elements-2b9c6d7ed27a296ce2920d99bc70db33\">Indigo Staff<\/p>\n\n\n\n<p>El gobernador Alejandro Armenta Mier asegur\u00f3 que el<strong> Gobierno del estado de Puebla<\/strong> est\u00e1 <strong>atento para brindar apoyo<\/strong> a las y los <strong>mexicanos que lo requieran, como es el caso del conflicto en Medio Oriente,<\/strong> y afirm\u00f3 que donde se encuentre un poblano con necesidad de atenci\u00f3n deben informarlo para intervenir de inmediato.<\/p>\n\n\n\n<p>El secretario de Gobernaci\u00f3n, Samuel Aguilar Pala dio a conocer que son 36 mexicanos los que permanecen en Jerusal\u00e9n y precis\u00f3 que 21 son poblanos, cuatro de Morelos, cuatro de Oaxaca, dos del Estado de M\u00e9xico, dos de Tlaxcala, uno de Quer\u00e9taro, uno de Michoac\u00e1n y uno de la Ciudad de M\u00e9xico.<\/p>\n\n\n\n<p>Explic\u00f3 que, a trav\u00e9s de la <strong>Arquidi\u00f3cesis de Puebla,<\/strong> existe <strong>contacto permanente<\/strong> con el <strong>sacerdote Alfredo Rodr\u00edguez<\/strong>, quien encabeza el grupo y a\u00f1adi\u00f3 que se gestionan los apoyos necesarios para lograr su pronto regreso.<\/p>\n\n\n\n<h2 class=\"wp-block-heading\">Coordinaci\u00f3n institucional<\/h2>\n\n\n\n<p>El arzobispo <strong>V\u00edctor S\u00e1nchez<\/strong> destac\u00f3 la preocupaci\u00f3n por la situaci\u00f3n en Tierra Santa y por las familias de las y los peregrinos y agradeci\u00f3 a Alejandro Armenta y a su equipo el respaldo otorgado mediante los sacerdotes que acompa\u00f1an al grupo.<\/p>\n\n\n\n<p>Desde la <strong>Secretar\u00eda de Gobernaci\u00f3n se estableci\u00f3 comunicaci\u00f3n con la Secretar\u00eda de Relaciones Exteriores<\/strong> para coordinar acciones con el objetivo de garantizar el bienestar de las y los ciudadanos mexicanos que no han podido salir desde el domingo, debido a la cancelaci\u00f3n de vuelos por el conflicto internacional.<\/p>\n\n\n\n<p>Fuente: <a href=\"https:\/\/www.reporteindigo.com\/nacional\/alejandro-armenta-ofrece-apoyo-a-36-mexicanos-varados-en-jerusalen-20260303-0087.html\" target=\"_blank\" rel=\"noreferrer noopener\">Reporte Indigo<\/a><\/p>\n","protected":false},"excerpt":{"rendered":"<p>La administraci\u00f3n del gobernador poblano mantiene coordinaci\u00f3n con la Arquidi\u00f3cesis de Puebla y la Secretar\u00eda de Relaciones Exteriores<\/p>\n","protected":false},"author":1,"featured_media":117755,"comment_status":"open","ping_status":"open","sticky":false,"template":"","format":"standard","meta":{"site-sidebar-layout":"default","site-content-layout":"","ast-site-content-layout":"default","site-content-style":"default","site-sidebar-style":"default","ast-global-header-display":"","ast-banner-title-visibility":"","ast-main-header-display":"","ast-hfb-above-header-display":"","ast-hfb-below-header-display":"","ast-hfb-mobile-header-display":"","site-post-title":"","ast-breadcrumbs-content":"","ast-featured-img":"","footer-sml-layout":"","theme-transparent-header-meta":"","adv-header-id-meta":"","stick-header-meta":"","header-above-stick-meta":"","header-main-stick-meta":"","header-below-stick-meta":"","astra-migrate-meta-layouts":"default","ast-page-background-enabled":"default","ast-page-background-meta":{"desktop":{"background-color":"var(--ast-global-color-4)","background-image":"","background-repeat":"repeat","background-position":"center center","background-size":"auto","background-attachment":"scroll","background-type":"","background-media":"","overlay-type":"","overlay-color":"","overlay-opacity":"","overlay-gradient":""},"tablet":{"background-color":"","background-image":"","background-repeat":"repeat","background-position":"center center","background-size":"auto","background-attachment":"scroll","background-type":"","background-media":"","overlay-type":"","overlay-color":"","overlay-opacity":"","overlay-gradient":""},"mobile":{"background-color":"","background-image":"","background-repeat":"repeat","background-position":"center center","background-size":"auto","background-attachment":"scroll","background-type":"","background-media":"","overlay-type":"","overlay-color":"","overlay-opacity":"","overlay-gradient":""}},"ast-content-background-meta":{"desktop":{"background-color":"var(--ast-global-color-5)","background-image":"","background-repeat":"repeat","background-position":"center center","background-size":"auto","background-attachment":"scroll","background-type":"","background-media":"","overlay-type":"","overlay-color":"","overlay-opacity":"","overlay-gradient":""},"tablet":{"background-color":"var(--ast-global-color-5)","background-image":"","background-repeat":"repeat","background-position":"center center","background-size":"auto","background-attachment":"scroll","background-type":"","background-media":"","overlay-type":"","overlay-color":"","overlay-opacity":"","overlay-gradient":""},"mobile":{"background-color":"var(--ast-global-color-5)","background-image":"","background-repeat":"repeat","background-position":"center center","background-size":"auto","background-attachment":"scroll","background-type":"","background-media":"","overlay-type":"","overlay-color":"","overlay-opacity":"","overlay-gradient":""}},"footnotes":""},"categories":[8],"tags":[3642,21369,46806,8384],"class_list":["post-117754","post","type-post","status-publish","format-standard","has-post-thumbnail","hentry","category-noticias","tag-alejandro-armenta","tag-arquidiocesis-de-puebla","tag-mexicanos-en-jerusalen","tag-sre"],"_links":{"self":[{"href":"https:\/\/losperiodistas.com.mx\/portal\/wp-json\/wp\/v2\/posts\/117754","targetHints":{"allow":["GET"]}}],"collection":[{"href":"https:\/\/losperiodistas.com.mx\/portal\/wp-json\/wp\/v2\/posts"}],"about":[{"href":"https:\/\/losperiodistas.com.mx\/portal\/wp-json\/wp\/v2\/types\/post"}],"author":[{"embeddable":true,"href":"https:\/\/losperiodistas.com.mx\/portal\/wp-json\/wp\/v2\/users\/1"}],"replies":[{"embeddable":true,"href":"https:\/\/losperiodistas.com.mx\/portal\/wp-json\/wp\/v2\/comments?post=117754"}],"version-history":[{"count":1,"href":"https:\/\/losperiodistas.com.mx\/portal\/wp-json\/wp\/v2\/posts\/117754\/revisions"}],"predecessor-version":[{"id":117756,"href":"https:\/\/losperiodistas.com.mx\/portal\/wp-json\/wp\/v2\/posts\/117754\/revisions\/117756"}],"wp:featuredmedia":[{"embeddable":true,"href":"https:\/\/losperiodistas.com.mx\/portal\/wp-json\/wp\/v2\/media\/117755"}],"wp:attachment":[{"href":"https:\/\/losperiodistas.com.mx\/portal\/wp-json\/wp\/v2\/media?parent=117754"}],"wp:term":[{"taxonomy":"category","embeddable":true,"href":"https:\/\/losperiodistas.com.mx\/portal\/wp-json\/wp\/v2\/categories?post=117754"},{"taxonomy":"post_tag","embeddable":true,"href":"https:\/\/losperiodistas.com.mx\/portal\/wp-json\/wp\/v2\/tags?post=117754"}],"curies":[{"name":"wp","href":"https:\/\/api.w.org\/{rel}","templated":true}]}}